{"id":71920,"date":"2023-12-25T13:21:33","date_gmt":"2023-12-25T17:21:33","guid":{"rendered":"https:\/\/lasprimeras.com.do\/?p=71920"},"modified":"2023-12-25T13:21:34","modified_gmt":"2023-12-25T17:21:34","slug":"proyecto-de-luis-alberto-orienta-a-ciudadania-en-campana-familia-saludable-en-la-via","status":"publish","type":"post","link":"https:\/\/lasprimeras.com.do\/index.php\/2023\/12\/25\/proyecto-de-luis-alberto-orienta-a-ciudadania-en-campana-familia-saludable-en-la-via\/","title":{"rendered":"Proyecto de Luis Alberto orienta a ciudadan\u00eda en campa\u00f1a: \u201cFamilia Saludable en la V\u00eda\u201d"},"content":{"rendered":"\n<p>En la celebraci\u00f3n de la noche buena y fiesta de navidad, el equipo del Sector Externo del candidato a alcalde del municipio Santo Domingo Este, Luis Alberto Tejeda, inici\u00f3 la campa\u00f1a de prevenci\u00f3n \u201cFamilia Saludable en la V\u00eda\u201d.<\/p>\n\n\n\n<p>La campa\u00f1a, que inici\u00f3 a las 10:00 de la ma\u00f1ana de este s\u00e1bado 23 de diciembre, est\u00e1 dirigida a los choferes y conductores que transitan por el municipio y los que se desplazan hacia el interior del pa\u00eds.<\/p>\n\n\n\n<p>Con ilustraciones alusivas al tema, integrantes del equipo de campa\u00f1a de Luis Alberto, entregan volantes en tres puntos principales: Avenida San Vicente de Paul con Carretera Mella; Sabana Larga esquina Las Am\u00e9ricas y Autopista de San isidro con Charle de Gaulle.<\/p>\n\n\n\n<p>En ellos se exhorta a evitar el uso de celular al conducir, as\u00ed como el consumo de alcohol y de manera especial a los motoristas a usar siempre y de forma correcta el casco protector.<\/p>\n\n\n\n<p>La campa\u00f1a contiene un mensaje de Luis Alberto Tejeja en la que pide a los mun\u00edcipes preservar su vida y la de su familia al trasladarte por las v\u00edas p\u00fablicas de Santo Domingo Este o si se trasladan al interior del pa\u00eds a pasar la noche buena y fiesta de navidad.<\/p>\n\n\n\n<p>\u201cTe deseo que tengas una Feliz Navidad y un Pr\u00f3spero A\u00f1o Nuevo en tranquilidad, paz y armon\u00eda junto a los tuyos. \u00a1Feliz viaje, que Dios gu\u00ede tus pasos!\u201d, les dese el pr\u00f3ximo alcalde de SDE.<\/p>\n","protected":false},"excerpt":{"rendered":"<p>En la celebraci\u00f3n de la noche buena y fiesta de navidad, el equipo del Sector Externo del candidato a alcalde del municipio Santo Domingo Este, Luis Alberto Tejeda, inici\u00f3 la&hellip;<\/p>\n","protected":false},"author":2,"featured_media":71921,"comment_status":"open","ping_status":"open","sticky":false,"template":"","format":"standard","meta":{"content-type":"","jetpack_post_was_ever_published":false,"_jetpack_newsletter_access":"","_jetpack_dont_email_post_to_subs":false,"_jetpack_newsletter_tier_id":0,"_jetpack_memberships_contains_paywalled_content":false,"_jetpack_memberships_contains_paid_content":false,"footnotes":""},"categories":[25],"tags":[147,9111,10648,4694,10647,276],"class_list":["post-71920","post","type-post","status-publish","format-standard","has-post-thumbnail","hentry","category-portada","tag-campana","tag-ciudadania","tag-familia-saludable-en-la-via","tag-luis-alberto","tag-orienta","tag-proyecto"],"jetpack_featured_media_url":"https:\/\/lasprimeras.com.do\/wp-content\/uploads\/2023\/12\/dos-1.jpg","jetpack-related-posts":[{"id":57754,"url":"https:\/\/lasprimeras.com.do\/index.php\/2023\/08\/15\/luis-alberto-expresa-su-consternacion-con-tragedia-en-sc-suspende-actividades-este-jueves\/","url_meta":{"origin":71920,"position":0},"title":"Luis Alberto expresa su consternaci\u00f3n con tragedia en SC; suspende actividades este jueves","author":"Nelson Feliz","date":"15 de agosto de 2023","format":false,"excerpt":"El candidato a alcalde por el Partido de la Liberaci\u00f3n Dominicana (PLD) en Santo Domingo Este, Luis Alberto Tejeda, expres\u00f3 su consternaci\u00f3n ante la tragedia ocurrida en San Crist\u00f3bal donde una explosi\u00f3n provoc\u00f3 la muerte al menos de 10 personas y provoc\u00f3 heridas a una cantidad indeterminada de ciudadanos. A\u2026","rel":"","context":"En \u00abPORTADA\u00bb","block_context":{"text":"PORTADA","link":"https:\/\/lasprimeras.com.do\/index.php\/category\/portada\/"},"img":{"alt_text":"Luis Alberto Tejeda","src":"https:\/\/i0.wp.com\/lasprimeras.com.do\/wp-content\/uploads\/2023\/08\/Luis-Alberto-Tejeda-2.jpg?resize=350%2C200&ssl=1","width":350,"height":200,"srcset":"https:\/\/i0.wp.com\/lasprimeras.com.do\/wp-content\/uploads\/2023\/08\/Luis-Alberto-Tejeda-2.jpg?resize=350%2C200&ssl=1 1x, https:\/\/i0.wp.com\/lasprimeras.com.do\/wp-content\/uploads\/2023\/08\/Luis-Alberto-Tejeda-2.jpg?resize=525%2C300&ssl=1 1.5x, https:\/\/i0.wp.com\/lasprimeras.com.do\/wp-content\/uploads\/2023\/08\/Luis-Alberto-Tejeda-2.jpg?resize=700%2C400&ssl=1 2x"},"classes":[]},{"id":76849,"url":"https:\/\/lasprimeras.com.do\/index.php\/2024\/02\/14\/luis-alberto-cerrara-campana-electoral-este-jueves-con-una-gran-caravana-en-sde\/","url_meta":{"origin":71920,"position":1},"title":"Luis Alberto cerrar\u00e1 campa\u00f1a electoral este jueves con una Gran Caravana en SDE.","author":"Nelson Feliz","date":"14 de febrero de 2024","format":false,"excerpt":"Al final del recorrido habr\u00e1 una fiesta en la avenida Venezuela La coordinaci\u00f3n de campa\u00f1a del candidato a alcalde por Santo Domingo Este, Luis Alberto Tejeda del Partido de la Liberaci\u00f3n Dominicana (PLD), inform\u00f3 hoy que este jueves cerrar\u00e1n la campa\u00f1a electoral con una Gran Caravana en el referido municipio.\u2026","rel":"","context":"En \u00abPORTADA\u00bb","block_context":{"text":"PORTADA","link":"https:\/\/lasprimeras.com.do\/index.php\/category\/portada\/"},"img":{"alt_text":"Luis Alberto Tejeda","src":"https:\/\/i0.wp.com\/lasprimeras.com.do\/wp-content\/uploads\/2024\/02\/Luis-Alberto-Tejeda-6.jpg?resize=350%2C200&ssl=1","width":350,"height":200,"srcset":"https:\/\/i0.wp.com\/lasprimeras.com.do\/wp-content\/uploads\/2024\/02\/Luis-Alberto-Tejeda-6.jpg?resize=350%2C200&ssl=1 1x, https:\/\/i0.wp.com\/lasprimeras.com.do\/wp-content\/uploads\/2024\/02\/Luis-Alberto-Tejeda-6.jpg?resize=525%2C300&ssl=1 1.5x, https:\/\/i0.wp.com\/lasprimeras.com.do\/wp-content\/uploads\/2024\/02\/Luis-Alberto-Tejeda-6.jpg?resize=700%2C400&ssl=1 2x"},"classes":[]},{"id":73583,"url":"https:\/\/lasprimeras.com.do\/index.php\/2024\/01\/13\/fortaleza-de-luis-alberto-tiene-chocando-al-oficialismo-hasta-con-los-postes-de-luz\/","url_meta":{"origin":71920,"position":2},"title":"Fortaleza de Luis Alberto tiene \u201cchocando al oficialismo hasta con los postes de luz\u201d","author":"BIMARY DE JES\u00daS Matos","date":"13 de enero de 2024","format":false,"excerpt":"Santo Domingo Este.- La fortaleza que exhibe la candidatura del opositor, Luis Alberto, en el municipio de Santo Domingo Este, mantiene desesperado al candidato del oficialista partido Revolucionario Moderno, (PRM), D\u00edo Astacio, qui\u00e9n no compacta con los mun\u00edcipes, y que se enfrentar\u00e1 en las elecciones del pr\u00f3ximo 18 de febrero\u2026","rel":"","context":"En \u00abSin categor\u00eda\u00bb","block_context":{"text":"Sin categor\u00eda","link":"https:\/\/lasprimeras.com.do\/index.php\/category\/sin-categoria\/"},"img":{"alt_text":"","src":"https:\/\/i0.wp.com\/lasprimeras.com.do\/wp-content\/uploads\/2024\/01\/WhatsApp-Image-2024-01-13-at-6.01.58-PM.jpeg?resize=350%2C200&ssl=1","width":350,"height":200,"srcset":"https:\/\/i0.wp.com\/lasprimeras.com.do\/wp-content\/uploads\/2024\/01\/WhatsApp-Image-2024-01-13-at-6.01.58-PM.jpeg?resize=350%2C200&ssl=1 1x, https:\/\/i0.wp.com\/lasprimeras.com.do\/wp-content\/uploads\/2024\/01\/WhatsApp-Image-2024-01-13-at-6.01.58-PM.jpeg?resize=525%2C300&ssl=1 1.5x, https:\/\/i0.wp.com\/lasprimeras.com.do\/wp-content\/uploads\/2024\/01\/WhatsApp-Image-2024-01-13-at-6.01.58-PM.jpeg?resize=700%2C400&ssl=1 2x, https:\/\/i0.wp.com\/lasprimeras.com.do\/wp-content\/uploads\/2024\/01\/WhatsApp-Image-2024-01-13-at-6.01.58-PM.jpeg?resize=1050%2C600&ssl=1 3x, https:\/\/i0.wp.com\/lasprimeras.com.do\/wp-content\/uploads\/2024\/01\/WhatsApp-Image-2024-01-13-at-6.01.58-PM.jpeg?resize=1400%2C800&ssl=1 4x"},"classes":[]},{"id":74239,"url":"https:\/\/lasprimeras.com.do\/index.php\/2024\/01\/20\/luis-alberto-que-sigan-dando-saquito-de-arroz-que-ya-el-pueblo-hablo-el-18-de-febrero-marcaran-la-casilla-2\/","url_meta":{"origin":71920,"position":3},"title":"Luis Alberto: &#8220;Que sigan dando saquito de arroz, que ya el pueblo habl\u00f3, el 18 de febrero marcar\u00e1n la casilla 2\u201d","author":"Nelson Feliz","date":"20 de enero de 2024","format":false,"excerpt":"Afirma ganar\u00e1 elecciones en SDE con m\u00e1s del 55% de los votos. El candidato del Partido de la Liberaci\u00f3n Dominicana a la alcald\u00eda de Santo Domingo Este, Luis Alberto Tejeda, manifest\u00f3 este s\u00e1bado que ganar\u00e1\u00a0 las elecciones municipales con el 55% de los votos. \"Ya el pueblo habl\u00f3, esto es\u2026","rel":"","context":"En \u00abPORTADA\u00bb","block_context":{"text":"PORTADA","link":"https:\/\/lasprimeras.com.do\/index.php\/category\/portada\/"},"img":{"alt_text":"Luis Alberto Tejeda","src":"https:\/\/i0.wp.com\/lasprimeras.com.do\/wp-content\/uploads\/2024\/01\/Luis-Alberto-Tejeda-1-1.jpg?resize=350%2C200&ssl=1","width":350,"height":200,"srcset":"https:\/\/i0.wp.com\/lasprimeras.com.do\/wp-content\/uploads\/2024\/01\/Luis-Alberto-Tejeda-1-1.jpg?resize=350%2C200&ssl=1 1x, https:\/\/i0.wp.com\/lasprimeras.com.do\/wp-content\/uploads\/2024\/01\/Luis-Alberto-Tejeda-1-1.jpg?resize=525%2C300&ssl=1 1.5x, https:\/\/i0.wp.com\/lasprimeras.com.do\/wp-content\/uploads\/2024\/01\/Luis-Alberto-Tejeda-1-1.jpg?resize=700%2C400&ssl=1 2x"},"classes":[]},{"id":76303,"url":"https:\/\/lasprimeras.com.do\/index.php\/2024\/02\/08\/luis-alberto-pido-a-dios-me-ilumine-y-fortalezca-para-dirigir-este-territorio\/","url_meta":{"origin":71920,"position":4},"title":"Luis Alberto: \u201cPido a Dios me ilumine y fortalezca, para dirigir este territorio\u201d","author":"Nelson Feliz","date":"8 de febrero de 2024","format":false,"excerpt":"Dijo: \u201cCuando los justos gobiernan, el pueblo se alegra\u201d El candidato a la alcald\u00eda por el Partido de la Liberaci\u00f3n Dominicana (PLD), en santo Domingo Este, Luis Alberto Tejeda, revel\u00f3 hoy que, ha pedido a Dios en oraci\u00f3n que, le ilumine y fortalezca para poder dirigir el municipio oriental, luego\u2026","rel":"","context":"En \u00abPORTADA\u00bb","block_context":{"text":"PORTADA","link":"https:\/\/lasprimeras.com.do\/index.php\/category\/portada\/"},"img":{"alt_text":"Luis Alberto Tejeda","src":"https:\/\/i0.wp.com\/lasprimeras.com.do\/wp-content\/uploads\/2024\/02\/Luis-Alberto-Tejeda-1.jpg?resize=350%2C200&ssl=1","width":350,"height":200,"srcset":"https:\/\/i0.wp.com\/lasprimeras.com.do\/wp-content\/uploads\/2024\/02\/Luis-Alberto-Tejeda-1.jpg?resize=350%2C200&ssl=1 1x, https:\/\/i0.wp.com\/lasprimeras.com.do\/wp-content\/uploads\/2024\/02\/Luis-Alberto-Tejeda-1.jpg?resize=525%2C300&ssl=1 1.5x"},"classes":[]},{"id":56389,"url":"https:\/\/lasprimeras.com.do\/index.php\/2023\/07\/31\/cristina-lizardo-la-gente-sale-de-su-casa-con-la-foto-de-luis-alberto-en-senal-de-apoyo\/","url_meta":{"origin":71920,"position":5},"title":"Cristina Lizardo: \u201dLa gente sale de su casa con la foto de Luis Alberto en se\u00f1al de apoyo\u201d","author":"Nelson Feliz","date":"31 de julio de 2023","format":false,"excerpt":"La presidenta del Partido de la Liberaci\u00f3n Dominicana en la provincia Santo Domingo e integrante del Comit\u00e9 Pol\u00edtico, Cristina Lizardo, afirm\u00f3 que esa organizaci\u00f3n pol\u00edtica sigue creciendo y consolid\u00e1ndose en el Municipio Santo Domingo Este. Lizardo, quien es tambi\u00e9n precandidata a senadora en esa provincia, dijo que ese crecimiento y\u2026","rel":"","context":"En \u00abPORTADA\u00bb","block_context":{"text":"PORTADA","link":"https:\/\/lasprimeras.com.do\/index.php\/category\/portada\/"},"img":{"alt_text":"Cristina Lizardo","src":"https:\/\/i0.wp.com\/lasprimeras.com.do\/wp-content\/uploads\/2023\/07\/Cristina-Lizardo-1.jpg?resize=350%2C200&ssl=1","width":350,"height":200,"srcset":"https:\/\/i0.wp.com\/lasprimeras.com.do\/wp-content\/uploads\/2023\/07\/Cristina-Lizardo-1.jpg?resize=350%2C200&ssl=1 1x, https:\/\/i0.wp.com\/lasprimeras.com.do\/wp-content\/uploads\/2023\/07\/Cristina-Lizardo-1.jpg?resize=525%2C300&ssl=1 1.5x, https:\/\/i0.wp.com\/lasprimeras.com.do\/wp-content\/uploads\/2023\/07\/Cristina-Lizardo-1.jpg?resize=700%2C400&ssl=1 2x"},"classes":[]}],"jetpack_sharing_enabled":true,"_links":{"self":[{"href":"https:\/\/lasprimeras.com.do\/index.php\/wp-json\/wp\/v2\/posts\/71920","targetHints":{"allow":["GET"]}}],"collection":[{"href":"https:\/\/lasprimeras.com.do\/index.php\/wp-json\/wp\/v2\/posts"}],"about":[{"href":"https:\/\/lasprimeras.com.do\/index.php\/wp-json\/wp\/v2\/types\/post"}],"author":[{"embeddable":true,"href":"https:\/\/lasprimeras.com.do\/index.php\/wp-json\/wp\/v2\/users\/2"}],"replies":[{"embeddable":true,"href":"https:\/\/lasprimeras.com.do\/index.php\/wp-json\/wp\/v2\/comments?post=71920"}],"version-history":[{"count":1,"href":"https:\/\/lasprimeras.com.do\/index.php\/wp-json\/wp\/v2\/posts\/71920\/revisions"}],"predecessor-version":[{"id":71922,"href":"https:\/\/lasprimeras.com.do\/index.php\/wp-json\/wp\/v2\/posts\/71920\/revisions\/71922"}],"wp:featuredmedia":[{"embeddable":true,"href":"https:\/\/lasprimeras.com.do\/index.php\/wp-json\/wp\/v2\/media\/71921"}],"wp:attachment":[{"href":"https:\/\/lasprimeras.com.do\/index.php\/wp-json\/wp\/v2\/media?parent=71920"}],"wp:term":[{"taxonomy":"category","embeddable":true,"href":"https:\/\/lasprimeras.com.do\/index.php\/wp-json\/wp\/v2\/categories?post=71920"},{"taxonomy":"post_tag","embeddable":true,"href":"https:\/\/lasprimeras.com.do\/index.php\/wp-json\/wp\/v2\/tags?post=71920"}],"curies":[{"name":"wp","href":"https:\/\/api.w.org\/{rel}","templated":true}]}}