{"id":71942,"date":"2023-12-25T14:53:23","date_gmt":"2023-12-25T18:53:23","guid":{"rendered":"https:\/\/lasprimeras.com.do\/?p=71942"},"modified":"2023-12-25T14:53:51","modified_gmt":"2023-12-25T18:53:51","slug":"los-senadores-rd-con-mas-baja-y-alta-asistencia-a-sesiones","status":"publish","type":"post","link":"https:\/\/lasprimeras.com.do\/index.php\/2023\/12\/25\/los-senadores-rd-con-mas-baja-y-alta-asistencia-a-sesiones\/","title":{"rendered":"Los senadores RD con m\u00e1s baja y alta asistencia a sesiones"},"content":{"rendered":"\n<p>SANTO DOMINGO.- El Senado de la Rep\u00fablica Dominicana desarrolla decenas de sesiones para aprobar iniciativas destinadas a garantizar m\u00e1s derechos para la poblaci\u00f3n. Esta misi\u00f3n recae en 32 representantes, encargados de elaborar, estudiar y votar por estos proyectos. Sin embargo, algunos se ausentan en el momento de sancionar una ley.<\/p>\n\n\n\n<p>El peri\u00f3dico Diario Libre revis\u00f3 41 actas de asistencia disponibles en la p\u00e1gina web de dicho \u00f3rgano legislativo, y determin\u00f3 que el senador que menos asisti\u00f3 a sesiones fue el de la provincia Monse\u00f1or Nouel, H\u00e9ctor Acosta, con quien present\u00f3 30 excusas, seguido por F\u00e9lix Bautista, de San Juan, con 17 ausencias. El tercer lugar lo ocup\u00f3 el de Saman\u00e1, Pedro Catrain, con 16 ausencias justificadas, seguido de Virgilio Cedano, de La Altagracia, quien se disculp\u00f3 en 12 ocasiones.<\/p>\n\n\n\n<p>En las 41 sesiones, entre ordinarias y extraordinarias, estuvieron presentes el presidente del Senado y representante de S\u00e1nchez Ram\u00edrez, Ricardo de los Santos, y la de Azua, L\u00eda Inocencia D\u00edaz.<\/p>\n\n\n\n<p>Se destacaron tambi\u00e9n por su puntualidad los de Peravia y Hato Mayor, Milciades Franjul y Crist\u00f3bal Venerado Castillo, respectivamente, con una sola excusa.<\/p>\n\n\n\n<p>Aunque las ausencias pueden ser sancionadas por el pleno senatorial, las excusas de estos legisladores representan la estampa predominante de las sesiones del a\u00f1o.<\/p>\n\n\n\n<p>El Reglamento del Senado de la Rep\u00fablica indica en su art\u00edculo 29 que la inasistencia a tres sesiones consecutivas sin excusa leg\u00edtima ser\u00e1 susceptible de amonestaci\u00f3n por el Pleno.<\/p>\n","protected":false},"excerpt":{"rendered":"<p>SANTO DOMINGO.- El Senado de la Rep\u00fablica Dominicana desarrolla decenas de sesiones para aprobar iniciativas destinadas a garantizar m\u00e1s derechos para la poblaci\u00f3n. Esta misi\u00f3n recae en 32 representantes, encargados&hellip;<\/p>\n","protected":false},"author":3,"featured_media":71945,"comment_status":"open","ping_status":"open","sticky":false,"template":"","format":"standard","meta":{"content-type":"","jetpack_post_was_ever_published":false,"_jetpack_newsletter_access":"","_jetpack_dont_email_post_to_subs":false,"_jetpack_newsletter_tier_id":0,"_jetpack_memberships_contains_paywalled_content":false,"_jetpack_memberships_contains_paid_content":false,"footnotes":""},"categories":[1],"tags":[],"class_list":["post-71942","post","type-post","status-publish","format-standard","has-post-thumbnail","hentry","category-sin-categoria"],"jetpack_featured_media_url":"https:\/\/lasprimeras.com.do\/wp-content\/uploads\/2023\/12\/WhatsApp-Image-2023-12-25-at-12.45.01-PM-4.jpeg","jetpack-related-posts":[{"id":108186,"url":"https:\/\/lasprimeras.com.do\/index.php\/2025\/09\/03\/gustavo-lara-critica-legisladores-que-rechazan-proyectos-a-pesar-de-ausencia\/","url_meta":{"origin":71942,"position":0},"title":"Gustavo Lara critica legisladores que rechazan proyectos a pesar de ausencia","author":"Nelson Feliz","date":"3 de septiembre de 2025","format":false,"excerpt":"El Senador por la provincia de San Crist\u00f3bal, Gustavo Lara, critic\u00f3 la actitud la actitud de algunos legisladores que seg\u00fan dijo, s\u00f3lo se limitan a rechazar proyectos sin participar en los espacios donde se ofrecen explicaciones t\u00e9cnicas y se aclaran dudas. \u201cA veces a uno le cuesta entender la facilidad\u2026","rel":"","context":"En \u00abPOLITICA\u00bb","block_context":{"text":"POLITICA","link":"https:\/\/lasprimeras.com.do\/index.php\/category\/politica\/"},"img":{"alt_text":"","src":"https:\/\/i0.wp.com\/lasprimeras.com.do\/wp-content\/uploads\/2025\/09\/Gustavo-Lara.jpg?resize=350%2C200&ssl=1","width":350,"height":200,"srcset":"https:\/\/i0.wp.com\/lasprimeras.com.do\/wp-content\/uploads\/2025\/09\/Gustavo-Lara.jpg?resize=350%2C200&ssl=1 1x, https:\/\/i0.wp.com\/lasprimeras.com.do\/wp-content\/uploads\/2025\/09\/Gustavo-Lara.jpg?resize=525%2C300&ssl=1 1.5x, https:\/\/i0.wp.com\/lasprimeras.com.do\/wp-content\/uploads\/2025\/09\/Gustavo-Lara.jpg?resize=700%2C400&ssl=1 2x"},"classes":[]},{"id":114337,"url":"https:\/\/lasprimeras.com.do\/index.php\/2025\/11\/12\/camara-de-eeuu-regresa-para-votar-sobre-fin-del-cierre-del-gobierno-tras-casi-dos-meses-de-ausencia\/","url_meta":{"origin":71942,"position":1},"title":"C\u00e1mara de EEUU regresa para votar sobre fin del cierre del gobierno tras casi dos meses de ausencia","author":"Nelson Feliz","date":"12 de noviembre de 2025","format":false,"excerpt":"POR KEVIN FREKING, JOEY CAPPELLETTI and MATT BROWN WASHINGTON (AP) \u2014 Los legisladores de la C\u00e1mara de Representantes regresar\u00e1n a la capital del pa\u00eds el mi\u00e9rcoles, despu\u00e9s de casi ocho semanas de ausencia, para potencialmente poner fin al cierre del gobierno federal m\u00e1s largo en la historia de Estados Unidos.\u2026","rel":"","context":"En \u00abINTERNACIONALES\u00bb","block_context":{"text":"INTERNACIONALES","link":"https:\/\/lasprimeras.com.do\/index.php\/category\/sin-categoria\/internacionales\/"},"img":{"alt_text":"","src":"https:\/\/i0.wp.com\/lasprimeras.com.do\/wp-content\/uploads\/2025\/11\/Mike-Johnson.jpg?resize=350%2C200&ssl=1","width":350,"height":200,"srcset":"https:\/\/i0.wp.com\/lasprimeras.com.do\/wp-content\/uploads\/2025\/11\/Mike-Johnson.jpg?resize=350%2C200&ssl=1 1x, https:\/\/i0.wp.com\/lasprimeras.com.do\/wp-content\/uploads\/2025\/11\/Mike-Johnson.jpg?resize=525%2C300&ssl=1 1.5x, https:\/\/i0.wp.com\/lasprimeras.com.do\/wp-content\/uploads\/2025\/11\/Mike-Johnson.jpg?resize=700%2C400&ssl=1 2x"},"classes":[]},{"id":78818,"url":"https:\/\/lasprimeras.com.do\/index.php\/2024\/03\/20\/senado-sesiona-en-bani-por-260-aniversarios-de-su-fundacion-y-aprueba-proyecto-crea-teletrabajo-en-rd\/","url_meta":{"origin":71942,"position":2},"title":"Senado sesiona en Ban\u00ed por 260 aniversario de su fundaci\u00f3n","author":"BIMARY DE JES\u00daS Matos","date":"20 de marzo de 2024","format":false,"excerpt":"Aprueba proyecto crea Teletrabajo en RD. El Senado de la Rep\u00fablica durante una sesi\u00f3n ordinaria realizada en este municipio con motivo del 260 aniversario de la fundaci\u00f3n de Ban\u00ed aprob\u00f3 en segunda lectura el proyecto de ley que incluye el teletrabajo como modalidad de trabajo en la Rep\u00fablica Dominicana. El\u2026","rel":"","context":"En \u00abNACIONALES\u00bb","block_context":{"text":"NACIONALES","link":"https:\/\/lasprimeras.com.do\/index.php\/category\/nacionales\/"},"img":{"alt_text":"","src":"https:\/\/i0.wp.com\/lasprimeras.com.do\/wp-content\/uploads\/2024\/03\/IMG-20240320-WA0009-scaled.jpg?resize=350%2C200&ssl=1","width":350,"height":200,"srcset":"https:\/\/i0.wp.com\/lasprimeras.com.do\/wp-content\/uploads\/2024\/03\/IMG-20240320-WA0009-scaled.jpg?resize=350%2C200&ssl=1 1x, https:\/\/i0.wp.com\/lasprimeras.com.do\/wp-content\/uploads\/2024\/03\/IMG-20240320-WA0009-scaled.jpg?resize=525%2C300&ssl=1 1.5x, https:\/\/i0.wp.com\/lasprimeras.com.do\/wp-content\/uploads\/2024\/03\/IMG-20240320-WA0009-scaled.jpg?resize=700%2C400&ssl=1 2x, https:\/\/i0.wp.com\/lasprimeras.com.do\/wp-content\/uploads\/2024\/03\/IMG-20240320-WA0009-scaled.jpg?resize=1050%2C600&ssl=1 3x, https:\/\/i0.wp.com\/lasprimeras.com.do\/wp-content\/uploads\/2024\/03\/IMG-20240320-WA0009-scaled.jpg?resize=1400%2C800&ssl=1 4x"},"classes":[]},{"id":73317,"url":"https:\/\/lasprimeras.com.do\/index.php\/2024\/01\/08\/senado-aprueba-proyecto-que-regula-asistencia-de-personas-a-actos-masivos-y-espectaculos\/","url_meta":{"origin":71942,"position":3},"title":"Senado aprueba proyecto que regula asistencia de personas a actos masivos y espect\u00e1culos","author":"Nelson Feliz","date":"8 de enero de 2024","format":false,"excerpt":"El Senado aprob\u00f3 este lunes el proyecto de ley que regula la asistencia de personas a actividades, espect\u00e1culos masivos, deportivos o art\u00edsticos, y establece sanciones con multas entre 10 y 20 salarios m\u00ednimos de sector p\u00fablico a los que violen la disposici\u00f3n. La pieza legislativa expresa que esos eventos constituyen\u2026","rel":"","context":"En \u00abNACIONALES\u00bb","block_context":{"text":"NACIONALES","link":"https:\/\/lasprimeras.com.do\/index.php\/category\/nacionales\/"},"img":{"alt_text":"Ricardo de los Santos","src":"https:\/\/i0.wp.com\/lasprimeras.com.do\/wp-content\/uploads\/2024\/01\/Ricardo-de-los-Santos-1.jpg?resize=350%2C200&ssl=1","width":350,"height":200,"srcset":"https:\/\/i0.wp.com\/lasprimeras.com.do\/wp-content\/uploads\/2024\/01\/Ricardo-de-los-Santos-1.jpg?resize=350%2C200&ssl=1 1x, https:\/\/i0.wp.com\/lasprimeras.com.do\/wp-content\/uploads\/2024\/01\/Ricardo-de-los-Santos-1.jpg?resize=525%2C300&ssl=1 1.5x"},"classes":[]},{"id":119312,"url":"https:\/\/lasprimeras.com.do\/index.php\/2026\/01\/10\/senado-aprueba-ley-para-el-pago-de-deuda-por-obras-previas-a-ley-de-compras\/","url_meta":{"origin":71942,"position":4},"title":"Senado aprueba ley para el pago de deuda por obras previas a Ley de Compras","author":"Nelson Feliz","date":"10 de enero de 2026","format":false,"excerpt":"Las obras fueron ejecutadas a trav\u00e9s de distintas instituciones hace m\u00e1s de 30 a\u00f1os. El Senado de la Rep\u00fablica declar\u00f3 de urgencia y aprob\u00f3 en dos lecturas consecutivas el proyecto de ley de reconocimiento y autorizaci\u00f3n de pago de deuda por obras ejecutadas desde el a\u00f1o 1996, iniciativa presentada por\u2026","rel":"","context":"En \u00abNACIONALES\u00bb","block_context":{"text":"NACIONALES","link":"https:\/\/lasprimeras.com.do\/index.php\/category\/nacionales\/"},"img":{"alt_text":"Senado","src":"https:\/\/i0.wp.com\/lasprimeras.com.do\/wp-content\/uploads\/2026\/01\/Senado-1.jpg?resize=350%2C200&ssl=1","width":350,"height":200,"srcset":"https:\/\/i0.wp.com\/lasprimeras.com.do\/wp-content\/uploads\/2026\/01\/Senado-1.jpg?resize=350%2C200&ssl=1 1x, https:\/\/i0.wp.com\/lasprimeras.com.do\/wp-content\/uploads\/2026\/01\/Senado-1.jpg?resize=525%2C300&ssl=1 1.5x, https:\/\/i0.wp.com\/lasprimeras.com.do\/wp-content\/uploads\/2026\/01\/Senado-1.jpg?resize=700%2C400&ssl=1 2x"},"classes":[]},{"id":66739,"url":"https:\/\/lasprimeras.com.do\/index.php\/2023\/11\/09\/senado-reconoce-varias-personalidades-de-el-seibo-en-sesion-historica\/","url_meta":{"origin":71942,"position":5},"title":"Senado reconoce varias personalidades de El Seibo en sesi\u00f3n hist\u00f3rica","author":"Nelson Feliz","date":"9 de noviembre de 2023","format":false,"excerpt":"Durante la sesi\u00f3n ordinaria tambi\u00e9n, la Alcald\u00eda de El Seibo declar\u00f3 al Pleno del Senado como hu\u00e9sped distinguido EL SEIBO.- El Senado de la Rep\u00fablica entreg\u00f3 pergaminos de reconocimientos a varias personalidades destacadas de la provincia El Seibo, durante una sesi\u00f3n hist\u00f3rica celebrada en esa demarcaci\u00f3n, con motivo de conmemorarse\u2026","rel":"","context":"En \u00abNACIONALES\u00bb","block_context":{"text":"NACIONALES","link":"https:\/\/lasprimeras.com.do\/index.php\/category\/nacionales\/"},"img":{"alt_text":"SENADO","src":"https:\/\/i0.wp.com\/lasprimeras.com.do\/wp-content\/uploads\/2023\/11\/SENADO-1.jpg?resize=350%2C200&ssl=1","width":350,"height":200,"srcset":"https:\/\/i0.wp.com\/lasprimeras.com.do\/wp-content\/uploads\/2023\/11\/SENADO-1.jpg?resize=350%2C200&ssl=1 1x, https:\/\/i0.wp.com\/lasprimeras.com.do\/wp-content\/uploads\/2023\/11\/SENADO-1.jpg?resize=525%2C300&ssl=1 1.5x, https:\/\/i0.wp.com\/lasprimeras.com.do\/wp-content\/uploads\/2023\/11\/SENADO-1.jpg?resize=700%2C400&ssl=1 2x"},"classes":[]}],"jetpack_sharing_enabled":true,"_links":{"self":[{"href":"https:\/\/lasprimeras.com.do\/index.php\/wp-json\/wp\/v2\/posts\/71942","targetHints":{"allow":["GET"]}}],"collection":[{"href":"https:\/\/lasprimeras.com.do\/index.php\/wp-json\/wp\/v2\/posts"}],"about":[{"href":"https:\/\/lasprimeras.com.do\/index.php\/wp-json\/wp\/v2\/types\/post"}],"author":[{"embeddable":true,"href":"https:\/\/lasprimeras.com.do\/index.php\/wp-json\/wp\/v2\/users\/3"}],"replies":[{"embeddable":true,"href":"https:\/\/lasprimeras.com.do\/index.php\/wp-json\/wp\/v2\/comments?post=71942"}],"version-history":[{"count":1,"href":"https:\/\/lasprimeras.com.do\/index.php\/wp-json\/wp\/v2\/posts\/71942\/revisions"}],"predecessor-version":[{"id":71946,"href":"https:\/\/lasprimeras.com.do\/index.php\/wp-json\/wp\/v2\/posts\/71942\/revisions\/71946"}],"wp:featuredmedia":[{"embeddable":true,"href":"https:\/\/lasprimeras.com.do\/index.php\/wp-json\/wp\/v2\/media\/71945"}],"wp:attachment":[{"href":"https:\/\/lasprimeras.com.do\/index.php\/wp-json\/wp\/v2\/media?parent=71942"}],"wp:term":[{"taxonomy":"category","embeddable":true,"href":"https:\/\/lasprimeras.com.do\/index.php\/wp-json\/wp\/v2\/categories?post=71942"},{"taxonomy":"post_tag","embeddable":true,"href":"https:\/\/lasprimeras.com.do\/index.php\/wp-json\/wp\/v2\/tags?post=71942"}],"curies":[{"name":"wp","href":"https:\/\/api.w.org\/{rel}","templated":true}]}}