{"id":71948,"date":"2023-12-25T14:54:50","date_gmt":"2023-12-25T18:54:50","guid":{"rendered":"https:\/\/lasprimeras.com.do\/?p=71948"},"modified":"2023-12-25T14:54:51","modified_gmt":"2023-12-25T18:54:51","slug":"nueve-menores-entre-5-y-17-anos-se-intoxicaron-con-bebidas-alcoholicas","status":"publish","type":"post","link":"https:\/\/lasprimeras.com.do\/index.php\/2023\/12\/25\/nueve-menores-entre-5-y-17-anos-se-intoxicaron-con-bebidas-alcoholicas\/","title":{"rendered":"Nueve menores entre 5 y 17 a\u00f1os se intoxicaron con bebidas alcoh\u00f3licas"},"content":{"rendered":"\n<p>Santo Domingo.-Durante Nochebuena se registraron 163 intoxicaciones por ingesta de bebidas alcoh\u00f3licas, de las cuales nueve fueron casos de menores de edad.<\/p>\n\n\n\n<p>En el m\u00e1s reciente bolet\u00edn del Centro de Operaciones de Emergencia (COE), se dio a conocer que los menores involucrados tienen entre cinco y 17 a\u00f1os de edad.<\/p>\n\n\n\n<p>El informe detalla que las intoxicaciones ocurrieron en provincias como Puerto Plata, Santo Domingo, Duarte y San Crist\u00f3bal.<\/p>\n\n\n\n<p>\u201cEl Servicio Nacional de Salud se mantiene activo para garantizar la asistencia a la poblaci\u00f3n\u201d, afirm\u00f3 el general retirado Juan Manuel M\u00e9ndez, director del COE.<\/p>\n\n\n\n<p>Seg\u00fan refiri\u00f3 el COE, el Servicio Nacional de Salud (SNS) inform\u00f3 que en los hospitales de la red p\u00fablica, en funci\u00f3n de las variables del operativo, se atendieron 907 personas, adem\u00e1s 283 fueron atendidas por otras causas para un total de 1,190 atenciones en salud.<\/p>\n\n\n\n<p>El COE tambi\u00e9n report\u00f3 que un total de nueve personas fallecieron en accidentes de tr\u00e1nsito durante el asueto de Nochebuena.<\/p>\n\n\n\n<p>Seg\u00fan su informe, en seis de las nueve muertes se habr\u00edan visto involucradas motocicletas y solo dos del total de personas estaban dentro del dispositivo de seguridad instalado mediante el operativo \u201cConciencia por la Vida, Navidad 2023\u201d.<\/p>\n\n\n\n<p>Dos de los fallecidos fueron en veh\u00edculos livianos y un \u00faltimo por atropellamiento, todos de nacionalidad dominicana y mayores de edad.<\/p>\n","protected":false},"excerpt":{"rendered":"<p>Santo Domingo.-Durante Nochebuena se registraron 163 intoxicaciones por ingesta de bebidas alcoh\u00f3licas, de las cuales nueve fueron casos de menores de edad. En el m\u00e1s reciente bolet\u00edn del Centro de&hellip;<\/p>\n","protected":false},"author":3,"featured_media":71949,"comment_status":"open","ping_status":"open","sticky":false,"template":"","format":"standard","meta":{"content-type":"","jetpack_post_was_ever_published":false,"_jetpack_newsletter_access":"","_jetpack_dont_email_post_to_subs":false,"_jetpack_newsletter_tier_id":0,"_jetpack_memberships_contains_paywalled_content":false,"_jetpack_memberships_contains_paid_content":false,"footnotes":""},"categories":[35],"tags":[],"class_list":["post-71948","post","type-post","status-publish","format-standard","has-post-thumbnail","hentry","category-nacionales"],"jetpack_featured_media_url":"https:\/\/lasprimeras.com.do\/wp-content\/uploads\/2023\/12\/WhatsApp-Image-2023-12-25-at-12.45.01-PM-5.jpeg","jetpack-related-posts":[{"id":92232,"url":"https:\/\/lasprimeras.com.do\/index.php\/2025\/01\/01\/coe-reporta-nueve-fallecidos-en-las-ultimas-24-horas-todos-iban-en-motocicletas\/","url_meta":{"origin":71948,"position":0},"title":"COE reporta nueve fallecidos en las \u00faltimas 24 horas; todos iban en motocicletas","author":"Nelson Feliz","date":"1 de enero de 2025","format":false,"excerpt":"Se han atendido unas 145 personas intoxicadas por alcohol; 29 resultaron ser menores de edad. El director del Centro de Operaciones de emergencias (COE) general Juan Manuel M\u00e9ndez, inform\u00f3 hoy que, durante las \u00faltimas 24 horas, se reportaron 82 accidentes de tr\u00e1nsito en autopistas, carreteras, calles y avenidas de la\u2026","rel":"","context":"En \u00abNACIONALES\u00bb","block_context":{"text":"NACIONALES","link":"https:\/\/lasprimeras.com.do\/index.php\/category\/nacionales\/"},"img":{"alt_text":"Juan Manuel M\u00e9ndez Garc\u00eda","src":"https:\/\/i0.wp.com\/lasprimeras.com.do\/wp-content\/uploads\/2024\/12\/Juan-Manuel-Mendez-Garcia.jpg?resize=350%2C200&ssl=1","width":350,"height":200,"srcset":"https:\/\/i0.wp.com\/lasprimeras.com.do\/wp-content\/uploads\/2024\/12\/Juan-Manuel-Mendez-Garcia.jpg?resize=350%2C200&ssl=1 1x, https:\/\/i0.wp.com\/lasprimeras.com.do\/wp-content\/uploads\/2024\/12\/Juan-Manuel-Mendez-Garcia.jpg?resize=525%2C300&ssl=1 1.5x, https:\/\/i0.wp.com\/lasprimeras.com.do\/wp-content\/uploads\/2024\/12\/Juan-Manuel-Mendez-Garcia.jpg?resize=700%2C400&ssl=1 2x"},"classes":[]},{"id":126662,"url":"https:\/\/lasprimeras.com.do\/index.php\/2026\/04\/03\/al-menos-85-personas-intoxicadas-en-primeras-horas-del-operativo-de-semana-santa-2026-reporta-coe\/","url_meta":{"origin":71948,"position":1},"title":"Al menos 85 personas intoxicadas en primeras horas del operativo de Semana Santa 2026, reporta COE","author":"Nelson Feliz","date":"3 de abril de 2026","format":false,"excerpt":"El Centro de Operaciones de Emergencias (COE) report\u00f3 al menos 85 personas han resultado intoxicadas durante las primeras horas del operativo \u201cConciencia por la Vida, Semana Santa 2026\u201d. De acuerdo con el informe, 66 personas fueron atendidas por intoxicaci\u00f3n alcoh\u00f3lica, entre ellas tres menores de edad con edades entre 14\u2026","rel":"","context":"En \u00abNACIONALES\u00bb","block_context":{"text":"NACIONALES","link":"https:\/\/lasprimeras.com.do\/index.php\/category\/nacionales\/"},"img":{"alt_text":"","src":"https:\/\/i0.wp.com\/lasprimeras.com.do\/wp-content\/uploads\/2026\/04\/coe.jpg?resize=350%2C200&ssl=1","width":350,"height":200,"srcset":"https:\/\/i0.wp.com\/lasprimeras.com.do\/wp-content\/uploads\/2026\/04\/coe.jpg?resize=350%2C200&ssl=1 1x, https:\/\/i0.wp.com\/lasprimeras.com.do\/wp-content\/uploads\/2026\/04\/coe.jpg?resize=525%2C300&ssl=1 1.5x"},"classes":[]},{"id":71951,"url":"https:\/\/lasprimeras.com.do\/index.php\/2023\/12\/25\/coe-reporta-nueve-muertos-en-accidentes-de-transito-en-nochebuena\/","url_meta":{"origin":71948,"position":2},"title":"COE reporta nueve muertos en accidentes de tr\u00e1nsito en Nochebuena","author":"Nelson Feliz","date":"25 de diciembre de 2023","format":false,"excerpt":"Intoxicaci\u00f3n y fiscalizaci\u00f3n fueron temas destacados en Nochebuena. El director del Centro de Operaciones de Emergencia (COE), Juan Manuel M\u00e9ndez, inform\u00f3 este lunes que nueve personas fallecieron en accidentes de tr\u00e1nsito durante la celebraci\u00f3n de la Nochebuena. M\u00e9ndez explic\u00f3 que el domingo se registraron 58 accidentes de tr\u00e1nsito, de los\u2026","rel":"","context":"En \u00abNACIONALES\u00bb","block_context":{"text":"NACIONALES","link":"https:\/\/lasprimeras.com.do\/index.php\/category\/nacionales\/"},"img":{"alt_text":"COE","src":"https:\/\/i0.wp.com\/lasprimeras.com.do\/wp-content\/uploads\/2023\/12\/COE-2.jpg?resize=350%2C200&ssl=1","width":350,"height":200,"srcset":"https:\/\/i0.wp.com\/lasprimeras.com.do\/wp-content\/uploads\/2023\/12\/COE-2.jpg?resize=350%2C200&ssl=1 1x, https:\/\/i0.wp.com\/lasprimeras.com.do\/wp-content\/uploads\/2023\/12\/COE-2.jpg?resize=525%2C300&ssl=1 1.5x, https:\/\/i0.wp.com\/lasprimeras.com.do\/wp-content\/uploads\/2023\/12\/COE-2.jpg?resize=700%2C400&ssl=1 2x"},"classes":[]},{"id":126665,"url":"https:\/\/lasprimeras.com.do\/index.php\/2026\/04\/04\/coe-reporta-7-fallecidos-y-mas-de-60-accidentes-de-transito-en-ultimas-24-horas\/","url_meta":{"origin":71948,"position":3},"title":"COE reporta 7 fallecidos y m\u00e1s de 60 accidentes de tr\u00e1nsito en \u00faltimas 24 horas","author":"Nelson Feliz","date":"4 de abril de 2026","format":false,"excerpt":"El Segundo bolet\u00edn el Centro de Operaciones de Emergencias (COE) inform\u00f3 que en las \u00faltimas 24 horas del operativo \u201cConciencia por la Vida, Semana Santa 2026\u201d se registraron 64 accidentes de tr\u00e1nsito que dejaron 80 personas afectadas y un total de siete fallecidos. De acuerdo con el bolet\u00edn n\u00famero 2\u2026","rel":"","context":"En \u00abNACIONALES\u00bb","block_context":{"text":"NACIONALES","link":"https:\/\/lasprimeras.com.do\/index.php\/category\/nacionales\/"},"img":{"alt_text":"","src":"https:\/\/i0.wp.com\/lasprimeras.com.do\/wp-content\/uploads\/2026\/04\/Juan-Ml.-Mendez-1.jpg?resize=350%2C200&ssl=1","width":350,"height":200},"classes":[]},{"id":126880,"url":"https:\/\/lasprimeras.com.do\/index.php\/2026\/04\/06\/un-total-de-27-personas-fallecieron-durante-sucesos-en-la-semana-santa-2026\/","url_meta":{"origin":71948,"position":4},"title":"Un total de 27 personas fallecieron durante sucesos en la Semana Santa 2026","author":"Nelson Feliz","date":"6 de abril de 2026","format":false,"excerpt":"Las motocicletas representaron el 66.66 % de los accidentes de tr\u00e1nsito. El Centro de Operaciones de Emergencias (COE) y diversas instituciones del Estado informaron que durante el asueto de la Semana Santa 2026 se movilizaron m\u00e1s de 7,302,545 personas por las autopistas y carreteras del pa\u00eds. El operativo, que se\u2026","rel":"","context":"En \u00abNACIONALES\u00bb","block_context":{"text":"NACIONALES","link":"https:\/\/lasprimeras.com.do\/index.php\/category\/nacionales\/"},"img":{"alt_text":"","src":"https:\/\/i0.wp.com\/lasprimeras.com.do\/wp-content\/uploads\/2026\/04\/Juan-Ml.-Mendez-1.jpg?resize=350%2C200&ssl=1","width":350,"height":200},"classes":[]},{"id":126593,"url":"https:\/\/lasprimeras.com.do\/index.php\/2026\/04\/03\/coe-reporta-tres-fallecidos-y-7205-asistencias-en-operativo-conciencia-por-la-vida-semana-santa-2026\/","url_meta":{"origin":71948,"position":5},"title":"COE reporta tres fallecidos y 7205 asistencias en operativo \u201cConciencia por la Vida, Semana Santa 2026\u201d","author":"Nelson Feliz","date":"3 de abril de 2026","format":false,"excerpt":"El Centro de Operaciones de Emergencias (COE) emiti\u00f3 este viernes el primer bolet\u00edn del operativo \u201cConciencia por la Vida, Semana Santa 2026\u201d, reportando un saldo de tres personas fallecidas y un despliegue masivo de asistencia ciudadana que supera los 7,000 servicios en menos de 24 horas. El director del organismo,\u2026","rel":"","context":"En \u00abNACIONALES\u00bb","block_context":{"text":"NACIONALES","link":"https:\/\/lasprimeras.com.do\/index.php\/category\/nacionales\/"},"img":{"alt_text":"El director del COE, Juan Manuel M\u00e9ndez Garc\u00eda, ley\u00f3 el segundo boleti\u00f3n del Operativo de Navidad Conciencia por la Vida. (DIARIO LIBRE\/DANIA ACEVEDO)","src":"https:\/\/i0.wp.com\/lasprimeras.com.do\/wp-content\/uploads\/2026\/01\/Juan-Manuel-Mendez-Garcia.jpg?resize=350%2C200&ssl=1","width":350,"height":200,"srcset":"https:\/\/i0.wp.com\/lasprimeras.com.do\/wp-content\/uploads\/2026\/01\/Juan-Manuel-Mendez-Garcia.jpg?resize=350%2C200&ssl=1 1x, https:\/\/i0.wp.com\/lasprimeras.com.do\/wp-content\/uploads\/2026\/01\/Juan-Manuel-Mendez-Garcia.jpg?resize=525%2C300&ssl=1 1.5x, https:\/\/i0.wp.com\/lasprimeras.com.do\/wp-content\/uploads\/2026\/01\/Juan-Manuel-Mendez-Garcia.jpg?resize=700%2C400&ssl=1 2x"},"classes":[]}],"jetpack_sharing_enabled":true,"_links":{"self":[{"href":"https:\/\/lasprimeras.com.do\/index.php\/wp-json\/wp\/v2\/posts\/71948","targetHints":{"allow":["GET"]}}],"collection":[{"href":"https:\/\/lasprimeras.com.do\/index.php\/wp-json\/wp\/v2\/posts"}],"about":[{"href":"https:\/\/lasprimeras.com.do\/index.php\/wp-json\/wp\/v2\/types\/post"}],"author":[{"embeddable":true,"href":"https:\/\/lasprimeras.com.do\/index.php\/wp-json\/wp\/v2\/users\/3"}],"replies":[{"embeddable":true,"href":"https:\/\/lasprimeras.com.do\/index.php\/wp-json\/wp\/v2\/comments?post=71948"}],"version-history":[{"count":1,"href":"https:\/\/lasprimeras.com.do\/index.php\/wp-json\/wp\/v2\/posts\/71948\/revisions"}],"predecessor-version":[{"id":71950,"href":"https:\/\/lasprimeras.com.do\/index.php\/wp-json\/wp\/v2\/posts\/71948\/revisions\/71950"}],"wp:featuredmedia":[{"embeddable":true,"href":"https:\/\/lasprimeras.com.do\/index.php\/wp-json\/wp\/v2\/media\/71949"}],"wp:attachment":[{"href":"https:\/\/lasprimeras.com.do\/index.php\/wp-json\/wp\/v2\/media?parent=71948"}],"wp:term":[{"taxonomy":"category","embeddable":true,"href":"https:\/\/lasprimeras.com.do\/index.php\/wp-json\/wp\/v2\/categories?post=71948"},{"taxonomy":"post_tag","embeddable":true,"href":"https:\/\/lasprimeras.com.do\/index.php\/wp-json\/wp\/v2\/tags?post=71948"}],"curies":[{"name":"wp","href":"https:\/\/api.w.org\/{rel}","templated":true}]}}