{"id":71960,"date":"2023-12-25T16:34:34","date_gmt":"2023-12-25T20:34:34","guid":{"rendered":"https:\/\/lasprimeras.com.do\/?p=71960"},"modified":"2023-12-25T16:34:36","modified_gmt":"2023-12-25T20:34:36","slug":"crisis-de-nervios-en-ee-uu-por-la-cantidad-de-crema-en-las-galletas-oreo","status":"publish","type":"post","link":"https:\/\/lasprimeras.com.do\/index.php\/2023\/12\/25\/crisis-de-nervios-en-ee-uu-por-la-cantidad-de-crema-en-las-galletas-oreo\/","title":{"rendered":"Crisis de nervios en EE.UU. por la cantidad de crema en las galletas Oreo"},"content":{"rendered":"\n<p><strong>El fabricante asegura que la proporci\u00f3n nata\/galleta no ha cambiado, pero los consumidores han creado un debate.<\/strong><\/p>\n\n\n\n<p><strong>Nueva York &#8211;<\/strong> En el pa\u00eds del T\u00edo Sam, una de las tradiciones de la Navidad es compartir galletas al pie del \u00e1rbol, acompa\u00f1adas de vasos de leche. Pero desde hace alg\u00fan tiempo, la famosa marca Oreo est\u00e1 despertando la ira de algunos internautas, que la acusan de haber reducido la cantidad de nata entre las dos galletas.<\/p>\n\n\n\n<p>\u00a1Se acab\u00f3! En Internet, foros enteros de debate se dedican ahora a lo que algunos ya llaman &#8220;Cookiegate&#8221;. Todo empez\u00f3 cuando un internauta, que se identific\u00f3 como gran consumidor de galletas Oreo, dijo que notaba menos crema blanca entre las peque\u00f1as galletas redondas.<\/p>\n\n\n\n<p>El comentario ha provocado un esc\u00e1ndalo. En las redes sociales, los consumidores se grabaron comparando las antiguas cajas de Oreo con las nuevas, mostrando c\u00edrculos de crema m\u00e1s peque\u00f1os o m\u00e1s finos.<\/p>\n\n\n\n<p>&#8220;\u00a1El coste de la vida est\u00e1 subiendo! \u00bfNo puedo comprarme una casa? De acuerdo, pero reducir la nata de las Oreo es ir demasiado lejos. Es una abominaci\u00f3n&#8221;, dijo un internauta.<\/p>\n\n\n\n<p>Algunos republicanos acusan a\u2026 Joe Biden<\/p>\n\n\n\n<p>\u00bfHa cambiado la receta? \u00bfHay realmente menos nata? El fabricante de Oreo lo asegura: la proporci\u00f3n nata\/galleta no ha cambiado.<\/p>\n\n\n\n<p>Sin embargo, estas declaraciones no han bastado para calmar la ira de los fans de estas galletas, de las que se venden al menos 20,000 millones al a\u00f1o en Estados Unidos.<\/p>\n\n\n\n<p>Algunos culpan a la inflaci\u00f3n, que est\u00e1 provocando que ciertas marcas reduzcan las cantidades de sus productos, un proceso conocido como &#8220;shrinkflation&#8221;.<\/p>\n\n\n\n<p>Y est\u00e1 alcanzando tales proporciones que incluso algunos republicanos se est\u00e1n implicando, culpando de todo al presidente dem\u00f3crata Joe Biden.<\/p>\n\n\n\n<p>RFI es una radio francesa de actualidad, difundida a escala mundial en franc\u00e9s y en 15 idiomas m\u00e1s, mediante 156 repetidores de FM en ondas medias y cortas en una treintena de sat\u00e9lites a destino de los cinco continentes, en Internet y en aplicaciones conectadas, que cuenta con m\u00e1s de 2,000 radios asociadas que emiten sus programas.<\/p>\n","protected":false},"excerpt":{"rendered":"<p>El fabricante asegura que la proporci\u00f3n nata\/galleta no ha cambiado, pero los consumidores han creado un debate. Nueva York &#8211; En el pa\u00eds del T\u00edo Sam, una de las tradiciones&hellip;<\/p>\n","protected":false},"author":2,"featured_media":71961,"comment_status":"open","ping_status":"open","sticky":false,"template":"","format":"standard","meta":{"content-type":"","jetpack_post_was_ever_published":false,"_jetpack_newsletter_access":"","_jetpack_dont_email_post_to_subs":false,"_jetpack_newsletter_tier_id":0,"_jetpack_memberships_contains_paywalled_content":false,"_jetpack_memberships_contains_paid_content":false,"footnotes":""},"categories":[1],"tags":[10656,10657,216,206,10658,10655],"class_list":["post-71960","post","type-post","status-publish","format-standard","has-post-thumbnail","hentry","category-sin-categoria","tag-cantidad","tag-crema","tag-crisis","tag-ee-uu","tag-galletas-oreo","tag-nervios"],"jetpack_featured_media_url":"https:\/\/lasprimeras.com.do\/wp-content\/uploads\/2023\/12\/galletas-Oreo.jpg","jetpack-related-posts":[{"id":54426,"url":"https:\/\/lasprimeras.com.do\/index.php\/2023\/07\/10\/retiran-galletas-de-chocolate-porque-contenian-burundanga\/","url_meta":{"origin":71960,"position":0},"title":"Retiran galletas de chocolate porque conten\u00edan burundanga","author":"Nelson Feliz","date":"10 de julio de 2023","format":false,"excerpt":"Las galletas con pepitas de chocolate sin gluten de la marca Gerbl\u00e9 han sido retiradas de puntos de distribuci\u00f3n en toda Espa\u00f1a por estar contaminadas con burundanga y el medicamento atropina tambi\u00e9n fueron distribuidas en Andorra y Francia, pa\u00eds este \u00faltimo del que procede el lote afectado. Seg\u00fan recoge la\u2026","rel":"","context":"En \u00abSin categor\u00eda\u00bb","block_context":{"text":"Sin categor\u00eda","link":"https:\/\/lasprimeras.com.do\/index.php\/category\/sin-categoria\/"},"img":{"alt_text":"Galletas","src":"https:\/\/i0.wp.com\/lasprimeras.com.do\/wp-content\/uploads\/2023\/07\/Galletas-1024x768-1.jpg?resize=350%2C200&ssl=1","width":350,"height":200,"srcset":"https:\/\/i0.wp.com\/lasprimeras.com.do\/wp-content\/uploads\/2023\/07\/Galletas-1024x768-1.jpg?resize=350%2C200&ssl=1 1x, https:\/\/i0.wp.com\/lasprimeras.com.do\/wp-content\/uploads\/2023\/07\/Galletas-1024x768-1.jpg?resize=525%2C300&ssl=1 1.5x, https:\/\/i0.wp.com\/lasprimeras.com.do\/wp-content\/uploads\/2023\/07\/Galletas-1024x768-1.jpg?resize=700%2C400&ssl=1 2x"},"classes":[]},{"id":66277,"url":"https:\/\/lasprimeras.com.do\/index.php\/2023\/11\/05\/ocupan-en-puerto-haina-12-paquetes-de-marihuana-escondidos-en-cajas-de-galletas\/","url_meta":{"origin":71960,"position":1},"title":"Ocupan en Puerto Haina 12 paquetes de marihuana escondidos en cajas de galletas","author":"Nelson Feliz","date":"5 de noviembre de 2023","format":false,"excerpt":"Por Martin Restituyo Agentes de la Direcci\u00f3n Nacional de Control de Drogas (DNCD) y miembros del Ministerio P\u00fablico, apoyados por el Cuerpo Especializado de Seguridad Portuaria e inspectores de Aduanas, incautaron 12 paquetes de marihuana en el puerto de Haina Oriental, municipio Santo Domingo Oeste. Miembros de organismos oficiales, realizaban\u2026","rel":"","context":"En \u00abMILITARES\u00bb","block_context":{"text":"MILITARES","link":"https:\/\/lasprimeras.com.do\/index.php\/category\/militares\/"},"img":{"alt_text":"DROGAS","src":"https:\/\/i0.wp.com\/lasprimeras.com.do\/wp-content\/uploads\/2023\/11\/DROGAS-1.jpg?resize=350%2C200&ssl=1","width":350,"height":200,"srcset":"https:\/\/i0.wp.com\/lasprimeras.com.do\/wp-content\/uploads\/2023\/11\/DROGAS-1.jpg?resize=350%2C200&ssl=1 1x, https:\/\/i0.wp.com\/lasprimeras.com.do\/wp-content\/uploads\/2023\/11\/DROGAS-1.jpg?resize=525%2C300&ssl=1 1.5x, https:\/\/i0.wp.com\/lasprimeras.com.do\/wp-content\/uploads\/2023\/11\/DROGAS-1.jpg?resize=700%2C400&ssl=1 2x"},"classes":[]},{"id":98498,"url":"https:\/\/lasprimeras.com.do\/index.php\/2025\/05\/08\/el-cafe-dominicano-genera-interes-de-negocio-por-us5-1-millones\/","url_meta":{"origin":71960,"position":2},"title":"El caf\u00e9 dominicano genera inter\u00e9s de negocio por US$5.1 millones","author":"Nelson Feliz","date":"8 de mayo de 2025","format":false,"excerpt":"El Centro de Exportaci\u00f3n e Inversi\u00f3n de la Rep\u00fablica Dominicana (ProDominicana), el Instituto Dominicano del Caf\u00e9 (Indocaf\u00e9) y diez destacadas empresas cafetaleras del pa\u00eds; participaron en la feria internacional Specialty Coffee Expo 2025, logrando generar el inter\u00e9s de los inversionistas alcanzando intenciones de negocios por US$5,160,300.00. La directora ejecutiva de\u2026","rel":"","context":"En \u00abECONOM\u00cdA\u00bb","block_context":{"text":"ECONOM\u00cdA","link":"https:\/\/lasprimeras.com.do\/index.php\/category\/economia\/"},"img":{"alt_text":"Biviana Riveiro","src":"https:\/\/i0.wp.com\/lasprimeras.com.do\/wp-content\/uploads\/2025\/05\/Biviana-Riveiro.jpeg?resize=350%2C200&ssl=1","width":350,"height":200,"srcset":"https:\/\/i0.wp.com\/lasprimeras.com.do\/wp-content\/uploads\/2025\/05\/Biviana-Riveiro.jpeg?resize=350%2C200&ssl=1 1x, https:\/\/i0.wp.com\/lasprimeras.com.do\/wp-content\/uploads\/2025\/05\/Biviana-Riveiro.jpeg?resize=525%2C300&ssl=1 1.5x, https:\/\/i0.wp.com\/lasprimeras.com.do\/wp-content\/uploads\/2025\/05\/Biviana-Riveiro.jpeg?resize=700%2C400&ssl=1 2x"},"classes":[]},{"id":55412,"url":"https:\/\/lasprimeras.com.do\/index.php\/2023\/07\/21\/prodominicana-realiza-exhibicion-de-productos-agroindustriales-con-una-exposicion-gastronomica\/","url_meta":{"origin":71960,"position":3},"title":"ProDominicana realiza exhibici\u00f3n de productos agroindustriales con una exposici\u00f3n gastron\u00f3mica","author":"Nelson Feliz","date":"21 de julio de 2023","format":false,"excerpt":"La actividad cont\u00f3 con 3 shows culinarios en vivo. Con un show gastron\u00f3mico cargado de la cultura culinaria y los sabores de productos dominicanos, el Centro de Exportaci\u00f3n e Inversi\u00f3n de la Rep\u00fablica Dominicana celebr\u00f3 la clausura de la exposici\u00f3n de productos de la oferta exportable del sector agroindustrial, a\u2026","rel":"","context":"En \u00abECONOM\u00cdA\u00bb","block_context":{"text":"ECONOM\u00cdA","link":"https:\/\/lasprimeras.com.do\/index.php\/category\/economia\/"},"img":{"alt_text":"Antonio G\u00f3mez Pe\u00f1a, Edwin Arias Chinchilla, Sang Ryul Lee, Lidia D\u00edaz, Biviana Riveiro Disla, Chef Tita, Chaveli Osoria, Axel Cabrera, Jos\u00e9 Rafael Compr\u00e9s","src":"https:\/\/i0.wp.com\/lasprimeras.com.do\/wp-content\/uploads\/2023\/07\/Antonio-Gomez-Pena-Edwin-Arias-Chinchilla-Sang-Ryul-Lee-Lidia-Diaz-Biviana-Riveiro-Disla-Chef-Tita-Chaveli-Osoria-Axel-Cabrera-Jose-Rafael-Compres.jpg?resize=350%2C200&ssl=1","width":350,"height":200,"srcset":"https:\/\/i0.wp.com\/lasprimeras.com.do\/wp-content\/uploads\/2023\/07\/Antonio-Gomez-Pena-Edwin-Arias-Chinchilla-Sang-Ryul-Lee-Lidia-Diaz-Biviana-Riveiro-Disla-Chef-Tita-Chaveli-Osoria-Axel-Cabrera-Jose-Rafael-Compres.jpg?resize=350%2C200&ssl=1 1x, https:\/\/i0.wp.com\/lasprimeras.com.do\/wp-content\/uploads\/2023\/07\/Antonio-Gomez-Pena-Edwin-Arias-Chinchilla-Sang-Ryul-Lee-Lidia-Diaz-Biviana-Riveiro-Disla-Chef-Tita-Chaveli-Osoria-Axel-Cabrera-Jose-Rafael-Compres.jpg?resize=525%2C300&ssl=1 1.5x, https:\/\/i0.wp.com\/lasprimeras.com.do\/wp-content\/uploads\/2023\/07\/Antonio-Gomez-Pena-Edwin-Arias-Chinchilla-Sang-Ryul-Lee-Lidia-Diaz-Biviana-Riveiro-Disla-Chef-Tita-Chaveli-Osoria-Axel-Cabrera-Jose-Rafael-Compres.jpg?resize=700%2C400&ssl=1 2x"},"classes":[]},{"id":73531,"url":"https:\/\/lasprimeras.com.do\/index.php\/2024\/01\/12\/inabie-asegura-distribuyo-mas-de-9546-millones-de-raciones-alimenticias-en-el-2023\/","url_meta":{"origin":71960,"position":4},"title":"INABIE asegura distribuy\u00f3 m\u00e1s de 954,6 millones de raciones alimenticias en el 2023","author":"BIMARY DE JES\u00daS Matos","date":"12 de enero de 2024","format":false,"excerpt":"SANTO DOMINGO.- El Instituto Nacional de Bienestar Estudiantil (INABIE) inform\u00f3 que durante el 2023 entreg\u00f3 a trav\u00e9s del Programa de Alimentaci\u00f3n Escolar (PAE) m\u00e1s de 954.6 millones de raciones alimenticias en 6,937 escuelas. Seg\u00fan el comunicado de la instituci\u00f3n, su compromiso con la alimentaci\u00f3n saludable y el bienestar de los\u2026","rel":"","context":"En \u00abNACIONALES\u00bb","block_context":{"text":"NACIONALES","link":"https:\/\/lasprimeras.com.do\/index.php\/category\/nacionales\/"},"img":{"alt_text":"","src":"https:\/\/i0.wp.com\/lasprimeras.com.do\/wp-content\/uploads\/2024\/01\/Noticias-de-energia-12-1.webp?resize=350%2C200&ssl=1","width":350,"height":200,"srcset":"https:\/\/i0.wp.com\/lasprimeras.com.do\/wp-content\/uploads\/2024\/01\/Noticias-de-energia-12-1.webp?resize=350%2C200&ssl=1 1x, https:\/\/i0.wp.com\/lasprimeras.com.do\/wp-content\/uploads\/2024\/01\/Noticias-de-energia-12-1.webp?resize=525%2C300&ssl=1 1.5x, https:\/\/i0.wp.com\/lasprimeras.com.do\/wp-content\/uploads\/2024\/01\/Noticias-de-energia-12-1.webp?resize=700%2C400&ssl=1 2x, https:\/\/i0.wp.com\/lasprimeras.com.do\/wp-content\/uploads\/2024\/01\/Noticias-de-energia-12-1.webp?resize=1050%2C600&ssl=1 3x"},"classes":[]},{"id":55598,"url":"https:\/\/lasprimeras.com.do\/index.php\/2023\/07\/23\/ola-de-calor-deja-18-muertos-en-un-condado-de-arizona-ee-uu\/","url_meta":{"origin":71960,"position":5},"title":"Ola de calor deja 18 muertos en un condado de Arizona, EE.UU.","author":"Nelson Feliz","date":"23 de julio de 2023","format":false,"excerpt":"La alerta por calor excesivo est\u00e1 vigente hasta el 25 de julio en Maricopa, seg\u00fan indica la web del condado, en la que las autoridades piden a la gente que tome precauciones para no sufrir el temido golpe de calor o hipertermia y les dan consejos para lograrlo. La empresa\u2026","rel":"","context":"En \u00abSin categor\u00eda\u00bb","block_context":{"text":"Sin categor\u00eda","link":"https:\/\/lasprimeras.com.do\/index.php\/category\/sin-categoria\/"},"img":{"alt_text":"","src":"https:\/\/i0.wp.com\/lasprimeras.com.do\/wp-content\/uploads\/2023\/06\/calor.png?resize=350%2C200&ssl=1","width":350,"height":200,"srcset":"https:\/\/i0.wp.com\/lasprimeras.com.do\/wp-content\/uploads\/2023\/06\/calor.png?resize=350%2C200&ssl=1 1x, https:\/\/i0.wp.com\/lasprimeras.com.do\/wp-content\/uploads\/2023\/06\/calor.png?resize=525%2C300&ssl=1 1.5x, https:\/\/i0.wp.com\/lasprimeras.com.do\/wp-content\/uploads\/2023\/06\/calor.png?resize=700%2C400&ssl=1 2x"},"classes":[]}],"jetpack_sharing_enabled":true,"_links":{"self":[{"href":"https:\/\/lasprimeras.com.do\/index.php\/wp-json\/wp\/v2\/posts\/71960","targetHints":{"allow":["GET"]}}],"collection":[{"href":"https:\/\/lasprimeras.com.do\/index.php\/wp-json\/wp\/v2\/posts"}],"about":[{"href":"https:\/\/lasprimeras.com.do\/index.php\/wp-json\/wp\/v2\/types\/post"}],"author":[{"embeddable":true,"href":"https:\/\/lasprimeras.com.do\/index.php\/wp-json\/wp\/v2\/users\/2"}],"replies":[{"embeddable":true,"href":"https:\/\/lasprimeras.com.do\/index.php\/wp-json\/wp\/v2\/comments?post=71960"}],"version-history":[{"count":1,"href":"https:\/\/lasprimeras.com.do\/index.php\/wp-json\/wp\/v2\/posts\/71960\/revisions"}],"predecessor-version":[{"id":71962,"href":"https:\/\/lasprimeras.com.do\/index.php\/wp-json\/wp\/v2\/posts\/71960\/revisions\/71962"}],"wp:featuredmedia":[{"embeddable":true,"href":"https:\/\/lasprimeras.com.do\/index.php\/wp-json\/wp\/v2\/media\/71961"}],"wp:attachment":[{"href":"https:\/\/lasprimeras.com.do\/index.php\/wp-json\/wp\/v2\/media?parent=71960"}],"wp:term":[{"taxonomy":"category","embeddable":true,"href":"https:\/\/lasprimeras.com.do\/index.php\/wp-json\/wp\/v2\/categories?post=71960"},{"taxonomy":"post_tag","embeddable":true,"href":"https:\/\/lasprimeras.com.do\/index.php\/wp-json\/wp\/v2\/tags?post=71960"}],"curies":[{"name":"wp","href":"https:\/\/api.w.org\/{rel}","templated":true}]}}