{"id":71963,"date":"2023-12-25T16:42:34","date_gmt":"2023-12-25T20:42:34","guid":{"rendered":"https:\/\/lasprimeras.com.do\/?p=71963"},"modified":"2023-12-25T16:42:36","modified_gmt":"2023-12-25T20:42:36","slug":"nueva-york-detallado-disparidades-entre-latinos-y-blancos","status":"publish","type":"post","link":"https:\/\/lasprimeras.com.do\/index.php\/2023\/12\/25\/nueva-york-detallado-disparidades-entre-latinos-y-blancos\/","title":{"rendered":"Nueva York detallado: disparidades entre latinos y blancos"},"content":{"rendered":"\n<p><strong>Mira qu\u00e9 dice \u00e9ste estudio sobre riqueza.<\/strong><\/p>\n\n\n\n<p>Un estudio realizado en seis estados clave, que incluye a Nueva York, revela marcadas diferencias en la riqueza y los activos financieros de los latinos en comparaci\u00f3n con los estadounidenses blancos.<\/p>\n\n\n\n<p>Seg\u00fan la investigaci\u00f3n llevada a cabo por Brookings Metro y el Latino Policy Forum y divulgada por Axios, diversos factores, como el estado de residencia, el estatus migratorio, el nivel educativo y el pa\u00eds de origen, influyen considerablemente en el patrimonio financiero neto de los latinos.<\/p>\n\n\n\n<p>Los datos analizados incluyeron la valoraci\u00f3n de viviendas y autom\u00f3viles, as\u00ed como la tenencia de cuentas de ahorro para la jubilaci\u00f3n, entre otras m\u00e9tricas.<\/p>\n\n\n\n<p>Uno de los hallazgos m\u00e1s destacados es la gran disparidad de riqueza entre los latinos y los estadounidenses blancos dependiendo del estado de residencia.<\/p>\n\n\n\n<p>Nueva York lidera la lista con la brecha m\u00e1s amplia: los hogares blancos poseen una riqueza 40 veces mayor que los hogares latinos.<\/p>\n\n\n\n<p>En Illinois, la brecha es significativamente menor, con los hogares blancos teniendo una riqueza 1.9 veces superior a la de los hogares latinos.<\/p>\n\n\n\n<p>Por otro lado, en Texas, Carolina del Norte, Florida y California, los hogares blancos superan en riqueza a los latinos en proporciones de tres, 3.6, 5 y 9 veces, respectivamente.<\/p>\n\n\n\n<p>El estudio tambi\u00e9n pone de manifiesto que en Nueva York, solo el 29 % de los latinos informa poseer cuentas de ahorro para la jubilaci\u00f3n, y \u00fanicamente el 21% cuenta con valor l\u00edquido en su vivienda.<\/p>\n\n\n\n<p>Estos resultados subrayan la necesidad de que los responsables pol\u00edticos, a nivel estatal y federal, examinen iniciativas y programas que hayan demostrado ser efectivos para aumentar la riqueza de la comunidad latina.<\/p>\n","protected":false},"excerpt":{"rendered":"<p>Mira qu\u00e9 dice \u00e9ste estudio sobre riqueza. Un estudio realizado en seis estados clave, que incluye a Nueva York, revela marcadas diferencias en la riqueza y los activos financieros de&hellip;<\/p>\n","protected":false},"author":2,"featured_media":71964,"comment_status":"open","ping_status":"open","sticky":false,"template":"","format":"standard","meta":{"content-type":"","jetpack_post_was_ever_published":false,"_jetpack_newsletter_access":"","_jetpack_dont_email_post_to_subs":false,"_jetpack_newsletter_tier_id":0,"_jetpack_memberships_contains_paywalled_content":false,"_jetpack_memberships_contains_paid_content":false,"footnotes":""},"categories":[1],"tags":[10661,10659,10660,103,104],"class_list":["post-71963","post","type-post","status-publish","format-standard","has-post-thumbnail","hentry","category-sin-categoria","tag-blancos","tag-detallado","tag-disparidades","tag-latinos","tag-nueva-york"],"jetpack_featured_media_url":"https:\/\/lasprimeras.com.do\/wp-content\/uploads\/2023\/12\/Nueva-York-Mira-que-dice-este-estudio-sobre-riqueza.jpg","jetpack-related-posts":[{"id":49716,"url":"https:\/\/lasprimeras.com.do\/index.php\/2023\/05\/13\/nino-de-14-anos-mato-a-pandillero-latino-a-cuchilladas-en-nueva-york\/","url_meta":{"origin":71963,"position":0},"title":"Ni\u00f1o de 14 a\u00f1os mat\u00f3 a pandillero latino a cuchilladas en Nueva York","author":"prenxa100","date":"13 de mayo de 2023","format":false,"excerpt":"Nueva York.-.Un ni\u00f1o de 14 a\u00f1os fue arrestado como sospechoso de haber apu\u00f1alado fatalmente a un hispano de la pandilla Bloods de m\u00e1s del doble de su edad en Staten Island (NYC). El adolescente, cuyo nombre no fue revelado debido a su edad, fue detenido por detectives del Precinto NYPD\u2026","rel":"","context":"En \u00abSin categor\u00eda\u00bb","block_context":{"text":"Sin categor\u00eda","link":"https:\/\/lasprimeras.com.do\/index.php\/category\/sin-categoria\/"},"img":{"alt_text":"","src":"","width":0,"height":0},"classes":[]},{"id":82117,"url":"https:\/\/lasprimeras.com.do\/index.php\/2024\/04\/28\/marc-anthony-se-convierte-en-blanco-de-criticas-por-supuesto-desplante-con-su-esposa-nadia-ferreira\/","url_meta":{"origin":71963,"position":1},"title":"Marc Anthony se convierte en blanco de cr\u00edticas por supuesto desplante con su esposa Nadia Ferreira","author":"Nelson Feliz","date":"28 de abril de 2024","format":false,"excerpt":"Marc Anthony se present\u00f3 en la pasada ceremonia de los Latin American Music Awards 2024. Por Miguel \u00c1ngel Escudero La exitosa presentaci\u00f3n de Marc Anthony durante la pasada entrega de los Latin American Music Awards 2024, en donde present\u00f3 su nuevo tema \u201cAl\u00e9, Al\u00e9\u201d, no evit\u00f3 que el cantante se\u2026","rel":"","context":"En \u00abENTRETENIMIENTO\u00bb","block_context":{"text":"ENTRETENIMIENTO","link":"https:\/\/lasprimeras.com.do\/index.php\/category\/entretenimiento\/"},"img":{"alt_text":"Marc Anthony y Nadia Ferreira","src":"https:\/\/i0.wp.com\/lasprimeras.com.do\/wp-content\/uploads\/2024\/04\/Marc-Anthony-y-Nadia-Ferreira-1.jpg?resize=350%2C200&ssl=1","width":350,"height":200,"srcset":"https:\/\/i0.wp.com\/lasprimeras.com.do\/wp-content\/uploads\/2024\/04\/Marc-Anthony-y-Nadia-Ferreira-1.jpg?resize=350%2C200&ssl=1 1x, https:\/\/i0.wp.com\/lasprimeras.com.do\/wp-content\/uploads\/2024\/04\/Marc-Anthony-y-Nadia-Ferreira-1.jpg?resize=525%2C300&ssl=1 1.5x, https:\/\/i0.wp.com\/lasprimeras.com.do\/wp-content\/uploads\/2024\/04\/Marc-Anthony-y-Nadia-Ferreira-1.jpg?resize=700%2C400&ssl=1 2x"},"classes":[]},{"id":48490,"url":"https:\/\/lasprimeras.com.do\/index.php\/2023\/05\/01\/inmigrantes-latinos-protagonizan-la-marcha-por-el-dia-del-trabajo-en-nueva-york\/","url_meta":{"origin":71963,"position":2},"title":"Inmigrantes latinos protagonizan la marcha por el D\u00eda del Trabajo en Nueva York","author":"prenxa100","date":"1 de mayo de 2023","format":false,"excerpt":"Nueva York, EEUU, EFE.-. Cientos de trabajadores, un gran n\u00famero de ellos inmigrantes latinos, conmemoraron hoy el D\u00eda Internacional de los Trabajadores en Nueva York con una marcha que recorri\u00f3 varias calles del bajo Manhattan reclamando mejores condiciones laborales y de salarios, derecho a empleo para indocumentados, que se legalice\u2026","rel":"","context":"En \u00abSin categor\u00eda\u00bb","block_context":{"text":"Sin categor\u00eda","link":"https:\/\/lasprimeras.com.do\/index.php\/category\/sin-categoria\/"},"img":{"alt_text":"","src":"","width":0,"height":0},"classes":[]},{"id":62947,"url":"https:\/\/lasprimeras.com.do\/index.php\/2023\/10\/09\/el-alcalde-de-ny-concluye-su-viaje-a-america-latina-con-un-llamado-al-derecho-al-trabajo-para-los-inmigrantes-en-ee-uu\/","url_meta":{"origin":71963,"position":3},"title":"El alcalde de NY concluye su viaje a Am\u00e9rica Latina con un llamado al &#8220;derecho al trabajo&#8221; para los inmigrantes en EE.UU.","author":"Nelson Feliz","date":"9 de octubre de 2023","format":false,"excerpt":"POR ASTRID SUAREZ Y MANUEL RUEDA NECOCLI, Colombia (AP) \u2014 El alcalde de la ciudad de Nueva York, Eric Adams, culmin\u00f3 el s\u00e1bado un viaje de cuatro d\u00edas a Am\u00e9rica Latina pidiendo el \u201cderecho al trabajo\u201d para los inmigrantes en Estados Unidos. Habl\u00f3 durante una visita a Necocl\u00ed, la ciudad\u2026","rel":"","context":"En \u00abSin categor\u00eda\u00bb","block_context":{"text":"Sin categor\u00eda","link":"https:\/\/lasprimeras.com.do\/index.php\/category\/sin-categoria\/"},"img":{"alt_text":"Eric Adams","src":"https:\/\/i0.wp.com\/lasprimeras.com.do\/wp-content\/uploads\/2023\/10\/Eric-Adams-1.jpg?resize=350%2C200&ssl=1","width":350,"height":200,"srcset":"https:\/\/i0.wp.com\/lasprimeras.com.do\/wp-content\/uploads\/2023\/10\/Eric-Adams-1.jpg?resize=350%2C200&ssl=1 1x, https:\/\/i0.wp.com\/lasprimeras.com.do\/wp-content\/uploads\/2023\/10\/Eric-Adams-1.jpg?resize=525%2C300&ssl=1 1.5x, https:\/\/i0.wp.com\/lasprimeras.com.do\/wp-content\/uploads\/2023\/10\/Eric-Adams-1.jpg?resize=700%2C400&ssl=1 2x"},"classes":[]},{"id":109888,"url":"https:\/\/lasprimeras.com.do\/index.php\/2025\/09\/23\/abinader-resalta-potencial-de-tierras-raras-en-rd-durante-su-agenda-en-nueva-york\/","url_meta":{"origin":71963,"position":4},"title":"Abinader resalta potencial de tierras raras en RD durante su agenda en Nueva York","author":"Nelson Feliz","date":"23 de septiembre de 2025","format":false,"excerpt":"Mandatario afirma que el pa\u00eds presentar\u00e1 este potencial a organismos multilaterales y foros empresariales para atraer inversiones. Nueva York.\u2014 El presidente Luis Abinader destac\u00f3 anoche la importancia estrat\u00e9gica de los recientes descubrimientos de tierras raras en la Rep\u00fablica Dominicana, al se\u00f1alar que se trata de uno de los hallazgos m\u00e1s\u2026","rel":"","context":"En \u00abECONOM\u00cdA\u00bb","block_context":{"text":"ECONOM\u00cdA","link":"https:\/\/lasprimeras.com.do\/index.php\/category\/economia\/"},"img":{"alt_text":"","src":"https:\/\/i0.wp.com\/lasprimeras.com.do\/wp-content\/uploads\/2025\/09\/Luis-Abinader-5.jpg?resize=350%2C200&ssl=1","width":350,"height":200,"srcset":"https:\/\/i0.wp.com\/lasprimeras.com.do\/wp-content\/uploads\/2025\/09\/Luis-Abinader-5.jpg?resize=350%2C200&ssl=1 1x, https:\/\/i0.wp.com\/lasprimeras.com.do\/wp-content\/uploads\/2025\/09\/Luis-Abinader-5.jpg?resize=525%2C300&ssl=1 1.5x, https:\/\/i0.wp.com\/lasprimeras.com.do\/wp-content\/uploads\/2025\/09\/Luis-Abinader-5.jpg?resize=700%2C400&ssl=1 2x"},"classes":[]},{"id":58891,"url":"https:\/\/lasprimeras.com.do\/index.php\/2023\/08\/29\/latino-mato-a-su-esposa-dos-bebes-y-luego-a-si-mismo-en-su-hogar-en-nueva-york\/","url_meta":{"origin":71963,"position":5},"title":"Latino mat\u00f3 a su esposa, dos beb\u00e9s y luego a s\u00ed mismo en su hogar en Nueva York","author":"Nelson Feliz","date":"29 de agosto de 2023","format":false,"excerpt":"Un hispano de 41 a\u00f1os fue identificado por NYPD como el hombre que acuchill\u00f3 fatalmente a su esposa, sus dos beb\u00e9s y luego a s\u00ed mismo en su hogar en el edificio donde laboraba como \"s\u00faper\" en el UWS de Manhattan. Edison L\u00f3pez fue identificado por la polic\u00eda de Nueva\u2026","rel":"","context":"En \u00abSin categor\u00eda\u00bb","block_context":{"text":"Sin categor\u00eda","link":"https:\/\/lasprimeras.com.do\/index.php\/category\/sin-categoria\/"},"img":{"alt_text":"","src":"https:\/\/i0.wp.com\/lasprimeras.com.do\/wp-content\/uploads\/2023\/08\/NY.jpg?resize=350%2C200&ssl=1","width":350,"height":200,"srcset":"https:\/\/i0.wp.com\/lasprimeras.com.do\/wp-content\/uploads\/2023\/08\/NY.jpg?resize=350%2C200&ssl=1 1x, https:\/\/i0.wp.com\/lasprimeras.com.do\/wp-content\/uploads\/2023\/08\/NY.jpg?resize=525%2C300&ssl=1 1.5x, https:\/\/i0.wp.com\/lasprimeras.com.do\/wp-content\/uploads\/2023\/08\/NY.jpg?resize=700%2C400&ssl=1 2x"},"classes":[]}],"jetpack_sharing_enabled":true,"_links":{"self":[{"href":"https:\/\/lasprimeras.com.do\/index.php\/wp-json\/wp\/v2\/posts\/71963","targetHints":{"allow":["GET"]}}],"collection":[{"href":"https:\/\/lasprimeras.com.do\/index.php\/wp-json\/wp\/v2\/posts"}],"about":[{"href":"https:\/\/lasprimeras.com.do\/index.php\/wp-json\/wp\/v2\/types\/post"}],"author":[{"embeddable":true,"href":"https:\/\/lasprimeras.com.do\/index.php\/wp-json\/wp\/v2\/users\/2"}],"replies":[{"embeddable":true,"href":"https:\/\/lasprimeras.com.do\/index.php\/wp-json\/wp\/v2\/comments?post=71963"}],"version-history":[{"count":1,"href":"https:\/\/lasprimeras.com.do\/index.php\/wp-json\/wp\/v2\/posts\/71963\/revisions"}],"predecessor-version":[{"id":71965,"href":"https:\/\/lasprimeras.com.do\/index.php\/wp-json\/wp\/v2\/posts\/71963\/revisions\/71965"}],"wp:featuredmedia":[{"embeddable":true,"href":"https:\/\/lasprimeras.com.do\/index.php\/wp-json\/wp\/v2\/media\/71964"}],"wp:attachment":[{"href":"https:\/\/lasprimeras.com.do\/index.php\/wp-json\/wp\/v2\/media?parent=71963"}],"wp:term":[{"taxonomy":"category","embeddable":true,"href":"https:\/\/lasprimeras.com.do\/index.php\/wp-json\/wp\/v2\/categories?post=71963"},{"taxonomy":"post_tag","embeddable":true,"href":"https:\/\/lasprimeras.com.do\/index.php\/wp-json\/wp\/v2\/tags?post=71963"}],"curies":[{"name":"wp","href":"https:\/\/api.w.org\/{rel}","templated":true}]}}