{"id":71975,"date":"2023-12-25T20:38:03","date_gmt":"2023-12-26T00:38:03","guid":{"rendered":"https:\/\/lasprimeras.com.do\/?p=71975"},"modified":"2023-12-25T20:38:04","modified_gmt":"2023-12-26T00:38:04","slug":"salud-publica-emite-alerta-epidemiologica-por-circulacion-de-varios-virus-respiratorios","status":"publish","type":"post","link":"https:\/\/lasprimeras.com.do\/index.php\/2023\/12\/25\/salud-publica-emite-alerta-epidemiologica-por-circulacion-de-varios-virus-respiratorios\/","title":{"rendered":"Salud P\u00fablica emite alerta epidemiol\u00f3gica por circulaci\u00f3n de varios virus respiratorios"},"content":{"rendered":"\n<p><strong>Recomend\u00f3 el uso de mascarillas y evitar aglomeraci\u00f3n de personas.<\/strong><\/p>\n\n\n\n<p>El Ministerio de Salud P\u00fablica emiti\u00f3 este lunes una alerta epidemiol\u00f3gica por varios virus gripales que circulan en la poblaci\u00f3n, como el SARS-Cov2 (COVID-19), sincitial respiratorio (VRS), influenza A (H1N1) y las variantes de estas pdm09, adenovirus y la influenza B victoria.<\/p>\n\n\n\n<p>Seg\u00fan la gr\u00e1fica difundida por Salud P\u00fablica, en los \u00faltimos d\u00edas el virus m\u00e1s circulante es el sincitial respiratorio (VRS). Aunque la instituci\u00f3n se\u00f1ala que los \u00edndices epid\u00e9micos para estas enfermedades respiratorias son de 0.70 y 0.60, respectivamente, y ambos est\u00e1n por debajo de lo esperado.<\/p>\n\n\n\n<p>Las provincias m\u00e1s afectadas son Barahona, Duarte, La Romana, Santiago, Santo Domingo y el Distrito Nacional.<\/p>\n\n\n\n<p>El informe indica que, sobre el COVID-19, en las \u00faltimas cuatro semanas se han identificado las variantes EG.5.1, FL.1x y JN.1.<\/p>\n\n\n\n<p><strong>Recomendaciones a la poblaci\u00f3n<\/strong><\/p>\n\n\n\n<p>Salud P\u00fablica recomienda a la poblaci\u00f3n, principalmente a los grupos vulnerables (menores de cinco a\u00f1os y mayores de 65), a acudir a los puestos de vacunaci\u00f3n contra la influenza y el COVID-19. El llamado tambi\u00e9n es para el personal de salud y personas con comorbilidad.<\/p>\n\n\n\n<p>De igual manera, pidi\u00f3 completar el esquema de vacunaci\u00f3n y evitar conglomerado de personas en espacios cerrados.<\/p>\n\n\n\n<p>En caso de enfermedad, recomend\u00f3 el distanciamiento f\u00edsico, uso de mascarilla y asistir al centro de salud m\u00e1s cercano.<\/p>\n\n\n\n<p>La semana pasada, el ministro Daniel Rivera exhort\u00f3 a la poblaci\u00f3n mantenerse alerta ante la variante JN.1.<\/p>\n\n\n\n<p><strong>Recomendaciones a centros de salud<\/strong><\/p>\n\n\n\n<p>A los centros hospitalarios y direcciones provinciales de salud recomend\u00f3 fortalecer la vigilancia para la influenza y a la vez, priorizar la vigilancia para las infecciones respiratorias agudas (IRAG), a fin de vigilar los cambios epidemiol\u00f3gicos y las tendencias de circulaci\u00f3n viral.<\/p>\n\n\n\n<p>Adem\u00e1s, realizar investigaciones y reportes oportunos en los casos sospechosos; enviar r\u00e1pidamente las tomas a los laboratorios correspondientes e informar al p\u00fablico sobre las medidas preventivas contra la influenza y el COVID-19.<\/p>\n\n\n\n<p><strong>Panorama<\/strong><\/p>\n\n\n\n<p>Hasta la semana epidemiol\u00f3gica n\u00famero 51 del 2023 se han notificado 1,2 millones de casos de infecciones respiratorias agudas (IRA) de v\u00edas altas (afectan a la nariz, senos paranasales, faringe y laringe) y unos 246,361 casos de IRA baja (afectan tr\u00e1quea, bronquios y pulmones). Dichas cifras son menores que el a\u00f1o 2022, indic\u00f3 Salud P\u00fablica.<\/p>\n\n\n\n<p>En cuanto al COVID-19, la positividad es de 1.98 % en las \u00faltimas cuatro de semanas.<\/p>\n","protected":false},"excerpt":{"rendered":"<p>Recomend\u00f3 el uso de mascarillas y evitar aglomeraci\u00f3n de personas. El Ministerio de Salud P\u00fablica emiti\u00f3 este lunes una alerta epidemiol\u00f3gica por varios virus gripales que circulan en la poblaci\u00f3n,&hellip;<\/p>\n","protected":false},"author":2,"featured_media":71976,"comment_status":"open","ping_status":"open","sticky":false,"template":"","format":"standard","meta":{"content-type":"","jetpack_post_was_ever_published":false,"_jetpack_newsletter_access":"","_jetpack_dont_email_post_to_subs":false,"_jetpack_newsletter_tier_id":0,"_jetpack_memberships_contains_paywalled_content":false,"_jetpack_memberships_contains_paid_content":false,"footnotes":""},"categories":[1],"tags":[10668,3068,2227,10669],"class_list":["post-71975","post","type-post","status-publish","format-standard","has-post-thumbnail","hentry","category-sin-categoria","tag-alerta-epidemiologica","tag-circulacion","tag-salud-publica","tag-virus-respiratorios"],"jetpack_featured_media_url":"https:\/\/lasprimeras.com.do\/wp-content\/uploads\/2023\/12\/banneragendacuarentena600.300.png","jetpack-related-posts":[{"id":72119,"url":"https:\/\/lasprimeras.com.do\/index.php\/2023\/12\/27\/infectologos-advierten-serio-peligro-de-virus-circulan-en-el-pais\/","url_meta":{"origin":71975,"position":0},"title":"Infect\u00f3logos advierten serio peligro de virus circulan en el pa\u00eds","author":"BIMARY DE JES\u00daS Matos","date":"27 de diciembre de 2023","format":false,"excerpt":"Santo Domingo.-El Distrito Nacional y la provincia de Santo Domingo son las localidades del pa\u00eds donde se ha detectado hasta el momento la circulaci\u00f3n de la nueva variante JN.1 del Covid-19, cuyos s\u00edntomas son fiebre o escalofr\u00edos, tos, dificultad para respirar, fatiga, dolores musculares, dolor de cabeza y dolor de\u2026","rel":"","context":"En \u00abPORTADA\u00bb","block_context":{"text":"PORTADA","link":"https:\/\/lasprimeras.com.do\/index.php\/category\/portada\/"},"img":{"alt_text":"","src":"https:\/\/i0.wp.com\/lasprimeras.com.do\/wp-content\/uploads\/2023\/12\/LIDOM-anuncia-reduccion-en-tiempo-de-juegos-3-1.jpg?resize=350%2C200&ssl=1","width":350,"height":200,"srcset":"https:\/\/i0.wp.com\/lasprimeras.com.do\/wp-content\/uploads\/2023\/12\/LIDOM-anuncia-reduccion-en-tiempo-de-juegos-3-1.jpg?resize=350%2C200&ssl=1 1x, https:\/\/i0.wp.com\/lasprimeras.com.do\/wp-content\/uploads\/2023\/12\/LIDOM-anuncia-reduccion-en-tiempo-de-juegos-3-1.jpg?resize=525%2C300&ssl=1 1.5x"},"classes":[]},{"id":77897,"url":"https:\/\/lasprimeras.com.do\/index.php\/2024\/02\/27\/incidencia-virus-respiratorios-disminuye-en-el-pais\/","url_meta":{"origin":71975,"position":1},"title":"Incidencia virus respiratorios disminuye en el pa\u00eds","author":"BIMARY DE JES\u00daS Matos","date":"27 de febrero de 2024","format":false,"excerpt":"Santo Domingo.-Los virus respiratorios contin\u00faan afectando a la poblaci\u00f3n dominicana debido a los cambios de temperaturas que se registran en el pa\u00eds, sin embargo, su incidencia ha disminuido considerablemente comparada con el mes pasado. Con las infecciones respiratorias como la influenza y el virus sincitial, as\u00ed como el dengue, los\u2026","rel":"","context":"En \u00abNACIONALES\u00bb","block_context":{"text":"NACIONALES","link":"https:\/\/lasprimeras.com.do\/index.php\/category\/nacionales\/"},"img":{"alt_text":"","src":"https:\/\/i0.wp.com\/lasprimeras.com.do\/wp-content\/uploads\/2024\/02\/10_Nacionales_27_-3p01.jpg.webp?resize=350%2C200&ssl=1","width":350,"height":200,"srcset":"https:\/\/i0.wp.com\/lasprimeras.com.do\/wp-content\/uploads\/2024\/02\/10_Nacionales_27_-3p01.jpg.webp?resize=350%2C200&ssl=1 1x, https:\/\/i0.wp.com\/lasprimeras.com.do\/wp-content\/uploads\/2024\/02\/10_Nacionales_27_-3p01.jpg.webp?resize=525%2C300&ssl=1 1.5x, https:\/\/i0.wp.com\/lasprimeras.com.do\/wp-content\/uploads\/2024\/02\/10_Nacionales_27_-3p01.jpg.webp?resize=700%2C400&ssl=1 2x"},"classes":[]},{"id":119930,"url":"https:\/\/lasprimeras.com.do\/index.php\/2026\/01\/18\/influenza-y-vsr-un-desafio-simultaneo-para-la-salud-publica\/","url_meta":{"origin":71975,"position":2},"title":"Influenza y VSR: un desaf\u00edo simult\u00e1neo para la salud p\u00fablica","author":"Nelson Feliz","date":"18 de enero de 2026","format":false,"excerpt":"Por Araceli Aguilar Salgado \"La salud no lo es todo, pero sin ella, todo lo dem\u00e1s es nada.\" \u00a0Arthur Schopenhauer La circulaci\u00f3n simult\u00e1nea de la influenza estacional y el virus sincitial respiratorio (VSR) en el continente americano ha encendido las alertas de la Organizaci\u00f3n Panamericana de la Salud (OPS). Este\u2026","rel":"","context":"En \u00abSALUD\u00bb","block_context":{"text":"SALUD","link":"https:\/\/lasprimeras.com.do\/index.php\/category\/salud\/"},"img":{"alt_text":"","src":"https:\/\/i0.wp.com\/lasprimeras.com.do\/wp-content\/uploads\/2026\/01\/VAC-2.jpg?resize=350%2C200&ssl=1","width":350,"height":200,"srcset":"https:\/\/i0.wp.com\/lasprimeras.com.do\/wp-content\/uploads\/2026\/01\/VAC-2.jpg?resize=350%2C200&ssl=1 1x, https:\/\/i0.wp.com\/lasprimeras.com.do\/wp-content\/uploads\/2026\/01\/VAC-2.jpg?resize=525%2C300&ssl=1 1.5x"},"classes":[]},{"id":121732,"url":"https:\/\/lasprimeras.com.do\/index.php\/2026\/02\/09\/influenza-a-h3n2-circula-activamente-en-rd-eleva-hospitalizaciones\/","url_meta":{"origin":71975,"position":3},"title":"Influenza A (H3N2) circula activamente en RD; eleva hospitalizaciones","author":"Nelson Feliz","date":"9 de febrero de 2026","format":false,"excerpt":"Los grupos m\u00e1s vulnerables ante esta variante son los ni\u00f1os, las mujeres embarazadas, los adultos mayores, as\u00ed como las personas con enfermedades cr\u00f3nicas. La Sociedad Dominicana de Neumolog\u00eda y Cirug\u00eda de T\u00f3rax, alert\u00f3 hoy sobre la cepa de la influenza A (H3N2) circula de manera activa en el pa\u00eds y\u2026","rel":"","context":"En \u00abPORTADA\u00bb","block_context":{"text":"PORTADA","link":"https:\/\/lasprimeras.com.do\/index.php\/category\/portada\/"},"img":{"alt_text":"Hospitales NYC abarrotados personas con gripe y otros virus","src":"https:\/\/i0.wp.com\/lasprimeras.com.do\/wp-content\/uploads\/2025\/12\/WhatsApp-Image-2025-12-22-at-7.39.05-AM.jpeg?resize=350%2C200&ssl=1","width":350,"height":200,"srcset":"https:\/\/i0.wp.com\/lasprimeras.com.do\/wp-content\/uploads\/2025\/12\/WhatsApp-Image-2025-12-22-at-7.39.05-AM.jpeg?resize=350%2C200&ssl=1 1x, https:\/\/i0.wp.com\/lasprimeras.com.do\/wp-content\/uploads\/2025\/12\/WhatsApp-Image-2025-12-22-at-7.39.05-AM.jpeg?resize=525%2C300&ssl=1 1.5x"},"classes":[]},{"id":68176,"url":"https:\/\/lasprimeras.com.do\/index.php\/2023\/11\/22\/neumologos-recomiendan-vigilar-los-cuadros-respiratorios-tras-intensas-lluvias\/","url_meta":{"origin":71975,"position":4},"title":"Neum\u00f3logos recomiendan vigilar los cuadros respiratorios tras intensas lluvias","author":"Nelson Feliz","date":"22 de noviembre de 2023","format":false,"excerpt":"Los virus sincitial respiratorio y de influenza A y B son los que tienen mayor circulaci\u00f3n en el pa\u00eds. La Sociedad Dominicana de Neumolog\u00eda y Cirug\u00eda del T\u00f3rax (SDNCT)recomienda mantener activa la vigilancia de cuadros respiratorios en la poblaci\u00f3n y evitar permanecer en espacios reducidos con gran n\u00famero de personas,\u2026","rel":"","context":"En \u00abSin categor\u00eda\u00bb","block_context":{"text":"Sin categor\u00eda","link":"https:\/\/lasprimeras.com.do\/index.php\/category\/sin-categoria\/"},"img":{"alt_text":"","src":"https:\/\/i0.wp.com\/lasprimeras.com.do\/wp-content\/uploads\/2023\/11\/lluvias-1.jpeg?resize=350%2C200&ssl=1","width":350,"height":200,"srcset":"https:\/\/i0.wp.com\/lasprimeras.com.do\/wp-content\/uploads\/2023\/11\/lluvias-1.jpeg?resize=350%2C200&ssl=1 1x, https:\/\/i0.wp.com\/lasprimeras.com.do\/wp-content\/uploads\/2023\/11\/lluvias-1.jpeg?resize=525%2C300&ssl=1 1.5x, https:\/\/i0.wp.com\/lasprimeras.com.do\/wp-content\/uploads\/2023\/11\/lluvias-1.jpeg?resize=700%2C400&ssl=1 2x"},"classes":[]},{"id":73333,"url":"https:\/\/lasprimeras.com.do\/index.php\/2024\/01\/09\/las-vacunas-opcion-para-frenar-virus-respiratorios\/","url_meta":{"origin":71975,"position":5},"title":"Las vacunas, opci\u00f3n para frenar virus respiratorios","author":"BIMARY DE JES\u00daS Matos","date":"9 de enero de 2024","format":false,"excerpt":"Santo Domingo.-Una de las opciones que se plantean los especialistas para hacer frente al repunte de casos por virus respiratorios, es la vacunaci\u00f3n de la poblaci\u00f3n, pero desde la pandemia la confianza en la inmunizaci\u00f3n para diversas enfermedades se ha visto afectada por la campa\u00f1a de los llamados antivacunas. De\u2026","rel":"","context":"En \u00abNACIONALES\u00bb","block_context":{"text":"NACIONALES","link":"https:\/\/lasprimeras.com.do\/index.php\/category\/nacionales\/"},"img":{"alt_text":"","src":"https:\/\/i0.wp.com\/lasprimeras.com.do\/wp-content\/uploads\/2024\/01\/Wander-Franco-sale-de-prision-tras-pagar-garantia-economica-de-2-millones-de-pesos-3-2.webp?resize=350%2C200&ssl=1","width":350,"height":200,"srcset":"https:\/\/i0.wp.com\/lasprimeras.com.do\/wp-content\/uploads\/2024\/01\/Wander-Franco-sale-de-prision-tras-pagar-garantia-economica-de-2-millones-de-pesos-3-2.webp?resize=350%2C200&ssl=1 1x, https:\/\/i0.wp.com\/lasprimeras.com.do\/wp-content\/uploads\/2024\/01\/Wander-Franco-sale-de-prision-tras-pagar-garantia-economica-de-2-millones-de-pesos-3-2.webp?resize=525%2C300&ssl=1 1.5x"},"classes":[]}],"jetpack_sharing_enabled":true,"_links":{"self":[{"href":"https:\/\/lasprimeras.com.do\/index.php\/wp-json\/wp\/v2\/posts\/71975","targetHints":{"allow":["GET"]}}],"collection":[{"href":"https:\/\/lasprimeras.com.do\/index.php\/wp-json\/wp\/v2\/posts"}],"about":[{"href":"https:\/\/lasprimeras.com.do\/index.php\/wp-json\/wp\/v2\/types\/post"}],"author":[{"embeddable":true,"href":"https:\/\/lasprimeras.com.do\/index.php\/wp-json\/wp\/v2\/users\/2"}],"replies":[{"embeddable":true,"href":"https:\/\/lasprimeras.com.do\/index.php\/wp-json\/wp\/v2\/comments?post=71975"}],"version-history":[{"count":1,"href":"https:\/\/lasprimeras.com.do\/index.php\/wp-json\/wp\/v2\/posts\/71975\/revisions"}],"predecessor-version":[{"id":71977,"href":"https:\/\/lasprimeras.com.do\/index.php\/wp-json\/wp\/v2\/posts\/71975\/revisions\/71977"}],"wp:featuredmedia":[{"embeddable":true,"href":"https:\/\/lasprimeras.com.do\/index.php\/wp-json\/wp\/v2\/media\/71976"}],"wp:attachment":[{"href":"https:\/\/lasprimeras.com.do\/index.php\/wp-json\/wp\/v2\/media?parent=71975"}],"wp:term":[{"taxonomy":"category","embeddable":true,"href":"https:\/\/lasprimeras.com.do\/index.php\/wp-json\/wp\/v2\/categories?post=71975"},{"taxonomy":"post_tag","embeddable":true,"href":"https:\/\/lasprimeras.com.do\/index.php\/wp-json\/wp\/v2\/tags?post=71975"}],"curies":[{"name":"wp","href":"https:\/\/api.w.org\/{rel}","templated":true}]}}