{"id":71985,"date":"2023-12-25T21:31:08","date_gmt":"2023-12-26T01:31:08","guid":{"rendered":"https:\/\/lasprimeras.com.do\/?p=71985"},"modified":"2023-12-25T21:31:09","modified_gmt":"2023-12-26T01:31:09","slug":"luis-el-gallo-llora-de-emocion-al-celebrar-los-30-anos-de-la-cena-navidena-con-los-leprosos-en-nigua","status":"publish","type":"post","link":"https:\/\/lasprimeras.com.do\/index.php\/2023\/12\/25\/luis-el-gallo-llora-de-emocion-al-celebrar-los-30-anos-de-la-cena-navidena-con-los-leprosos-en-nigua\/","title":{"rendered":"Luis \u201cEl Gallo\u201d llora de emoci\u00f3n al celebrar los 30 a\u00f1os de la \u201cCena Navide\u00f1a con los Leprosos\u201d, en Nigua"},"content":{"rendered":"\n<p>En una de las tradiciones m\u00e1s emotivas, sentimentales y humanas de las Navidades Dominicanas, Luis Acosta Moreta, Luis \u201cEl Gallo\u201d, celebr\u00f3 por 30 a\u00f1os consecutivos su Noche Buena con los internos del Leprocomio de Nigua.<\/p>\n\n\n\n<p>Ofreciendo un abrazo de solidaridad y hermandad, Luis \u201cEl Gallo\u201d dijo que desde hace 30 a\u00f1os es de los pocos dominicanos que en las navidades y el a\u00f1o entero se acuerda y auxilia a los enfermos del Leprocomio.<\/p>\n\n\n\n<p>En medio de l,a alegr\u00eda impregnada por la Banda Imperial y el Batton Battlle de la Uni\u00f3n Dem\u00f3crata Cristiana \u2013UDC-, Luis \u201cEl Gallo\u201d dijo que tiene 30 a\u00f1os llevando paz, amor y tranquilidad a los internos en el Leprocomio y que esta acci\u00f3n es una de las que m\u00e1s orgulloso se siente.<\/p>\n\n\n\n<p>Indic\u00f3 que \u201cno se imaginan lo feliz que me siento de estar compartiendo con todos ustedes un a\u00f1o m\u00e1s. Para nosotros esta es la actividad m\u00e1s importante que tenemos, es un encuentro de amor, entrega y respeto. Cada a\u00f1o son menos los que quedan, pero los que est\u00e1n saben lo que ustedes significan para nosotros por 30 a\u00f1os\u201d.<\/p>\n\n\n\n<p>Sec\u00e1ndose las l\u00e1grimas de la emoci\u00f3n por los 30 a\u00f1os de la \u201cCena Navide\u00f1a con los Leprosos\u201d, Luis El Gallo dijo \u201clas hermanas (las Mercedarias, indican que la Navidad es compartir, es amor, es unidad familiar. Todos ustedes si\u00e9ntanse como mi familia\u201d.<\/p>\n\n\n\n<p>Durante el almuerzo navide\u00f1o los pacientes del Leprocomio de Nigua agradecieron a Luis \u201cEl Gallo\u201d por siempre estar pendientes de ellos, en una \u00e9poca donde quisieran poder ver a sus familiares, mientras le manifestaban un gesto de cari\u00f1o y admiraci\u00f3n.<\/p>\n\n\n\n<p>El presidente de la UDC resalt\u00f3 que compartir en Navidad con los pacientes del Leprocomio representa para \u00e9l y su equipo de trabajo, parte de una tradici\u00f3n cristiana y familiar que religiosamente lleva a cabo desde hace 30 a\u00f1os..<\/p>\n\n\n\n<p>Hoy, como el primer d\u00eda, 30 a\u00f1os despu\u00e9s, felicito a los m\u00e9dicos y las hermanas de la congregaci\u00f3n religiosa las Mercedarias, por la entrega, dedicaci\u00f3n y amor con que cuidan a los pacientes de este Leprocomio, un centro de salud que, como he dicho en otras ocasiones, ha sido olvidado por nuestra sociedad\u201d.<\/p>\n\n\n\n<p>Como cada a\u00f1o, el almuerzo de Nochebuena cont\u00f3 con la animaci\u00f3n del Baton Ballet y La Banda Imperial de la UDC, quienes a ritmo de tambores llenaron de alegr\u00eda cada rinc\u00f3n del Leprocomio, donde los pacientes y el personal del centro asistencial disfrutaron canciones navide\u00f1as y un espect\u00e1culo art\u00edstico insuperable.<\/p>\n","protected":false},"excerpt":{"rendered":"<p>En una de las tradiciones m\u00e1s emotivas, sentimentales y humanas de las Navidades Dominicanas, Luis Acosta Moreta, Luis \u201cEl Gallo\u201d, celebr\u00f3 por 30 a\u00f1os consecutivos su Noche Buena con los&hellip;<\/p>\n","protected":false},"author":2,"featured_media":71986,"comment_status":"open","ping_status":"open","sticky":false,"template":"","format":"standard","meta":{"content-type":"","jetpack_post_was_ever_published":false,"_jetpack_newsletter_access":"","_jetpack_dont_email_post_to_subs":false,"_jetpack_newsletter_tier_id":0,"_jetpack_memberships_contains_paywalled_content":false,"_jetpack_memberships_contains_paid_content":false,"footnotes":""},"categories":[1],"tags":[10675,10676,1208,7197],"class_list":["post-71985","post","type-post","status-publish","format-standard","has-post-thumbnail","hentry","category-sin-categoria","tag-cena-navidena","tag-leprosos","tag-luis-el-gallo","tag-nigua"],"jetpack_featured_media_url":"https:\/\/lasprimeras.com.do\/wp-content\/uploads\/2023\/12\/Leprocomio-de-Nigua.jpg","jetpack-related-posts":[{"id":72417,"url":"https:\/\/lasprimeras.com.do\/index.php\/2023\/12\/29\/luis-el-gallo-entrego-miles-de-fundas-y-bonos-navidenos-a-los-pobres\/","url_meta":{"origin":71985,"position":0},"title":"Luis \u201cEl Gallo\u201d entreg\u00f3 miles de fundas y Bonos Navide\u00f1os a los pobres","author":"Nelson Feliz","date":"29 de diciembre de 2023","format":false,"excerpt":"El presidente de la Uni\u00f3n Dem\u00f3crata Cristiana -UDC, Luis Acosta Moreta, Luis \u201cEl Gallo\u201d, dijo hoy que por disposici\u00f3n del presidente Luis Abinader, en la etapa de la Navidad asisti\u00f3 con fundas de alimentos y Bonos Navide\u00f1os, a miles de personas residentes en barrios pobres. A\u00f1adi\u00f3 que tambi\u00e9n se entregaron\u2026","rel":"","context":"En \u00abPORTADA\u00bb","block_context":{"text":"PORTADA","link":"https:\/\/lasprimeras.com.do\/index.php\/category\/portada\/"},"img":{"alt_text":"Cena Navide\u00f1a","src":"https:\/\/i0.wp.com\/lasprimeras.com.do\/wp-content\/uploads\/2023\/12\/Cena-Navidena.jpg?resize=350%2C200&ssl=1","width":350,"height":200,"srcset":"https:\/\/i0.wp.com\/lasprimeras.com.do\/wp-content\/uploads\/2023\/12\/Cena-Navidena.jpg?resize=350%2C200&ssl=1 1x, https:\/\/i0.wp.com\/lasprimeras.com.do\/wp-content\/uploads\/2023\/12\/Cena-Navidena.jpg?resize=525%2C300&ssl=1 1.5x, https:\/\/i0.wp.com\/lasprimeras.com.do\/wp-content\/uploads\/2023\/12\/Cena-Navidena.jpg?resize=700%2C400&ssl=1 2x"},"classes":[]},{"id":70486,"url":"https:\/\/lasprimeras.com.do\/index.php\/2023\/12\/11\/luis-el-gallo-promete-ningun-pobre-se-quedara-sin-cena-navidena\/","url_meta":{"origin":71985,"position":1},"title":"Luis \u201cEl Gallo\u201d promete ning\u00fan pobre se quedar\u00e1 sin cena navide\u00f1a","author":"Nelson Feliz","date":"11 de diciembre de 2023","format":false,"excerpt":"Aguinaldo UDC recorre 30 kil\u00f3metros El presidente de la Uni\u00f3n Dem\u00f3crata Cristiana -UDC-, Luis Acosta Moreta, Luis \u201cEl Gallo\u201d, dijo hoy que en este pa\u00eds ning\u00fan dominicano pobre se va a quedar sin su comida durante las navidades, para que los marginados puedan celebrar con alegr\u00eda las fiestas de fin\u2026","rel":"","context":"En \u00abSin categor\u00eda\u00bb","block_context":{"text":"Sin categor\u00eda","link":"https:\/\/lasprimeras.com.do\/index.php\/category\/sin-categoria\/"},"img":{"alt_text":"","src":"https:\/\/i0.wp.com\/lasprimeras.com.do\/wp-content\/uploads\/2023\/12\/WhatsApp-Image-2023-12-11-at-6.42.38-AM.jpeg?resize=350%2C200&ssl=1","width":350,"height":200,"srcset":"https:\/\/i0.wp.com\/lasprimeras.com.do\/wp-content\/uploads\/2023\/12\/WhatsApp-Image-2023-12-11-at-6.42.38-AM.jpeg?resize=350%2C200&ssl=1 1x, https:\/\/i0.wp.com\/lasprimeras.com.do\/wp-content\/uploads\/2023\/12\/WhatsApp-Image-2023-12-11-at-6.42.38-AM.jpeg?resize=525%2C300&ssl=1 1.5x, https:\/\/i0.wp.com\/lasprimeras.com.do\/wp-content\/uploads\/2023\/12\/WhatsApp-Image-2023-12-11-at-6.42.38-AM.jpeg?resize=700%2C400&ssl=1 2x"},"classes":[]},{"id":70060,"url":"https:\/\/lasprimeras.com.do\/index.php\/2023\/12\/08\/udc-llega-a-barrios-marginados-con-aguinaldo-y-encendido-arbolito-navideno\/","url_meta":{"origin":71985,"position":2},"title":"UDC llega a barrios marginados, con Aguinaldo y encendido \u00e1rbolito Navide\u00f1o","author":"Nelson Feliz","date":"8 de diciembre de 2023","format":false,"excerpt":"En un verdadero ba\u00f1o de pueblo, Luis \u201cEl Gallo\u201d lleg\u00f3 a los barrios marginados de Santo Domingo, llevando alegr\u00eda con su Aguinaldo y encendido de \u00e1rbolitos Navide\u00f1os. Luis Acosta Moreta, Luis \u201cEl Gallo\u201d, puso a bailar ritmos navide\u00f1os a ni\u00f1os, adultos y personas de la tercera edad, en el primer\u2026","rel":"","context":"En \u00abENTRETENIMIENTO\u00bb","block_context":{"text":"ENTRETENIMIENTO","link":"https:\/\/lasprimeras.com.do\/index.php\/category\/entretenimiento\/"},"img":{"alt_text":"encendido \u00e1rbolito Navide\u00f1o","src":"https:\/\/i0.wp.com\/lasprimeras.com.do\/wp-content\/uploads\/2023\/12\/encendido-arbolito-Navideno.jpg?resize=350%2C200&ssl=1","width":350,"height":200,"srcset":"https:\/\/i0.wp.com\/lasprimeras.com.do\/wp-content\/uploads\/2023\/12\/encendido-arbolito-Navideno.jpg?resize=350%2C200&ssl=1 1x, https:\/\/i0.wp.com\/lasprimeras.com.do\/wp-content\/uploads\/2023\/12\/encendido-arbolito-Navideno.jpg?resize=525%2C300&ssl=1 1.5x, https:\/\/i0.wp.com\/lasprimeras.com.do\/wp-content\/uploads\/2023\/12\/encendido-arbolito-Navideno.jpg?resize=700%2C400&ssl=1 2x"},"classes":[]},{"id":71029,"url":"https:\/\/lasprimeras.com.do\/index.php\/2023\/12\/16\/luis-el-gallo-lleva-aguinaldo-navideno-a-ninos-villa-agricolas\/","url_meta":{"origin":71985,"position":3},"title":"Luis \u201cEl Gallo\u201d lleva aguinaldo navide\u00f1o a ni\u00f1os Villa Agr\u00edcolas","author":"Nelson Feliz","date":"16 de diciembre de 2023","format":false,"excerpt":"El presidente de la Uni\u00f3n Dem\u00f3crata Cristiana \u2013UDC-, Luis Acosta Moreta, Luis \u201cEl Gallo\u201d, llev\u00f3 su Aguinaldo Navide\u00f1o\u201d al sector de Villa Agr\u00edcolas, y almorz\u00f3 con los ni\u00f1os de la Fundaci\u00f3n Juventud Infantil Comunitaria Casa de Dios. Luis \u201cEl Gallo\u201d dijo que a los ni\u00f1os dominicanos no les va a\u2026","rel":"","context":"En \u00abENTRETENIMIENTO\u00bb","block_context":{"text":"ENTRETENIMIENTO","link":"https:\/\/lasprimeras.com.do\/index.php\/category\/entretenimiento\/"},"img":{"alt_text":"Luis Acosta Moreta","src":"https:\/\/i0.wp.com\/lasprimeras.com.do\/wp-content\/uploads\/2023\/12\/Luis-Acosta-Moreta-1-1.jpg?resize=350%2C200&ssl=1","width":350,"height":200,"srcset":"https:\/\/i0.wp.com\/lasprimeras.com.do\/wp-content\/uploads\/2023\/12\/Luis-Acosta-Moreta-1-1.jpg?resize=350%2C200&ssl=1 1x, https:\/\/i0.wp.com\/lasprimeras.com.do\/wp-content\/uploads\/2023\/12\/Luis-Acosta-Moreta-1-1.jpg?resize=525%2C300&ssl=1 1.5x"},"classes":[]},{"id":116103,"url":"https:\/\/lasprimeras.com.do\/index.php\/2025\/11\/27\/luis-el-gallo-demanda-en-navidad-fin-de-la-usura-en-los-precios-de-los-comestibles\/","url_meta":{"origin":71985,"position":4},"title":"Luis \u201cEl Gallo\u201d demanda en navidad fin de la usura en los precios de los comestibles","author":"Nelson Feliz","date":"27 de noviembre de 2025","format":false,"excerpt":"El presidente de la Uni\u00f3n Dem\u00f3crata Cristiana \u2013UDC-, Luis Acosta Moreta, Luis \u201cEl Gallo\u201d pidi\u00f3 hoy que se establezca una estricta vigilancia en esta etapa final del a\u00f1o, para evitar que se aumenten los precios de los productos de primera necesidad. Indic\u00f3 que a diario los agiotistas reajustan los precios\u2026","rel":"","context":"En \u00abPOLITICA\u00bb","block_context":{"text":"POLITICA","link":"https:\/\/lasprimeras.com.do\/index.php\/category\/politica\/"},"img":{"alt_text":"Luis Acosta Moreta","src":"https:\/\/i0.wp.com\/lasprimeras.com.do\/wp-content\/uploads\/2024\/02\/Luis-Acosta-Moreta-2.jpg?resize=350%2C200&ssl=1","width":350,"height":200,"srcset":"https:\/\/i0.wp.com\/lasprimeras.com.do\/wp-content\/uploads\/2024\/02\/Luis-Acosta-Moreta-2.jpg?resize=350%2C200&ssl=1 1x, https:\/\/i0.wp.com\/lasprimeras.com.do\/wp-content\/uploads\/2024\/02\/Luis-Acosta-Moreta-2.jpg?resize=525%2C300&ssl=1 1.5x, https:\/\/i0.wp.com\/lasprimeras.com.do\/wp-content\/uploads\/2024\/02\/Luis-Acosta-Moreta-2.jpg?resize=700%2C400&ssl=1 2x"},"classes":[]},{"id":72969,"url":"https:\/\/lasprimeras.com.do\/index.php\/2024\/01\/04\/luis-el-gallo-agasaja-a-presos-la-victoria\/","url_meta":{"origin":71985,"position":5},"title":"Luis \u201cEl Gallo\u201d agasaja a presos La Victoria","author":"Nelson Feliz","date":"4 de enero de 2024","format":false,"excerpt":"Acosta Moreta pide prevenir la delincuencia ejecutando pol\u00edticas de inclusi\u00f3n social. El presidente de la Uni\u00f3n Dem\u00f3crata Cristiana \u2013UDC-, Luis Acosta Moreta, Luis \u201cEl Gallo\u201d, consider\u00f3 hoy que la mejor prevenci\u00f3n para evitar que las c\u00e1rceles est\u00e9n llenas de violadores de las leyes, es levantar el respeto al derecho del\u2026","rel":"","context":"En \u00abPORTADA\u00bb","block_context":{"text":"PORTADA","link":"https:\/\/lasprimeras.com.do\/index.php\/category\/portada\/"},"img":{"alt_text":"Luis Acosta Moreta","src":"https:\/\/i0.wp.com\/lasprimeras.com.do\/wp-content\/uploads\/2024\/01\/Luis-Acosta-Moreta-1.jpg?resize=350%2C200&ssl=1","width":350,"height":200,"srcset":"https:\/\/i0.wp.com\/lasprimeras.com.do\/wp-content\/uploads\/2024\/01\/Luis-Acosta-Moreta-1.jpg?resize=350%2C200&ssl=1 1x, https:\/\/i0.wp.com\/lasprimeras.com.do\/wp-content\/uploads\/2024\/01\/Luis-Acosta-Moreta-1.jpg?resize=525%2C300&ssl=1 1.5x, https:\/\/i0.wp.com\/lasprimeras.com.do\/wp-content\/uploads\/2024\/01\/Luis-Acosta-Moreta-1.jpg?resize=700%2C400&ssl=1 2x"},"classes":[]}],"jetpack_sharing_enabled":true,"_links":{"self":[{"href":"https:\/\/lasprimeras.com.do\/index.php\/wp-json\/wp\/v2\/posts\/71985","targetHints":{"allow":["GET"]}}],"collection":[{"href":"https:\/\/lasprimeras.com.do\/index.php\/wp-json\/wp\/v2\/posts"}],"about":[{"href":"https:\/\/lasprimeras.com.do\/index.php\/wp-json\/wp\/v2\/types\/post"}],"author":[{"embeddable":true,"href":"https:\/\/lasprimeras.com.do\/index.php\/wp-json\/wp\/v2\/users\/2"}],"replies":[{"embeddable":true,"href":"https:\/\/lasprimeras.com.do\/index.php\/wp-json\/wp\/v2\/comments?post=71985"}],"version-history":[{"count":1,"href":"https:\/\/lasprimeras.com.do\/index.php\/wp-json\/wp\/v2\/posts\/71985\/revisions"}],"predecessor-version":[{"id":71987,"href":"https:\/\/lasprimeras.com.do\/index.php\/wp-json\/wp\/v2\/posts\/71985\/revisions\/71987"}],"wp:featuredmedia":[{"embeddable":true,"href":"https:\/\/lasprimeras.com.do\/index.php\/wp-json\/wp\/v2\/media\/71986"}],"wp:attachment":[{"href":"https:\/\/lasprimeras.com.do\/index.php\/wp-json\/wp\/v2\/media?parent=71985"}],"wp:term":[{"taxonomy":"category","embeddable":true,"href":"https:\/\/lasprimeras.com.do\/index.php\/wp-json\/wp\/v2\/categories?post=71985"},{"taxonomy":"post_tag","embeddable":true,"href":"https:\/\/lasprimeras.com.do\/index.php\/wp-json\/wp\/v2\/tags?post=71985"}],"curies":[{"name":"wp","href":"https:\/\/api.w.org\/{rel}","templated":true}]}}