{"id":71997,"date":"2023-12-26T07:02:04","date_gmt":"2023-12-26T11:02:04","guid":{"rendered":"https:\/\/lasprimeras.com.do\/?p=71997"},"modified":"2023-12-26T07:02:06","modified_gmt":"2023-12-26T11:02:06","slug":"el-renacimiento-de-miguel-bose-se-sintio-este-2023-en-un-documental","status":"publish","type":"post","link":"https:\/\/lasprimeras.com.do\/index.php\/2023\/12\/26\/el-renacimiento-de-miguel-bose-se-sintio-este-2023-en-un-documental\/","title":{"rendered":"El renacimiento de Miguel Bos\u00e9 se sinti\u00f3 este 2023 en un documental"},"content":{"rendered":"\n<p>ESPA\u00d1A.- Miguel Bos\u00e9 regres\u00f3 a escena en 2023 con intenci\u00f3n de quedarse, en un ejercicio de regeneraci\u00f3n que se ha plasmado en un documental, una serie y su participaci\u00f3n en un programa musical, adem\u00e1s del anuncio de un nuevo disco para 2024, una gira y un musical.<\/p>\n\n\n\n<p>Una exposici\u00f3n a la que contribuyeron entrevistas y ruedas de prensa, a lo que se a\u00f1ade el inquietante asalto y robo en su casa de Ciudad de M\u00e9xico que sufri\u00f3 junto a sus hijos el pasado mes de agosto, acontecimientos que hicieron de \u00e9l uno de los personajes del a\u00f1o.<\/p>\n\n\n\n<p>Quiz\u00e1 todo ello contribuy\u00f3 a que su m\u00fasica haya sido escuchada por 35 millones de personas en la plataforma Spotify, sobre todo en pa\u00edses como M\u00e9xico, Chile, Espa\u00f1a, Estados Unidos y Colombia, donde sus canciones fueron m\u00e1s reproducidas.<\/p>\n\n\n\n<p>Bos\u00e9 (Panam\u00e1, 1956) regres\u00f3 a partir de un ejercicio de reconstrucci\u00f3n, tal como se presenta en el documental \u2018Bos\u00e9, renacido\u2019, en el que con media sonrisa, su imagen aparece con la mano en el coraz\u00f3n sobre calificativos como \u00fanico, soberbio, diferente, atractivo, v\u00edctima, sabio, loco o provocador.<\/p>\n","protected":false},"excerpt":{"rendered":"<p>ESPA\u00d1A.- Miguel Bos\u00e9 regres\u00f3 a escena en 2023 con intenci\u00f3n de quedarse, en un ejercicio de regeneraci\u00f3n que se ha plasmado en un documental, una serie y su participaci\u00f3n en&hellip;<\/p>\n","protected":false},"author":3,"featured_media":71998,"comment_status":"open","ping_status":"open","sticky":false,"template":"","format":"standard","meta":{"content-type":"","jetpack_post_was_ever_published":false,"_jetpack_newsletter_access":"","_jetpack_dont_email_post_to_subs":false,"_jetpack_newsletter_tier_id":0,"_jetpack_memberships_contains_paywalled_content":false,"_jetpack_memberships_contains_paid_content":false,"footnotes":""},"categories":[84],"tags":[],"class_list":["post-71997","post","type-post","status-publish","format-standard","has-post-thumbnail","hentry","category-entretenimiento"],"jetpack_featured_media_url":"https:\/\/lasprimeras.com.do\/wp-content\/uploads\/2023\/12\/WhatsApp-Image-2023-12-25-at-12.45.01-PM-6.jpeg","jetpack-related-posts":[{"id":94842,"url":"https:\/\/lasprimeras.com.do\/index.php\/2025\/03\/06\/chargers-se-desprenden-de-linebacker-joey-bosa-tras-9-temporadas-con-la-franquicia\/","url_meta":{"origin":71997,"position":0},"title":"Chargers se desprenden de linebacker Joey Bosa tras 9 temporadas con la franquicia","author":"Nelson Feliz","date":"6 de marzo de 2025","format":false,"excerpt":"POR JOE REEDY Los Chargers de Los \u00c1ngeles dieron de baja a Joey Bosa el mi\u00e9rcoles, con lo que pusieron fin a la carrera de nueve temporadas del linebacker con la franquicia. La decisi\u00f3n, que se tom\u00f3 menos de una semana antes del inicio del nuevo a\u00f1o de la liga,\u2026","rel":"","context":"En \u00abDEPORTES\u00bb","block_context":{"text":"DEPORTES","link":"https:\/\/lasprimeras.com.do\/index.php\/category\/deportes\/"},"img":{"alt_text":"","src":"https:\/\/i0.wp.com\/lasprimeras.com.do\/wp-content\/uploads\/2025\/03\/Joey-Bosa.png?resize=350%2C200&ssl=1","width":350,"height":200,"srcset":"https:\/\/i0.wp.com\/lasprimeras.com.do\/wp-content\/uploads\/2025\/03\/Joey-Bosa.png?resize=350%2C200&ssl=1 1x, https:\/\/i0.wp.com\/lasprimeras.com.do\/wp-content\/uploads\/2025\/03\/Joey-Bosa.png?resize=525%2C300&ssl=1 1.5x, https:\/\/i0.wp.com\/lasprimeras.com.do\/wp-content\/uploads\/2025\/03\/Joey-Bosa.png?resize=700%2C400&ssl=1 2x"},"classes":[]},{"id":95322,"url":"https:\/\/lasprimeras.com.do\/index.php\/2025\/03\/12\/bills-acuerdan-firmar-a-joey-bosa-por-un-ano-y-126-millones-de-dolares-dice-fuente-de-ap\/","url_meta":{"origin":71997,"position":1},"title":"Bills acuerdan firmar a Joey Bosa por un a\u00f1o y 12,6 millones de d\u00f3lares, dice fuente de AP","author":"Nelson Feliz","date":"12 de marzo de 2025","format":false,"excerpt":"POR JOHN WAWROW ORCHARD PARK, Nueva York, EE.UU. (AP) \u2014 Los Bills de Buffalo recurrieron a Joey Bosa para satisfacer sus necesidades de presi\u00f3n al quarterback al llegar a un acuerdo por un contrato de un a\u00f1o y 12,6 millones de d\u00f3lares, le inform\u00f3 el martes a The Associated Press\u2026","rel":"","context":"En \u00abDEPORTES\u00bb","block_context":{"text":"DEPORTES","link":"https:\/\/lasprimeras.com.do\/index.php\/category\/deportes\/"},"img":{"alt_text":"","src":"https:\/\/i0.wp.com\/lasprimeras.com.do\/wp-content\/uploads\/2025\/03\/Joey-Bosa-1.png?resize=350%2C200&ssl=1","width":350,"height":200,"srcset":"https:\/\/i0.wp.com\/lasprimeras.com.do\/wp-content\/uploads\/2025\/03\/Joey-Bosa-1.png?resize=350%2C200&ssl=1 1x, https:\/\/i0.wp.com\/lasprimeras.com.do\/wp-content\/uploads\/2025\/03\/Joey-Bosa-1.png?resize=525%2C300&ssl=1 1.5x, https:\/\/i0.wp.com\/lasprimeras.com.do\/wp-content\/uploads\/2025\/03\/Joey-Bosa-1.png?resize=700%2C400&ssl=1 2x"},"classes":[]},{"id":72911,"url":"https:\/\/lasprimeras.com.do\/index.php\/2024\/01\/04\/jetblue-lanza-tarifas-desde-54-por-su-venta-de-invierno\/","url_meta":{"origin":71997,"position":2},"title":"JetBlue lanza tarifas desde $54 por su venta de invierno","author":"Nelson Feliz","date":"4 de enero de 2024","format":false,"excerpt":"Las ofertas de la aerol\u00ednea incluyen a destinos en Estados Unidos, el Caribe y Europa. Con la llegada del a\u00f1o nuevo, la aerol\u00ednea estadounidense JetBlue lanz\u00f3 esta semana su tradicional venta de invierno, con tarifas desde $54. La venta, mejor conocida como Big Winter Sale, persigue que los viajeros planifiquen\u2026","rel":"","context":"En \u00abECONOM\u00cdA\u00bb","block_context":{"text":"ECONOM\u00cdA","link":"https:\/\/lasprimeras.com.do\/index.php\/category\/economia\/"},"img":{"alt_text":"JetBlue","src":"https:\/\/i0.wp.com\/lasprimeras.com.do\/wp-content\/uploads\/2024\/01\/JetBlue.jpg?resize=350%2C200&ssl=1","width":350,"height":200,"srcset":"https:\/\/i0.wp.com\/lasprimeras.com.do\/wp-content\/uploads\/2024\/01\/JetBlue.jpg?resize=350%2C200&ssl=1 1x, https:\/\/i0.wp.com\/lasprimeras.com.do\/wp-content\/uploads\/2024\/01\/JetBlue.jpg?resize=525%2C300&ssl=1 1.5x, https:\/\/i0.wp.com\/lasprimeras.com.do\/wp-content\/uploads\/2024\/01\/JetBlue.jpg?resize=700%2C400&ssl=1 2x"},"classes":[]},{"id":70383,"url":"https:\/\/lasprimeras.com.do\/index.php\/2023\/12\/11\/alejandro-fernandez-confirma-su-regreso-a-la-republica-dominicana\/","url_meta":{"origin":71997,"position":3},"title":"Alejandro Fern\u00e1ndez confirma su regreso a la Rep\u00fablica Dominicana","author":"Nelson Feliz","date":"11 de diciembre de 2023","format":false,"excerpt":"El Potrillo se reencontrar\u00e1 con el p\u00fablico dominicano con un show inolvidable el pr\u00f3ximo 9 de febrero en el Palacio de los Deportes. El artista mexicano Alejandro Fern\u00e1ndez se presentar\u00e1 el 9 de febrero en el Palacio de los Deportes, con un espect\u00e1culo de primer nivel que llevar\u00e1 al p\u00fablico\u2026","rel":"","context":"En \u00abENTRETENIMIENTO\u00bb","block_context":{"text":"ENTRETENIMIENTO","link":"https:\/\/lasprimeras.com.do\/index.php\/category\/entretenimiento\/"},"img":{"alt_text":"Alejandro Ferna\u00ecndez","src":"https:\/\/i0.wp.com\/lasprimeras.com.do\/wp-content\/uploads\/2023\/12\/AF.png?resize=350%2C200&ssl=1","width":350,"height":200,"srcset":"https:\/\/i0.wp.com\/lasprimeras.com.do\/wp-content\/uploads\/2023\/12\/AF.png?resize=350%2C200&ssl=1 1x, https:\/\/i0.wp.com\/lasprimeras.com.do\/wp-content\/uploads\/2023\/12\/AF.png?resize=525%2C300&ssl=1 1.5x, https:\/\/i0.wp.com\/lasprimeras.com.do\/wp-content\/uploads\/2023\/12\/AF.png?resize=700%2C400&ssl=1 2x"},"classes":[]},{"id":66218,"url":"https:\/\/lasprimeras.com.do\/index.php\/2023\/11\/04\/rodrigo-films-busca-cambiar-percepcion-de-barrios-a-traves-de-audiovisuales\/","url_meta":{"origin":71997,"position":4},"title":"Rodrigo Films busca cambiar percepci\u00f3n de barrios a trav\u00e9s de audiovisuales","author":"BIMARY DE JES\u00daS Matos","date":"4 de noviembre de 2023","format":false,"excerpt":"Santo Domingo.-Rodrigo Rodr\u00edguez, mejor conocido como Rodrigo Films, se ha consolidado como el director m\u00e1s solicitado por los exponentes urbanos nacionales e internacionales, por su b\u00fasqueda de elevar los audiovisuales del g\u00e9nero con ideas ingeniosas. El tambi\u00e9n productor, calificado por los artistas como el mejor detr\u00e1s de lente, gracias a\u2026","rel":"","context":"En \u00abENTRETENIMIENTO\u00bb","block_context":{"text":"ENTRETENIMIENTO","link":"https:\/\/lasprimeras.com.do\/index.php\/category\/entretenimiento\/"},"img":{"alt_text":"","src":"https:\/\/i0.wp.com\/lasprimeras.com.do\/wp-content\/uploads\/2023\/11\/valentin-5.jpg?resize=350%2C200&ssl=1","width":350,"height":200,"srcset":"https:\/\/i0.wp.com\/lasprimeras.com.do\/wp-content\/uploads\/2023\/11\/valentin-5.jpg?resize=350%2C200&ssl=1 1x, https:\/\/i0.wp.com\/lasprimeras.com.do\/wp-content\/uploads\/2023\/11\/valentin-5.jpg?resize=525%2C300&ssl=1 1.5x"},"classes":[]},{"id":63595,"url":"https:\/\/lasprimeras.com.do\/index.php\/2023\/10\/13\/el-sol-de-mexico-regresa-a-republica-dominicana\/","url_meta":{"origin":71997,"position":5},"title":"El sol de M\u00e9xico regresa a Repu\u0301blica Dominicana","author":"BIMARY DE JES\u00daS Matos","date":"13 de octubre de 2023","format":false,"excerpt":"SANTO DOMINGO.- El esperado regreso de Luis Miguel a Repu\u0301blica Dominicana ya tiene fecha y lugar. La cita sera\u0301 el pro\u0301ximo 17 de enero en el Estadio Oli\u0301mpico. Un concierto en donde sus fans podra\u0301n disfrutar de todos los e\u0301xitos del cantante y una puesta en escena inolvidable. El mexicano\u2026","rel":"","context":"En \u00abENTRETENIMIENTO\u00bb","block_context":{"text":"ENTRETENIMIENTO","link":"https:\/\/lasprimeras.com.do\/index.php\/category\/entretenimiento\/"},"img":{"alt_text":"","src":"https:\/\/i0.wp.com\/lasprimeras.com.do\/wp-content\/uploads\/2023\/10\/WhatsApp-Image-2023-10-13-at-11.03.05-AM-1.webp?resize=350%2C200&ssl=1","width":350,"height":200,"srcset":"https:\/\/i0.wp.com\/lasprimeras.com.do\/wp-content\/uploads\/2023\/10\/WhatsApp-Image-2023-10-13-at-11.03.05-AM-1.webp?resize=350%2C200&ssl=1 1x, https:\/\/i0.wp.com\/lasprimeras.com.do\/wp-content\/uploads\/2023\/10\/WhatsApp-Image-2023-10-13-at-11.03.05-AM-1.webp?resize=525%2C300&ssl=1 1.5x, https:\/\/i0.wp.com\/lasprimeras.com.do\/wp-content\/uploads\/2023\/10\/WhatsApp-Image-2023-10-13-at-11.03.05-AM-1.webp?resize=700%2C400&ssl=1 2x, https:\/\/i0.wp.com\/lasprimeras.com.do\/wp-content\/uploads\/2023\/10\/WhatsApp-Image-2023-10-13-at-11.03.05-AM-1.webp?resize=1050%2C600&ssl=1 3x, https:\/\/i0.wp.com\/lasprimeras.com.do\/wp-content\/uploads\/2023\/10\/WhatsApp-Image-2023-10-13-at-11.03.05-AM-1.webp?resize=1400%2C800&ssl=1 4x"},"classes":[]}],"jetpack_sharing_enabled":true,"_links":{"self":[{"href":"https:\/\/lasprimeras.com.do\/index.php\/wp-json\/wp\/v2\/posts\/71997","targetHints":{"allow":["GET"]}}],"collection":[{"href":"https:\/\/lasprimeras.com.do\/index.php\/wp-json\/wp\/v2\/posts"}],"about":[{"href":"https:\/\/lasprimeras.com.do\/index.php\/wp-json\/wp\/v2\/types\/post"}],"author":[{"embeddable":true,"href":"https:\/\/lasprimeras.com.do\/index.php\/wp-json\/wp\/v2\/users\/3"}],"replies":[{"embeddable":true,"href":"https:\/\/lasprimeras.com.do\/index.php\/wp-json\/wp\/v2\/comments?post=71997"}],"version-history":[{"count":1,"href":"https:\/\/lasprimeras.com.do\/index.php\/wp-json\/wp\/v2\/posts\/71997\/revisions"}],"predecessor-version":[{"id":71999,"href":"https:\/\/lasprimeras.com.do\/index.php\/wp-json\/wp\/v2\/posts\/71997\/revisions\/71999"}],"wp:featuredmedia":[{"embeddable":true,"href":"https:\/\/lasprimeras.com.do\/index.php\/wp-json\/wp\/v2\/media\/71998"}],"wp:attachment":[{"href":"https:\/\/lasprimeras.com.do\/index.php\/wp-json\/wp\/v2\/media?parent=71997"}],"wp:term":[{"taxonomy":"category","embeddable":true,"href":"https:\/\/lasprimeras.com.do\/index.php\/wp-json\/wp\/v2\/categories?post=71997"},{"taxonomy":"post_tag","embeddable":true,"href":"https:\/\/lasprimeras.com.do\/index.php\/wp-json\/wp\/v2\/tags?post=71997"}],"curies":[{"name":"wp","href":"https:\/\/api.w.org\/{rel}","templated":true}]}}