{"id":72006,"date":"2023-12-26T07:05:56","date_gmt":"2023-12-26T11:05:56","guid":{"rendered":"https:\/\/lasprimeras.com.do\/?p=72006"},"modified":"2023-12-26T07:05:57","modified_gmt":"2023-12-26T11:05:57","slug":"abinader-compartio-en-visperas-de-nochebuena","status":"publish","type":"post","link":"https:\/\/lasprimeras.com.do\/index.php\/2023\/12\/26\/abinader-compartio-en-visperas-de-nochebuena\/","title":{"rendered":"Abinader comparti\u00f3 en v\u00edsperas de Nochebuena"},"content":{"rendered":"\n<p>Santo Domingo.- El presidente Luis Abinader comparti\u00f3 en v\u00edsperas de Nochebuena con miembros de juntas de vecinos, asociaciones de motoconchistas y miembros de las Fuerzas Armadas, con quienes almorz\u00f3.<\/p>\n\n\n\n<p>A primeras horas del s\u00e1bado 23, Abinader particip\u00f3 en el aguinaldo que realiza la Fundaci\u00f3n Antonio Cruz Jimini\u00e1n en el populoso sector de Cristo Rey, en el Distrito Nacional, compartiendo con infantes.<\/p>\n\n\n\n<p>Durante el encuentro el doctor F\u00e9lix Antonio Cruz Jimini\u00e1n resalt\u00f3 las medidas que ha realizado el Gobierno en materia de seguridad ciudadana, para el bienestar del sector de Cristo Rey, as\u00ed como el asfaltado de las diferentes calles, la construcci\u00f3n de los centros del Instituto Nacional de Atenci\u00f3n Integral a la Primera Infancia (INAIPI) y de las reparticiones de las raciones de alimenticias.<\/p>\n\n\n\n<p>Posteriormente, el gobernante sostuvo un almuerzo con motoristas de diversas asociaciones de esta capital, en el pabell\u00f3n de voleibol del Centro Ol\u00edmpico.<\/p>\n\n\n\n<p>Durante la actividad, Abinader expres\u00f3 que su gesti\u00f3n tiene previsto la construcci\u00f3n de 300 paradas de motoconchos para la seguridad de los que integran el sector y les garantiz\u00f3 regularlos y favorecerlos.<\/p>\n\n\n\n<p>Resalt\u00f3 que el Instituto Nacional de Tr\u00e1nsito y Transporte Terrestre (Intrant) est\u00e1 preparando los estudios de factibilidad y las herramientas para formalizar un acuerdo entre las asociaciones de motoristas para regular el sector y contribuir a la seguridad de cada integrante.<\/p>\n","protected":false},"excerpt":{"rendered":"<p>Santo Domingo.- El presidente Luis Abinader comparti\u00f3 en v\u00edsperas de Nochebuena con miembros de juntas de vecinos, asociaciones de motoconchistas y miembros de las Fuerzas Armadas, con quienes almorz\u00f3. A&hellip;<\/p>\n","protected":false},"author":3,"featured_media":72007,"comment_status":"open","ping_status":"open","sticky":false,"template":"","format":"standard","meta":{"content-type":"","jetpack_post_was_ever_published":false,"_jetpack_newsletter_access":"","_jetpack_dont_email_post_to_subs":false,"_jetpack_newsletter_tier_id":0,"_jetpack_memberships_contains_paywalled_content":false,"_jetpack_memberships_contains_paid_content":false,"footnotes":""},"categories":[25],"tags":[67],"class_list":["post-72006","post","type-post","status-publish","format-standard","has-post-thumbnail","hentry","category-portada","tag-luis-abinader"],"jetpack_featured_media_url":"https:\/\/lasprimeras.com.do\/wp-content\/uploads\/2023\/12\/WhatsApp-Image-2023-12-25-at-12.45.01-PM.webp","jetpack-related-posts":[{"id":67557,"url":"https:\/\/lasprimeras.com.do\/index.php\/2023\/11\/16\/cruz-jiminian-da-inicio-a-la-navidad-con-tradicional-actividad\/","url_meta":{"origin":72006,"position":0},"title":"Cruz Jimini\u00e1n da inicio a la Navidad con tradicional actividad","author":"Nelson Feliz","date":"16 de noviembre de 2023","format":false,"excerpt":"Como cada a\u00f1o, y con una colorida y alegre actividad, el doctor F\u00e9lix Antonio Cruz Jimini\u00e1n dio inicio a la Navidad en Cristo Rey, junto a todo el equipo de la cl\u00ednica que lleva su nombre y residentes de ese sector capitalino. \"Es una tradici\u00f3n en la cl\u00ednica Cruz Jimini\u00e1n\u2026","rel":"","context":"En \u00abENTRETENIMIENTO\u00bb","block_context":{"text":"ENTRETENIMIENTO","link":"https:\/\/lasprimeras.com.do\/index.php\/category\/entretenimiento\/"},"img":{"alt_text":"F\u00e9lix Antonio Cruz Jimini\u00e1n","src":"https:\/\/i0.wp.com\/lasprimeras.com.do\/wp-content\/uploads\/2023\/11\/Felix-Antonio-Cruz-Jiminian-1.jpg?resize=350%2C200&ssl=1","width":350,"height":200,"srcset":"https:\/\/i0.wp.com\/lasprimeras.com.do\/wp-content\/uploads\/2023\/11\/Felix-Antonio-Cruz-Jiminian-1.jpg?resize=350%2C200&ssl=1 1x, https:\/\/i0.wp.com\/lasprimeras.com.do\/wp-content\/uploads\/2023\/11\/Felix-Antonio-Cruz-Jiminian-1.jpg?resize=525%2C300&ssl=1 1.5x, https:\/\/i0.wp.com\/lasprimeras.com.do\/wp-content\/uploads\/2023\/11\/Felix-Antonio-Cruz-Jiminian-1.jpg?resize=700%2C400&ssl=1 2x"},"classes":[]},{"id":78707,"url":"https:\/\/lasprimeras.com.do\/index.php\/2024\/03\/19\/apresan-a-dos-hombres-por-robo-en-la-clinica-dr-cruz-jiminian\/","url_meta":{"origin":72006,"position":1},"title":"Apresan a dos hombres por robo en la Cl\u00ednica Dr. Cruz Jimini\u00e1n","author":"BIMARY DE JES\u00daS Matos","date":"19 de marzo de 2024","format":false,"excerpt":"Agentes policiales, adscritos a la Direcci\u00f3n Central de Investigaci\u00f3n (Dicrim), apresaron a dos hombres que el pasado 15 de marzo penetraron al \u00e1rea de Resonancia Magn\u00e9tica de la Cl\u00ednica Dr. Cruz Jimini\u00e1n, en el sector de Cristo Rey, de donde lograron sustraer una computadora completa. Los detenidos son Jos\u00e9 Luis\u2026","rel":"","context":"En \u00abPORTADA\u00bb","block_context":{"text":"PORTADA","link":"https:\/\/lasprimeras.com.do\/index.php\/category\/portada\/"},"img":{"alt_text":"","src":"https:\/\/i0.wp.com\/lasprimeras.com.do\/wp-content\/uploads\/2024\/03\/WhatsApp-Image-2024-03-19-at-11.25.24-AM.jpeg?resize=350%2C200&ssl=1","width":350,"height":200,"srcset":"https:\/\/i0.wp.com\/lasprimeras.com.do\/wp-content\/uploads\/2024\/03\/WhatsApp-Image-2024-03-19-at-11.25.24-AM.jpeg?resize=350%2C200&ssl=1 1x, https:\/\/i0.wp.com\/lasprimeras.com.do\/wp-content\/uploads\/2024\/03\/WhatsApp-Image-2024-03-19-at-11.25.24-AM.jpeg?resize=525%2C300&ssl=1 1.5x, https:\/\/i0.wp.com\/lasprimeras.com.do\/wp-content\/uploads\/2024\/03\/WhatsApp-Image-2024-03-19-at-11.25.24-AM.jpeg?resize=700%2C400&ssl=1 2x"},"classes":[]},{"id":122818,"url":"https:\/\/lasprimeras.com.do\/index.php\/2026\/02\/22\/ministro-de-camps-destaca-inversion-en-capacitacion-docente\/","url_meta":{"origin":72006,"position":2},"title":"Ministro De Camps destaca inversi\u00f3n en capacitaci\u00f3n docente","author":"Nelson Feliz","date":"22 de febrero de 2026","format":false,"excerpt":"Ministro destaca fortalecimiento de la educaci\u00f3n t\u00e9cnico-profesional. El ministro de Educaci\u00f3n, Luis Miguel De Camps, afirm\u00f3 que la instituci\u00f3n impulsa una estrategia integral orientada a fortalecer la capacitaci\u00f3n de los docentes, promover el empoderamiento de las familias y consolidar la educaci\u00f3n t\u00e9cnico-profesional como pilares fundamentales del proceso formativo. El funcionario\u2026","rel":"","context":"En \u00abNACIONALES\u00bb","block_context":{"text":"NACIONALES","link":"https:\/\/lasprimeras.com.do\/index.php\/category\/nacionales\/"},"img":{"alt_text":"","src":"https:\/\/i0.wp.com\/lasprimeras.com.do\/wp-content\/uploads\/2026\/02\/Luis-Miguel-De-Camps-1.jpg?resize=350%2C200&ssl=1","width":350,"height":200,"srcset":"https:\/\/i0.wp.com\/lasprimeras.com.do\/wp-content\/uploads\/2026\/02\/Luis-Miguel-De-Camps-1.jpg?resize=350%2C200&ssl=1 1x, https:\/\/i0.wp.com\/lasprimeras.com.do\/wp-content\/uploads\/2026\/02\/Luis-Miguel-De-Camps-1.jpg?resize=525%2C300&ssl=1 1.5x, https:\/\/i0.wp.com\/lasprimeras.com.do\/wp-content\/uploads\/2026\/02\/Luis-Miguel-De-Camps-1.jpg?resize=700%2C400&ssl=1 2x"},"classes":[]},{"id":96321,"url":"https:\/\/lasprimeras.com.do\/index.php\/2025\/03\/29\/fellito-subervi-encabeza-el-gobierno-en-las-provincias-en-el-distrito-nacional\/","url_meta":{"origin":72006,"position":3},"title":"Fellito Suberv\u00ed encabeza \u201cEl Gobierno en las Provincias\u201d en el Distrito Nacional","author":"Nelson Feliz","date":"29 de marzo de 2025","format":false,"excerpt":"El director general de la Corporaci\u00f3n del Acueducto y Alcantarillado de Santo Domingo (CAASD), Felipe \"Fellito\" Suberv\u00ed, encabez\u00f3 la jornada \u201cEl Gobierno en las Provincias\u201d en la circunscripci\u00f3n 2 del Distrito Nacional. Durante la actividad, Suberv\u00ed destac\u00f3 el compromiso del presidente Luis Abinader con una administraci\u00f3n p\u00fablica cada vez m\u00e1s\u2026","rel":"","context":"En \u00abNACIONALES\u00bb","block_context":{"text":"NACIONALES","link":"https:\/\/lasprimeras.com.do\/index.php\/category\/nacionales\/"},"img":{"alt_text":"Fellito Suberv\u00ed","src":"https:\/\/i0.wp.com\/lasprimeras.com.do\/wp-content\/uploads\/2025\/03\/Fellito-Subervi.jpg?resize=350%2C200&ssl=1","width":350,"height":200,"srcset":"https:\/\/i0.wp.com\/lasprimeras.com.do\/wp-content\/uploads\/2025\/03\/Fellito-Subervi.jpg?resize=350%2C200&ssl=1 1x, https:\/\/i0.wp.com\/lasprimeras.com.do\/wp-content\/uploads\/2025\/03\/Fellito-Subervi.jpg?resize=525%2C300&ssl=1 1.5x, https:\/\/i0.wp.com\/lasprimeras.com.do\/wp-content\/uploads\/2025\/03\/Fellito-Subervi.jpg?resize=700%2C400&ssl=1 2x"},"classes":[]},{"id":91615,"url":"https:\/\/lasprimeras.com.do\/index.php\/2024\/11\/28\/entregan-bonos-navidenos-clinica-cruz-jiminian-hospital-padre-billini-y-conavihsida\/","url_meta":{"origin":72006,"position":4},"title":"Entregan bonos navide\u00f1os Cl\u00ednica Cruz Jimini\u00e1n, Hospital Padre Billini y Conavihsida","author":"Nelson Feliz","date":"28 de noviembre de 2024","format":false,"excerpt":"El coordinador del Gabinete de Pol\u00edticas Sociales del Gobierno, Tony Pe\u00f1a Guaba, entreg\u00f3 este jueves durante un nutrido acto en la Cl\u00ednica Cruz Jimini\u00e1n, una cantidad considerable de bonos navide\u00f1os. Pe\u00f1a Guaba, cumple su promesa en el acto de lanzamiento del Bono Navide\u00f1o de este a\u00f1o, de que las llevar\u00eda\u2026","rel":"","context":"En \u00abECONOM\u00cdA\u00bb","block_context":{"text":"ECONOM\u00cdA","link":"https:\/\/lasprimeras.com.do\/index.php\/category\/economia\/"},"img":{"alt_text":"","src":"https:\/\/i0.wp.com\/lasprimeras.com.do\/wp-content\/uploads\/2024\/11\/pena-guaba.jpg?resize=350%2C200&ssl=1","width":350,"height":200,"srcset":"https:\/\/i0.wp.com\/lasprimeras.com.do\/wp-content\/uploads\/2024\/11\/pena-guaba.jpg?resize=350%2C200&ssl=1 1x, https:\/\/i0.wp.com\/lasprimeras.com.do\/wp-content\/uploads\/2024\/11\/pena-guaba.jpg?resize=525%2C300&ssl=1 1.5x, https:\/\/i0.wp.com\/lasprimeras.com.do\/wp-content\/uploads\/2024\/11\/pena-guaba.jpg?resize=700%2C400&ssl=1 2x"},"classes":[]},{"id":110749,"url":"https:\/\/lasprimeras.com.do\/index.php\/2025\/10\/01\/fundacion-soln-pospuso-operativo-medico-en-cristo-rey-por-torrenciales-aguaceros\/","url_meta":{"origin":72006,"position":5},"title":"Fundaci\u00f3n SOLN pospuso operativo m\u00e9dico en Cristo Rey por torrenciales aguaceros","author":"Nelson Feliz","date":"1 de octubre de 2025","format":false,"excerpt":"Por Ram\u00f3n Mercedes NUEVA YORK.- \u00abLa Fundaci\u00f3n Soluci\u00f3n Nacional\u00bb (SOLN), que preside en esta ciudad el comunitario y empresario dominicano Roberto Rojas, pospuso el operativo m\u00e9dico que junto a la \u00abFundaci\u00f3n Jimini\u00e1n\u00bb efectuar\u00edan el pasado fin de semana en la escuela Benito Ju\u00e1rez, en el sector de Cristo Rey, en\u2026","rel":"","context":"En \u00abSALUD\u00bb","block_context":{"text":"SALUD","link":"https:\/\/lasprimeras.com.do\/index.php\/category\/salud\/"},"img":{"alt_text":"","src":"https:\/\/i0.wp.com\/lasprimeras.com.do\/wp-content\/uploads\/2025\/10\/Fundacion-SOLN.jpg?resize=350%2C200&ssl=1","width":350,"height":200,"srcset":"https:\/\/i0.wp.com\/lasprimeras.com.do\/wp-content\/uploads\/2025\/10\/Fundacion-SOLN.jpg?resize=350%2C200&ssl=1 1x, https:\/\/i0.wp.com\/lasprimeras.com.do\/wp-content\/uploads\/2025\/10\/Fundacion-SOLN.jpg?resize=525%2C300&ssl=1 1.5x"},"classes":[]}],"jetpack_sharing_enabled":true,"_links":{"self":[{"href":"https:\/\/lasprimeras.com.do\/index.php\/wp-json\/wp\/v2\/posts\/72006","targetHints":{"allow":["GET"]}}],"collection":[{"href":"https:\/\/lasprimeras.com.do\/index.php\/wp-json\/wp\/v2\/posts"}],"about":[{"href":"https:\/\/lasprimeras.com.do\/index.php\/wp-json\/wp\/v2\/types\/post"}],"author":[{"embeddable":true,"href":"https:\/\/lasprimeras.com.do\/index.php\/wp-json\/wp\/v2\/users\/3"}],"replies":[{"embeddable":true,"href":"https:\/\/lasprimeras.com.do\/index.php\/wp-json\/wp\/v2\/comments?post=72006"}],"version-history":[{"count":1,"href":"https:\/\/lasprimeras.com.do\/index.php\/wp-json\/wp\/v2\/posts\/72006\/revisions"}],"predecessor-version":[{"id":72008,"href":"https:\/\/lasprimeras.com.do\/index.php\/wp-json\/wp\/v2\/posts\/72006\/revisions\/72008"}],"wp:featuredmedia":[{"embeddable":true,"href":"https:\/\/lasprimeras.com.do\/index.php\/wp-json\/wp\/v2\/media\/72007"}],"wp:attachment":[{"href":"https:\/\/lasprimeras.com.do\/index.php\/wp-json\/wp\/v2\/media?parent=72006"}],"wp:term":[{"taxonomy":"category","embeddable":true,"href":"https:\/\/lasprimeras.com.do\/index.php\/wp-json\/wp\/v2\/categories?post=72006"},{"taxonomy":"post_tag","embeddable":true,"href":"https:\/\/lasprimeras.com.do\/index.php\/wp-json\/wp\/v2\/tags?post=72006"}],"curies":[{"name":"wp","href":"https:\/\/api.w.org\/{rel}","templated":true}]}}