{"id":72012,"date":"2023-12-26T07:08:03","date_gmt":"2023-12-26T11:08:03","guid":{"rendered":"https:\/\/lasprimeras.com.do\/?p=72012"},"modified":"2023-12-26T07:08:04","modified_gmt":"2023-12-26T11:08:04","slug":"imprudencias-son-causantes-de-la-mayoria-de-las-tragedias-en-asuetos","status":"publish","type":"post","link":"https:\/\/lasprimeras.com.do\/index.php\/2023\/12\/26\/imprudencias-son-causantes-de-la-mayoria-de-las-tragedias-en-asuetos\/","title":{"rendered":"Imprudencias son causantes de la mayor\u00eda de las tragedias en asuetos"},"content":{"rendered":"\n<p>Santo Domingo .-Como parte de la responsabilidad social el Grupo de Comunicaciones Corripio se uni\u00f3 al Operativo de \u201cConciencia por la Vida, Navidad y A\u00f1o Nuevo 2023-2024\u201d del Centro de Operaciones de Emergencias (COE).<\/p>\n\n\n\n<p>El lanzamiento de la primera fase del operativo se realiz\u00f3 desde la sede de los peri\u00f3dicos Hoy, El Nacional y El D\u00eda, de donde parti\u00f3 el dispositivo de prevenci\u00f3n y seguridad vial a los distintos tramos carreteros de las principales v\u00edas del pa\u00eds.<\/p>\n\n\n\n<p>Ministro Defensa y director PN encabezaron el acto con COE.<\/p>\n\n\n\n<p>En esta fase participaron unas 46,123 personas de varias instituciones y contempl\u00f3 la instalaci\u00f3n de mil 263 puestos de asistencia en puntos donde se detectaron mayor n\u00famero de incidencias en los \u00faltimos operativos.<\/p>\n\n\n\n<p>Adem\u00e1s, fueron ubicadas 570 ambulancias en puntos estrat\u00e9gicos, 5 camiones de extracci\u00f3n vehicular, 71 unidades de rescate vehicular, 19 talleres m\u00f3viles y 3 helic\u00f3pteros que fueron facilitados por el Ministerio de Defensa.<\/p>\n\n\n\n<p>Al pasar balance de las acciones de vigilancia y prevenci\u00f3n, el director del Centro de Operaciones de Emergencias (COE), Juan Manuel M\u00e9ndez, explic\u00f3 ayer al mediod\u00eda que desde el viernes pasada las dos de la tarde hasta ayer en la ma\u00f1ana, unas 75 personas hab\u00edan resultado afectadas en 58 accidentes de tr\u00e1nsito de los cuales los motociclistas encabezaron la lista.<\/p>\n\n\n\n<p>\u201cEn esos accidentes nueve personas fallecieron\u201d, lament\u00f3 M\u00e9ndez.<\/p>\n\n\n\n<p>Detall\u00f3 que durante el operativo las autoridades han aplicado una 4,584 fiscalizaciones por distintas faltas a la ley de tr\u00e1nsito, dentro de las que se destacan 897 por transitar sin casco, 445 por exceso de velocidad, 95 por luz roja, 246 por transitar sin cintur\u00f3n, 292 por licencia vencida, 58 por uso del celular, a la vez se retuvieron 26 veh\u00edculos livianos, 126 motocicletas y 109 veh\u00edculos pesados por transitar sin permiso.<\/p>\n\n\n\n<p>Agentes de la Digesett controlan el tr\u00e1nsito.<\/p>\n\n\n\n<p>Hasta el segundo bolet\u00edn un total de 163 personas resultaron afectadas por intoxicaciones por alcohol, de las cuales nueve son menores con edades comprendidas entre los 5 y 17 a\u00f1os.<\/p>\n\n\n\n<p>\u201cNos acongoja el hecho de que por inobservancia, negligencia o imprudencia ocurran este tipo de situaciones que laceran el alma\u201d, se\u00f1al\u00f3 M\u00e9ndez. A\u00f1adi\u00f3 que un ni\u00f1o no tiene la capacidad de absorber una cantidad de alcohol, por lo que terminan en el hospital con este tipo de afecci\u00f3n.<\/p>\n\n\n\n<p>El director del Centro de Operaciones de Emergencias, Juan Manuel M\u00e9ndez, llam\u00f3 a los padres a evitar que sus hijos usen fuegos artificiales al registrarse un aumento en el uso de los mismos, los cuales producen quemadas.<\/p>\n","protected":false},"excerpt":{"rendered":"<p>Santo Domingo .-Como parte de la responsabilidad social el Grupo de Comunicaciones Corripio se uni\u00f3 al Operativo de \u201cConciencia por la Vida, Navidad y A\u00f1o Nuevo 2023-2024\u201d del Centro de&hellip;<\/p>\n","protected":false},"author":3,"featured_media":72013,"comment_status":"open","ping_status":"open","sticky":false,"template":"","format":"standard","meta":{"content-type":"","jetpack_post_was_ever_published":false,"_jetpack_newsletter_access":"","_jetpack_dont_email_post_to_subs":false,"_jetpack_newsletter_tier_id":0,"_jetpack_memberships_contains_paywalled_content":false,"_jetpack_memberships_contains_paid_content":false,"footnotes":""},"categories":[25],"tags":[],"class_list":["post-72012","post","type-post","status-publish","format-standard","has-post-thumbnail","hentry","category-portada"],"jetpack_featured_media_url":"https:\/\/lasprimeras.com.do\/wp-content\/uploads\/2023\/12\/WhatsApp-Image-2023-12-25-at-12.45.01-PM-2.webp","jetpack-related-posts":[{"id":117884,"url":"https:\/\/lasprimeras.com.do\/index.php\/2025\/12\/16\/coe-pondra-en-marcha-operativo-de-navidad-y-ano-nuevo-con-mas-de-48-mil-colaboradores-y-voluntarios\/","url_meta":{"origin":72012,"position":0},"title":"COE pondr\u00e1 en marcha operativo de Navidad y A\u00f1o Nuevo, con m\u00e1s de 48 mil colaboradores y voluntarios","author":"Nelson Feliz","date":"16 de diciembre de 2025","format":false,"excerpt":"Primera fase iniciar\u00e1 el 23 de diciembre a las 2:00pm El Centro de Operaciones de Emergencias (COE) anuncia el Operativo \u201cConciencia por la Vida, Navidad y A\u00f1o Nuevo 2025-2026\u201d, con el objetivo de prevenir incidentes y responder ante las emergencias que pudieran tener los ciudadanos que se trasladan a diferentes\u2026","rel":"","context":"En \u00abNACIONALES\u00bb","block_context":{"text":"NACIONALES","link":"https:\/\/lasprimeras.com.do\/index.php\/category\/nacionales\/"},"img":{"alt_text":"coe","src":"https:\/\/i0.wp.com\/lasprimeras.com.do\/wp-content\/uploads\/2025\/12\/coe.jpg?resize=350%2C200&ssl=1","width":350,"height":200,"srcset":"https:\/\/i0.wp.com\/lasprimeras.com.do\/wp-content\/uploads\/2025\/12\/coe.jpg?resize=350%2C200&ssl=1 1x, https:\/\/i0.wp.com\/lasprimeras.com.do\/wp-content\/uploads\/2025\/12\/coe.jpg?resize=525%2C300&ssl=1 1.5x, https:\/\/i0.wp.com\/lasprimeras.com.do\/wp-content\/uploads\/2025\/12\/coe.jpg?resize=700%2C400&ssl=1 2x"},"classes":[]},{"id":71819,"url":"https:\/\/lasprimeras.com.do\/index.php\/2023\/12\/23\/coe-inicia-operativo-conciencia-por-la-vida-navidad-ano-nuevo-2023-2024\/","url_meta":{"origin":72012,"position":1},"title":"COE inicia operativo &#8220;Conciencia por la Vida, Navidad A\u00f1o Nuevo 2023-2024\u201d","author":"BIMARY DE JES\u00daS Matos","date":"23 de diciembre de 2023","format":false,"excerpt":"SANTO DOMINGO.- El Centro de Operaciones de Emergencias COE, inici\u00f3 este s\u00e1bado el operativo \u00abConciencia por la Vida, Navidad, A\u00f1o Nuevo 2023-2024\u201d, con el objetivo de prevenir incidentes que puedan intervenir con las festividades de Noche Buena. En la primera fase del operativo, los organismos de socorro establecieron un dispositivo\u2026","rel":"","context":"En \u00abNACIONALES\u00bb","block_context":{"text":"NACIONALES","link":"https:\/\/lasprimeras.com.do\/index.php\/category\/nacionales\/"},"img":{"alt_text":"","src":"https:\/\/i0.wp.com\/lasprimeras.com.do\/wp-content\/uploads\/2023\/12\/Noticias-de-energia-55.webp?resize=350%2C200&ssl=1","width":350,"height":200,"srcset":"https:\/\/i0.wp.com\/lasprimeras.com.do\/wp-content\/uploads\/2023\/12\/Noticias-de-energia-55.webp?resize=350%2C200&ssl=1 1x, https:\/\/i0.wp.com\/lasprimeras.com.do\/wp-content\/uploads\/2023\/12\/Noticias-de-energia-55.webp?resize=525%2C300&ssl=1 1.5x, https:\/\/i0.wp.com\/lasprimeras.com.do\/wp-content\/uploads\/2023\/12\/Noticias-de-energia-55.webp?resize=700%2C400&ssl=1 2x, https:\/\/i0.wp.com\/lasprimeras.com.do\/wp-content\/uploads\/2023\/12\/Noticias-de-energia-55.webp?resize=1050%2C600&ssl=1 3x"},"classes":[]},{"id":92188,"url":"https:\/\/lasprimeras.com.do\/index.php\/2024\/12\/31\/coe-reporta-cinco-fallecidos-durante-segunda-fase-del-operativo-de-fin-de-ano\/","url_meta":{"origin":72012,"position":2},"title":"COE reporta cinco fallecidos durante segunda fase del operativo de fin de a\u00f1o","author":"Nelson Feliz","date":"31 de diciembre de 2024","format":false,"excerpt":"El director del Centro de Operaciones de Emergencias (COE) Juan Manuel M\u00e9ndez Garc\u00eda, inform\u00f3 que durante la segunda fase del operativo \u201cConciencia por la Vida, Navidad y A\u00f1o Nuevo 2024-2025\u201d, se han registrado cinco muertes a causa de accidentes de tr\u00e1nsito. Estos incidentes tuvieron lugar en diversas autopistas, carreteras y\u2026","rel":"","context":"En \u00abNACIONALES\u00bb","block_context":{"text":"NACIONALES","link":"https:\/\/lasprimeras.com.do\/index.php\/category\/nacionales\/"},"img":{"alt_text":"Juan Manuel M\u00e9ndez Garc\u00eda","src":"https:\/\/i0.wp.com\/lasprimeras.com.do\/wp-content\/uploads\/2024\/12\/Juan-Manuel-Mendez-Garcia.jpg?resize=350%2C200&ssl=1","width":350,"height":200,"srcset":"https:\/\/i0.wp.com\/lasprimeras.com.do\/wp-content\/uploads\/2024\/12\/Juan-Manuel-Mendez-Garcia.jpg?resize=350%2C200&ssl=1 1x, https:\/\/i0.wp.com\/lasprimeras.com.do\/wp-content\/uploads\/2024\/12\/Juan-Manuel-Mendez-Garcia.jpg?resize=525%2C300&ssl=1 1.5x, https:\/\/i0.wp.com\/lasprimeras.com.do\/wp-content\/uploads\/2024\/12\/Juan-Manuel-Mendez-Garcia.jpg?resize=700%2C400&ssl=1 2x"},"classes":[]},{"id":71864,"url":"https:\/\/lasprimeras.com.do\/index.php\/2023\/12\/23\/ff-aa-y-coe-lanzan-operativo-de-prevencion-navidad-y-ano-nuevo\/","url_meta":{"origin":72012,"position":3},"title":"FF.AA. y COE lanzan operativo de prevenci\u00f3n Navidad y A\u00f1o Nuevo","author":"Nelson Feliz","date":"23 de diciembre de 2023","format":false,"excerpt":"El Centro de Operaciones de Emergencias (COE) inici\u00f3 este s\u00e1bado la primera fase del Operativo \u201cConciencia por la Vida, Navidad y A\u00f1o Nuevo 2023-2024\u201d, que busca prevenir incidentes y responder a las emergencias que pudieran tener quienes se trasladan a diferentes regiones del pa\u00eds para compartir con familiares durante la\u2026","rel":"","context":"En \u00abNACIONALES\u00bb","block_context":{"text":"NACIONALES","link":"https:\/\/lasprimeras.com.do\/index.php\/category\/nacionales\/"},"img":{"alt_text":"OPERATIVO","src":"https:\/\/i0.wp.com\/lasprimeras.com.do\/wp-content\/uploads\/2023\/12\/OPERATIVO-1.jpg?resize=350%2C200&ssl=1","width":350,"height":200,"srcset":"https:\/\/i0.wp.com\/lasprimeras.com.do\/wp-content\/uploads\/2023\/12\/OPERATIVO-1.jpg?resize=350%2C200&ssl=1 1x, https:\/\/i0.wp.com\/lasprimeras.com.do\/wp-content\/uploads\/2023\/12\/OPERATIVO-1.jpg?resize=525%2C300&ssl=1 1.5x, https:\/\/i0.wp.com\/lasprimeras.com.do\/wp-content\/uploads\/2023\/12\/OPERATIVO-1.jpg?resize=700%2C400&ssl=1 2x"},"classes":[]},{"id":72469,"url":"https:\/\/lasprimeras.com.do\/index.php\/2023\/12\/30\/coe-inicia-hoy-la-segunda-etapa-de-operativo\/","url_meta":{"origin":72012,"position":4},"title":"COE inicia hoy la segunda etapa de operativo","author":"BIMARY DE JES\u00daS Matos","date":"30 de diciembre de 2023","format":false,"excerpt":"Santo Domingo.-El Centro de Operaciones de Emergencias (COE), inicia la segunda etapa del Operativo \u201cConciencia por la Vida, Navidad y A\u00f1o Nuevo 2023-2024\u201d, el cual finalizar\u00e1 el lunes 01 de enero del 2024 a las 6:00 de la tarde. La segunda fase del operativo ser\u00e1 puesta en ejecuci\u00f3n a las\u2026","rel":"","context":"En \u00abPORTADA\u00bb","block_context":{"text":"PORTADA","link":"https:\/\/lasprimeras.com.do\/index.php\/category\/portada\/"},"img":{"alt_text":"","src":"https:\/\/i0.wp.com\/lasprimeras.com.do\/wp-content\/uploads\/2023\/12\/WhatsApp-Image-2023-12-29-at-9.00.36-AM-770x540-1.jpeg?resize=350%2C200&ssl=1","width":350,"height":200,"srcset":"https:\/\/i0.wp.com\/lasprimeras.com.do\/wp-content\/uploads\/2023\/12\/WhatsApp-Image-2023-12-29-at-9.00.36-AM-770x540-1.jpeg?resize=350%2C200&ssl=1 1x, https:\/\/i0.wp.com\/lasprimeras.com.do\/wp-content\/uploads\/2023\/12\/WhatsApp-Image-2023-12-29-at-9.00.36-AM-770x540-1.jpeg?resize=525%2C300&ssl=1 1.5x"},"classes":[]},{"id":72545,"url":"https:\/\/lasprimeras.com.do\/index.php\/2023\/12\/31\/30-de-35-accidentes-registrados-en-operativo-del-coe-involucraron-motocicletas\/","url_meta":{"origin":72012,"position":5},"title":"30 de 35 accidentes registrados en operativo del COE involucraron motocicletas","author":"BIMARY DE JES\u00daS Matos","date":"31 de diciembre de 2023","format":false,"excerpt":"Santo Domingo.-El Centro de Operaciones de Emergencias (COE) inform\u00f3 este domingo que de los 35 accidentes de tr\u00e1nsito registrados en el primer bolet\u00edn de la segunda fase del Operativo de Navidad y A\u00f1o Nuevo \u201cConsciencia por la Vida\u201d, 30 involucraron motocicletas. Asimismo, el COE afirm\u00f3 que producto de estos siniestros\u2026","rel":"","context":"En \u00abNACIONALES\u00bb","block_context":{"text":"NACIONALES","link":"https:\/\/lasprimeras.com.do\/index.php\/category\/nacionales\/"},"img":{"alt_text":"","src":"https:\/\/i0.wp.com\/lasprimeras.com.do\/wp-content\/uploads\/2023\/12\/WhatsApp-Image-2023-12-31-at-2.17.47-PM.png?resize=350%2C200&ssl=1","width":350,"height":200,"srcset":"https:\/\/i0.wp.com\/lasprimeras.com.do\/wp-content\/uploads\/2023\/12\/WhatsApp-Image-2023-12-31-at-2.17.47-PM.png?resize=350%2C200&ssl=1 1x, https:\/\/i0.wp.com\/lasprimeras.com.do\/wp-content\/uploads\/2023\/12\/WhatsApp-Image-2023-12-31-at-2.17.47-PM.png?resize=525%2C300&ssl=1 1.5x, https:\/\/i0.wp.com\/lasprimeras.com.do\/wp-content\/uploads\/2023\/12\/WhatsApp-Image-2023-12-31-at-2.17.47-PM.png?resize=700%2C400&ssl=1 2x"},"classes":[]}],"jetpack_sharing_enabled":true,"_links":{"self":[{"href":"https:\/\/lasprimeras.com.do\/index.php\/wp-json\/wp\/v2\/posts\/72012","targetHints":{"allow":["GET"]}}],"collection":[{"href":"https:\/\/lasprimeras.com.do\/index.php\/wp-json\/wp\/v2\/posts"}],"about":[{"href":"https:\/\/lasprimeras.com.do\/index.php\/wp-json\/wp\/v2\/types\/post"}],"author":[{"embeddable":true,"href":"https:\/\/lasprimeras.com.do\/index.php\/wp-json\/wp\/v2\/users\/3"}],"replies":[{"embeddable":true,"href":"https:\/\/lasprimeras.com.do\/index.php\/wp-json\/wp\/v2\/comments?post=72012"}],"version-history":[{"count":1,"href":"https:\/\/lasprimeras.com.do\/index.php\/wp-json\/wp\/v2\/posts\/72012\/revisions"}],"predecessor-version":[{"id":72014,"href":"https:\/\/lasprimeras.com.do\/index.php\/wp-json\/wp\/v2\/posts\/72012\/revisions\/72014"}],"wp:featuredmedia":[{"embeddable":true,"href":"https:\/\/lasprimeras.com.do\/index.php\/wp-json\/wp\/v2\/media\/72013"}],"wp:attachment":[{"href":"https:\/\/lasprimeras.com.do\/index.php\/wp-json\/wp\/v2\/media?parent=72012"}],"wp:term":[{"taxonomy":"category","embeddable":true,"href":"https:\/\/lasprimeras.com.do\/index.php\/wp-json\/wp\/v2\/categories?post=72012"},{"taxonomy":"post_tag","embeddable":true,"href":"https:\/\/lasprimeras.com.do\/index.php\/wp-json\/wp\/v2\/tags?post=72012"}],"curies":[{"name":"wp","href":"https:\/\/api.w.org\/{rel}","templated":true}]}}