{"id":72018,"date":"2023-12-26T07:10:45","date_gmt":"2023-12-26T11:10:45","guid":{"rendered":"https:\/\/lasprimeras.com.do\/?p=72018"},"modified":"2023-12-26T07:10:47","modified_gmt":"2023-12-26T11:10:47","slug":"fbi-investiga-amenazas-a-jueces-excluyeron-a-trump-de-elecciones","status":"publish","type":"post","link":"https:\/\/lasprimeras.com.do\/index.php\/2023\/12\/26\/fbi-investiga-amenazas-a-jueces-excluyeron-a-trump-de-elecciones\/","title":{"rendered":"FBI investiga amenazas a jueces excluyeron a Trump de elecciones"},"content":{"rendered":"\n<p>WASHINGTON.- La Oficina Federal de Investigaci\u00f3n (FBI) de Estados Unidos ha anunciado que est\u00e1 investigando denuncias sobre amenazas violentas contra jueces del Tribunal Supremo de Colorado, que fallaron la semana pasada que el expresidente Donald Trump no pod\u00eda ser candidato presidencial debido a su papel en el asalto al Capitolio.<\/p>\n\n\n\n<p>\u00abEl FBI es consciente de la situaci\u00f3n y est\u00e1 trabajando con las autoridades locales. Continuaremos en\u00e9rgicamente con las pesquisas de cualquier amenaza o uso de la violencia cometido por alguien que utilice puntos de vista extremistas para justificar sus acciones, independientemente de su motivaci\u00f3n\u00bb, reza un comunicado obtenido por la cadena de televisi\u00f3n estadounidense CNN.<\/p>\n\n\n\n<p>En una decisi\u00f3n sin precedentes, la semana pasada el Supremo de Colorado excluy\u00f3 a Trump de las primarias presidenciales del estado de cara a las elecciones a la Casa Blanca de 2024, ampar\u00e1ndose en la Decimocuarta Enmienda, que proh\u00edbe a cualquier persona que haya jurado la Constituci\u00f3n y participado en una insurrecci\u00f3n volver a ocupar un cargo p\u00fablico.<\/p>\n\n\n\n<p>Adem\u00e1s, los jueces se\u00f1alaron que el ataque del 6 de enero de 2021 al Capitolio de Estados Unidos fue una insurrecci\u00f3n, que Trump se \u00abinvolucr\u00f3\u00bb en ella y que el discurso del exmandatario \u00abincitando a la multitud\u00bb de ese d\u00eda \u00abno estaba protegido por la Primera Enmienda\u00bb.<\/p>\n\n\n\n<p>Por su parte, el equipo de campa\u00f1a de Trump asever\u00f3 que apelar\u00e1 ante el Supremo del pa\u00eds, esperando que este \u00abponga fin a estas demandas antiestadounidenses\u00bb.<\/p>\n","protected":false},"excerpt":{"rendered":"<p>WASHINGTON.- La Oficina Federal de Investigaci\u00f3n (FBI) de Estados Unidos ha anunciado que est\u00e1 investigando denuncias sobre amenazas violentas contra jueces del Tribunal Supremo de Colorado, que fallaron la semana&hellip;<\/p>\n","protected":false},"author":3,"featured_media":72019,"comment_status":"open","ping_status":"open","sticky":false,"template":"","format":"standard","meta":{"content-type":"","jetpack_post_was_ever_published":false,"_jetpack_newsletter_access":"","_jetpack_dont_email_post_to_subs":false,"_jetpack_newsletter_tier_id":0,"_jetpack_memberships_contains_paywalled_content":false,"_jetpack_memberships_contains_paid_content":false,"footnotes":""},"categories":[1],"tags":[978],"class_list":["post-72018","post","type-post","status-publish","format-standard","has-post-thumbnail","hentry","category-sin-categoria","tag-donald-trump"],"jetpack_featured_media_url":"https:\/\/lasprimeras.com.do\/wp-content\/uploads\/2023\/12\/WhatsApp-Image-2023-12-25-at-12.45.01-PM-9.jpeg","jetpack-related-posts":[{"id":73679,"url":"https:\/\/lasprimeras.com.do\/index.php\/2024\/01\/15\/la-corte-suprema-decidira-si-donald-trump-puede-quedar-fuera-de-las-elecciones-presidenciales-de-2024\/","url_meta":{"origin":72018,"position":0},"title":"La Corte Suprema decidir\u00e1 si Donald Trump puede quedar fuera de las elecciones presidenciales de 2024","author":"Nelson Feliz","date":"15 de enero de 2024","format":false,"excerpt":"WASHINGTON (AP) \u2014 La Corte Suprema dijo el viernes que decidir\u00e1 si el expresidente Donald Trump puede quedar fuera de las boletas debido a sus esfuerzos por revertir su derrota electoral de 2020, insertando de lleno a la corte en la campa\u00f1a presidencial de 2024. Los jueces reconocieron la necesidad\u2026","rel":"","context":"En \u00abSin categor\u00eda\u00bb","block_context":{"text":"Sin categor\u00eda","link":"https:\/\/lasprimeras.com.do\/index.php\/category\/sin-categoria\/"},"img":{"alt_text":"Donald Trump","src":"https:\/\/i0.wp.com\/lasprimeras.com.do\/wp-content\/uploads\/2024\/01\/Donald-Trump-1-1.jpg?resize=350%2C200&ssl=1","width":350,"height":200,"srcset":"https:\/\/i0.wp.com\/lasprimeras.com.do\/wp-content\/uploads\/2024\/01\/Donald-Trump-1-1.jpg?resize=350%2C200&ssl=1 1x, https:\/\/i0.wp.com\/lasprimeras.com.do\/wp-content\/uploads\/2024\/01\/Donald-Trump-1-1.jpg?resize=525%2C300&ssl=1 1.5x"},"classes":[]},{"id":76213,"url":"https:\/\/lasprimeras.com.do\/index.php\/2024\/02\/08\/la-corte-suprema-de-colorado-busca-expulsar-a-trump-de-las-elecciones-por-el-ataque-al-capitolio\/","url_meta":{"origin":72018,"position":1},"title":"La Corte Suprema de Colorado busca expulsar a Trump de las elecciones por el ataque al Capitolio","author":"Nelson Feliz","date":"8 de febrero de 2024","format":false,"excerpt":"POR MARK SHERMAN WASHINGTON (AP) \u2014 La Corte Suprema escuchar\u00e1 el jueves la apelaci\u00f3n del expresidente Donald Trump para permanecer en la boleta electoral de 2024 , el caso electoral de mayor trascendencia de los magistrados desde Bush contra Gore en 2000. El tribunal sopesar\u00e1 los argumentos sobre si Trump\u2026","rel":"","context":"En \u00abSin categor\u00eda\u00bb","block_context":{"text":"Sin categor\u00eda","link":"https:\/\/lasprimeras.com.do\/index.php\/category\/sin-categoria\/"},"img":{"alt_text":"colorado","src":"https:\/\/i0.wp.com\/lasprimeras.com.do\/wp-content\/uploads\/2024\/02\/colorado.jpg?resize=350%2C200&ssl=1","width":350,"height":200,"srcset":"https:\/\/i0.wp.com\/lasprimeras.com.do\/wp-content\/uploads\/2024\/02\/colorado.jpg?resize=350%2C200&ssl=1 1x, https:\/\/i0.wp.com\/lasprimeras.com.do\/wp-content\/uploads\/2024\/02\/colorado.jpg?resize=525%2C300&ssl=1 1.5x, https:\/\/i0.wp.com\/lasprimeras.com.do\/wp-content\/uploads\/2024\/02\/colorado.jpg?resize=700%2C400&ssl=1 2x"},"classes":[]},{"id":85976,"url":"https:\/\/lasprimeras.com.do\/index.php\/2024\/07\/14\/servicio-secreto-investiga-como-agresor-se-pudo-acercar-lo-suficiente-para-disparar-contra-trump\/","url_meta":{"origin":72018,"position":2},"title":"Servicio Secreto investiga c\u00f3mo agresor se pudo acercar lo suficiente para disparar contra Trump","author":"Nelson Feliz","date":"14 de julio de 2024","format":false,"excerpt":"BY REBECCA SANTANA, MICHAEL BIESECKER AND MICHAEL KUNZELMAN WASHINGTON (AP) \u2014 El Servicio Secreto de Estados Unidos investiga c\u00f3mo un hombre armado con un fusil tipo AR pudo acercarse lo suficiente para disparar y herir al expresidente Donald Trump en un mitin el s\u00e1bado en Pensilvania, un fracaso monumental de\u2026","rel":"","context":"En \u00abSin categor\u00eda\u00bb","block_context":{"text":"Sin categor\u00eda","link":"https:\/\/lasprimeras.com.do\/index.php\/category\/sin-categoria\/"},"img":{"alt_text":"","src":"https:\/\/i0.wp.com\/lasprimeras.com.do\/wp-content\/uploads\/2024\/07\/secreto.jpg?resize=350%2C200&ssl=1","width":350,"height":200,"srcset":"https:\/\/i0.wp.com\/lasprimeras.com.do\/wp-content\/uploads\/2024\/07\/secreto.jpg?resize=350%2C200&ssl=1 1x, https:\/\/i0.wp.com\/lasprimeras.com.do\/wp-content\/uploads\/2024\/07\/secreto.jpg?resize=525%2C300&ssl=1 1.5x, https:\/\/i0.wp.com\/lasprimeras.com.do\/wp-content\/uploads\/2024\/07\/secreto.jpg?resize=700%2C400&ssl=1 2x"},"classes":[]},{"id":78744,"url":"https:\/\/lasprimeras.com.do\/index.php\/2024\/03\/19\/trump-pide-a-corte-suprema-que-desestime-caso-de-conspiracion-contra-elecciones-de-2020\/","url_meta":{"origin":72018,"position":3},"title":"Trump pide a Corte Suprema que desestime caso de conspiraci\u00f3n contra elecciones de 2020","author":"Nelson Feliz","date":"19 de marzo de 2024","format":false,"excerpt":"POR ERIC TUCKER WASHINGTON (AP) \u2014 Los abogados de Donald Trump instaron a la Corte Suprema de Estados Unidos a desestimar una acusaci\u00f3n que acusa al expresidente de conspirar para anular los resultados de las elecciones de 2020 , renovando sus argumentos de que es inmune a ser procesado por\u2026","rel":"","context":"En \u00abSin categor\u00eda\u00bb","block_context":{"text":"Sin categor\u00eda","link":"https:\/\/lasprimeras.com.do\/index.php\/category\/sin-categoria\/"},"img":{"alt_text":"Donald Trump","src":"https:\/\/i0.wp.com\/lasprimeras.com.do\/wp-content\/uploads\/2024\/03\/Donald-Trump-1.jpg?resize=350%2C200&ssl=1","width":350,"height":200,"srcset":"https:\/\/i0.wp.com\/lasprimeras.com.do\/wp-content\/uploads\/2024\/03\/Donald-Trump-1.jpg?resize=350%2C200&ssl=1 1x, https:\/\/i0.wp.com\/lasprimeras.com.do\/wp-content\/uploads\/2024\/03\/Donald-Trump-1.jpg?resize=525%2C300&ssl=1 1.5x, https:\/\/i0.wp.com\/lasprimeras.com.do\/wp-content\/uploads\/2024\/03\/Donald-Trump-1.jpg?resize=700%2C400&ssl=1 2x"},"classes":[]},{"id":71484,"url":"https:\/\/lasprimeras.com.do\/index.php\/2023\/12\/20\/tribunal-no-permite-a-trump-participar-en-primarias-colorado\/","url_meta":{"origin":72018,"position":4},"title":"Tribunal no permite a Trump participar en primarias Colorado","author":"BIMARY DE JES\u00daS Matos","date":"20 de diciembre de 2023","format":false,"excerpt":"EE.UU.-El Tribunal Supremo de Colorado (EEUU) ha excluido este martes al expresidente estadounidense Donald Trump de las elecciones de 2024, al considerar que no es un candidato presidencial elegible debido a su papel en el asalto al Capitolio. Los jueces han tomado esta decisi\u00f3n con cuatro votos a favor y\u2026","rel":"","context":"En \u00abSin categor\u00eda\u00bb","block_context":{"text":"Sin categor\u00eda","link":"https:\/\/lasprimeras.com.do\/index.php\/category\/sin-categoria\/"},"img":{"alt_text":"","src":"https:\/\/i0.wp.com\/lasprimeras.com.do\/wp-content\/uploads\/2023\/12\/Noticias-14-5.jpg?resize=350%2C200&ssl=1","width":350,"height":200},"classes":[]},{"id":85515,"url":"https:\/\/lasprimeras.com.do\/index.php\/2024\/07\/01\/corte-suprema-de-eeuu-falla-que-expresidentes-tienen-amplia-inmunidad-en-caso-relacionado-con-trump\/","url_meta":{"origin":72018,"position":5},"title":"Corte Suprema de EEUU falla que expresidentes tienen amplia inmunidad, en caso relacionado con Trump","author":"Nelson Feliz","date":"1 de julio de 2024","format":false,"excerpt":"BY MARK SHERMAN WASHINGTON (AP) \u2014 La Corte Suprema de Estados Unidos fall\u00f3 el lunes que los expresidentes tienen amplia inmunidad ante la justicia, extendiendo la pr\u00f3rroga en el proceso penal que se le sigue a Donald Trump en Washington por acusaciones de que conspir\u00f3 para anular su derrota en\u2026","rel":"","context":"En \u00abSin categor\u00eda\u00bb","block_context":{"text":"Sin categor\u00eda","link":"https:\/\/lasprimeras.com.do\/index.php\/category\/sin-categoria\/"},"img":{"alt_text":"","src":"https:\/\/i0.wp.com\/lasprimeras.com.do\/wp-content\/uploads\/2024\/07\/trump.jpg?resize=350%2C200&ssl=1","width":350,"height":200,"srcset":"https:\/\/i0.wp.com\/lasprimeras.com.do\/wp-content\/uploads\/2024\/07\/trump.jpg?resize=350%2C200&ssl=1 1x, https:\/\/i0.wp.com\/lasprimeras.com.do\/wp-content\/uploads\/2024\/07\/trump.jpg?resize=525%2C300&ssl=1 1.5x, https:\/\/i0.wp.com\/lasprimeras.com.do\/wp-content\/uploads\/2024\/07\/trump.jpg?resize=700%2C400&ssl=1 2x"},"classes":[]}],"jetpack_sharing_enabled":true,"_links":{"self":[{"href":"https:\/\/lasprimeras.com.do\/index.php\/wp-json\/wp\/v2\/posts\/72018","targetHints":{"allow":["GET"]}}],"collection":[{"href":"https:\/\/lasprimeras.com.do\/index.php\/wp-json\/wp\/v2\/posts"}],"about":[{"href":"https:\/\/lasprimeras.com.do\/index.php\/wp-json\/wp\/v2\/types\/post"}],"author":[{"embeddable":true,"href":"https:\/\/lasprimeras.com.do\/index.php\/wp-json\/wp\/v2\/users\/3"}],"replies":[{"embeddable":true,"href":"https:\/\/lasprimeras.com.do\/index.php\/wp-json\/wp\/v2\/comments?post=72018"}],"version-history":[{"count":1,"href":"https:\/\/lasprimeras.com.do\/index.php\/wp-json\/wp\/v2\/posts\/72018\/revisions"}],"predecessor-version":[{"id":72020,"href":"https:\/\/lasprimeras.com.do\/index.php\/wp-json\/wp\/v2\/posts\/72018\/revisions\/72020"}],"wp:featuredmedia":[{"embeddable":true,"href":"https:\/\/lasprimeras.com.do\/index.php\/wp-json\/wp\/v2\/media\/72019"}],"wp:attachment":[{"href":"https:\/\/lasprimeras.com.do\/index.php\/wp-json\/wp\/v2\/media?parent=72018"}],"wp:term":[{"taxonomy":"category","embeddable":true,"href":"https:\/\/lasprimeras.com.do\/index.php\/wp-json\/wp\/v2\/categories?post=72018"},{"taxonomy":"post_tag","embeddable":true,"href":"https:\/\/lasprimeras.com.do\/index.php\/wp-json\/wp\/v2\/tags?post=72018"}],"curies":[{"name":"wp","href":"https:\/\/api.w.org\/{rel}","templated":true}]}}