{"id":72033,"date":"2023-12-26T09:03:26","date_gmt":"2023-12-26T13:03:26","guid":{"rendered":"https:\/\/lasprimeras.com.do\/?p=72033"},"modified":"2023-12-26T09:03:27","modified_gmt":"2023-12-26T13:03:27","slug":"fuerzas-israelies-bombardean-centro-de-gaza","status":"publish","type":"post","link":"https:\/\/lasprimeras.com.do\/index.php\/2023\/12\/26\/fuerzas-israelies-bombardean-centro-de-gaza\/","title":{"rendered":"Fuerzas israel\u00edes bombardean centro de Gaza"},"content":{"rendered":"\n<p>POR NAJIB JOBAIN, WAFAA SHURAFA Y SAMY MAGDY<\/p>\n\n\n\n<p>RAFAH, Franja de Gaza (AP) \u2014 Las fuerzas israel\u00edes bombardearon el martes campamentos de refugiados palestinos en el centro de Gaza, dijeron residentes, en aparente preparaci\u00f3n para expandir su ofensiva terrestre a una tercera secci\u00f3n del territorio asediado.<\/p>\n\n\n\n<p>La apertura de una posible nueva zona de batalla indica el largo y destructivo camino que a\u00fan queda por delante mientras Israel promete aplastar a Ham\u00e1s despu\u00e9s de su ataque del 7 de octubre contra el sur de Israel. Durante semanas, las fuerzas israel\u00edes han estado involucradas en intensos combates urbanos en el norte de Gaza y en la ciudad sure\u00f1a de Khan Younis, empujando a los palestinos a rincones m\u00e1s peque\u00f1os del territorio en busca de refugio.<\/p>\n\n\n\n<p>A pesar de la presi\u00f3n internacional para un alto el fuego y los llamados de Estados Unidos a una reducci\u00f3n de las v\u00edctimas civiles , el primer ministro israel\u00ed, Benjam\u00edn Netanyahu, advirti\u00f3 el lunes que la lucha \u201cno est\u00e1 ni cerca de terminar\u201d.<\/p>\n\n\n\n<p>La ofensiva de Israel ha sido una de las campa\u00f1as militares m\u00e1s devastadoras de la historia reciente. M\u00e1s de 20.600 palestinos , dos tercios de ellos mujeres y ni\u00f1os, han muerto, seg\u00fan el Ministerio de Salud de Gaza, que no diferencia entre civiles y combatientes entre los muertos.<\/p>\n\n\n\n<p>Mientras tanto, hubo nuevos signos de que la guerra entre Israel y Hamas avivaba las tensiones en la regi\u00f3n. Un ataque a\u00e9reo israel\u00ed en Siria mat\u00f3 a un general iran\u00ed, lo que provoc\u00f3 votos de venganza por parte de Ir\u00e1n.<\/p>\n\n\n\n<p>Los aviones de combate estadounidenses atacaron a las milicias respaldadas por Ir\u00e1n en Irak que hab\u00edan llevado a cabo un ataque con drones que hiri\u00f3 a soldados estadounidenses all\u00ed.<\/p>\n\n\n\n<p>Los residentes del centro de Gaza describieron el martes una noche de bombardeos y ataques a\u00e9reos que sacudieron los campamentos de Nuseirat, Maghazi y Bureij.<\/p>\n\n\n\n<p>Los campos son ciudades urbanizadas que albergan a palestinos expulsados \u200b\u200bde sus hogares en lo que ahora es Israel durante la guerra de 1948 y a sus descendientes, y ahora tambi\u00e9n est\u00e1n llenos de personas que huyeron del norte.<\/p>\n\n\n\n<p>&#8220;El bombardeo fue muy intenso&#8221;, dijo Radwan Abu Sheitta, un maestro palestino, por tel\u00e9fono desde su casa en Bureij. &#8220;Parece que se est\u00e1n acercando&#8221;, dijo sobre las tropas israel\u00edes.<\/p>\n\n\n\n<p>Las Brigadas Qassam, el brazo militar de Ham\u00e1s, dijeron que sus combatientes atacaron un tanque israel\u00ed al este de Bureij. Su informe no pudo ser confirmado de forma independiente, pero sugiri\u00f3 que las fuerzas israel\u00edes se estaban moviendo hacia el campamento.<\/p>\n\n\n\n<p>Aviones de combate y artiller\u00eda tambi\u00e9n atacaron zonas al este del campamento de Nuseirat. &#8220;No pudimos dormir debido al bombardeo&#8221;, dijo Ezzel-Din Mohammed Abdallah al-Masry, un pescador palestino que fue desplazado a la zona desde el norte de Gaza con sus cinco hijos y otra familia. \u201cLos ni\u00f1os est\u00e1n aterrorizados. Estamos aterrorizados\u201d.<\/p>\n\n\n\n<p>DESPLAZAMIENTO REGIONAL<\/p>\n\n\n\n<p>Las milicias respaldadas por Ir\u00e1n en Irak llevaron a cabo el lunes un ataque con aviones no tripulados contra una base estadounidense en Irbil, en el norte de Irak, hiriendo a tres militares estadounidenses, uno de ellos de gravedad, seg\u00fan funcionarios estadounidenses.<\/p>\n\n\n\n<p>En respuesta, aviones de combate estadounidenses antes del amanecer del martes atacaron tres lugares en Irak conectados con una de las principales milicias, Kataib Hezbollah.<\/p>\n\n\n\n<p>El ataque israel\u00ed del lunes afect\u00f3 a un barrio de la capital siria, Damasco, y mat\u00f3 al general Seyed Razi Mousavi, asesor de la Guardia Revolucionaria paramilitar iran\u00ed en Siria.<\/p>\n\n\n\n<p>El ataque se produjo cuando entraba en una granja utilizada supuestamente como oficina del grupo militante liban\u00e9s Hezbol\u00e1 en el distrito de Sayeda Zeinab, en las afueras de Damasco, seg\u00fan el Observatorio Sirio de Derechos Humanos.<\/p>\n\n\n\n<p>A lo largo de la guerra, una constelaci\u00f3n de milicias respaldadas por Ir\u00e1n en toda la regi\u00f3n ha intensificado los ataques en apoyo a Ham\u00e1s. Hasta ahora, todas las partes parecen calibrar la violencia para no provocar un conflicto total, pero el temor es que una escalada inesperada pueda salirse de control.<\/p>\n","protected":false},"excerpt":{"rendered":"<p>POR NAJIB JOBAIN, WAFAA SHURAFA Y SAMY MAGDY RAFAH, Franja de Gaza (AP) \u2014 Las fuerzas israel\u00edes bombardearon el martes campamentos de refugiados palestinos en el centro de Gaza, dijeron&hellip;<\/p>\n","protected":false},"author":2,"featured_media":72034,"comment_status":"open","ping_status":"open","sticky":false,"template":"","format":"standard","meta":{"content-type":"","jetpack_post_was_ever_published":false,"_jetpack_newsletter_access":"","_jetpack_dont_email_post_to_subs":false,"_jetpack_newsletter_tier_id":0,"_jetpack_memberships_contains_paywalled_content":false,"_jetpack_memberships_contains_paid_content":false,"footnotes":""},"categories":[1],"tags":[10694,10691,9904,9061,34,10689],"class_list":["post-72033","post","type-post","status-publish","format-standard","has-post-thumbnail","hentry","category-sin-categoria","tag-bombardean-2","tag-centro-de-gaza","tag-expansion","tag-fuerzas-israelies","tag-movimiento","tag-ofensiva-terrestre"],"jetpack_featured_media_url":"https:\/\/lasprimeras.com.do\/wp-content\/uploads\/2023\/12\/BOMBARDEOS-1.jpg","jetpack-related-posts":[{"id":65781,"url":"https:\/\/lasprimeras.com.do\/index.php\/2023\/10\/31\/conflicto-israel-y-hamas-provoca-huida-800000-personas-en-gaza\/","url_meta":{"origin":72033,"position":0},"title":"Conflicto Israel y Ham\u00e1s provoca huida 800,000 personas en Gaza","author":"BIMARY DE JES\u00daS Matos","date":"31 de octubre de 2023","format":false,"excerpt":"PALESTIINA.- Las fuerzas terrestres israel\u00edes atacaron el martes a insurgentes e infraestructura de Ham\u00e1s en el norte de Gaza, de donde, seg\u00fan el ej\u00e9rcito, unas 800,000 personas han huido desde el inicio de la guerra hace m\u00e1s de tres semanas, mientras los aviones de combate segu\u00edan bombardeando el sitiado enclave\u2026","rel":"","context":"En \u00abSin categor\u00eda\u00bb","block_context":{"text":"Sin categor\u00eda","link":"https:\/\/lasprimeras.com.do\/index.php\/category\/sin-categoria\/"},"img":{"alt_text":"","src":"https:\/\/i0.wp.com\/lasprimeras.com.do\/wp-content\/uploads\/2023\/10\/WhatsApp-Image-2023-10-30-at-2.58.48-PM-1.jpeg?resize=350%2C200&ssl=1","width":350,"height":200,"srcset":"https:\/\/i0.wp.com\/lasprimeras.com.do\/wp-content\/uploads\/2023\/10\/WhatsApp-Image-2023-10-30-at-2.58.48-PM-1.jpeg?resize=350%2C200&ssl=1 1x, https:\/\/i0.wp.com\/lasprimeras.com.do\/wp-content\/uploads\/2023\/10\/WhatsApp-Image-2023-10-30-at-2.58.48-PM-1.jpeg?resize=525%2C300&ssl=1 1.5x"},"classes":[]},{"id":71699,"url":"https:\/\/lasprimeras.com.do\/index.php\/2023\/12\/22\/israel-sigue-bombardeando-gaza-al-margen-de-las-conversaciones-para-lograr-una-tregua\/","url_meta":{"origin":72033,"position":1},"title":"Israel sigue bombardeando Gaza al margen de las conversaciones para lograr una tregua","author":"BIMARY DE JES\u00daS Matos","date":"22 de diciembre de 2023","format":false,"excerpt":"Israel.-El ej\u00e9rcito israel\u00ed sigui\u00f3 bombardeando este jueves la Franja de Gaza, sobre todo Jan Yunis y el paso fronterizo de Kerem Shalom, al margen de las conversaciones para lograr una tregua en el conflicto que lo enfrenta con el movimiento islamista Ham\u00e1s. Jan Yunis, la mayor ciudad del sur del\u2026","rel":"","context":"En \u00abSin categor\u00eda\u00bb","block_context":{"text":"Sin categor\u00eda","link":"https:\/\/lasprimeras.com.do\/index.php\/category\/sin-categoria\/"},"img":{"alt_text":"","src":"https:\/\/i0.wp.com\/lasprimeras.com.do\/wp-content\/uploads\/2023\/12\/Yailin-La-Mas-Viral-fue-arrestada-y-liberada-en-Miami-tras-denuncia-de-Tekashi-6ix9ine-5.jpg?resize=350%2C200&ssl=1","width":350,"height":200,"srcset":"https:\/\/i0.wp.com\/lasprimeras.com.do\/wp-content\/uploads\/2023\/12\/Yailin-La-Mas-Viral-fue-arrestada-y-liberada-en-Miami-tras-denuncia-de-Tekashi-6ix9ine-5.jpg?resize=350%2C200&ssl=1 1x, https:\/\/i0.wp.com\/lasprimeras.com.do\/wp-content\/uploads\/2023\/12\/Yailin-La-Mas-Viral-fue-arrestada-y-liberada-en-Miami-tras-denuncia-de-Tekashi-6ix9ine-5.jpg?resize=525%2C300&ssl=1 1.5x"},"classes":[]},{"id":65214,"url":"https:\/\/lasprimeras.com.do\/index.php\/2023\/10\/26\/israel-realiza-hoy-una-incursion-selectiva-por-tierra-en-gaza\/","url_meta":{"origin":72033,"position":2},"title":"Israel realiza hoy una \u00abincursi\u00f3n selectiva\u00bb por tierra en Gaza","author":"BIMARY DE JES\u00daS Matos","date":"26 de octubre de 2023","format":false,"excerpt":"Israel.-El Ej\u00e9rcito de Israel ha entrado en Gaza por tierra durante la madrugada de este jueves, en lo que ha calificado como una \u00abincursi\u00f3n selectiva\u00bb. En la penetraci\u00f3n han participado tanques y veh\u00edculos de zapadores. Las fuerzas israel\u00edes han abandonado la Franja poco despu\u00e9s, asegura el Ej\u00e9rcito israel\u00ed. La penetraci\u00f3n\u2026","rel":"","context":"En \u00abSin categor\u00eda\u00bb","block_context":{"text":"Sin categor\u00eda","link":"https:\/\/lasprimeras.com.do\/index.php\/category\/sin-categoria\/"},"img":{"alt_text":"","src":"https:\/\/i0.wp.com\/lasprimeras.com.do\/wp-content\/uploads\/2023\/10\/WhatsApp-Image-2023-10-26-at-11.41.06-AM-2.jpeg?resize=350%2C200&ssl=1","width":350,"height":200,"srcset":"https:\/\/i0.wp.com\/lasprimeras.com.do\/wp-content\/uploads\/2023\/10\/WhatsApp-Image-2023-10-26-at-11.41.06-AM-2.jpeg?resize=350%2C200&ssl=1 1x, https:\/\/i0.wp.com\/lasprimeras.com.do\/wp-content\/uploads\/2023\/10\/WhatsApp-Image-2023-10-26-at-11.41.06-AM-2.jpeg?resize=525%2C300&ssl=1 1.5x, https:\/\/i0.wp.com\/lasprimeras.com.do\/wp-content\/uploads\/2023\/10\/WhatsApp-Image-2023-10-26-at-11.41.06-AM-2.jpeg?resize=700%2C400&ssl=1 2x, https:\/\/i0.wp.com\/lasprimeras.com.do\/wp-content\/uploads\/2023\/10\/WhatsApp-Image-2023-10-26-at-11.41.06-AM-2.jpeg?resize=1050%2C600&ssl=1 3x, https:\/\/i0.wp.com\/lasprimeras.com.do\/wp-content\/uploads\/2023\/10\/WhatsApp-Image-2023-10-26-at-11.41.06-AM-2.jpeg?resize=1400%2C800&ssl=1 4x"},"classes":[]},{"id":97727,"url":"https:\/\/lasprimeras.com.do\/index.php\/2025\/04\/27\/ministerio-de-salud-de-gaza-reporta-51-muertos-por-ataques-israelies-con-un-total-de-mas-de-52-000\/","url_meta":{"origin":72033,"position":3},"title":"Ministerio de Salud de Gaza reporta 51 muertos por ataques israel\u00edes, con un total de m\u00e1s de 52.000","author":"Nelson Feliz","date":"27 de abril de 2025","format":false,"excerpt":"POR WAFAA SHURAFA and SAMY MAGDY DEIR AL-BALAH, Franja de Gaza (AP) \u2014 Los hospitales en la Franja de Gaza recibieron en las \u00faltimas 24 horas los restos de 51 palestinos asesinados en ataques israel\u00edes, inform\u00f3 el domingo el Ministerio de Salud local, lo que elevaba a 52.243 el n\u00famero\u2026","rel":"","context":"En \u00abINTERNACIONALES\u00bb","block_context":{"text":"INTERNACIONALES","link":"https:\/\/lasprimeras.com.do\/index.php\/category\/sin-categoria\/internacionales\/"},"img":{"alt_text":"","src":"https:\/\/i0.wp.com\/lasprimeras.com.do\/wp-content\/uploads\/2025\/04\/ataques-2.jpg?resize=350%2C200&ssl=1","width":350,"height":200,"srcset":"https:\/\/i0.wp.com\/lasprimeras.com.do\/wp-content\/uploads\/2025\/04\/ataques-2.jpg?resize=350%2C200&ssl=1 1x, https:\/\/i0.wp.com\/lasprimeras.com.do\/wp-content\/uploads\/2025\/04\/ataques-2.jpg?resize=525%2C300&ssl=1 1.5x"},"classes":[]},{"id":85110,"url":"https:\/\/lasprimeras.com.do\/index.php\/2024\/06\/22\/al-menos-39-personas-murieron-en-ataques-israelies-en-el-norte-de-gaza-dicen-las-autoridades\/","url_meta":{"origin":72033,"position":4},"title":"Al menos 39 personas murieron en ataques israel\u00edes en el norte de Gaza, dicen las autoridades","author":"Nelson Feliz","date":"22 de junio de 2024","format":false,"excerpt":"POR JACK JEFFERY Y WAFAA SHURAFA DEIR AL-BALAH, Franja de Gaza (AP) \u2014 Al menos 39 personas murieron el s\u00e1bado por ataques israel\u00edes en el norte de Gaza, mientras los trabajadores de rescate se apresuraban a encontrar sobrevivientes bajo los escombros, seg\u00fan funcionarios palestinos y hospitalarios. Fadel Naem, director del\u2026","rel":"","context":"En \u00abSin categor\u00eda\u00bb","block_context":{"text":"Sin categor\u00eda","link":"https:\/\/lasprimeras.com.do\/index.php\/category\/sin-categoria\/"},"img":{"alt_text":"","src":"https:\/\/i0.wp.com\/lasprimeras.com.do\/wp-content\/uploads\/2024\/06\/muertos.jpg?resize=350%2C200&ssl=1","width":350,"height":200,"srcset":"https:\/\/i0.wp.com\/lasprimeras.com.do\/wp-content\/uploads\/2024\/06\/muertos.jpg?resize=350%2C200&ssl=1 1x, https:\/\/i0.wp.com\/lasprimeras.com.do\/wp-content\/uploads\/2024\/06\/muertos.jpg?resize=525%2C300&ssl=1 1.5x, https:\/\/i0.wp.com\/lasprimeras.com.do\/wp-content\/uploads\/2024\/06\/muertos.jpg?resize=700%2C400&ssl=1 2x"},"classes":[]},{"id":98264,"url":"https:\/\/lasprimeras.com.do\/index.php\/2025\/05\/06\/el-plan-israeli-de-tomar-gaza-alarma-a-muchos-que-queda-por-bombardear\/","url_meta":{"origin":72033,"position":5},"title":"El plan israel\u00ed de tomar Gaza alarma a muchos: &#8220;\u00bfQu\u00e9 queda por bombardear?\u201d","author":"Nelson Feliz","date":"6 de mayo de 2025","format":false,"excerpt":"POR WAFAA SHURAFA and MELANIE LIDMAN DEIR AL-BALAH, Gaza Strip (AP) \u2014 Un plan israel\u00ed para apoderarse de la Franja de Gaza y expandir su campa\u00f1a militar en el territorio ha alarmado a muchos en la regi\u00f3n. Los palestinos est\u00e1n exhaustos y sin esperanza, maltrechos tras 19 meses de intensos\u2026","rel":"","context":"En \u00abINTERNACIONALES\u00bb","block_context":{"text":"INTERNACIONALES","link":"https:\/\/lasprimeras.com.do\/index.php\/category\/sin-categoria\/internacionales\/"},"img":{"alt_text":"","src":"https:\/\/i0.wp.com\/lasprimeras.com.do\/wp-content\/uploads\/2025\/05\/hambre.jpg?resize=350%2C200&ssl=1","width":350,"height":200,"srcset":"https:\/\/i0.wp.com\/lasprimeras.com.do\/wp-content\/uploads\/2025\/05\/hambre.jpg?resize=350%2C200&ssl=1 1x, https:\/\/i0.wp.com\/lasprimeras.com.do\/wp-content\/uploads\/2025\/05\/hambre.jpg?resize=525%2C300&ssl=1 1.5x, https:\/\/i0.wp.com\/lasprimeras.com.do\/wp-content\/uploads\/2025\/05\/hambre.jpg?resize=700%2C400&ssl=1 2x"},"classes":[]}],"jetpack_sharing_enabled":true,"_links":{"self":[{"href":"https:\/\/lasprimeras.com.do\/index.php\/wp-json\/wp\/v2\/posts\/72033","targetHints":{"allow":["GET"]}}],"collection":[{"href":"https:\/\/lasprimeras.com.do\/index.php\/wp-json\/wp\/v2\/posts"}],"about":[{"href":"https:\/\/lasprimeras.com.do\/index.php\/wp-json\/wp\/v2\/types\/post"}],"author":[{"embeddable":true,"href":"https:\/\/lasprimeras.com.do\/index.php\/wp-json\/wp\/v2\/users\/2"}],"replies":[{"embeddable":true,"href":"https:\/\/lasprimeras.com.do\/index.php\/wp-json\/wp\/v2\/comments?post=72033"}],"version-history":[{"count":1,"href":"https:\/\/lasprimeras.com.do\/index.php\/wp-json\/wp\/v2\/posts\/72033\/revisions"}],"predecessor-version":[{"id":72035,"href":"https:\/\/lasprimeras.com.do\/index.php\/wp-json\/wp\/v2\/posts\/72033\/revisions\/72035"}],"wp:featuredmedia":[{"embeddable":true,"href":"https:\/\/lasprimeras.com.do\/index.php\/wp-json\/wp\/v2\/media\/72034"}],"wp:attachment":[{"href":"https:\/\/lasprimeras.com.do\/index.php\/wp-json\/wp\/v2\/media?parent=72033"}],"wp:term":[{"taxonomy":"category","embeddable":true,"href":"https:\/\/lasprimeras.com.do\/index.php\/wp-json\/wp\/v2\/categories?post=72033"},{"taxonomy":"post_tag","embeddable":true,"href":"https:\/\/lasprimeras.com.do\/index.php\/wp-json\/wp\/v2\/tags?post=72033"}],"curies":[{"name":"wp","href":"https:\/\/api.w.org\/{rel}","templated":true}]}}