{"id":72045,"date":"2023-12-26T11:01:51","date_gmt":"2023-12-26T15:01:51","guid":{"rendered":"https:\/\/lasprimeras.com.do\/?p=72045"},"modified":"2023-12-26T11:01:52","modified_gmt":"2023-12-26T15:01:52","slug":"rd-celebrara-hoy-llegada-de-10-millones-de-visitantes","status":"publish","type":"post","link":"https:\/\/lasprimeras.com.do\/index.php\/2023\/12\/26\/rd-celebrara-hoy-llegada-de-10-millones-de-visitantes\/","title":{"rendered":"RD celebrar\u00e1 hoy llegada de 10 millones de visitantes"},"content":{"rendered":"\n<p>&#8220;Esto es un logro de todos, tenemos que sentirnos orgullosos, \u00a1Feliz Navidad&#8221;, concluy\u00f3 el ministro.<\/p>\n\n\n\n<p>Este martes la Rep\u00fablica Dominicana celebrar\u00e1 la llegada de los 10 millones de visitantes en este a\u00f1o 2023, as\u00ed lo anunci\u00f3 el ministro de Turismo, David Collado, a trav\u00e9s de sus redes sociales.<\/p>\n\n\n\n<p>Asimismo, anunci\u00f3 que la celebraci\u00f3n se llevar\u00e1 a cabo en el Aeropuerto de Punta Cana, Aeropuerto Internacional de Las Am\u00e9ricas (AILA), el Aeropuerto Internacional del Cibao, as\u00ed como terminales de cruceros Amber Cove y Taino Bay.<\/p>\n\n\n\n<figure class=\"wp-block-embed is-type-rich is-provider-twitter wp-block-embed-twitter\"><div class=\"wp-block-embed__wrapper\">\n<div class=\"embed-twitter\"><blockquote class=\"twitter-tweet\" data-width=\"500\" data-dnt=\"true\"><p lang=\"es\" dir=\"ltr\">Ya doblaron la esquina los 10 millones de nuevos amigos de la Rep\u00fablica Dominicana !!! Ma\u00f1ana es el d\u00eda donde todos celebraremos la llegada de 10 millones de visitantes a nuestro pa\u00eds \ud83c\udde9\ud83c\uddf4\ud83d\udcaa\ud83c\udffc <a href=\"https:\/\/t.co\/pNofAFj4q9\">pic.twitter.com\/pNofAFj4q9<\/a><\/p>&mdash; David Collado (@DavidColladoM) <a href=\"https:\/\/twitter.com\/DavidColladoM\/status\/1739409873903690137?ref_src=twsrc%5Etfw\">December 25, 2023<\/a><\/blockquote><script async src=\"https:\/\/platform.twitter.com\/widgets.js\" charset=\"utf-8\"><\/script><\/div>\n<\/div><\/figure>\n\n\n\n<p>\u00abYa doblaron la esquina los 10 millones de nuevos amigos de la Rep\u00fablica Dominicana !!! Ma\u00f1ana es el d\u00eda donde todos celebraremos la llegada de 10 millones de visitantes a nuestro pa\u00eds\u00bb, expres\u00f3 Collado en un audiovisual.<\/p>\n\n\n\n<p>\u00abEsto es un logro de todos, tenemos que sentirnos orgullosos, \u00a1Feliz Navidad\u00bb, concluy\u00f3 el ministro.<\/p>\n\n\n\n<p>Fuente Noticias SIN<\/p>\n","protected":false},"excerpt":{"rendered":"<p>&#8220;Esto es un logro de todos, tenemos que sentirnos orgullosos, \u00a1Feliz Navidad&#8221;, concluy\u00f3 el ministro. Este martes la Rep\u00fablica Dominicana celebrar\u00e1 la llegada de los 10 millones de visitantes en&hellip;<\/p>\n","protected":false},"author":2,"featured_media":72046,"comment_status":"open","ping_status":"open","sticky":false,"template":"","format":"standard","meta":{"content-type":"","jetpack_post_was_ever_published":false,"_jetpack_newsletter_access":"","_jetpack_dont_email_post_to_subs":false,"_jetpack_newsletter_tier_id":0,"_jetpack_memberships_contains_paywalled_content":false,"_jetpack_memberships_contains_paid_content":false,"footnotes":""},"categories":[25,376],"tags":[3995,1308,127,375,1198],"class_list":["post-72045","post","type-post","status-publish","format-standard","has-post-thumbnail","hentry","category-portada","category-turismo","tag-aeropuerto","tag-punta-cana","tag-rd","tag-turismo","tag-visitantes"],"jetpack_featured_media_url":"https:\/\/lasprimeras.com.do\/wp-content\/uploads\/2023\/12\/Turistas.jpg","jetpack-related-posts":[{"id":72094,"url":"https:\/\/lasprimeras.com.do\/index.php\/2023\/12\/26\/rd-rompe-record-con-mas-de-10-millones-de-visitantes-en-2023\/","url_meta":{"origin":72045,"position":0},"title":"RD rompe r\u00e9cord con m\u00e1s de 10 millones de visitantes en 2023","author":"Nelson Feliz","date":"26 de diciembre de 2023","format":false,"excerpt":"El ministro de Turismo, David Collado, inform\u00f3 que este 26 de diciembre, Rep\u00fablica Dominicana recibi\u00f3 su visitante n\u00famero 10 millones del 2023, lo que marc\u00f3 un hito sin precedentes en el turismo del pa\u00eds y de toda la regi\u00f3n. Collado indic\u00f3 que la tan anhelada cifra se alcanz\u00f3 por primera\u2026","rel":"","context":"En \u00abPORTADA\u00bb","block_context":{"text":"PORTADA","link":"https:\/\/lasprimeras.com.do\/index.php\/category\/portada\/"},"img":{"alt_text":"Visitante 10 millones","src":"https:\/\/i0.wp.com\/lasprimeras.com.do\/wp-content\/uploads\/2023\/12\/Visitante-10-millones.jpg?resize=350%2C200&ssl=1","width":350,"height":200,"srcset":"https:\/\/i0.wp.com\/lasprimeras.com.do\/wp-content\/uploads\/2023\/12\/Visitante-10-millones.jpg?resize=350%2C200&ssl=1 1x, https:\/\/i0.wp.com\/lasprimeras.com.do\/wp-content\/uploads\/2023\/12\/Visitante-10-millones.jpg?resize=525%2C300&ssl=1 1.5x, https:\/\/i0.wp.com\/lasprimeras.com.do\/wp-content\/uploads\/2023\/12\/Visitante-10-millones.jpg?resize=700%2C400&ssl=1 2x"},"classes":[]},{"id":72036,"url":"https:\/\/lasprimeras.com.do\/index.php\/2023\/12\/26\/republica-dominicana-llega-hoy-a-10-millones-de-turistas\/","url_meta":{"origin":72045,"position":1},"title":"Rep\u00fablica Dominicana llega hoy a 10 millones de turistas","author":"BIMARY DE JES\u00daS Matos","date":"26 de diciembre de 2023","format":false,"excerpt":"Santo Domingo.- \u00abDiez millones de nuevos amigos al doblar la esquina tiene la Rep\u00fablica Dominicana\u00bb. Y es que al d\u00eda de hoy, si sumamos la llegada de turistas v\u00eda a\u00e9rea y los que ingresan v\u00eda cruceros, tenemos nueve punto nueve millones de visitantes en nuestro pa\u00eds que han impactado nuestra\u2026","rel":"","context":"En \u00abPORTADA\u00bb","block_context":{"text":"PORTADA","link":"https:\/\/lasprimeras.com.do\/index.php\/category\/portada\/"},"img":{"alt_text":"","src":"https:\/\/i0.wp.com\/lasprimeras.com.do\/wp-content\/uploads\/2023\/12\/Bernie-Williams-le-roba-a-John-Olerud-un-jonron-que-empato-el-juego-con-una-atrapada-fantastica-1.webp?resize=350%2C200&ssl=1","width":350,"height":200,"srcset":"https:\/\/i0.wp.com\/lasprimeras.com.do\/wp-content\/uploads\/2023\/12\/Bernie-Williams-le-roba-a-John-Olerud-un-jonron-que-empato-el-juego-con-una-atrapada-fantastica-1.webp?resize=350%2C200&ssl=1 1x, https:\/\/i0.wp.com\/lasprimeras.com.do\/wp-content\/uploads\/2023\/12\/Bernie-Williams-le-roba-a-John-Olerud-un-jonron-que-empato-el-juego-con-una-atrapada-fantastica-1.webp?resize=525%2C300&ssl=1 1.5x, https:\/\/i0.wp.com\/lasprimeras.com.do\/wp-content\/uploads\/2023\/12\/Bernie-Williams-le-roba-a-John-Olerud-un-jonron-que-empato-el-juego-con-una-atrapada-fantastica-1.webp?resize=700%2C400&ssl=1 2x"},"classes":[]},{"id":52150,"url":"https:\/\/lasprimeras.com.do\/index.php\/2023\/06\/07\/rd-recibe-en-los-primeros-cinco-meses-del-ano-a-mas-de-4-5-millones-de-visitantes\/","url_meta":{"origin":72045,"position":2},"title":"RD recibe en los primeros cinco meses del a\u00f1o a m\u00e1s de 4.5 millones de visitantes","author":"prenxa100","date":"7 de junio de 2023","format":false,"excerpt":"El ministro de Turismo, David Collado, inform\u00f3 que solo en los primeros cinco meses del a\u00f1o 4,503,431 visitantes llegaron al pa\u00eds. \u201cAlgo verdaderamente extraordinario, algo nunca visto en la historia del turismo dominicano. Lo volvimos a hacer\u201d, expres\u00f3. V\u00eda a\u00e9rea llegaron 621,575 personas a Rep\u00fablica Dominicana en el mes de\u2026","rel":"","context":"En \u00abTURISMO\u00bb","block_context":{"text":"TURISMO","link":"https:\/\/lasprimeras.com.do\/index.php\/category\/turismo\/"},"img":{"alt_text":"","src":"","width":0,"height":0},"classes":[]},{"id":116912,"url":"https:\/\/lasprimeras.com.do\/index.php\/2025\/12\/05\/arajet-fija-tope-de-us1000-para-pasajes-de-ida-y-vuelta-entre-rd-y-newark-este-diciembre\/","url_meta":{"origin":72045,"position":3},"title":"Arajet fija tope de US$1,000 para pasajes de ida y vuelta entre RD y Newark este diciembre","author":"Nelson Feliz","date":"5 de diciembre de 2025","format":false,"excerpt":"Las negociaciones avanzan para que Arajet vuele hacia el principal aeropuerto de Nueva York, el JFK Nueva York - La aerol\u00ednea dominicana Arajet anunci\u00f3 que, durante todo el mes de diciembre, los boletos a\u00e9reos en la ruta Newark\u2013Rep\u00fablica Dominicana no superar\u00e1n los 1,000 d\u00f3lares ida y vuelta. La empresa present\u00f3\u2026","rel":"","context":"En \u00abECONOM\u00cdA\u00bb","block_context":{"text":"ECONOM\u00cdA","link":"https:\/\/lasprimeras.com.do\/index.php\/category\/economia\/"},"img":{"alt_text":"","src":"https:\/\/i0.wp.com\/lasprimeras.com.do\/wp-content\/uploads\/2025\/12\/ARAJET.jpg?resize=350%2C200&ssl=1","width":350,"height":200},"classes":[]},{"id":70587,"url":"https:\/\/lasprimeras.com.do\/index.php\/2023\/12\/12\/republica-dominicana-recibio-91-millones-de-turistas-entre-enero-y-noviembre\/","url_meta":{"origin":72045,"position":4},"title":"Rep\u00fablica Dominicana recibi\u00f3 9,1 millones de turistas entre enero y noviembre","author":"BIMARY DE JES\u00daS Matos","date":"12 de diciembre de 2023","format":false,"excerpt":"Santo Domingo.- Rep\u00fablica Dominicana recibi\u00f3 m\u00e1s de 9,1 millones de turistas entre enero y noviembre de este a\u00f1o, un 22 % m\u00e1s que el mismo periodo de 2022, de acuerdo con cifras oficiales divulgadas este martes. De ellos, casi 7,2 millones llegaron por aeropuertos y 1,9 millones v\u00eda cruceros, explic\u00f3\u2026","rel":"","context":"En \u00abNACIONALES\u00bb","block_context":{"text":"NACIONALES","link":"https:\/\/lasprimeras.com.do\/index.php\/category\/nacionales\/"},"img":{"alt_text":"","src":"https:\/\/i0.wp.com\/lasprimeras.com.do\/wp-content\/uploads\/2023\/12\/WhatsApp-Image-2023-12-12-at-10.09.55-AM-3.jpeg?resize=350%2C200&ssl=1","width":350,"height":200,"srcset":"https:\/\/i0.wp.com\/lasprimeras.com.do\/wp-content\/uploads\/2023\/12\/WhatsApp-Image-2023-12-12-at-10.09.55-AM-3.jpeg?resize=350%2C200&ssl=1 1x, https:\/\/i0.wp.com\/lasprimeras.com.do\/wp-content\/uploads\/2023\/12\/WhatsApp-Image-2023-12-12-at-10.09.55-AM-3.jpeg?resize=525%2C300&ssl=1 1.5x"},"classes":[]},{"id":111123,"url":"https:\/\/lasprimeras.com.do\/index.php\/2025\/10\/05\/grupo-punta-cana-marriott-international-y-mac-hotels-inauguran-el-hotel-w-punta-cana-todo-incluido-de-lujo-en-rd\/","url_meta":{"origin":72045,"position":5},"title":"Grupo Punta Cana, Marriott International y Mac Hotels inauguran el hotel W Punta Cana todo incluido de lujo en RD","author":"Nelson Feliz","date":"5 de octubre de 2025","format":false,"excerpt":"El presidente Abinader destaca la inversi\u00f3n en turismo como motor de desarrollo. Al participar este domingo en la inauguraci\u00f3n del hotel W Punta Cana Adult All-Inclusive, con una inversi\u00f3n cercana a los 170 millones de d\u00f3lares, el presidente Luis Abinader asegur\u00f3 que hoy la Rep\u00fablica Dominicana es el mejor lugar\u2026","rel":"","context":"En \u00abPORTADA\u00bb","block_context":{"text":"PORTADA","link":"https:\/\/lasprimeras.com.do\/index.php\/category\/portada\/"},"img":{"alt_text":"","src":"https:\/\/i0.wp.com\/lasprimeras.com.do\/wp-content\/uploads\/2025\/10\/inauguran-el-hotel-w-punta-cana-primer-todo-incluido-de-lujo-en-la-rd-c4758ab7-focus-0-0-896-504.jpg?resize=350%2C200&ssl=1","width":350,"height":200,"srcset":"https:\/\/i0.wp.com\/lasprimeras.com.do\/wp-content\/uploads\/2025\/10\/inauguran-el-hotel-w-punta-cana-primer-todo-incluido-de-lujo-en-la-rd-c4758ab7-focus-0-0-896-504.jpg?resize=350%2C200&ssl=1 1x, https:\/\/i0.wp.com\/lasprimeras.com.do\/wp-content\/uploads\/2025\/10\/inauguran-el-hotel-w-punta-cana-primer-todo-incluido-de-lujo-en-la-rd-c4758ab7-focus-0-0-896-504.jpg?resize=525%2C300&ssl=1 1.5x, https:\/\/i0.wp.com\/lasprimeras.com.do\/wp-content\/uploads\/2025\/10\/inauguran-el-hotel-w-punta-cana-primer-todo-incluido-de-lujo-en-la-rd-c4758ab7-focus-0-0-896-504.jpg?resize=700%2C400&ssl=1 2x"},"classes":[]}],"jetpack_sharing_enabled":true,"_links":{"self":[{"href":"https:\/\/lasprimeras.com.do\/index.php\/wp-json\/wp\/v2\/posts\/72045","targetHints":{"allow":["GET"]}}],"collection":[{"href":"https:\/\/lasprimeras.com.do\/index.php\/wp-json\/wp\/v2\/posts"}],"about":[{"href":"https:\/\/lasprimeras.com.do\/index.php\/wp-json\/wp\/v2\/types\/post"}],"author":[{"embeddable":true,"href":"https:\/\/lasprimeras.com.do\/index.php\/wp-json\/wp\/v2\/users\/2"}],"replies":[{"embeddable":true,"href":"https:\/\/lasprimeras.com.do\/index.php\/wp-json\/wp\/v2\/comments?post=72045"}],"version-history":[{"count":1,"href":"https:\/\/lasprimeras.com.do\/index.php\/wp-json\/wp\/v2\/posts\/72045\/revisions"}],"predecessor-version":[{"id":72047,"href":"https:\/\/lasprimeras.com.do\/index.php\/wp-json\/wp\/v2\/posts\/72045\/revisions\/72047"}],"wp:featuredmedia":[{"embeddable":true,"href":"https:\/\/lasprimeras.com.do\/index.php\/wp-json\/wp\/v2\/media\/72046"}],"wp:attachment":[{"href":"https:\/\/lasprimeras.com.do\/index.php\/wp-json\/wp\/v2\/media?parent=72045"}],"wp:term":[{"taxonomy":"category","embeddable":true,"href":"https:\/\/lasprimeras.com.do\/index.php\/wp-json\/wp\/v2\/categories?post=72045"},{"taxonomy":"post_tag","embeddable":true,"href":"https:\/\/lasprimeras.com.do\/index.php\/wp-json\/wp\/v2\/tags?post=72045"}],"curies":[{"name":"wp","href":"https:\/\/api.w.org\/{rel}","templated":true}]}}