{"id":72048,"date":"2023-12-26T11:09:55","date_gmt":"2023-12-26T15:09:55","guid":{"rendered":"https:\/\/lasprimeras.com.do\/?p=72048"},"modified":"2023-12-26T11:09:56","modified_gmt":"2023-12-26T15:09:56","slug":"incendio-en-unidad-psiquiatrica-deja-cuatro-heridos-en-portugal","status":"publish","type":"post","link":"https:\/\/lasprimeras.com.do\/index.php\/2023\/12\/26\/incendio-en-unidad-psiquiatrica-deja-cuatro-heridos-en-portugal\/","title":{"rendered":"Incendio en unidad psiqui\u00e1trica deja cuatro heridos en Portugal"},"content":{"rendered":"\n<p><strong>PORTUGAL,Lisboa, EFE.-.<\/strong> Cuatro personas resultaron heridas este martes en un incendio en la Unidad de Psiquiatr\u00eda del Hospital Padre Am\u00e9rico, en Penafiel, a 34 kil\u00f3metros al este de Oporto, la segunda ciudad de Portugal.<\/p>\n\n\n\n<p>Una fuente de los Bomberos Voluntarios de Penafiel dijo a EFE que el fuego ya est\u00e1 controlado, despu\u00e9s de que comenzara sobre las 08.00 hora local (misma GMT) en ese lugar, perteneciente al Centro Hospitalario de T\u00e2mega e Sousa.<\/p>\n\n\n\n<p>Por el momento se desconoce la causa de las llamas, apunt\u00f3 esa fuente.<\/p>\n\n\n\n<p>Seg\u00fan medios de comunicaci\u00f3n locales, al centro sanitario se han trasladado 27 efectivos antiincendios y de rescate con 14 veh\u00edculos, entre bomberos, Guardia Nacional Republicana y del Instituto Nacional de Emergencias M\u00e9dicas.<\/p>\n","protected":false},"excerpt":{"rendered":"<p>PORTUGAL,Lisboa, EFE.-. Cuatro personas resultaron heridas este martes en un incendio en la Unidad de Psiquiatr\u00eda del Hospital Padre Am\u00e9rico, en Penafiel, a 34 kil\u00f3metros al este de Oporto, la&hellip;<\/p>\n","protected":false},"author":2,"featured_media":72049,"comment_status":"open","ping_status":"open","sticky":false,"template":"","format":"standard","meta":{"content-type":"","jetpack_post_was_ever_published":false,"_jetpack_newsletter_access":"","_jetpack_dont_email_post_to_subs":false,"_jetpack_newsletter_tier_id":0,"_jetpack_memberships_contains_paywalled_content":false,"_jetpack_memberships_contains_paid_content":false,"footnotes":""},"categories":[1],"tags":[8080,1399,10696,10695],"class_list":["post-72048","post","type-post","status-publish","format-standard","has-post-thumbnail","hentry","category-sin-categoria","tag-cuatro-heridos","tag-incendio","tag-portugal","tag-unidad-psiquiatrica"],"jetpack_featured_media_url":"https:\/\/lasprimeras.com.do\/wp-content\/uploads\/2023\/12\/capturan.jpg","jetpack-related-posts":[{"id":58178,"url":"https:\/\/lasprimeras.com.do\/index.php\/2023\/08\/21\/incendio-afecta-edificios-en-brooklyn-hay-10-bomberos-heridos\/","url_meta":{"origin":72048,"position":0},"title":"Incendio afecta edificios en Brooklyn; hay 10 bomberos heridos","author":"Nelson Feliz","date":"21 de agosto de 2023","format":false,"excerpt":"El fuego arras\u00f3 con varios negocios y desafi\u00f3 a m\u00e1s de 200 bomberos y personal de emergencias. Un fuerte incendio afect\u00f3 la tarde de este domingo el condado de Brooklyn en la ciudad de Nueva York, donde se han reportado 10 bomberos y personal de emergencia heridos. Seg\u00fan informa Univision\u2026","rel":"","context":"En \u00abSin categor\u00eda\u00bb","block_context":{"text":"Sin categor\u00eda","link":"https:\/\/lasprimeras.com.do\/index.php\/category\/sin-categoria\/"},"img":{"alt_text":"El incendio en el condado de Brooklyn, en Nueva York, arras\u00f3 con varios negocios.","src":"https:\/\/i0.wp.com\/lasprimeras.com.do\/wp-content\/uploads\/2023\/08\/Incendio-1.jpg?resize=350%2C200&ssl=1","width":350,"height":200,"srcset":"https:\/\/i0.wp.com\/lasprimeras.com.do\/wp-content\/uploads\/2023\/08\/Incendio-1.jpg?resize=350%2C200&ssl=1 1x, https:\/\/i0.wp.com\/lasprimeras.com.do\/wp-content\/uploads\/2023\/08\/Incendio-1.jpg?resize=525%2C300&ssl=1 1.5x, https:\/\/i0.wp.com\/lasprimeras.com.do\/wp-content\/uploads\/2023\/08\/Incendio-1.jpg?resize=700%2C400&ssl=1 2x"},"classes":[]},{"id":61820,"url":"https:\/\/lasprimeras.com.do\/index.php\/2023\/10\/01\/ascienden-a-13-las-victimas-mortales-en-el-incendio-una-la-discoteca-de-murciaespana\/","url_meta":{"origin":72048,"position":1},"title":"Ascienden a 13 las v\u00edctimas mortales en el incendio una la discoteca de MurciaEspa\u00f1a","author":"Nelson Feliz","date":"1 de octubre de 2023","format":false,"excerpt":"Polic\u00eda Nacional ha confirmado el fallecimiento de, al menos, 13 personas en el incendio de una discoteca de la zona Atalayas de Murcia que ha afectado a varios locales. MURCIA, (EUROPA PRESS).-.Polic\u00eda Nacional ha confirmado el fallecimiento de, al menos, 13 personas en el incendio de una discoteca de la\u2026","rel":"","context":"En \u00abSin categor\u00eda\u00bb","block_context":{"text":"Sin categor\u00eda","link":"https:\/\/lasprimeras.com.do\/index.php\/category\/sin-categoria\/"},"img":{"alt_text":"","src":"https:\/\/i0.wp.com\/lasprimeras.com.do\/wp-content\/uploads\/2023\/10\/Incedio-Disco.jpg?resize=350%2C200&ssl=1","width":350,"height":200,"srcset":"https:\/\/i0.wp.com\/lasprimeras.com.do\/wp-content\/uploads\/2023\/10\/Incedio-Disco.jpg?resize=350%2C200&ssl=1 1x, https:\/\/i0.wp.com\/lasprimeras.com.do\/wp-content\/uploads\/2023\/10\/Incedio-Disco.jpg?resize=525%2C300&ssl=1 1.5x, https:\/\/i0.wp.com\/lasprimeras.com.do\/wp-content\/uploads\/2023\/10\/Incedio-Disco.jpg?resize=700%2C400&ssl=1 2x"},"classes":[]},{"id":106473,"url":"https:\/\/lasprimeras.com.do\/index.php\/2025\/08\/15\/espana-portugal-y-grecia-luchan-contra-incendios-forestales-en-plena-ola-de-calor\/","url_meta":{"origin":72048,"position":2},"title":"Espa\u00f1a, Portugal y Grecia luchan contra incendios forestales en plena ola de calor","author":"Nelson Feliz","date":"15 de agosto de 2025","format":false,"excerpt":"POR SUMAN NAISHADHAM MADRID (AP) \u2014 Bomberos en Espa\u00f1a, Portugal y Grecia segu\u00edan combatiendo los incendios forestales activos el viernes en una jornada festiva en los tres pa\u00edses, mientras las persistentes condiciones de calor y sequ\u00eda complicaban los esfuerzos para contener las llamas. En Espa\u00f1a, donde se espera que las\u2026","rel":"","context":"En \u00abINTERNACIONALES\u00bb","block_context":{"text":"INTERNACIONALES","link":"https:\/\/lasprimeras.com.do\/index.php\/category\/sin-categoria\/internacionales\/"},"img":{"alt_text":"","src":"https:\/\/i0.wp.com\/lasprimeras.com.do\/wp-content\/uploads\/2025\/08\/incendios-forestales.jpg?resize=350%2C200&ssl=1","width":350,"height":200,"srcset":"https:\/\/i0.wp.com\/lasprimeras.com.do\/wp-content\/uploads\/2025\/08\/incendios-forestales.jpg?resize=350%2C200&ssl=1 1x, https:\/\/i0.wp.com\/lasprimeras.com.do\/wp-content\/uploads\/2025\/08\/incendios-forestales.jpg?resize=525%2C300&ssl=1 1.5x, https:\/\/i0.wp.com\/lasprimeras.com.do\/wp-content\/uploads\/2025\/08\/incendios-forestales.jpg?resize=700%2C400&ssl=1 2x"},"classes":[]},{"id":55902,"url":"https:\/\/lasprimeras.com.do\/index.php\/2023\/07\/26\/seis-heridos-en-un-aparatoso-accidente-al-derrumbarse-una-grua-en-el-centro-de-nueva-york\/","url_meta":{"origin":72048,"position":3},"title":"Seis heridos en un aparatoso accidente al derrumbarse una gr\u00faa en el centro de Nueva York","author":"Nelson Feliz","date":"26 de julio de 2023","format":false,"excerpt":"El responsable de los bomberos dijo que los heridos son dos de sus agentes y cuatro viandantes, pero insisti\u00f3 en que sufren heridas leves. Seis personas resultaron con heridas leves al derrumbarse una gr\u00faa desde la altura de un piso 45 en el centro de Nueva York, inform\u00f3 un responsable\u2026","rel":"","context":"En \u00abPORTADA\u00bb","block_context":{"text":"PORTADA","link":"https:\/\/lasprimeras.com.do\/index.php\/category\/portada\/"},"img":{"alt_text":"El humo sale de una gr\u00faa de construcci\u00f3n que se incendi\u00f3 en Manhattan, el mi\u00e9rcoles 26 de julio de 2023, en Nueva York.AP","src":"https:\/\/i0.wp.com\/lasprimeras.com.do\/wp-content\/uploads\/2023\/07\/grua.jpeg?resize=350%2C200&ssl=1","width":350,"height":200,"srcset":"https:\/\/i0.wp.com\/lasprimeras.com.do\/wp-content\/uploads\/2023\/07\/grua.jpeg?resize=350%2C200&ssl=1 1x, https:\/\/i0.wp.com\/lasprimeras.com.do\/wp-content\/uploads\/2023\/07\/grua.jpeg?resize=525%2C300&ssl=1 1.5x, https:\/\/i0.wp.com\/lasprimeras.com.do\/wp-content\/uploads\/2023\/07\/grua.jpeg?resize=700%2C400&ssl=1 2x"},"classes":[]},{"id":61862,"url":"https:\/\/lasprimeras.com.do\/index.php\/2023\/10\/01\/incendio-en-varias-discotecas-de-murcia-en-directo-13-muertos-y-cuatro-heridos\/","url_meta":{"origin":72048,"position":4},"title":"Incendio en varias discotecas de Murcia, en directo: 13 muertos y cuatro heridos","author":"Nelson Feliz","date":"1 de octubre de 2023","format":false,"excerpt":"Al menos 13 personas han muerto en un incendio ocurrido en una discoteca de Murcia. El suceso se produjo en torno a las 6:00 de la ma\u00f1ana en las salas Fonda, Teatre y Golden, en la zona de Atalayas, al este de la ciudad. Tal y como confirma el 112\u2026","rel":"","context":"En \u00abSin categor\u00eda\u00bb","block_context":{"text":"Sin categor\u00eda","link":"https:\/\/lasprimeras.com.do\/index.php\/category\/sin-categoria\/"},"img":{"alt_text":"","src":"https:\/\/i0.wp.com\/lasprimeras.com.do\/wp-content\/uploads\/2023\/10\/Incedio-Disco.jpg?resize=350%2C200&ssl=1","width":350,"height":200,"srcset":"https:\/\/i0.wp.com\/lasprimeras.com.do\/wp-content\/uploads\/2023\/10\/Incedio-Disco.jpg?resize=350%2C200&ssl=1 1x, https:\/\/i0.wp.com\/lasprimeras.com.do\/wp-content\/uploads\/2023\/10\/Incedio-Disco.jpg?resize=525%2C300&ssl=1 1.5x, https:\/\/i0.wp.com\/lasprimeras.com.do\/wp-content\/uploads\/2023\/10\/Incedio-Disco.jpg?resize=700%2C400&ssl=1 2x"},"classes":[]},{"id":60744,"url":"https:\/\/lasprimeras.com.do\/index.php\/2023\/09\/18\/ocho-vehiculos-destruidos-y-otros-11-afectados-en-incendio-en-santiago\/","url_meta":{"origin":72048,"position":5},"title":"Ocho veh\u00edculos destruidos y otros 11 afectados en incendio en Santiago","author":"Nelson Feliz","date":"18 de septiembre de 2023","format":false,"excerpt":"No hay reportes de personas afectadas por el incendio ocurrido en parqueo subterr\u00e1neo. Ocho veh\u00edculos fueron destruidos y otros 11 resultaron afectados en un incendio que ocurri\u00f3 en el parqueo subterr\u00e1neo de un residencial en el sector El Dorado, al norte de Santiago. Los residentes del complejo habitacional Milhojas fueron\u2026","rel":"","context":"En \u00abNACIONALES\u00bb","block_context":{"text":"NACIONALES","link":"https:\/\/lasprimeras.com.do\/index.php\/category\/nacionales\/"},"img":{"alt_text":"incendio","src":"https:\/\/i0.wp.com\/lasprimeras.com.do\/wp-content\/uploads\/2023\/09\/incendio.jpg?resize=350%2C200&ssl=1","width":350,"height":200,"srcset":"https:\/\/i0.wp.com\/lasprimeras.com.do\/wp-content\/uploads\/2023\/09\/incendio.jpg?resize=350%2C200&ssl=1 1x, https:\/\/i0.wp.com\/lasprimeras.com.do\/wp-content\/uploads\/2023\/09\/incendio.jpg?resize=525%2C300&ssl=1 1.5x, https:\/\/i0.wp.com\/lasprimeras.com.do\/wp-content\/uploads\/2023\/09\/incendio.jpg?resize=700%2C400&ssl=1 2x"},"classes":[]}],"jetpack_sharing_enabled":true,"_links":{"self":[{"href":"https:\/\/lasprimeras.com.do\/index.php\/wp-json\/wp\/v2\/posts\/72048","targetHints":{"allow":["GET"]}}],"collection":[{"href":"https:\/\/lasprimeras.com.do\/index.php\/wp-json\/wp\/v2\/posts"}],"about":[{"href":"https:\/\/lasprimeras.com.do\/index.php\/wp-json\/wp\/v2\/types\/post"}],"author":[{"embeddable":true,"href":"https:\/\/lasprimeras.com.do\/index.php\/wp-json\/wp\/v2\/users\/2"}],"replies":[{"embeddable":true,"href":"https:\/\/lasprimeras.com.do\/index.php\/wp-json\/wp\/v2\/comments?post=72048"}],"version-history":[{"count":1,"href":"https:\/\/lasprimeras.com.do\/index.php\/wp-json\/wp\/v2\/posts\/72048\/revisions"}],"predecessor-version":[{"id":72050,"href":"https:\/\/lasprimeras.com.do\/index.php\/wp-json\/wp\/v2\/posts\/72048\/revisions\/72050"}],"wp:featuredmedia":[{"embeddable":true,"href":"https:\/\/lasprimeras.com.do\/index.php\/wp-json\/wp\/v2\/media\/72049"}],"wp:attachment":[{"href":"https:\/\/lasprimeras.com.do\/index.php\/wp-json\/wp\/v2\/media?parent=72048"}],"wp:term":[{"taxonomy":"category","embeddable":true,"href":"https:\/\/lasprimeras.com.do\/index.php\/wp-json\/wp\/v2\/categories?post=72048"},{"taxonomy":"post_tag","embeddable":true,"href":"https:\/\/lasprimeras.com.do\/index.php\/wp-json\/wp\/v2\/tags?post=72048"}],"curies":[{"name":"wp","href":"https:\/\/api.w.org\/{rel}","templated":true}]}}