{"id":72057,"date":"2023-12-26T12:36:24","date_gmt":"2023-12-26T16:36:24","guid":{"rendered":"https:\/\/lasprimeras.com.do\/?p=72057"},"modified":"2023-12-26T12:36:26","modified_gmt":"2023-12-26T16:36:26","slug":"siete-presos-se-fugan-en-navidad-de-una-carcel-de-brasil","status":"publish","type":"post","link":"https:\/\/lasprimeras.com.do\/index.php\/2023\/12\/26\/siete-presos-se-fugan-en-navidad-de-una-carcel-de-brasil\/","title":{"rendered":"Siete presos se fugan en Navidad de una c\u00e1rcel de Brasil"},"content":{"rendered":"\n<p><strong>Los reclusos pr\u00f3fugos estaban detenidos en un centro de detenci\u00f3n provisional y se escaparon despu\u00e9s de romper una parte de la valla y una ventana.<\/strong><\/p>\n\n\n\n<p><strong>Brasil, EFE.-. <\/strong>Al menos siete presos se dieron a la fuga el lunes, d\u00eda de Navidad, de una c\u00e1rcel en la ciudad de S\u00e3o Paulo, la mayor metr\u00f3poli del pa\u00eds, despu\u00e9s de controlar a un agente penitenciario, informaron este martes fuentes oficiales.<\/p>\n\n\n\n<p>Los reclusos pr\u00f3fugos estaban detenidos en un centro de detenci\u00f3n provisional y se escaparon despu\u00e9s de romper una parte de la valla y una ventana, y forzar el cerrojo de una puerta, se\u00f1al\u00f3 la Secretar\u00eda de Seguridad P\u00fablica del estado de S\u00e3o Paulo en un comunicado.<\/p>\n\n\n\n<p>De acuerdo con la informaci\u00f3n, la Polic\u00eda Militarizada busca a los pr\u00f3fugos, que controlaron a uno de los guardianes de la c\u00e1rcel y huyeron con las zapatillas y el radiocomunicador de este.<\/p>\n\n\n\n<p>Los fugitivos estaban en r\u00e9gimen semiabierto, en el que los detenidos deben trabajar y retornar durante las noches al centro carcelario.<\/p>\n\n\n\n<p>&#8220;El caso fue registrado como evasi\u00f3n y robo&#8221; y &#8220;est\u00e1 siendo investigado por la Polic\u00eda Civil&#8221;, apuntaron las autoridades. La huida se produjo la noche del lunes, en el final del festivo de Navidad.<\/p>\n\n\n\n<p>Seg\u00fan el Consejo Nacional de Justicia (CNJ), Brasil, que sufre un problema cr\u00f3nico de hacinamiento en sus prisiones, tiene una poblaci\u00f3n carcelaria de 652.625 detenidos y, por los datos compilados, 28.138 personas son consideradas pr\u00f3fugas.<\/p>\n","protected":false},"excerpt":{"rendered":"<p>Los reclusos pr\u00f3fugos estaban detenidos en un centro de detenci\u00f3n provisional y se escaparon despu\u00e9s de romper una parte de la valla y una ventana. Brasil, EFE.-. Al menos siete&hellip;<\/p>\n","protected":false},"author":2,"featured_media":72058,"comment_status":"open","ping_status":"open","sticky":false,"template":"","format":"standard","meta":{"content-type":"","jetpack_post_was_ever_published":false,"_jetpack_newsletter_access":"","_jetpack_dont_email_post_to_subs":false,"_jetpack_newsletter_tier_id":0,"_jetpack_memberships_contains_paywalled_content":false,"_jetpack_memberships_contains_paid_content":false,"footnotes":""},"categories":[1],"tags":[3519,4639,10699,9341,10700],"class_list":["post-72057","post","type-post","status-publish","format-standard","has-post-thumbnail","hentry","category-sin-categoria","tag-brasil","tag-carcel","tag-fugan","tag-navidad","tag-siete-presos"],"jetpack_featured_media_url":"https:\/\/lasprimeras.com.do\/wp-content\/uploads\/2023\/12\/fuga.png","jetpack-related-posts":[{"id":87720,"url":"https:\/\/lasprimeras.com.do\/index.php\/2024\/08\/16\/motin-en-una-carcel-de-haiti-termina-con-un-muerto-y-varios-se-fugan\/","url_meta":{"origin":72057,"position":0},"title":"Mot\u00edn en una c\u00e1rcel de Hait\u00ed termina con un muerto y varios se fugan","author":"Nelson Feliz","date":"16 de agosto de 2024","format":false,"excerpt":"Puerto Pr\u00edncipe,PRENSA LATINA.- Un mot\u00edn ocurrido hoy en una c\u00e1rcel termin\u00f3 con la muerte de un recluso y varios fugados en Hait\u00ed, hecho que seg\u00fan medios locales podr\u00eda aumentar la violencia, debido al n\u00famero de pr\u00f3fugos en la naci\u00f3n caribe\u00f1a. Amanec\u00eda cuando estallaron los enfrentamientos en la penitenciar\u00eda de Saint-Marcoise,\u2026","rel":"","context":"En \u00abSin categor\u00eda\u00bb","block_context":{"text":"Sin categor\u00eda","link":"https:\/\/lasprimeras.com.do\/index.php\/category\/sin-categoria\/"},"img":{"alt_text":"","src":"https:\/\/i0.wp.com\/lasprimeras.com.do\/wp-content\/uploads\/2024\/08\/carceles-Haiti.jpg?resize=350%2C200&ssl=1","width":350,"height":200,"srcset":"https:\/\/i0.wp.com\/lasprimeras.com.do\/wp-content\/uploads\/2024\/08\/carceles-Haiti.jpg?resize=350%2C200&ssl=1 1x, https:\/\/i0.wp.com\/lasprimeras.com.do\/wp-content\/uploads\/2024\/08\/carceles-Haiti.jpg?resize=525%2C300&ssl=1 1.5x, https:\/\/i0.wp.com\/lasprimeras.com.do\/wp-content\/uploads\/2024\/08\/carceles-Haiti.jpg?resize=700%2C400&ssl=1 2x"},"classes":[]},{"id":60724,"url":"https:\/\/lasprimeras.com.do\/index.php\/2023\/09\/18\/estan-bajo-custodia-9-menores-que-escaparon-de-un-centro-de-detencion-dice-la-policia-de-pensilvania\/","url_meta":{"origin":72057,"position":1},"title":"Est\u00e1n bajo custodia 9 menores que escaparon de un centro de detenci\u00f3n, dice la polic\u00eda de Pensilvania","author":"Nelson Feliz","date":"18 de septiembre de 2023","format":false,"excerpt":"MORGANTOWN, Pensilvania (AP) \u2014 Nueve menores que escaparon de un centro de detenci\u00f3n en Pensilvania y estuvieron pr\u00f3fugos durante menos de un d\u00eda fueron capturados, dijo el lunes la polic\u00eda estatal. Todos ser\u00e1n acusados \u200b\u200bde fuga y algunos podr\u00edan enfrentar otros cargos. \"Vamos a entrevistar a los nueve\", dijo el\u2026","rel":"","context":"En \u00abSin categor\u00eda\u00bb","block_context":{"text":"Sin categor\u00eda","link":"https:\/\/lasprimeras.com.do\/index.php\/category\/sin-categoria\/"},"img":{"alt_text":"","src":"","width":0,"height":0},"classes":[]},{"id":95608,"url":"https:\/\/lasprimeras.com.do\/index.php\/2025\/03\/16\/interpol-santo-domingo-captura-a-adonis-el-cojo-profugo-que-se-fugo-de-la-carcel-de-bani-en-2019\/","url_meta":{"origin":72057,"position":2},"title":"Interpol Santo Domingo captura a \u201cAdonis el Cojo\u201d pr\u00f3fugo que se fug\u00f3 de la c\u00e1rcel de Ban\u00ed en 2019","author":"Nelson Feliz","date":"16 de marzo de 2025","format":false,"excerpt":"Cae abatido \u201cAchito\u201d y capturan a \u201cEl Guardia\u201d Agentes de la INTERPOL Santo Domingo capturaron a un hombre que era activamente buscado tras haberse fugado de la C\u00e1rcel P\u00fablica de Hombres en Ban\u00ed el 26 de julio de 2019, cuando fue trasladado a un centro de salud en esa ciudad.\u2026","rel":"","context":"En \u00abMILITARES\u00bb","block_context":{"text":"MILITARES","link":"https:\/\/lasprimeras.com.do\/index.php\/category\/militares\/"},"img":{"alt_text":"Adonis el Cojo","src":"https:\/\/i0.wp.com\/lasprimeras.com.do\/wp-content\/uploads\/2025\/03\/WhatsApp-Image-2025-03-16-at-3.31.23-PM.jpeg?resize=350%2C200&ssl=1","width":350,"height":200,"srcset":"https:\/\/i0.wp.com\/lasprimeras.com.do\/wp-content\/uploads\/2025\/03\/WhatsApp-Image-2025-03-16-at-3.31.23-PM.jpeg?resize=350%2C200&ssl=1 1x, https:\/\/i0.wp.com\/lasprimeras.com.do\/wp-content\/uploads\/2025\/03\/WhatsApp-Image-2025-03-16-at-3.31.23-PM.jpeg?resize=525%2C300&ssl=1 1.5x, https:\/\/i0.wp.com\/lasprimeras.com.do\/wp-content\/uploads\/2025\/03\/WhatsApp-Image-2025-03-16-at-3.31.23-PM.jpeg?resize=700%2C400&ssl=1 2x, https:\/\/i0.wp.com\/lasprimeras.com.do\/wp-content\/uploads\/2025\/03\/WhatsApp-Image-2025-03-16-at-3.31.23-PM.jpeg?resize=1050%2C600&ssl=1 3x"},"classes":[]},{"id":100210,"url":"https:\/\/lasprimeras.com.do\/index.php\/2025\/06\/03\/mas-de-100-presos-escapan-de-una-prision-en-pakistan\/","url_meta":{"origin":72057,"position":3},"title":"M\u00e1s de 100 presos escapan de una prisi\u00f3n en Pakist\u00e1n","author":"Nelson Feliz","date":"3 de junio de 2025","format":false,"excerpt":"KARACHI, Pakist\u00e1n (AP) \u2014 M\u00e1s de 100 reclusos escaparon de una prisi\u00f3n y al menos uno muri\u00f3 en un tiroteo en la ciudad sure\u00f1a de Karachi, en Pakist\u00e1n, durante la noche despu\u00e9s de que fueran trasladados temporalmente de sus celdas tras un sismo leve, dijeron las autoridades el martes. Kashif\u2026","rel":"","context":"En \u00abINTERNACIONALES\u00bb","block_context":{"text":"INTERNACIONALES","link":"https:\/\/lasprimeras.com.do\/index.php\/category\/sin-categoria\/internacionales\/"},"img":{"alt_text":"","src":"https:\/\/i0.wp.com\/lasprimeras.com.do\/wp-content\/uploads\/2025\/06\/Mas-de-100-reclusos-escaparon.jpg?resize=350%2C200&ssl=1","width":350,"height":200,"srcset":"https:\/\/i0.wp.com\/lasprimeras.com.do\/wp-content\/uploads\/2025\/06\/Mas-de-100-reclusos-escaparon.jpg?resize=350%2C200&ssl=1 1x, https:\/\/i0.wp.com\/lasprimeras.com.do\/wp-content\/uploads\/2025\/06\/Mas-de-100-reclusos-escaparon.jpg?resize=525%2C300&ssl=1 1.5x, https:\/\/i0.wp.com\/lasprimeras.com.do\/wp-content\/uploads\/2025\/06\/Mas-de-100-reclusos-escaparon.jpg?resize=700%2C400&ssl=1 2x"},"classes":[]},{"id":56685,"url":"https:\/\/lasprimeras.com.do\/index.php\/2023\/08\/03\/historia-completa-apresan-en-espana-a-franyelis-maria-furcal-dominicana-que-mato-a-un-chino-en-santo-dgo\/","url_meta":{"origin":72057,"position":4},"title":"Historia completa: Apresan en Espa\u00f1a a Franyelis Mar\u00eda Furcal dominicana que mat\u00f3 a un chino en Santo Dgo.","author":"Nelson Feliz","date":"3 de agosto de 2023","format":false,"excerpt":"Franyelis Mar\u00eda Furcal Rodr\u00edguez permanec\u00eda pr\u00f3fuga desde abril del 2022. Fue apresada en Espa\u00f1a la dominicana Franyelis Mar\u00eda Furcal Rodr\u00edguez, quien se encontraba pr\u00f3fuga desde abril del 2022 tras matar a un ciudadano chino en su lugar de trabajo. La Polic\u00eda Nacional inform\u00f3 este jueves que la detenci\u00f3n se produjo\u2026","rel":"","context":"En \u00abNACIONALES\u00bb","block_context":{"text":"NACIONALES","link":"https:\/\/lasprimeras.com.do\/index.php\/category\/nacionales\/"},"img":{"alt_text":"Franyelis Mar\u00eda Furcal Rodr\u00edguez","src":"https:\/\/i0.wp.com\/lasprimeras.com.do\/wp-content\/uploads\/2023\/08\/Franyelis-Maria-Furcal-Rodriguez.jpg?resize=350%2C200&ssl=1","width":350,"height":200,"srcset":"https:\/\/i0.wp.com\/lasprimeras.com.do\/wp-content\/uploads\/2023\/08\/Franyelis-Maria-Furcal-Rodriguez.jpg?resize=350%2C200&ssl=1 1x, https:\/\/i0.wp.com\/lasprimeras.com.do\/wp-content\/uploads\/2023\/08\/Franyelis-Maria-Furcal-Rodriguez.jpg?resize=525%2C300&ssl=1 1.5x, https:\/\/i0.wp.com\/lasprimeras.com.do\/wp-content\/uploads\/2023\/08\/Franyelis-Maria-Furcal-Rodriguez.jpg?resize=700%2C400&ssl=1 2x"},"classes":[]},{"id":55791,"url":"https:\/\/lasprimeras.com.do\/index.php\/2023\/07\/25\/el-presidente-lasso-decreta-el-estado-de-excepcion-en-las-carceles-de-ecuador\/","url_meta":{"origin":72057,"position":5},"title":"El presidente Lasso decreta el estado de excepci\u00f3n en las c\u00e1rceles de Ecuador","author":"Nelson Feliz","date":"25 de julio de 2023","format":false,"excerpt":"El presidente de Ecuador, Guillermo Lasso, decret\u00f3 el estado de excepci\u00f3n \"por grave conmoci\u00f3n interna\" en todos los centros de privaci\u00f3n de la libertad que integran el Sistema de Rehabilitaci\u00f3n Social a nivel nacional, por sesenta d\u00edas. La Secretar\u00eda General de Comunicaci\u00f3n de la Presidencia difundi\u00f3 este martes el decreto,\u2026","rel":"","context":"En \u00abSin categor\u00eda\u00bb","block_context":{"text":"Sin categor\u00eda","link":"https:\/\/lasprimeras.com.do\/index.php\/category\/sin-categoria\/"},"img":{"alt_text":"Guillermo Lasso","src":"https:\/\/i0.wp.com\/lasprimeras.com.do\/wp-content\/uploads\/2023\/07\/Guillermo-Lasso.jpg?resize=350%2C200&ssl=1","width":350,"height":200,"srcset":"https:\/\/i0.wp.com\/lasprimeras.com.do\/wp-content\/uploads\/2023\/07\/Guillermo-Lasso.jpg?resize=350%2C200&ssl=1 1x, https:\/\/i0.wp.com\/lasprimeras.com.do\/wp-content\/uploads\/2023\/07\/Guillermo-Lasso.jpg?resize=525%2C300&ssl=1 1.5x, https:\/\/i0.wp.com\/lasprimeras.com.do\/wp-content\/uploads\/2023\/07\/Guillermo-Lasso.jpg?resize=700%2C400&ssl=1 2x"},"classes":[]}],"jetpack_sharing_enabled":true,"_links":{"self":[{"href":"https:\/\/lasprimeras.com.do\/index.php\/wp-json\/wp\/v2\/posts\/72057","targetHints":{"allow":["GET"]}}],"collection":[{"href":"https:\/\/lasprimeras.com.do\/index.php\/wp-json\/wp\/v2\/posts"}],"about":[{"href":"https:\/\/lasprimeras.com.do\/index.php\/wp-json\/wp\/v2\/types\/post"}],"author":[{"embeddable":true,"href":"https:\/\/lasprimeras.com.do\/index.php\/wp-json\/wp\/v2\/users\/2"}],"replies":[{"embeddable":true,"href":"https:\/\/lasprimeras.com.do\/index.php\/wp-json\/wp\/v2\/comments?post=72057"}],"version-history":[{"count":1,"href":"https:\/\/lasprimeras.com.do\/index.php\/wp-json\/wp\/v2\/posts\/72057\/revisions"}],"predecessor-version":[{"id":72059,"href":"https:\/\/lasprimeras.com.do\/index.php\/wp-json\/wp\/v2\/posts\/72057\/revisions\/72059"}],"wp:featuredmedia":[{"embeddable":true,"href":"https:\/\/lasprimeras.com.do\/index.php\/wp-json\/wp\/v2\/media\/72058"}],"wp:attachment":[{"href":"https:\/\/lasprimeras.com.do\/index.php\/wp-json\/wp\/v2\/media?parent=72057"}],"wp:term":[{"taxonomy":"category","embeddable":true,"href":"https:\/\/lasprimeras.com.do\/index.php\/wp-json\/wp\/v2\/categories?post=72057"},{"taxonomy":"post_tag","embeddable":true,"href":"https:\/\/lasprimeras.com.do\/index.php\/wp-json\/wp\/v2\/tags?post=72057"}],"curies":[{"name":"wp","href":"https:\/\/api.w.org\/{rel}","templated":true}]}}