{"id":72060,"date":"2023-12-26T12:58:55","date_gmt":"2023-12-26T16:58:55","guid":{"rendered":"https:\/\/lasprimeras.com.do\/?p=72060"},"modified":"2023-12-26T12:58:56","modified_gmt":"2023-12-26T16:58:56","slug":"temperaturas-agradables-para-este-martes-de-escasas-lluvias","status":"publish","type":"post","link":"https:\/\/lasprimeras.com.do\/index.php\/2023\/12\/26\/temperaturas-agradables-para-este-martes-de-escasas-lluvias\/","title":{"rendered":"Temperaturas agradables para este martes de escasas lluvias"},"content":{"rendered":"\n<p>Para el Gran Santo Domingo las temperaturas m\u00ednimas est\u00e1n entre 18\u202f\u00b0C y 20\u202f\u00b0C y la m\u00e1xima entre 28\u202f\u00b0C y 30 \u00b0C.<\/p>\n\n\n\n<p>La Oficina Nacional de Meteorolog\u00eda (Onamet) inform\u00f3 que para este martes el pa\u00eds continuar\u00e1 influenciado por el viento del este\/noreste y un sistema de alta presi\u00f3n ubicado en el Atl\u00e1ntico central.<\/p>\n\n\n\n<p>Estos, seg\u00fan la Onamet, mantendr\u00e1n limitadas las precipitaciones sobre el territorio dominicano. Adem\u00e1s, prev\u00e9n un cielo mayormente soleado.<\/p>\n\n\n\n<p>La instituci\u00f3n manifest\u00f3 que la incidencia de los efectos del ciclo diurno as\u00ed como del viento de direcci\u00f3n este\/noreste provocar\u00e1n ocasionales incrementos de la nubosidad acompa\u00f1ados de chubascos aislados de corta duraci\u00f3n en algunas localidades de las provincias ubicadas en las regiones noreste, sureste, la llanura oriental y la Cordillera Central, principalmente en horas de la tarde.<\/p>\n\n\n\n<p>TEMPERATURAS<\/p>\n\n\n\n<p>Las temperaturas seguir\u00e1n agradables a frescas, principalmente en zonas monta\u00f1osas y valles del interior del pa\u00eds durante la noche y madrugada debido a la \u00e9poca del a\u00f1o y al viento agradable de direcci\u00f3n noreste.<\/p>\n\n\n\n<p>Para el Gran Santo Domingo las temperaturas m\u00ednimas est\u00e1n entre 18\u202f\u00b0C y 20\u202f\u00b0C y la m\u00e1xima entre 28\u202f\u00b0C y 30 \u00b0C.<\/p>\n","protected":false},"excerpt":{"rendered":"<p>Para el Gran Santo Domingo las temperaturas m\u00ednimas est\u00e1n entre 18\u202f\u00b0C y 20\u202f\u00b0C y la m\u00e1xima entre 28\u202f\u00b0C y 30 \u00b0C. La Oficina Nacional de Meteorolog\u00eda (Onamet) inform\u00f3 que para&hellip;<\/p>\n","protected":false},"author":2,"featured_media":72061,"comment_status":"open","ping_status":"open","sticky":false,"template":"","format":"standard","meta":{"content-type":"","jetpack_post_was_ever_published":false,"_jetpack_newsletter_access":"","_jetpack_dont_email_post_to_subs":false,"_jetpack_newsletter_tier_id":0,"_jetpack_memberships_contains_paywalled_content":false,"_jetpack_memberships_contains_paid_content":false,"footnotes":""},"categories":[35],"tags":[10702,10701],"class_list":["post-72060","post","type-post","status-publish","format-standard","has-post-thumbnail","hentry","category-nacionales","tag-escasas-lluvias","tag-temperaturas-agradables"],"jetpack_featured_media_url":"https:\/\/lasprimeras.com.do\/wp-content\/uploads\/2023\/12\/Dia-Soleado.jpg","jetpack-related-posts":[{"id":72108,"url":"https:\/\/lasprimeras.com.do\/index.php\/2023\/12\/27\/onamet-informa-que-se-mantiene-dominante-sistema-de-alta-presion\/","url_meta":{"origin":72060,"position":0},"title":"Onamet informa que se mantiene dominante sistema de alta presi\u00f3n","author":"Nelson Feliz","date":"27 de diciembre de 2023","format":false,"excerpt":"Precipitaciones cuantiosas escasas y temperaturas frescas. La Oficina Nacional de Meteorolog\u00eda (ONAMET), inform\u00f3 que en horas matutinas transcurrir\u00e1n con cielo de nubosidad aislada y escasas lluvias. A nivel nacional las precipitaciones cuantiosas estar\u00e1n reducidas, debido a la incidencia del sistema anticicl\u00f3nico. En la tarde y primeras horas de la noche,\u2026","rel":"","context":"En \u00abNACIONALES\u00bb","block_context":{"text":"NACIONALES","link":"https:\/\/lasprimeras.com.do\/index.php\/category\/nacionales\/"},"img":{"alt_text":"temperaturas frescas","src":"https:\/\/i0.wp.com\/lasprimeras.com.do\/wp-content\/uploads\/2023\/12\/temperaturas-frescas.jpg?resize=350%2C200&ssl=1","width":350,"height":200,"srcset":"https:\/\/i0.wp.com\/lasprimeras.com.do\/wp-content\/uploads\/2023\/12\/temperaturas-frescas.jpg?resize=350%2C200&ssl=1 1x, https:\/\/i0.wp.com\/lasprimeras.com.do\/wp-content\/uploads\/2023\/12\/temperaturas-frescas.jpg?resize=525%2C300&ssl=1 1.5x, https:\/\/i0.wp.com\/lasprimeras.com.do\/wp-content\/uploads\/2023\/12\/temperaturas-frescas.jpg?resize=700%2C400&ssl=1 2x"},"classes":[]},{"id":59635,"url":"https:\/\/lasprimeras.com.do\/index.php\/2023\/09\/06\/onamet-reporta-elevadas-temperaturas-combinada-con-el-polvo-sahariano\/","url_meta":{"origin":72060,"position":1},"title":"Onamet reporta elevadas temperaturas combinada con el polvo sahariano","author":"Nelson Feliz","date":"6 de septiembre de 2023","format":false,"excerpt":"La Oficina Nacional de Meteorolog\u00eda inform\u00f3 que este mi\u00e9rcoles, se espera que la combinaci\u00f3n del polvo sahariano y un sistema de alta presi\u00f3n al noreste en el Atl\u00e1ntico, causen condiciones de estabilidad sobre gran parte de la geograf\u00eda nacional, con cielo mayormente brumoso, elevadas temperaturas y limitadas posibilidades de lluvias.\u2026","rel":"","context":"En \u00abNACIONALES\u00bb","block_context":{"text":"NACIONALES","link":"https:\/\/lasprimeras.com.do\/index.php\/category\/nacionales\/"},"img":{"alt_text":"temperaturas","src":"https:\/\/i0.wp.com\/lasprimeras.com.do\/wp-content\/uploads\/2023\/09\/temperaturas.jpg?resize=350%2C200&ssl=1","width":350,"height":200,"srcset":"https:\/\/i0.wp.com\/lasprimeras.com.do\/wp-content\/uploads\/2023\/09\/temperaturas.jpg?resize=350%2C200&ssl=1 1x, https:\/\/i0.wp.com\/lasprimeras.com.do\/wp-content\/uploads\/2023\/09\/temperaturas.jpg?resize=525%2C300&ssl=1 1.5x, https:\/\/i0.wp.com\/lasprimeras.com.do\/wp-content\/uploads\/2023\/09\/temperaturas.jpg?resize=700%2C400&ssl=1 2x"},"classes":[]},{"id":73031,"url":"https:\/\/lasprimeras.com.do\/index.php\/2024\/01\/05\/neblina-cubre-el-gran-santo-domingo-y-el-distrito-nacional-este-viernes-temperaturas-agradables\/","url_meta":{"origin":72060,"position":2},"title":"Neblina cubre el Gran Santo Domingo y el Distrito Nacional este viernes; temperaturas agradables","author":"Nelson Feliz","date":"5 de enero de 2024","format":false,"excerpt":"La Oficina Nacional de Meteorologia((Onamet))inform\u00f3 que este viernes permanecer\u00e1 la incidencia del sistema de alta presi\u00f3n sobre nuestro territorio, favoreciendo condiciones soleadas e inhibiendo los episodios de precipitaciones. Sin embargo, los efectos del viento fresco del noreste y la orograf\u00eda local ocasionar\u00e1n algunos chubascos aislados, en horas de la tarde\u2026","rel":"","context":"En \u00abNACIONALES\u00bb","block_context":{"text":"NACIONALES","link":"https:\/\/lasprimeras.com.do\/index.php\/category\/nacionales\/"},"img":{"alt_text":"","src":"https:\/\/i0.wp.com\/lasprimeras.com.do\/wp-content\/uploads\/2024\/01\/Neblina.jpg?resize=350%2C200&ssl=1","width":350,"height":200,"srcset":"https:\/\/i0.wp.com\/lasprimeras.com.do\/wp-content\/uploads\/2024\/01\/Neblina.jpg?resize=350%2C200&ssl=1 1x, https:\/\/i0.wp.com\/lasprimeras.com.do\/wp-content\/uploads\/2024\/01\/Neblina.jpg?resize=525%2C300&ssl=1 1.5x"},"classes":[]},{"id":49853,"url":"https:\/\/lasprimeras.com.do\/index.php\/2023\/05\/15\/onamet-alerta-sobre-posibles-inundaciones-por-vaguada\/","url_meta":{"origin":72060,"position":3},"title":"Onamet alerta sobre posibles inundaciones por vaguada","author":"prenxa100","date":"15 de mayo de 2023","format":false,"excerpt":"Santo Domingo.-. La Oficina Nacional de Meteorolog\u00eda (Onamet) inform\u00f3 que una vaguada seguir\u00e1 generando lluvias sobre diferentes provincias del pa\u00eds con tormentas el\u00e9ctricas y r\u00e1fagas de viento, por lo que ocho provincias se mantienen bajo nivel de alerta meteorol\u00f3gica. Desde las primeras horas del d\u00eda, algunos aguaceros y tronadas aisladas\u2026","rel":"","context":"En \u00abNACIONALES\u00bb","block_context":{"text":"NACIONALES","link":"https:\/\/lasprimeras.com.do\/index.php\/category\/nacionales\/"},"img":{"alt_text":"","src":"","width":0,"height":0},"classes":[]},{"id":57362,"url":"https:\/\/lasprimeras.com.do\/index.php\/2023\/08\/11\/sensacion-termica-en-el-pais-oscila-entre-32-y-38-grados\/","url_meta":{"origin":72060,"position":4},"title":"Sensaci\u00f3n t\u00e9rmica en el pa\u00eds oscila entre 32 y 38 grados","author":"Nelson Feliz","date":"11 de agosto de 2023","format":false,"excerpt":"Onda tropical ubicada en Hait\u00ed se aleja de nuestro territorio. La Oficina Nacional de Meteorolog\u00eda (Onamet) informa este viernes que la humedad asociada a una onda tropical ubicada sobre Hait\u00ed que empieza a alejarse de nuestro territorio continuar\u00e1 aportando condiciones favorables para que se presenten algunos nublados acompa\u00f1ados de aguaceros,\u2026","rel":"","context":"En \u00abNACIONALES\u00bb","block_context":{"text":"NACIONALES","link":"https:\/\/lasprimeras.com.do\/index.php\/category\/nacionales\/"},"img":{"alt_text":"","src":"https:\/\/i0.wp.com\/lasprimeras.com.do\/wp-content\/uploads\/2023\/06\/calor.png?resize=350%2C200&ssl=1","width":350,"height":200,"srcset":"https:\/\/i0.wp.com\/lasprimeras.com.do\/wp-content\/uploads\/2023\/06\/calor.png?resize=350%2C200&ssl=1 1x, https:\/\/i0.wp.com\/lasprimeras.com.do\/wp-content\/uploads\/2023\/06\/calor.png?resize=525%2C300&ssl=1 1.5x, https:\/\/i0.wp.com\/lasprimeras.com.do\/wp-content\/uploads\/2023\/06\/calor.png?resize=700%2C400&ssl=1 2x"},"classes":[]},{"id":58622,"url":"https:\/\/lasprimeras.com.do\/index.php\/2023\/08\/26\/onamet-vaguada-genera-aguaceros-tormentas-electricas-y-rafagas-de-viento\/","url_meta":{"origin":72060,"position":5},"title":"ONAMET: Vaguada genera aguaceros, tormentas el\u00e9ctricas y r\u00e1fagas de viento","author":"Nelson Feliz","date":"26 de agosto de 2023","format":false,"excerpt":"Avisos y alertas meteorol\u00f3gicas vigentes en la costa atl\u00e1ntica precauci\u00f3n. La Oficina Nacional de Meteorolog\u00eda (ONAMET) mantiene vigente los niveles de avisos y alertas meteorol\u00f3gicos, debidos a las lluvias ocurridas y las que se esperan, ante posibles crecidas repentinas de r\u00edos, arroyos y ca\u00f1adas, generadores de inundaciones urbanas y\/o rurales,\u2026","rel":"","context":"En \u00abNACIONALES\u00bb","block_context":{"text":"NACIONALES","link":"https:\/\/lasprimeras.com.do\/index.php\/category\/nacionales\/"},"img":{"alt_text":"onamet","src":"https:\/\/i0.wp.com\/lasprimeras.com.do\/wp-content\/uploads\/2023\/08\/onamet-1.jpg?resize=350%2C200&ssl=1","width":350,"height":200,"srcset":"https:\/\/i0.wp.com\/lasprimeras.com.do\/wp-content\/uploads\/2023\/08\/onamet-1.jpg?resize=350%2C200&ssl=1 1x, https:\/\/i0.wp.com\/lasprimeras.com.do\/wp-content\/uploads\/2023\/08\/onamet-1.jpg?resize=525%2C300&ssl=1 1.5x"},"classes":[]}],"jetpack_sharing_enabled":true,"_links":{"self":[{"href":"https:\/\/lasprimeras.com.do\/index.php\/wp-json\/wp\/v2\/posts\/72060","targetHints":{"allow":["GET"]}}],"collection":[{"href":"https:\/\/lasprimeras.com.do\/index.php\/wp-json\/wp\/v2\/posts"}],"about":[{"href":"https:\/\/lasprimeras.com.do\/index.php\/wp-json\/wp\/v2\/types\/post"}],"author":[{"embeddable":true,"href":"https:\/\/lasprimeras.com.do\/index.php\/wp-json\/wp\/v2\/users\/2"}],"replies":[{"embeddable":true,"href":"https:\/\/lasprimeras.com.do\/index.php\/wp-json\/wp\/v2\/comments?post=72060"}],"version-history":[{"count":1,"href":"https:\/\/lasprimeras.com.do\/index.php\/wp-json\/wp\/v2\/posts\/72060\/revisions"}],"predecessor-version":[{"id":72062,"href":"https:\/\/lasprimeras.com.do\/index.php\/wp-json\/wp\/v2\/posts\/72060\/revisions\/72062"}],"wp:featuredmedia":[{"embeddable":true,"href":"https:\/\/lasprimeras.com.do\/index.php\/wp-json\/wp\/v2\/media\/72061"}],"wp:attachment":[{"href":"https:\/\/lasprimeras.com.do\/index.php\/wp-json\/wp\/v2\/media?parent=72060"}],"wp:term":[{"taxonomy":"category","embeddable":true,"href":"https:\/\/lasprimeras.com.do\/index.php\/wp-json\/wp\/v2\/categories?post=72060"},{"taxonomy":"post_tag","embeddable":true,"href":"https:\/\/lasprimeras.com.do\/index.php\/wp-json\/wp\/v2\/tags?post=72060"}],"curies":[{"name":"wp","href":"https:\/\/api.w.org\/{rel}","templated":true}]}}