{"id":72072,"date":"2023-12-26T19:02:49","date_gmt":"2023-12-26T23:02:49","guid":{"rendered":"https:\/\/lasprimeras.com.do\/?p=72072"},"modified":"2023-12-26T19:02:50","modified_gmt":"2023-12-26T23:02:50","slug":"el-deporte-dominicano-cierra-un-2023-de-exitos","status":"publish","type":"post","link":"https:\/\/lasprimeras.com.do\/index.php\/2023\/12\/26\/el-deporte-dominicano-cierra-un-2023-de-exitos\/","title":{"rendered":"El deporte dominicano cierra un 2023 de \u00e9xitos"},"content":{"rendered":"\n<p>Santo Domingo.-El deporte de Rep\u00fablica Dominicana nueva vez puso en alto la bandera nacional durante el 2023, un a\u00f1o en que los atletas dominicanos superaron las dificultades para imponerse en diferentes competencias mundiales y regionales en las que participaron.<\/p>\n\n\n\n<p>El 2023 tambi\u00e9n dej\u00f3 al deporte dominicano centenares de instalaciones, construidas y reconstruidas, como parte de un ambicioso programa de creaci\u00f3n de adecuados espacios deportivos que implementa el Gobierno, por v\u00eda del Ministerio de Deportes y Recreaci\u00f3n, en todo el territorio nacional.<\/p>\n\n\n\n<p>El apoyo del presidente Luis Abinader y el trabajo del ministro de Deportes, Francisco Camacho, fueron claves para el \u00e9xito alcanzado por el pa\u00eds a nivel internacional y en lo relativo a la creaci\u00f3n de condiciones propicias para la pr\u00e1ctica del deporte y la recreaci\u00f3n en el \u00e1mbito nacional.<\/p>\n\n\n\n<p>Las delegaciones dominicanas compitieron en este mismo a\u00f1o en los Juegos Centroamericanos y del Caribe San Salvador, Juegos Panamericanos Santiago de Chile, Juegos Parapanamericanos Santiago de Chile, Juegos Sudamericanos de Sordos, Juegos Mundiales de Olimpiadas Especiales y Juegos Escolares Centroamericanos y del Caribe Venezuela.<\/p>\n\n\n\n<p>El Ministerio de Deportes y Recreaci\u00f3n invirti\u00f3 en el deporte de alto rendimiento 1,187 millones, 365 mil, 417 pesos, lo que representa el 45.5 % del presupuesto del Miderec de los \u00faltimos tres a\u00f1os. Esa inversi\u00f3n fue fundamental para que este a\u00f1o los atletas dominicanos conquistaron un total de 229 medallas en los eventos internacional en que compitieron.<\/p>\n\n\n\n<p>El Ministerio de Deportes promovi\u00f3 un acuerdo con la aerol\u00ednea Arajet para el transporte de la delegaci\u00f3n dominicana a San Salvador en vuelos ch\u00e1rter.<\/p>\n\n\n\n<p>El gobierno del presidente Abinader, por medio del Ministerio de Deportes y Recreaci\u00f3n, dispuso la entrega de m\u00e1s de 37 millones de pesos a los atletas ganadores de medallas de oro, plata y bronce en los Juegos Centroamericanos y del Caribe San Salvador 2023, adem\u00e1s de los entrenadores, federaciones y dem\u00e1s personal de apoyo en las conquistas de esas preseas.<\/p>\n\n\n\n<p>Tambi\u00e9n para los ganadores de medallas en los Juegos Panamericanos Santiago de Chile 2023 se entreg\u00f3 un incentivo que ascendi\u00f3 a 19 millones 750 mil pesos, para ser distribuidos a los atletas, entrenadores y federaciones.<\/p>\n\n\n\n<p>Adem\u00e1s, hizo lo propio con el equipo dominicano de baloncesto que, encabezado por Karl-Anthony Towns, compiti\u00f3 en el Mundial de Baloncesto que se celebr\u00f3 en Indonesia, Filipinas y Jap\u00f3n.<\/p>\n\n\n\n<p>Asimismo, apoy\u00f3 las participaciones del seleccionado femenino de voleibol, \u201cLas Reinas del Caribe\u201d, que lograron su boleto a los Juegos Ol\u00edmpicos de Par\u00eds 2024.<br>Igualmente se rehabilitaron numerosas instalaciones en todas las provincias del pa\u00eds.<\/p>\n","protected":false},"excerpt":{"rendered":"<p>Santo Domingo.-El deporte de Rep\u00fablica Dominicana nueva vez puso en alto la bandera nacional durante el 2023, un a\u00f1o en que los atletas dominicanos superaron las dificultades para imponerse en&hellip;<\/p>\n","protected":false},"author":3,"featured_media":72073,"comment_status":"open","ping_status":"open","sticky":false,"template":"","format":"standard","meta":{"content-type":"","jetpack_post_was_ever_published":false,"_jetpack_newsletter_access":"","_jetpack_dont_email_post_to_subs":false,"_jetpack_newsletter_tier_id":0,"_jetpack_memberships_contains_paywalled_content":false,"_jetpack_memberships_contains_paid_content":false,"footnotes":""},"categories":[1],"tags":[],"class_list":["post-72072","post","type-post","status-publish","format-standard","has-post-thumbnail","hentry","category-sin-categoria"],"jetpack_featured_media_url":"https:\/\/lasprimeras.com.do\/wp-content\/uploads\/2023\/12\/Noticias-de-energia-89.webp","jetpack-related-posts":[{"id":87000,"url":"https:\/\/lasprimeras.com.do\/index.php\/2024\/08\/05\/fallece-miembro-del-pabellon-de-la-fama-del-deporte-dominicano-soterio-ramirez\/","url_meta":{"origin":72072,"position":0},"title":"Fallece miembro del Pabell\u00f3n de la Fama del Deporte Dominicano Soterio Ram\u00edrez","author":"Nelson Feliz","date":"5 de agosto de 2024","format":false,"excerpt":"Falleci\u00f3 el miembro del Pabell\u00f3n de la Fama del Deporte Dominicano, Soterio Ram\u00edrez, inform\u00f3 en su cuenta de la red social X el Ministerio de Deportes de la Rep\u00fablica Dominicana. Desde el Ministerio de Deportes y Recreaci\u00f3n, lamentamos el fallecimiento del miembro del Pabell\u00f3n de la Fama del Deporte dominicano,\u2026","rel":"","context":"En \u00abPORTADA\u00bb","block_context":{"text":"PORTADA","link":"https:\/\/lasprimeras.com.do\/index.php\/category\/portada\/"},"img":{"alt_text":"Soterio Ram\u00edrez","src":"https:\/\/i0.wp.com\/lasprimeras.com.do\/wp-content\/uploads\/2024\/08\/soterioramirez.jpg?resize=350%2C200&ssl=1","width":350,"height":200},"classes":[]},{"id":103105,"url":"https:\/\/lasprimeras.com.do\/index.php\/2025\/07\/11\/hogar-crea-dominicano-impulsa-el-deporte-en-capotillo\/","url_meta":{"origin":72072,"position":1},"title":"Hogar Crea Dominicano impulsa el deporte en Capotillo","author":"Nelson Feliz","date":"11 de julio de 2025","format":false,"excerpt":"Hogar Crea Dominicano desarroll\u00f3 una jornada deportiva en la emblem\u00e1tica calle 42 de Capotillo, del Distrito Nacional, en la que que cientos de j\u00f3venes fueron beneficiados, esto en el marco del Plan de Acci\u00f3n Comunitario de la entidad. Esta iniciativa, que busca promover la recreaci\u00f3n sana y promover el deporte\u2026","rel":"","context":"En \u00abDEPORTES\u00bb","block_context":{"text":"DEPORTES","link":"https:\/\/lasprimeras.com.do\/index.php\/category\/deportes\/"},"img":{"alt_text":"Julio Manuel D\u00edaz Capell\u00e1n","src":"https:\/\/i0.wp.com\/lasprimeras.com.do\/wp-content\/uploads\/2025\/07\/Julio-Manuel-Diaz-Capellan.jpg?resize=350%2C200&ssl=1","width":350,"height":200,"srcset":"https:\/\/i0.wp.com\/lasprimeras.com.do\/wp-content\/uploads\/2025\/07\/Julio-Manuel-Diaz-Capellan.jpg?resize=350%2C200&ssl=1 1x, https:\/\/i0.wp.com\/lasprimeras.com.do\/wp-content\/uploads\/2025\/07\/Julio-Manuel-Diaz-Capellan.jpg?resize=525%2C300&ssl=1 1.5x, https:\/\/i0.wp.com\/lasprimeras.com.do\/wp-content\/uploads\/2025\/07\/Julio-Manuel-Diaz-Capellan.jpg?resize=700%2C400&ssl=1 2x"},"classes":[]},{"id":51405,"url":"https:\/\/lasprimeras.com.do\/index.php\/2023\/05\/30\/anuncian-campeonato-nacional-de-ajedrez-universitario-2023\/","url_meta":{"origin":72072,"position":2},"title":"Anunci\u00e1n Campeonato Nacional de Ajedrez Universitario 2023","author":"prenxa100","date":"30 de mayo de 2023","format":false,"excerpt":"Santo Domingo.-. La Comisi\u00f3n Nacional de Deporte Universitario del Ministerio de Deportes y Recreaci\u00f3n en conjunto con la Federaci\u00f3n Dominicana de Ajedrez (FDA) celebrar\u00e1 el Campeonato Nacional de Ajedrez Universitario 2023, del 03 al 04 de junio en la Universidad Abierta para Adultos (UAPA) de Santo Domingo Este, con el\u2026","rel":"","context":"En \u00abSin categor\u00eda\u00bb","block_context":{"text":"Sin categor\u00eda","link":"https:\/\/lasprimeras.com.do\/index.php\/category\/sin-categoria\/"},"img":{"alt_text":"","src":"","width":0,"height":0},"classes":[]},{"id":79875,"url":"https:\/\/lasprimeras.com.do\/index.php\/2024\/04\/01\/ciudadanos-disfrutaron-de-los-juegos-deportivos-y-recreativos-en-semana-santa-2024\/","url_meta":{"origin":72072,"position":3},"title":"Ciudadanos disfrutaron de los juegos deportivos y recreativos en Semana Santa 2024","author":"BIMARY DE JES\u00daS Matos","date":"1 de abril de 2024","format":false,"excerpt":"Santo Domingo.-Decenas de vacacionistas en las distintas playas, r\u00edos y balnearios del pa\u00eds disfrutaron durante cinco d\u00edas de los Juegos Deportivos y Recreativos Semana Santa 2024, organizados por el Ministerio de Deportes y Recreaci\u00f3n. El ministro de Deportes, Francisco Camacho, calific\u00f3 como un \u00e9xito los Juegos, luego de recorrer playas\u2026","rel":"","context":"En \u00abSin categor\u00eda\u00bb","block_context":{"text":"Sin categor\u00eda","link":"https:\/\/lasprimeras.com.do\/index.php\/category\/sin-categoria\/"},"img":{"alt_text":"","src":"https:\/\/i0.wp.com\/lasprimeras.com.do\/wp-content\/uploads\/2024\/04\/MIDEREC.jpeg?resize=350%2C200&ssl=1","width":350,"height":200,"srcset":"https:\/\/i0.wp.com\/lasprimeras.com.do\/wp-content\/uploads\/2024\/04\/MIDEREC.jpeg?resize=350%2C200&ssl=1 1x, https:\/\/i0.wp.com\/lasprimeras.com.do\/wp-content\/uploads\/2024\/04\/MIDEREC.jpeg?resize=525%2C300&ssl=1 1.5x, https:\/\/i0.wp.com\/lasprimeras.com.do\/wp-content\/uploads\/2024\/04\/MIDEREC.jpeg?resize=700%2C400&ssl=1 2x, https:\/\/i0.wp.com\/lasprimeras.com.do\/wp-content\/uploads\/2024\/04\/MIDEREC.jpeg?resize=1050%2C600&ssl=1 3x"},"classes":[]},{"id":68558,"url":"https:\/\/lasprimeras.com.do\/index.php\/2023\/11\/25\/anuncian-competencias-atletismo-y-taekwondo-juegos-universitarios\/","url_meta":{"origin":72072,"position":4},"title":"Anuncian competencias atletismo y taekwondo juegos universitarios","author":"BIMARY DE JES\u00daS Matos","date":"25 de noviembre de 2023","format":false,"excerpt":"SANTO DOMINGO.- La Comisi\u00f3n de Deportes Universitario del Ministerio de Deportes anunci\u00f3 para el s\u00e1bado 25 y domingo 26, la celebraci\u00f3n de las competencias de atletismo y taekwondo, donde participar\u00e1n decenas de estudiantes\/atletas matriculados en centros de estudios superiores. Su presidente, Roque Garc\u00eda, indic\u00f3 que el atletismo se efectuar\u00e1 a\u2026","rel":"","context":"En \u00abSin categor\u00eda\u00bb","block_context":{"text":"Sin categor\u00eda","link":"https:\/\/lasprimeras.com.do\/index.php\/category\/sin-categoria\/"},"img":{"alt_text":"","src":"https:\/\/i0.wp.com\/lasprimeras.com.do\/wp-content\/uploads\/2023\/11\/Con-Total-Energies-1-6.jpg?resize=350%2C200&ssl=1","width":350,"height":200},"classes":[]},{"id":119573,"url":"https:\/\/lasprimeras.com.do\/index.php\/2026\/01\/14\/presidente-del-senado-recibe-reconocimiento-de-adoturd-por-su-apoyo-al-deporte-dominicano\/","url_meta":{"origin":72072,"position":5},"title":"Presidente del Senado recibe reconocimiento de ADOTURD por su apoyo al deporte dominicano","author":"Nelson Feliz","date":"14 de enero de 2026","format":false,"excerpt":"Por Adalgisa S\u00e1nchez La Asociaci\u00f3n Dominicana de Turismo Deportivo (ADOTURD) reconoci\u00f3 este mi\u00e9rcoles al presidente de la C\u00e1mara Alta, Ricardo de los Santos, por su trayectoria marcada por el respeto institucional, servicio y fortalecimiento del Estado democr\u00e1tico, y su respaldo al deporte de turismo y a la juventud. La distinci\u00f3n\u2026","rel":"","context":"En \u00abDEPORTES\u00bb","block_context":{"text":"DEPORTES","link":"https:\/\/lasprimeras.com.do\/index.php\/category\/deportes\/"},"img":{"alt_text":"Ricardo de los Santos","src":"https:\/\/i0.wp.com\/lasprimeras.com.do\/wp-content\/uploads\/2026\/01\/Ricardo-de-los-Santos.jpg?resize=350%2C200&ssl=1","width":350,"height":200,"srcset":"https:\/\/i0.wp.com\/lasprimeras.com.do\/wp-content\/uploads\/2026\/01\/Ricardo-de-los-Santos.jpg?resize=350%2C200&ssl=1 1x, https:\/\/i0.wp.com\/lasprimeras.com.do\/wp-content\/uploads\/2026\/01\/Ricardo-de-los-Santos.jpg?resize=525%2C300&ssl=1 1.5x, https:\/\/i0.wp.com\/lasprimeras.com.do\/wp-content\/uploads\/2026\/01\/Ricardo-de-los-Santos.jpg?resize=700%2C400&ssl=1 2x"},"classes":[]}],"jetpack_sharing_enabled":true,"_links":{"self":[{"href":"https:\/\/lasprimeras.com.do\/index.php\/wp-json\/wp\/v2\/posts\/72072","targetHints":{"allow":["GET"]}}],"collection":[{"href":"https:\/\/lasprimeras.com.do\/index.php\/wp-json\/wp\/v2\/posts"}],"about":[{"href":"https:\/\/lasprimeras.com.do\/index.php\/wp-json\/wp\/v2\/types\/post"}],"author":[{"embeddable":true,"href":"https:\/\/lasprimeras.com.do\/index.php\/wp-json\/wp\/v2\/users\/3"}],"replies":[{"embeddable":true,"href":"https:\/\/lasprimeras.com.do\/index.php\/wp-json\/wp\/v2\/comments?post=72072"}],"version-history":[{"count":1,"href":"https:\/\/lasprimeras.com.do\/index.php\/wp-json\/wp\/v2\/posts\/72072\/revisions"}],"predecessor-version":[{"id":72074,"href":"https:\/\/lasprimeras.com.do\/index.php\/wp-json\/wp\/v2\/posts\/72072\/revisions\/72074"}],"wp:featuredmedia":[{"embeddable":true,"href":"https:\/\/lasprimeras.com.do\/index.php\/wp-json\/wp\/v2\/media\/72073"}],"wp:attachment":[{"href":"https:\/\/lasprimeras.com.do\/index.php\/wp-json\/wp\/v2\/media?parent=72072"}],"wp:term":[{"taxonomy":"category","embeddable":true,"href":"https:\/\/lasprimeras.com.do\/index.php\/wp-json\/wp\/v2\/categories?post=72072"},{"taxonomy":"post_tag","embeddable":true,"href":"https:\/\/lasprimeras.com.do\/index.php\/wp-json\/wp\/v2\/tags?post=72072"}],"curies":[{"name":"wp","href":"https:\/\/api.w.org\/{rel}","templated":true}]}}