{"id":72078,"date":"2023-12-26T19:09:22","date_gmt":"2023-12-26T23:09:22","guid":{"rendered":"https:\/\/lasprimeras.com.do\/?p=72078"},"modified":"2023-12-26T19:14:23","modified_gmt":"2023-12-26T23:14:23","slug":"leonel-fernandez-celebra-70-anos-junto-a-seguidores-en-funglode","status":"publish","type":"post","link":"https:\/\/lasprimeras.com.do\/index.php\/2023\/12\/26\/leonel-fernandez-celebra-70-anos-junto-a-seguidores-en-funglode\/","title":{"rendered":"Leonel Fern\u00e1ndez celebra 70 a\u00f1os junto a seguidores en Funglode"},"content":{"rendered":"\n<p>Santo Domingo.-El expresidente Leonel Fern\u00e1ndez tuvo una celebraci\u00f3n at\u00edpica en su cumplea\u00f1os n\u00famero 70 en este d\u00eda, luego de tener un evento a puertas cerradas al p\u00fablico debido a que ten\u00eda gripe y fiebre, y que posteriormente abri\u00f3 por la presencia de decenas de seguidores y allegados.<\/p>\n\n\n\n<p>El l\u00edder pol\u00edtico, con evidente sosiego abri\u00f3 las puertas de la biblioteca de la Fundaci\u00f3n Global Democr\u00e1tica y Desarrollo (Funglode) para recibir a los inesperados presentes, ya que la actividad no estaba programada.<\/p>\n\n\n\n<p>Seguidores, allegados y compa\u00f1eros del partido hicieron largas filas para saludar, felicitar y entregar regalos al ex mandatario; con bizcochos aleg\u00f3ricos al color del partido (verde y blanco), pulseras, globos y otros bolsos sin poder identificar.<\/p>\n\n\n\n<p>Fern\u00e1ndez, con voz af\u00f3nica confirm\u00f3 que al cumplir sus 70, \u201csuper\u00f3 eso\u201d, al referirse a su estado de salud.<\/p>\n\n\n\n<p>En otro sentido, detall\u00f3 cu\u00e1les son sus expectativas con el partido y para el pr\u00f3ximo a\u00f1o.<\/p>\n\n\n\n<p>\u201cYo dije que nosotros como partido \u00edbamos a evolucionar por etapas: el 2021 fue el a\u00f1o del despegue; 2022 a\u00f1o de avance, 2023 de la consolidaci\u00f3n con dos millones de afiliados, 2024, el a\u00f1o de la victoria\u201d, asegur\u00f3 Fern\u00e1ndez.<\/p>\n\n\n\n<p>Asever\u00f3 que con dos millones de seguidores representa una masa cr\u00edtica, que reproduce el voto electoral. \u201cNosotros no somos una utop\u00eda, esto no es un sue\u00f1o y yo no he visto en ning\u00fan lugar del mundo donde alguien se reelige con un 2% de crecimiento econ\u00f3mico\u201d, dijo con sarcasmo.<\/p>\n\n\n\n<p>Entre los compa\u00f1eros presentes del partido de la FP estuvo el diputado por la provincia Santo Domingo, Ruben Maldonado.<\/p>\n\n\n\n<p>\u201cEspont\u00e1neamente la gente ha llegado y est\u00e1n saludando al presidente. Desearle toda la felicidad, que se mantenga fuerte y en salud porque el pueblo lo necesita\u201d, externo el tambi\u00e9n expresidente de la C\u00e1mara de Diputados.<\/p>\n\n\n\n<p>Maldonado tambi\u00e9n asegur\u00f3 que el l\u00edder pol\u00edtico es una necesidad nacional, ya que de su salud depende el bienestar del pa\u00eds.<\/p>\n\n\n\n<p>Una se\u00f1ora de 77 a\u00f1os, identificada como Maira, asegur\u00f3 ser una fiel seguidora de Fern\u00e1ndez y que asiste a cada cumplea\u00f1os. Se le vio entregar al presidente de la FP una pulsera y un bolso confeccionado con colores del partido y una nota con una dedicatoria, que no memoriz\u00f3.<\/p>\n","protected":false},"excerpt":{"rendered":"<p>Santo Domingo.-El expresidente Leonel Fern\u00e1ndez tuvo una celebraci\u00f3n at\u00edpica en su cumplea\u00f1os n\u00famero 70 en este d\u00eda, luego de tener un evento a puertas cerradas al p\u00fablico debido a que&hellip;<\/p>\n","protected":false},"author":3,"featured_media":72079,"comment_status":"open","ping_status":"open","sticky":false,"template":"","format":"standard","meta":{"content-type":"","jetpack_post_was_ever_published":false,"_jetpack_newsletter_access":"","_jetpack_dont_email_post_to_subs":false,"_jetpack_newsletter_tier_id":0,"_jetpack_memberships_contains_paywalled_content":false,"_jetpack_memberships_contains_paid_content":false,"footnotes":""},"categories":[1],"tags":[4671],"class_list":["post-72078","post","type-post","status-publish","format-standard","has-post-thumbnail","hentry","category-sin-categoria","tag-funglode"],"jetpack_featured_media_url":"https:\/\/lasprimeras.com.do\/wp-content\/uploads\/2023\/12\/Noticias-de-energia-89-2.jpg","jetpack-related-posts":[{"id":121675,"url":"https:\/\/lasprimeras.com.do\/index.php\/2026\/02\/03\/la-embajadora-de-los-estados-unidos-visita-al-expresidente-leonel-fernandez-en-funglode\/","url_meta":{"origin":72078,"position":0},"title":"La embajadora de los Estados Unidos visita al expresidente Leonel Fern\u00e1ndez en Funglode","author":"Nelson Feliz","date":"3 de febrero de 2026","format":false,"excerpt":"La embajadora de los Estados Unidos en la Rep\u00fablica Dominicana, Leah Francis Campos, realiz\u00f3 este martes una visita al expresidente de la Rep\u00fablica, doctor Leonel Fern\u00e1ndez, en las instalaciones de la Fundaci\u00f3n Global Democracia y Desarrollo (Funglode), donde sostuvieron un encuentro cordial que vers\u00f3 sobre diversos temas. Durante la reuni\u00f3n,\u2026","rel":"","context":"En \u00abPOLITICA\u00bb","block_context":{"text":"POLITICA","link":"https:\/\/lasprimeras.com.do\/index.php\/category\/politica\/"},"img":{"alt_text":"","src":"https:\/\/i0.wp.com\/lasprimeras.com.do\/wp-content\/uploads\/2026\/02\/leo.jpg?resize=350%2C200&ssl=1","width":350,"height":200,"srcset":"https:\/\/i0.wp.com\/lasprimeras.com.do\/wp-content\/uploads\/2026\/02\/leo.jpg?resize=350%2C200&ssl=1 1x, https:\/\/i0.wp.com\/lasprimeras.com.do\/wp-content\/uploads\/2026\/02\/leo.jpg?resize=525%2C300&ssl=1 1.5x"},"classes":[]},{"id":109655,"url":"https:\/\/lasprimeras.com.do\/index.php\/2025\/09\/21\/leonel-fernandez-recibe-en-funglode-a-faride-raful-y-a-la-comision-de-reforma-policial\/","url_meta":{"origin":72078,"position":1},"title":"Leonel Fern\u00e1ndez recibe en Funglode a Faride Raful y a la Comisi\u00f3n de Reforma Policial","author":"Nelson Feliz","date":"21 de septiembre de 2025","format":false,"excerpt":"El expresidente y l\u00edder de Fuerza del Pueblo sostuvo un encuentro en el que se present\u00f3 el anteproyecto de ley de reforma policial. El presidente de la Fuerza del Pueblo y expresidente de la Rep\u00fablica, Leonel Fern\u00e1ndez, recibi\u00f3 en la sede de la Fundaci\u00f3n Global Democracia y Desarrollo (Funglode) a\u2026","rel":"","context":"En \u00abPOLITICA\u00bb","block_context":{"text":"POLITICA","link":"https:\/\/lasprimeras.com.do\/index.php\/category\/politica\/"},"img":{"alt_text":"","src":"","width":0,"height":0},"classes":[]},{"id":109995,"url":"https:\/\/lasprimeras.com.do\/index.php\/2025\/09\/24\/victor-pavon-pondera-el-exito-y-apoyo-masivo-recibe-leonel-en-nueva-york\/","url_meta":{"origin":72078,"position":2},"title":"V\u00edctor Pav\u00f3n pondera el \u00e9xito y apoyo masivo recibe Leonel en Nueva York","author":"Nelson Feliz","date":"24 de septiembre de 2025","format":false,"excerpt":"Estados Unidos.- El alto dirigente del partido Fuerza del Pueblo (FP), empresario V\u00edctor Pav\u00f3n, ponder\u00f3 hoy el \u00e9xito y el apoyo masivo que la di\u00e1spora dominicana le ha dispensado al ex presidente de la Rep\u00fablica, Leonel Fern\u00e1ndez en su periplo pol\u00edtico y educativo por la ciudad de Nueva York. Pav\u00f3n,\u2026","rel":"","context":"En \u00abPOLITICA\u00bb","block_context":{"text":"POLITICA","link":"https:\/\/lasprimeras.com.do\/index.php\/category\/politica\/"},"img":{"alt_text":"","src":"https:\/\/i0.wp.com\/lasprimeras.com.do\/wp-content\/uploads\/2025\/09\/Victor-Pavon-2.jpg?resize=350%2C200&ssl=1","width":350,"height":200,"srcset":"https:\/\/i0.wp.com\/lasprimeras.com.do\/wp-content\/uploads\/2025\/09\/Victor-Pavon-2.jpg?resize=350%2C200&ssl=1 1x, https:\/\/i0.wp.com\/lasprimeras.com.do\/wp-content\/uploads\/2025\/09\/Victor-Pavon-2.jpg?resize=525%2C300&ssl=1 1.5x, https:\/\/i0.wp.com\/lasprimeras.com.do\/wp-content\/uploads\/2025\/09\/Victor-Pavon-2.jpg?resize=700%2C400&ssl=1 2x"},"classes":[]},{"id":118318,"url":"https:\/\/lasprimeras.com.do\/index.php\/2025\/12\/26\/leonel-fernandez-arriba-a-los-72-anos-con-criticas-al-gobierno-el-2025-ha-sido-un-ano-horrible-para-el-pais\/","url_meta":{"origin":72078,"position":3},"title":"Leonel Fern\u00e1ndez arriba a los 72 a\u00f1os con cr\u00edticas al Gobierno: \u201cEl 2025 ha sido un a\u00f1o horrible para el pa\u00eds\u201d","author":"Nelson Feliz","date":"26 de diciembre de 2025","format":false,"excerpt":"Leonel Fern\u00e1ndez","rel":"","context":"En \u00abPOLITICA\u00bb","block_context":{"text":"POLITICA","link":"https:\/\/lasprimeras.com.do\/index.php\/category\/politica\/"},"img":{"alt_text":"Leonel Fern\u00e1ndez","src":"https:\/\/i0.wp.com\/lasprimeras.com.do\/wp-content\/uploads\/2025\/12\/Leonel-Fernandez-1-1.jpg?resize=350%2C200&ssl=1","width":350,"height":200,"srcset":"https:\/\/i0.wp.com\/lasprimeras.com.do\/wp-content\/uploads\/2025\/12\/Leonel-Fernandez-1-1.jpg?resize=350%2C200&ssl=1 1x, https:\/\/i0.wp.com\/lasprimeras.com.do\/wp-content\/uploads\/2025\/12\/Leonel-Fernandez-1-1.jpg?resize=525%2C300&ssl=1 1.5x, https:\/\/i0.wp.com\/lasprimeras.com.do\/wp-content\/uploads\/2025\/12\/Leonel-Fernandez-1-1.jpg?resize=700%2C400&ssl=1 2x"},"classes":[]},{"id":102268,"url":"https:\/\/lasprimeras.com.do\/index.php\/2025\/07\/02\/abinader-visitara-este-jueves-al-expresidente-leonel-fernandez-para-continuar-dialogo-sobre-crisis-haitiana\/","url_meta":{"origin":72078,"position":4},"title":"Abinader visitar\u00e1 este jueves al expresidente Leonel Fern\u00e1ndez para continuar di\u00e1logo sobre crisis haitiana","author":"Nelson Feliz","date":"2 de julio de 2025","format":false,"excerpt":"La visita se realizar\u00e1 a las 11:00 a.m. en la Fundaci\u00f3n Global Democracia y Desarrollo (FUNGLODE) El presidente Luis Abinader visitar\u00e1 este jueves al exmandatario Leonel Fern\u00e1ndez para continuar el proceso de di\u00e1logo con el fin de abordar de manera conjunta y responsable la crisis haitiana y sus implicaciones para\u2026","rel":"","context":"En \u00abNACIONALES\u00bb","block_context":{"text":"NACIONALES","link":"https:\/\/lasprimeras.com.do\/index.php\/category\/nacionales\/"},"img":{"alt_text":"","src":"https:\/\/i0.wp.com\/lasprimeras.com.do\/wp-content\/uploads\/2025\/07\/Luis-Abinader-7.jpg?resize=350%2C200&ssl=1","width":350,"height":200,"srcset":"https:\/\/i0.wp.com\/lasprimeras.com.do\/wp-content\/uploads\/2025\/07\/Luis-Abinader-7.jpg?resize=350%2C200&ssl=1 1x, https:\/\/i0.wp.com\/lasprimeras.com.do\/wp-content\/uploads\/2025\/07\/Luis-Abinader-7.jpg?resize=525%2C300&ssl=1 1.5x, https:\/\/i0.wp.com\/lasprimeras.com.do\/wp-content\/uploads\/2025\/07\/Luis-Abinader-7.jpg?resize=700%2C400&ssl=1 2x"},"classes":[]},{"id":102805,"url":"https:\/\/lasprimeras.com.do\/index.php\/2025\/07\/08\/leonel-fernandez-la-humanidad-necesita-una-ia-mas-incluyente-que-empodere-a-las-personas\/","url_meta":{"origin":72078,"position":5},"title":"Leonel Fern\u00e1ndez: La humanidad necesita una IA m\u00e1s incluyente, \u201cque empodere a las personas\u201d","author":"Nelson Feliz","date":"8 de julio de 2025","format":false,"excerpt":"Durante la apertura del V Foro Global @ Casa de Campo, el expresidente dominicano hizo un recorrido hist\u00f3rico sobre el desarrollo de la IA y alert\u00f3 sobre sus retos \u00e9ticos, geopol\u00edticos y sociales. El expresidente de la Rep\u00fablica, Leonel Fern\u00e1ndez, afirm\u00f3 que la humanidad necesita una inteligencia artificial \u201cm\u00e1s incluyente,\u2026","rel":"","context":"En \u00abNACIONALES\u00bb","block_context":{"text":"NACIONALES","link":"https:\/\/lasprimeras.com.do\/index.php\/category\/nacionales\/"},"img":{"alt_text":"Leonel Fern\u00e1ndez","src":"https:\/\/i0.wp.com\/lasprimeras.com.do\/wp-content\/uploads\/2025\/07\/Leonel-Fernandez-1.jpg?resize=350%2C200&ssl=1","width":350,"height":200,"srcset":"https:\/\/i0.wp.com\/lasprimeras.com.do\/wp-content\/uploads\/2025\/07\/Leonel-Fernandez-1.jpg?resize=350%2C200&ssl=1 1x, https:\/\/i0.wp.com\/lasprimeras.com.do\/wp-content\/uploads\/2025\/07\/Leonel-Fernandez-1.jpg?resize=525%2C300&ssl=1 1.5x, https:\/\/i0.wp.com\/lasprimeras.com.do\/wp-content\/uploads\/2025\/07\/Leonel-Fernandez-1.jpg?resize=700%2C400&ssl=1 2x"},"classes":[]}],"jetpack_sharing_enabled":true,"_links":{"self":[{"href":"https:\/\/lasprimeras.com.do\/index.php\/wp-json\/wp\/v2\/posts\/72078","targetHints":{"allow":["GET"]}}],"collection":[{"href":"https:\/\/lasprimeras.com.do\/index.php\/wp-json\/wp\/v2\/posts"}],"about":[{"href":"https:\/\/lasprimeras.com.do\/index.php\/wp-json\/wp\/v2\/types\/post"}],"author":[{"embeddable":true,"href":"https:\/\/lasprimeras.com.do\/index.php\/wp-json\/wp\/v2\/users\/3"}],"replies":[{"embeddable":true,"href":"https:\/\/lasprimeras.com.do\/index.php\/wp-json\/wp\/v2\/comments?post=72078"}],"version-history":[{"count":1,"href":"https:\/\/lasprimeras.com.do\/index.php\/wp-json\/wp\/v2\/posts\/72078\/revisions"}],"predecessor-version":[{"id":72080,"href":"https:\/\/lasprimeras.com.do\/index.php\/wp-json\/wp\/v2\/posts\/72078\/revisions\/72080"}],"wp:featuredmedia":[{"embeddable":true,"href":"https:\/\/lasprimeras.com.do\/index.php\/wp-json\/wp\/v2\/media\/72079"}],"wp:attachment":[{"href":"https:\/\/lasprimeras.com.do\/index.php\/wp-json\/wp\/v2\/media?parent=72078"}],"wp:term":[{"taxonomy":"category","embeddable":true,"href":"https:\/\/lasprimeras.com.do\/index.php\/wp-json\/wp\/v2\/categories?post=72078"},{"taxonomy":"post_tag","embeddable":true,"href":"https:\/\/lasprimeras.com.do\/index.php\/wp-json\/wp\/v2\/tags?post=72078"}],"curies":[{"name":"wp","href":"https:\/\/api.w.org\/{rel}","templated":true}]}}