{"id":72081,"date":"2023-12-26T19:13:33","date_gmt":"2023-12-26T23:13:33","guid":{"rendered":"https:\/\/lasprimeras.com.do\/?p=72081"},"modified":"2023-12-26T19:14:41","modified_gmt":"2023-12-26T23:14:41","slug":"cerraran-desde-hoy-elevados-pasos-a-desnivel-y-puentes-para-mantenimiento","status":"publish","type":"post","link":"https:\/\/lasprimeras.com.do\/index.php\/2023\/12\/26\/cerraran-desde-hoy-elevados-pasos-a-desnivel-y-puentes-para-mantenimiento\/","title":{"rendered":"Cerrar\u00e1n desde hoy elevados, pasos a desnivel y puentes para mantenimiento"},"content":{"rendered":"\n<p>Santo Domingo.-El Ministerio de Obras P\u00fablicas inform\u00f3 este martes el cierre de diversas estructuras ubicadas en el Gran Santo Domingo, como son pasos a desnivel y puentes que ser\u00e1n sometidos a acondicionamiento.<\/p>\n\n\n\n<p>Dentro de las labores habr\u00e1 limpieza, iluminaci\u00f3n. Los trabajos se inician hoy y durar\u00e1n hasta el 30 de este mes.<\/p>\n\n\n\n<p>En todos los casos, los horarios de cierre abarcan de 10:00 de la noche a 5:00 de la ma\u00f1ana del d\u00eda siguiente.<\/p>\n","protected":false},"excerpt":{"rendered":"<p>Santo Domingo.-El Ministerio de Obras P\u00fablicas inform\u00f3 este martes el cierre de diversas estructuras ubicadas en el Gran Santo Domingo, como son pasos a desnivel y puentes que ser\u00e1n sometidos&hellip;<\/p>\n","protected":false},"author":3,"featured_media":72082,"comment_status":"open","ping_status":"open","sticky":false,"template":"","format":"standard","meta":{"content-type":"","jetpack_post_was_ever_published":false,"_jetpack_newsletter_access":"","_jetpack_dont_email_post_to_subs":false,"_jetpack_newsletter_tier_id":0,"_jetpack_memberships_contains_paywalled_content":false,"_jetpack_memberships_contains_paid_content":false,"footnotes":""},"categories":[25],"tags":[3777],"class_list":["post-72081","post","type-post","status-publish","format-standard","has-post-thumbnail","hentry","category-portada","tag-mopc"],"jetpack_featured_media_url":"https:\/\/lasprimeras.com.do\/wp-content\/uploads\/2023\/12\/Noticias-de-energia-89-3.jpg","jetpack-related-posts":[{"id":62105,"url":"https:\/\/lasprimeras.com.do\/index.php\/2023\/10\/03\/cierran-hasta-el-sabado-pasos-a-desnivel-y-puentes\/","url_meta":{"origin":72081,"position":0},"title":"Cierran hasta el s\u00e1bado pasos a desnivel y puentes","author":"BIMARY DE JES\u00daS Matos","date":"3 de octubre de 2023","format":false,"excerpt":"Santo Domingo.-El Ministerio de Obras P\u00fablicas y Comunicaciones (MOPC) inform\u00f3 que cerrar\u00e1 al tr\u00e1nsito vehicular en el Gran Santo Domingo \u2013a partir de este lunes 2 y hasta el s\u00e1bado 7 de octubre\u2013 distintos pasos a desnivel, incluidos puentes, con el prop\u00f3sito de realizar trabajos de remozamiento en esas estructuras.\u2026","rel":"","context":"En \u00abNACIONALES\u00bb","block_context":{"text":"NACIONALES","link":"https:\/\/lasprimeras.com.do\/index.php\/category\/nacionales\/"},"img":{"alt_text":"","src":"https:\/\/i0.wp.com\/lasprimeras.com.do\/wp-content\/uploads\/2023\/10\/WhatsApp-Image-2023-10-02-at-6.21.27-PM-1.jpeg?resize=350%2C200&ssl=1","width":350,"height":200,"srcset":"https:\/\/i0.wp.com\/lasprimeras.com.do\/wp-content\/uploads\/2023\/10\/WhatsApp-Image-2023-10-02-at-6.21.27-PM-1.jpeg?resize=350%2C200&ssl=1 1x, https:\/\/i0.wp.com\/lasprimeras.com.do\/wp-content\/uploads\/2023\/10\/WhatsApp-Image-2023-10-02-at-6.21.27-PM-1.jpeg?resize=525%2C300&ssl=1 1.5x, https:\/\/i0.wp.com\/lasprimeras.com.do\/wp-content\/uploads\/2023\/10\/WhatsApp-Image-2023-10-02-at-6.21.27-PM-1.jpeg?resize=700%2C400&ssl=1 2x"},"classes":[]},{"id":71408,"url":"https:\/\/lasprimeras.com.do\/index.php\/2023\/12\/19\/obras-publicas-cierra-desde-este-martes-y-hasta-el-sabado-pasos-a-desnivel-tuneles-y-elevados-para-mantenimiento\/","url_meta":{"origin":72081,"position":1},"title":"Obras P\u00fablicas cierra desde este martes y hasta el s\u00e1bado pasos a desnivel, t\u00faneles y elevados para mantenimiento","author":"BIMARY DE JES\u00daS Matos","date":"19 de diciembre de 2023","format":false,"excerpt":"Santo Domingo.-El Ministerio de Obras P\u00fablicas y Comunicaciones (MOPC) cerrar\u00e1 a partir de este martes 19 y hasta el s\u00e1bado 23 de diciembre diversas estructuras, que incluyen pasos a desnivel y puentes del Gran Santo Domingo, a fin de realizar trabajos de acondicionamiento. En todos los casos, los horarios de\u2026","rel":"","context":"En \u00abPORTADA\u00bb","block_context":{"text":"PORTADA","link":"https:\/\/lasprimeras.com.do\/index.php\/category\/portada\/"},"img":{"alt_text":"","src":"https:\/\/i0.wp.com\/lasprimeras.com.do\/wp-content\/uploads\/2023\/12\/Noticias-5.webp?resize=350%2C200&ssl=1","width":350,"height":200,"srcset":"https:\/\/i0.wp.com\/lasprimeras.com.do\/wp-content\/uploads\/2023\/12\/Noticias-5.webp?resize=350%2C200&ssl=1 1x, https:\/\/i0.wp.com\/lasprimeras.com.do\/wp-content\/uploads\/2023\/12\/Noticias-5.webp?resize=525%2C300&ssl=1 1.5x, https:\/\/i0.wp.com\/lasprimeras.com.do\/wp-content\/uploads\/2023\/12\/Noticias-5.webp?resize=700%2C400&ssl=1 2x, https:\/\/i0.wp.com\/lasprimeras.com.do\/wp-content\/uploads\/2023\/12\/Noticias-5.webp?resize=1050%2C600&ssl=1 3x, https:\/\/i0.wp.com\/lasprimeras.com.do\/wp-content\/uploads\/2023\/12\/Noticias-5.webp?resize=1400%2C800&ssl=1 4x"},"classes":[]},{"id":72723,"url":"https:\/\/lasprimeras.com.do\/index.php\/2024\/01\/02\/mopc-cierra-esta-semana-distintos-pasos-a-desnivel-por-mantenimiento\/","url_meta":{"origin":72081,"position":2},"title":"MOPC cierra esta semana distintos pasos a desnivel por mantenimiento","author":"BIMARY DE JES\u00daS Matos","date":"2 de enero de 2024","format":false,"excerpt":"Santo Domingo.-El Ministerio de Obras P\u00fablicas y Comunicaciones (MOPC) cerrar\u00e1 a partir de este martes 2 y hasta el s\u00e1bado 6 de enero diversas estructuras ubicadas en el Gran Santo Domingo, que incluyen pasos a desnivel y puentes, a fin de realizar trabajos de acondicionamiento. En todos los casos, los\u2026","rel":"","context":"En \u00abPORTADA\u00bb","block_context":{"text":"PORTADA","link":"https:\/\/lasprimeras.com.do\/index.php\/category\/portada\/"},"img":{"alt_text":"","src":"https:\/\/i0.wp.com\/lasprimeras.com.do\/wp-content\/uploads\/2024\/01\/WhatsApp-Image-2024-01-02-at-2.04.35-PM-1.jpeg?resize=350%2C200&ssl=1","width":350,"height":200,"srcset":"https:\/\/i0.wp.com\/lasprimeras.com.do\/wp-content\/uploads\/2024\/01\/WhatsApp-Image-2024-01-02-at-2.04.35-PM-1.jpeg?resize=350%2C200&ssl=1 1x, https:\/\/i0.wp.com\/lasprimeras.com.do\/wp-content\/uploads\/2024\/01\/WhatsApp-Image-2024-01-02-at-2.04.35-PM-1.jpeg?resize=525%2C300&ssl=1 1.5x"},"classes":[]},{"id":75210,"url":"https:\/\/lasprimeras.com.do\/index.php\/2024\/01\/30\/obras-publicas-cierra-desde-este-martes-y-hasta-el-sabado-pasos-a-desnivel-tuneles-y-elevados-por-mantenimiento\/","url_meta":{"origin":72081,"position":3},"title":"Obras P\u00fablicas cierra desde este martes y hasta el s\u00e1bado pasos a desnivel, t\u00faneles y elevados por mantenimiento","author":"BIMARY DE JES\u00daS Matos","date":"30 de enero de 2024","format":false,"excerpt":"SANTO DOMINGO.-El Ministerio de Obras P\u00fablicas y Comunicaciones (MOPC) cerrar\u00e1 a partir de este martes 30 de enero y hasta el s\u00e1bado 3 de febrero diversas estructuras, que incluyen pasos a desnivel y puentes del Gran Santo Domingo, a fin de realizar trabajos de acondicionamiento. Los horarios de cierre abarcan\u2026","rel":"","context":"En \u00abPORTADA\u00bb","block_context":{"text":"PORTADA","link":"https:\/\/lasprimeras.com.do\/index.php\/category\/portada\/"},"img":{"alt_text":"","src":"https:\/\/i0.wp.com\/lasprimeras.com.do\/wp-content\/uploads\/2024\/01\/Diseno-sin-titulo-8-4.webp?resize=350%2C200&ssl=1","width":350,"height":200,"srcset":"https:\/\/i0.wp.com\/lasprimeras.com.do\/wp-content\/uploads\/2024\/01\/Diseno-sin-titulo-8-4.webp?resize=350%2C200&ssl=1 1x, https:\/\/i0.wp.com\/lasprimeras.com.do\/wp-content\/uploads\/2024\/01\/Diseno-sin-titulo-8-4.webp?resize=525%2C300&ssl=1 1.5x, https:\/\/i0.wp.com\/lasprimeras.com.do\/wp-content\/uploads\/2024\/01\/Diseno-sin-titulo-8-4.webp?resize=700%2C400&ssl=1 2x, https:\/\/i0.wp.com\/lasprimeras.com.do\/wp-content\/uploads\/2024\/01\/Diseno-sin-titulo-8-4.webp?resize=1050%2C600&ssl=1 3x, https:\/\/i0.wp.com\/lasprimeras.com.do\/wp-content\/uploads\/2024\/01\/Diseno-sin-titulo-8-4.webp?resize=1400%2C800&ssl=1 4x"},"classes":[]},{"id":70443,"url":"https:\/\/lasprimeras.com.do\/index.php\/2023\/12\/11\/mopc-cerrara-desde-este-lunes-hasta-sabado-50-pasos-a-desnivel\/","url_meta":{"origin":72081,"position":4},"title":"MOPC cerrar\u00e1 desde este lunes hasta s\u00e1bado 50 pasos a desnivel","author":"BIMARY DE JES\u00daS Matos","date":"11 de diciembre de 2023","format":false,"excerpt":"SANTO DOMINGO.- Un total de 50 pasos a desnivel ubicados en el Gran Santo Domingo, que incluyen t\u00faneles, elevados y puentes, ser\u00e1n cerrados a partir de la noche de este lunes y hasta el s\u00e1bado. La informaci\u00f3n la dio a conocer el Ministerio de Obras P\u00fablicas y Comunicaciones, el cual\u2026","rel":"","context":"En \u00abPORTADA\u00bb","block_context":{"text":"PORTADA","link":"https:\/\/lasprimeras.com.do\/index.php\/category\/portada\/"},"img":{"alt_text":"","src":"https:\/\/i0.wp.com\/lasprimeras.com.do\/wp-content\/uploads\/2023\/12\/Leonel-acusa-al-gobierno-de-incumplidores-y-mala-paga-que-lleva-a-la-quiebra-agricultores-3.jpg?resize=350%2C200&ssl=1","width":350,"height":200},"classes":[]},{"id":67832,"url":"https:\/\/lasprimeras.com.do\/index.php\/2023\/11\/19\/gobierno-anuncia-desvios-por-trabajos-en-tramo-del-paso-a-desnivel-que-colapso\/","url_meta":{"origin":72081,"position":5},"title":"Gobierno anuncia desv\u00edos por trabajos en tramo del paso a desnivel que colaps\u00f3","author":"Nelson Feliz","date":"19 de noviembre de 2023","format":false,"excerpt":"El Metro de Santo Domingo y la OMSA extienden sus horarios. El Gobierno anunci\u00f3 la noche de este domingo las rutas alternas para los veh\u00edculos que se desplazaban por el paso a desnivel de la intersecci\u00f3n 27 de Febrero, esquina M\u00e1ximo G\u00f3mez, el cual sufri\u00f3 un colaps\u00f3 en uno de\u2026","rel":"","context":"En \u00abNACIONALES\u00bb","block_context":{"text":"NACIONALES","link":"https:\/\/lasprimeras.com.do\/index.php\/category\/nacionales\/"},"img":{"alt_text":"","src":"https:\/\/i0.wp.com\/lasprimeras.com.do\/wp-content\/uploads\/2023\/11\/joel-santos-rutas-alternas-focus-0-0-896-504.jpg?resize=350%2C200&ssl=1","width":350,"height":200,"srcset":"https:\/\/i0.wp.com\/lasprimeras.com.do\/wp-content\/uploads\/2023\/11\/joel-santos-rutas-alternas-focus-0-0-896-504.jpg?resize=350%2C200&ssl=1 1x, https:\/\/i0.wp.com\/lasprimeras.com.do\/wp-content\/uploads\/2023\/11\/joel-santos-rutas-alternas-focus-0-0-896-504.jpg?resize=525%2C300&ssl=1 1.5x, https:\/\/i0.wp.com\/lasprimeras.com.do\/wp-content\/uploads\/2023\/11\/joel-santos-rutas-alternas-focus-0-0-896-504.jpg?resize=700%2C400&ssl=1 2x"},"classes":[]}],"jetpack_sharing_enabled":true,"_links":{"self":[{"href":"https:\/\/lasprimeras.com.do\/index.php\/wp-json\/wp\/v2\/posts\/72081","targetHints":{"allow":["GET"]}}],"collection":[{"href":"https:\/\/lasprimeras.com.do\/index.php\/wp-json\/wp\/v2\/posts"}],"about":[{"href":"https:\/\/lasprimeras.com.do\/index.php\/wp-json\/wp\/v2\/types\/post"}],"author":[{"embeddable":true,"href":"https:\/\/lasprimeras.com.do\/index.php\/wp-json\/wp\/v2\/users\/3"}],"replies":[{"embeddable":true,"href":"https:\/\/lasprimeras.com.do\/index.php\/wp-json\/wp\/v2\/comments?post=72081"}],"version-history":[{"count":1,"href":"https:\/\/lasprimeras.com.do\/index.php\/wp-json\/wp\/v2\/posts\/72081\/revisions"}],"predecessor-version":[{"id":72083,"href":"https:\/\/lasprimeras.com.do\/index.php\/wp-json\/wp\/v2\/posts\/72081\/revisions\/72083"}],"wp:featuredmedia":[{"embeddable":true,"href":"https:\/\/lasprimeras.com.do\/index.php\/wp-json\/wp\/v2\/media\/72082"}],"wp:attachment":[{"href":"https:\/\/lasprimeras.com.do\/index.php\/wp-json\/wp\/v2\/media?parent=72081"}],"wp:term":[{"taxonomy":"category","embeddable":true,"href":"https:\/\/lasprimeras.com.do\/index.php\/wp-json\/wp\/v2\/categories?post=72081"},{"taxonomy":"post_tag","embeddable":true,"href":"https:\/\/lasprimeras.com.do\/index.php\/wp-json\/wp\/v2\/tags?post=72081"}],"curies":[{"name":"wp","href":"https:\/\/api.w.org\/{rel}","templated":true}]}}