{"id":72097,"date":"2023-12-26T22:27:00","date_gmt":"2023-12-27T02:27:00","guid":{"rendered":"https:\/\/lasprimeras.com.do\/?p=72097"},"modified":"2023-12-26T22:27:02","modified_gmt":"2023-12-27T02:27:02","slug":"el-prd-declara-tregua-politica-por-festividades-de-ano-nuevo","status":"publish","type":"post","link":"https:\/\/lasprimeras.com.do\/index.php\/2023\/12\/26\/el-prd-declara-tregua-politica-por-festividades-de-ano-nuevo\/","title":{"rendered":"El PRD declara tregua pol\u00edtica por festividades de A\u00f1o Nuevo"},"content":{"rendered":"\n<p>El Partido Revolucionario Dominicano (PRD), orientado por su presidente Miguel Vargas Maldonado, e inspirado en la preservaci\u00f3n y promoci\u00f3n del esp\u00edritu de la Navidad, dispuso una tregua prenavide\u00f1a hasta pasada la celebraci\u00f3n de A\u00f1o Nuevo.<\/p>\n\n\n\n<p>Esta pausa pol\u00edtica, por motivo de las festividades, detiene el accionar partidario, pero no la firmeza de prop\u00f3sitos, aclar\u00f3 la organizaci\u00f3n en una nota de prensa.<\/p>\n\n\n\n<p>\u201cNuestro liderazgo se prepara en una campa\u00f1a, no solo con candidaturas sino con propuestas y una oferta distinta, que se coronar\u00e1 con el triunfo de la Alianza Opositora Rescate RD el pr\u00f3ximo 18 de febrero y, posteriormente, en mayo del 2024\u201d, indic\u00f3.<\/p>\n\n\n\n<p>\u201cReiteramos nuestros votos, deseando los mejores parabienes al pueblo dominicano y le aseguramos que trabajamos por un futuro mejor para nuestra gente. \u00a1Somos dominicanos! \u00a1Somos revolucionarios!\u201d, puntualiz\u00f3.<\/p>\n","protected":false},"excerpt":{"rendered":"<p>El Partido Revolucionario Dominicano (PRD), orientado por su presidente Miguel Vargas Maldonado, e inspirado en la preservaci\u00f3n y promoci\u00f3n del esp\u00edritu de la Navidad, dispuso una tregua prenavide\u00f1a hasta pasada&hellip;<\/p>\n","protected":false},"author":2,"featured_media":72098,"comment_status":"open","ping_status":"open","sticky":false,"template":"","format":"standard","meta":{"content-type":"","jetpack_post_was_ever_published":false,"_jetpack_newsletter_access":"","_jetpack_dont_email_post_to_subs":false,"_jetpack_newsletter_tier_id":0,"_jetpack_memberships_contains_paywalled_content":false,"_jetpack_memberships_contains_paid_content":false,"footnotes":""},"categories":[25],"tags":[10575,10147,575,10707],"class_list":["post-72097","post","type-post","status-publish","format-standard","has-post-thumbnail","hentry","category-portada","tag-ano-nuevo","tag-festividades","tag-prd","tag-tregua-politica"],"jetpack_featured_media_url":"https:\/\/lasprimeras.com.do\/wp-content\/uploads\/2023\/12\/NAVIDAD-1.jpg","jetpack-related-posts":[{"id":71537,"url":"https:\/\/lasprimeras.com.do\/index.php\/2023\/12\/20\/abinader-apoya-tregua-politica-y-llama-a-compartir-en-familia-festividades\/","url_meta":{"origin":72097,"position":0},"title":"Abinader apoya tregua pol\u00edtica y llama a compartir en familia festividades","author":"BIMARY DE JES\u00daS Matos","date":"20 de diciembre de 2023","format":false,"excerpt":"SANTO DOMINGO.\u2013 El presidente de la Rep\u00fablica, Luis Abinader favoreci\u00f3 que los partidos pol\u00edticos se aboquen a una tregua pol\u00edtica, de cara a las festividades navide\u00f1as. \u201cEstamos de acuerdo con la tregua\u201d, manifest\u00f3 el mandatario tras encabezar la graduaci\u00f3n de cadetes de la Fuerza A\u00e9rea de Rep\u00fablica Dominicana (FARD). Consider\u00f3\u2026","rel":"","context":"En \u00abSin categor\u00eda\u00bb","block_context":{"text":"Sin categor\u00eda","link":"https:\/\/lasprimeras.com.do\/index.php\/category\/sin-categoria\/"},"img":{"alt_text":"","src":"https:\/\/i0.wp.com\/lasprimeras.com.do\/wp-content\/uploads\/2023\/12\/Noticias-19-3.webp?resize=350%2C200&ssl=1","width":350,"height":200,"srcset":"https:\/\/i0.wp.com\/lasprimeras.com.do\/wp-content\/uploads\/2023\/12\/Noticias-19-3.webp?resize=350%2C200&ssl=1 1x, https:\/\/i0.wp.com\/lasprimeras.com.do\/wp-content\/uploads\/2023\/12\/Noticias-19-3.webp?resize=525%2C300&ssl=1 1.5x"},"classes":[]},{"id":71742,"url":"https:\/\/lasprimeras.com.do\/index.php\/2023\/12\/22\/tregua-politica-palidece-oposicion-acusa-al-prm-de-estar-desesperado\/","url_meta":{"origin":72097,"position":1},"title":"Tregua pol\u00edtica palidece; oposici\u00f3n acusa al PRM de estar desesperado","author":"BIMARY DE JES\u00daS Matos","date":"22 de diciembre de 2023","format":false,"excerpt":"SANTO DOMINGO.-La tregua pol\u00edtica por Navidad peligra pues, tras un comunicado del Partido Revolucionario Moderno (PRM) acusando a la oposici\u00f3n de boicotear el Gobierno con acciones de descr\u00e9dito a partir del pr\u00f3ximo a\u00f1o, encontr\u00f3 severas respuestas entre dirigentes de los partidos que integran la alianza electoral Rescate RD. Janet Camilo,\u2026","rel":"","context":"En \u00abSin categor\u00eda\u00bb","block_context":{"text":"Sin categor\u00eda","link":"https:\/\/lasprimeras.com.do\/index.php\/category\/sin-categoria\/"},"img":{"alt_text":"","src":"https:\/\/i0.wp.com\/lasprimeras.com.do\/wp-content\/uploads\/2023\/12\/Noticias-de-energia-52.webp?resize=350%2C200&ssl=1","width":350,"height":200,"srcset":"https:\/\/i0.wp.com\/lasprimeras.com.do\/wp-content\/uploads\/2023\/12\/Noticias-de-energia-52.webp?resize=350%2C200&ssl=1 1x, https:\/\/i0.wp.com\/lasprimeras.com.do\/wp-content\/uploads\/2023\/12\/Noticias-de-energia-52.webp?resize=525%2C300&ssl=1 1.5x"},"classes":[]},{"id":71832,"url":"https:\/\/lasprimeras.com.do\/index.php\/2023\/12\/23\/prd-dice-no-se-dejara-provocar-por-comunicado-del-prm\/","url_meta":{"origin":72097,"position":2},"title":"PRD dice no se dejar\u00e1 provocar por comunicado del PRM","author":"BIMARY DE JES\u00daS Matos","date":"23 de diciembre de 2023","format":false,"excerpt":"Santo Domingo.-El Partido Revolucionario Dominicano (PRD), dijo el d\u00eda de hoy que no se dejar\u00e1 provocar por el partido de gobierno, a ra\u00edz de un comunicado publicado ayer por esta organizaci\u00f3n pol\u00edtica, en la que establece lo que considera la diferencia con la oposici\u00f3n, resaltando la transparencia de la actual\u2026","rel":"","context":"En \u00abSin categor\u00eda\u00bb","block_context":{"text":"Sin categor\u00eda","link":"https:\/\/lasprimeras.com.do\/index.php\/category\/sin-categoria\/"},"img":{"alt_text":"","src":"https:\/\/i0.wp.com\/lasprimeras.com.do\/wp-content\/uploads\/2023\/12\/Noticias-de-energia-55-8.jpg?resize=350%2C200&ssl=1","width":350,"height":200,"srcset":"https:\/\/i0.wp.com\/lasprimeras.com.do\/wp-content\/uploads\/2023\/12\/Noticias-de-energia-55-8.jpg?resize=350%2C200&ssl=1 1x, https:\/\/i0.wp.com\/lasprimeras.com.do\/wp-content\/uploads\/2023\/12\/Noticias-de-energia-55-8.jpg?resize=525%2C300&ssl=1 1.5x"},"classes":[]},{"id":103356,"url":"https:\/\/lasprimeras.com.do\/index.php\/2025\/07\/15\/fallece-dirigente-politico-fello-suvbervi-un-roble-del-prd\/","url_meta":{"origin":72097,"position":3},"title":"Fallece dirigente pol\u00edtico Fello Suberv\u00ed un Roble del PRD","author":"Nelson Feliz","date":"15 de julio de 2025","format":false,"excerpt":"Falleci\u00f3 la madrugada de este martes el abogado ,pol\u00edtico dominicano y exs\u00edndico del Distrito Nacional, Rafael Antonio \u00abFello\u00bb Suberv\u00ed Bonilla. Suberv\u00ed Bonilla, quien desde hace varios a\u00f1os ven\u00eda confrontando problemas de salud, adem\u00e1s ocup\u00f3 otras importantes posiciones p\u00fablicas, entre ella ministro de Turismo y de Interior y Polic\u00eda. Suberv\u00ed Bonilla,\u2026","rel":"","context":"En \u00abNACIONALES\u00bb","block_context":{"text":"NACIONALES","link":"https:\/\/lasprimeras.com.do\/index.php\/category\/nacionales\/"},"img":{"alt_text":"","src":"https:\/\/i0.wp.com\/lasprimeras.com.do\/wp-content\/uploads\/2025\/07\/Fello-Subervi.jpg?resize=350%2C200&ssl=1","width":350,"height":200,"srcset":"https:\/\/i0.wp.com\/lasprimeras.com.do\/wp-content\/uploads\/2025\/07\/Fello-Subervi.jpg?resize=350%2C200&ssl=1 1x, https:\/\/i0.wp.com\/lasprimeras.com.do\/wp-content\/uploads\/2025\/07\/Fello-Subervi.jpg?resize=525%2C300&ssl=1 1.5x"},"classes":[]},{"id":71584,"url":"https:\/\/lasprimeras.com.do\/index.php\/2023\/12\/21\/abinader-dice-estar-de-acuerdo-con-tregua-por-navidad\/","url_meta":{"origin":72097,"position":4},"title":"Abinader dice estar de acuerdo con tregua por Navidad","author":"BIMARY DE JES\u00daS Matos","date":"21 de diciembre de 2023","format":false,"excerpt":"Santo Domingo.-Luego de presidir ayer una graduaci\u00f3n de 25 cadetes de la Fuerza A\u00e9rea, el presidente Luis Abinader dijo estar de acuerdo con la tregua de las actividades pol\u00edticas durante la \u00e9poca navide\u00f1a, tal como sugirieron esta semana legisladores de diferentes partidos. \u201cEstamos de acuerdo con la tregua\u201d, manifest\u00f3 el\u2026","rel":"","context":"En \u00abSin categor\u00eda\u00bb","block_context":{"text":"Sin categor\u00eda","link":"https:\/\/lasprimeras.com.do\/index.php\/category\/sin-categoria\/"},"img":{"alt_text":"","src":"https:\/\/i0.wp.com\/lasprimeras.com.do\/wp-content\/uploads\/2023\/12\/WhatsApp-Image-2023-12-20-at-3.59.43-PM.jpeg?resize=350%2C200&ssl=1","width":350,"height":200,"srcset":"https:\/\/i0.wp.com\/lasprimeras.com.do\/wp-content\/uploads\/2023\/12\/WhatsApp-Image-2023-12-20-at-3.59.43-PM.jpeg?resize=350%2C200&ssl=1 1x, https:\/\/i0.wp.com\/lasprimeras.com.do\/wp-content\/uploads\/2023\/12\/WhatsApp-Image-2023-12-20-at-3.59.43-PM.jpeg?resize=525%2C300&ssl=1 1.5x"},"classes":[]},{"id":70497,"url":"https:\/\/lasprimeras.com.do\/index.php\/2023\/12\/12\/luis-el-gallo-pide-al-liderazgo-politico-reflexionar-sobre-situacion-del-pais\/","url_meta":{"origin":72097,"position":5},"title":"Luis \u201cEl Gallo\u201d pide al liderazgo pol\u00edtico reflexionar sobre situaci\u00f3n del pa\u00eds","author":"Nelson Feliz","date":"12 de diciembre de 2023","format":false,"excerpt":"UDC plantea tregua en Navidad. El presidente de la Uni\u00f3n Dem\u00f3crata Cristiana \u2013UDC-, Luis Acosta Moreta, Luis \u201cEl Gallo\u201d, pidi\u00f3 hoy al liderazgo pol\u00edtico nacional que aproveche las fiestas navide\u00f1as para hacer una reflexi\u00f3n profunda sobre la situaci\u00f3n pol\u00edtica econ\u00f3mica y social de la Rep\u00fablica Dominicana, y plantear soluciones a\u2026","rel":"","context":"En \u00abPORTADA\u00bb","block_context":{"text":"PORTADA","link":"https:\/\/lasprimeras.com.do\/index.php\/category\/portada\/"},"img":{"alt_text":"Luis Acosta Moreta","src":"https:\/\/i0.wp.com\/lasprimeras.com.do\/wp-content\/uploads\/2023\/12\/Luis-Acosta-Moreta-2.jpg?resize=350%2C200&ssl=1","width":350,"height":200,"srcset":"https:\/\/i0.wp.com\/lasprimeras.com.do\/wp-content\/uploads\/2023\/12\/Luis-Acosta-Moreta-2.jpg?resize=350%2C200&ssl=1 1x, https:\/\/i0.wp.com\/lasprimeras.com.do\/wp-content\/uploads\/2023\/12\/Luis-Acosta-Moreta-2.jpg?resize=525%2C300&ssl=1 1.5x, https:\/\/i0.wp.com\/lasprimeras.com.do\/wp-content\/uploads\/2023\/12\/Luis-Acosta-Moreta-2.jpg?resize=700%2C400&ssl=1 2x"},"classes":[]}],"jetpack_sharing_enabled":true,"_links":{"self":[{"href":"https:\/\/lasprimeras.com.do\/index.php\/wp-json\/wp\/v2\/posts\/72097","targetHints":{"allow":["GET"]}}],"collection":[{"href":"https:\/\/lasprimeras.com.do\/index.php\/wp-json\/wp\/v2\/posts"}],"about":[{"href":"https:\/\/lasprimeras.com.do\/index.php\/wp-json\/wp\/v2\/types\/post"}],"author":[{"embeddable":true,"href":"https:\/\/lasprimeras.com.do\/index.php\/wp-json\/wp\/v2\/users\/2"}],"replies":[{"embeddable":true,"href":"https:\/\/lasprimeras.com.do\/index.php\/wp-json\/wp\/v2\/comments?post=72097"}],"version-history":[{"count":1,"href":"https:\/\/lasprimeras.com.do\/index.php\/wp-json\/wp\/v2\/posts\/72097\/revisions"}],"predecessor-version":[{"id":72099,"href":"https:\/\/lasprimeras.com.do\/index.php\/wp-json\/wp\/v2\/posts\/72097\/revisions\/72099"}],"wp:featuredmedia":[{"embeddable":true,"href":"https:\/\/lasprimeras.com.do\/index.php\/wp-json\/wp\/v2\/media\/72098"}],"wp:attachment":[{"href":"https:\/\/lasprimeras.com.do\/index.php\/wp-json\/wp\/v2\/media?parent=72097"}],"wp:term":[{"taxonomy":"category","embeddable":true,"href":"https:\/\/lasprimeras.com.do\/index.php\/wp-json\/wp\/v2\/categories?post=72097"},{"taxonomy":"post_tag","embeddable":true,"href":"https:\/\/lasprimeras.com.do\/index.php\/wp-json\/wp\/v2\/tags?post=72097"}],"curies":[{"name":"wp","href":"https:\/\/api.w.org\/{rel}","templated":true}]}}