{"id":72103,"date":"2023-12-26T22:45:08","date_gmt":"2023-12-27T02:45:08","guid":{"rendered":"https:\/\/lasprimeras.com.do\/?p=72103"},"modified":"2023-12-26T22:45:09","modified_gmt":"2023-12-27T02:45:09","slug":"doctora-resalta-importancia-de-no-mezclar-antibioticos-y-alcohol","status":"publish","type":"post","link":"https:\/\/lasprimeras.com.do\/index.php\/2023\/12\/26\/doctora-resalta-importancia-de-no-mezclar-antibioticos-y-alcohol\/","title":{"rendered":"Doctora resalta importancia de no mezclar antibi\u00f3ticos y alcohol"},"content":{"rendered":"\n<p><strong>&#8211; Agreg\u00f3 que estos no deben tomarse por iniciativa sin la supervisi\u00f3n de un m\u00e9dico<\/strong><\/p>\n\n\n\n<p>La infect\u00f3loga del Centro M\u00e9dico de Diabetes, Obesidad y Especialidades (CEMDOE), Elianet Castillo, alert\u00f3 sobre el uso de alcohol y antibi\u00f3ticos, y comparti\u00f3 algunas recomendaciones sobre mezclarlos.\u00a0<\/p>\n\n\n\n<p>La especialista sostuvo que si una persona est\u00e1 tomando alg\u00fan antibi\u00f3tico, debe tomar en cuenta tres datos sobre c\u00f3mo el alcohol pudiera afectar el tratamiento, tales como: el alcohol pudiera ocasionar que disminuya la eficacia del antibi\u00f3tico que est\u00e9 utilizando por lo que no mejorar\u00e1 la infecci\u00f3n que se est\u00e1 intentando tratar; el uso concomitante de alcohol y antibi\u00f3ticos pudiera llevar interacciones que ocasionen que presenten efectos adversos no deseados como n\u00e1useas, v\u00f3mitos, dolor de cabeza, dolor de pecho, mareos, sudoraci\u00f3n, hipotensi\u00f3n.<\/p>\n\n\n\n<p>\u201cAdem\u00e1s, de manera intr\u00ednseca, algunos antibi\u00f3ticos tienen un riesgo de causar lesi\u00f3n al h\u00edgado por lo que el uso de alcohol al mismo tiempo pudiera contribuir y aumentar este riesgo\u201d, manifest\u00f3 la doctora del centro certificado por la Joint Commission International (JCI).<\/p>\n\n\n\n<p>Por otro lado, precis\u00f3 que es importante utilizar antibi\u00f3ticos s\u00f3lo cuando un profesional de salud certificado lo indique, y que antes de empezar el tratamiento, hay que asegurarse de conocer cu\u00e1ntos d\u00edas, cu\u00e1l es la dosis y cu\u00e1ntas veces al d\u00eda hay que tomarlo.&nbsp;<\/p>\n\n\n\n<p>De igual modo, ante cualquier duda, falta de informaci\u00f3n o reacci\u00f3n no esperada asociada al tratamiento, consultar al m\u00e9dico o farmac\u00e9utico.<\/p>\n\n\n\n<p>\u201cLos antibi\u00f3ticos no deben tomarse nunca por iniciativa sin la supervisi\u00f3n de un m\u00e9dico. Es muy importante no automedicarse ya que en muchos casos no estar\u00edamos tratando correctamente la infecci\u00f3n y, adem\u00e1s, estar\u00edamos propiciando la aparici\u00f3n de resistencias\u201d, agreg\u00f3.<\/p>\n\n\n\n<p>Es importante tomar en cuenta que los antibi\u00f3tico no son efectivos para combatir virus que, a menudo, son los responsable de procesos gripales, resfriado, faringitis de origen v\u00edrico, entre otros.<\/p>\n","protected":false},"excerpt":{"rendered":"<p>&#8211; Agreg\u00f3 que estos no deben tomarse por iniciativa sin la supervisi\u00f3n de un m\u00e9dico La infect\u00f3loga del Centro M\u00e9dico de Diabetes, Obesidad y Especialidades (CEMDOE), Elianet Castillo, alert\u00f3 sobre&hellip;<\/p>\n","protected":false},"author":2,"featured_media":72104,"comment_status":"open","ping_status":"open","sticky":false,"template":"","format":"standard","meta":{"content-type":"","jetpack_post_was_ever_published":false,"_jetpack_newsletter_access":"","_jetpack_dont_email_post_to_subs":false,"_jetpack_newsletter_tier_id":0,"_jetpack_memberships_contains_paywalled_content":false,"_jetpack_memberships_contains_paid_content":false,"footnotes":""},"categories":[25],"tags":[10708,5348,10709,10711,10710],"class_list":["post-72103","post","type-post","status-publish","format-standard","has-post-thumbnail","hentry","category-portada","tag-antibioticos-y-alcohol","tag-cemdoe","tag-doctora","tag-elianet-castillo","tag-no-mezclar"],"jetpack_featured_media_url":"https:\/\/lasprimeras.com.do\/wp-content\/uploads\/2023\/12\/Dra.-Elianet-Castillo.jpg","jetpack-related-posts":[{"id":59907,"url":"https:\/\/lasprimeras.com.do\/index.php\/2023\/09\/08\/sintomatologia-del-dengue-puede-confundirse-con-otros-virus-o-con-hepatitis-inflamacion-y-apendicitis\/","url_meta":{"origin":72103,"position":0},"title":"Sintomatolog\u00eda del dengue puede confundirse con otros virus o con hepatitis, inflamaci\u00f3n y apendicitis","author":"Nelson Feliz","date":"8 de septiembre de 2023","format":false,"excerpt":"La especialista de CEMDOE explic\u00f3 que estos s\u00edntomas son comunes a Malaria y Leptospirosis, as\u00ed como a los virus Zika y Chickungunya. La infect\u00f3loga del Centro M\u00e9dico de Diabetes, Obesidad y Especialidades (CEMDOE), doctora Elianet Castillo, \u00a0alert\u00f3 sobre el reciente brote de dengue que afecta varias zonas del pa\u00eds, avisando\u2026","rel":"","context":"En \u00abSin categor\u00eda\u00bb","block_context":{"text":"Sin categor\u00eda","link":"https:\/\/lasprimeras.com.do\/index.php\/category\/sin-categoria\/"},"img":{"alt_text":"Dra. Elianet Castillo","src":"https:\/\/i0.wp.com\/lasprimeras.com.do\/wp-content\/uploads\/2023\/09\/Dra.-Elianet-Castillo.jpg?resize=350%2C200&ssl=1","width":350,"height":200,"srcset":"https:\/\/i0.wp.com\/lasprimeras.com.do\/wp-content\/uploads\/2023\/09\/Dra.-Elianet-Castillo.jpg?resize=350%2C200&ssl=1 1x, https:\/\/i0.wp.com\/lasprimeras.com.do\/wp-content\/uploads\/2023\/09\/Dra.-Elianet-Castillo.jpg?resize=525%2C300&ssl=1 1.5x, https:\/\/i0.wp.com\/lasprimeras.com.do\/wp-content\/uploads\/2023\/09\/Dra.-Elianet-Castillo.jpg?resize=700%2C400&ssl=1 2x"},"classes":[]},{"id":93713,"url":"https:\/\/lasprimeras.com.do\/index.php\/2025\/02\/19\/el-papa-francisco-tiene-neumonia-en-ambos-pulmones-que-tan-preocupante-es\/","url_meta":{"origin":72103,"position":1},"title":"El papa Francisco tiene neumon\u00eda en ambos pulmones. \u00bfQu\u00e9 tan preocupante es?","author":"Nelson Feliz","date":"19 de febrero de 2025","format":false,"excerpt":"POR MARIA CHENG LONDRES (AP) \u2014 Funcionarios del Vaticano han informado que el papa Francisco tiene neumon\u00eda en ambos pulmones, lo que complica a\u00fan m\u00e1s la recuperaci\u00f3n del pont\u00edfice. El papa de 88 a\u00f1os fue hospitalizado el viernes despu\u00e9s de una semana de bronquitis que empeoraba. El lunes, los m\u00e9dicos\u2026","rel":"","context":"En \u00abSALUD\u00bb","block_context":{"text":"SALUD","link":"https:\/\/lasprimeras.com.do\/index.php\/category\/salud\/"},"img":{"alt_text":"","src":"https:\/\/i0.wp.com\/lasprimeras.com.do\/wp-content\/uploads\/2025\/02\/papa.jpg?resize=350%2C200&ssl=1","width":350,"height":200,"srcset":"https:\/\/i0.wp.com\/lasprimeras.com.do\/wp-content\/uploads\/2025\/02\/papa.jpg?resize=350%2C200&ssl=1 1x, https:\/\/i0.wp.com\/lasprimeras.com.do\/wp-content\/uploads\/2025\/02\/papa.jpg?resize=525%2C300&ssl=1 1.5x, https:\/\/i0.wp.com\/lasprimeras.com.do\/wp-content\/uploads\/2025\/02\/papa.jpg?resize=700%2C400&ssl=1 2x"},"classes":[]},{"id":74415,"url":"https:\/\/lasprimeras.com.do\/index.php\/2024\/01\/23\/omar-fernandez-se-encuentra-estable-tras-intoxicacion-segun-especialista\/","url_meta":{"origin":72103,"position":2},"title":"Omar Fern\u00e1ndez se encuentra estable tras intoxicaci\u00f3n, seg\u00fan especialista","author":"BIMARY DE JES\u00daS Matos","date":"23 de enero de 2024","format":false,"excerpt":"Santo Domingo.- Tras la hospitalizaci\u00f3n del candidato a senador por el Distrito Nacional Omar Fern\u00e1ndez al presentar un cuadro de intoxicaci\u00f3n, el gastroenter\u00f3logo Fernando Contreras, indic\u00f3 que el candidato se encuentra estable. \u201cSu evoluci\u00f3n ha sido excelente, lo hemos tratado con hidrataci\u00f3n endovenosa y antibi\u00f3ticos y ya en el d\u00eda\u2026","rel":"","context":"En \u00abNACIONALES\u00bb","block_context":{"text":"NACIONALES","link":"https:\/\/lasprimeras.com.do\/index.php\/category\/nacionales\/"},"img":{"alt_text":"","src":"https:\/\/i0.wp.com\/lasprimeras.com.do\/wp-content\/uploads\/2024\/01\/Diseno-sin-titulo-8.jpg?resize=350%2C200&ssl=1","width":350,"height":200,"srcset":"https:\/\/i0.wp.com\/lasprimeras.com.do\/wp-content\/uploads\/2024\/01\/Diseno-sin-titulo-8.jpg?resize=350%2C200&ssl=1 1x, https:\/\/i0.wp.com\/lasprimeras.com.do\/wp-content\/uploads\/2024\/01\/Diseno-sin-titulo-8.jpg?resize=525%2C300&ssl=1 1.5x"},"classes":[]},{"id":108892,"url":"https:\/\/lasprimeras.com.do\/index.php\/2025\/09\/11\/ministerio-de-salud-asegura-que-el-agua-potable-distribuida-en-el-pais\/","url_meta":{"origin":72103,"position":3},"title":"Ministerio de Salud asegura que el agua potable distribuida en el pa\u00eds","author":"Nelson Feliz","date":"11 de septiembre de 2025","format":false,"excerpt":"La instituci\u00f3n presentar\u00e1 la campa\u00f1a educativa y el Plan Nacional contra la Resistencia Antimicrobiana. El Ministerio de Salud P\u00fablica y Asistencia Social, a trav\u00e9s del Viceministerio de Salud Colectiva, inform\u00f3 que el agua potable que llega a los hogares dominicanos a trav\u00e9s de los sistemas de acueductos es segura para\u2026","rel":"","context":"En \u00abSALUD\u00bb","block_context":{"text":"SALUD","link":"https:\/\/lasprimeras.com.do\/index.php\/category\/salud\/"},"img":{"alt_text":"","src":"https:\/\/i0.wp.com\/lasprimeras.com.do\/wp-content\/uploads\/2025\/09\/Eladio-Perez.jpg?resize=350%2C200&ssl=1","width":350,"height":200,"srcset":"https:\/\/i0.wp.com\/lasprimeras.com.do\/wp-content\/uploads\/2025\/09\/Eladio-Perez.jpg?resize=350%2C200&ssl=1 1x, https:\/\/i0.wp.com\/lasprimeras.com.do\/wp-content\/uploads\/2025\/09\/Eladio-Perez.jpg?resize=525%2C300&ssl=1 1.5x, https:\/\/i0.wp.com\/lasprimeras.com.do\/wp-content\/uploads\/2025\/09\/Eladio-Perez.jpg?resize=700%2C400&ssl=1 2x"},"classes":[]},{"id":57093,"url":"https:\/\/lasprimeras.com.do\/index.php\/2023\/08\/09\/problemas-con-alcohol-mas-comun-que-las-drogas-en-el-deporte\/","url_meta":{"origin":72103,"position":4},"title":"Problemas con alcohol, m\u00e1s com\u00fan que las drogas en el deporte","author":"Nelson Feliz","date":"9 de agosto de 2023","format":false,"excerpt":"El especialista en salud mental, Luis Verg\u00e9s afirma que es m\u00e1s dif\u00edcil de tratar que el de las drogas narc\u00f3ticas porque es legalmente aceptado por la sociedad. FREDDY TAPIA Los problemas relacionados con el alcoholismo, una enfermedad que desde hace varios a\u00f1os afecta al lanzador Domingo Germ\u00e1n, de los Yanquis\u2026","rel":"","context":"En \u00abSin categor\u00eda\u00bb","block_context":{"text":"Sin categor\u00eda","link":"https:\/\/lasprimeras.com.do\/index.php\/category\/sin-categoria\/"},"img":{"alt_text":"Domingo Germ\u00e1n atraviesa un dif\u00edcil tramo de su carrera.","src":"https:\/\/i0.wp.com\/lasprimeras.com.do\/wp-content\/uploads\/2023\/08\/Domingo-German.jpeg?resize=350%2C200&ssl=1","width":350,"height":200,"srcset":"https:\/\/i0.wp.com\/lasprimeras.com.do\/wp-content\/uploads\/2023\/08\/Domingo-German.jpeg?resize=350%2C200&ssl=1 1x, https:\/\/i0.wp.com\/lasprimeras.com.do\/wp-content\/uploads\/2023\/08\/Domingo-German.jpeg?resize=525%2C300&ssl=1 1.5x, https:\/\/i0.wp.com\/lasprimeras.com.do\/wp-content\/uploads\/2023\/08\/Domingo-German.jpeg?resize=700%2C400&ssl=1 2x"},"classes":[]},{"id":79299,"url":"https:\/\/lasprimeras.com.do\/index.php\/2024\/03\/25\/semana-santa-sin-prisa-y-sin-alcohol\/","url_meta":{"origin":72103,"position":5},"title":"Semana Santa sin prisa y sin alcohol","author":"Nelson Feliz","date":"25 de marzo de 2024","format":false,"excerpt":"Por MARCOS DOMINICI B. La Semana Santa es un tiempo de asueto y reflexi\u00f3n. Entramos en la celebraci\u00f3n de Semana Santa, la Semana Mayor. Un asueto que bien se presta no solo para el descanso sino tambi\u00e9n para la reflexi\u00f3n. Es un momento para el recogimiento y recordaci\u00f3n de lo\u2026","rel":"","context":"En \u00abOPINI\u00d3N\u00bb","block_context":{"text":"OPINI\u00d3N","link":"https:\/\/lasprimeras.com.do\/index.php\/category\/opinion\/"},"img":{"alt_text":"Semana Santa sin prisa y sin alcohol","src":"https:\/\/i0.wp.com\/lasprimeras.com.do\/wp-content\/uploads\/2024\/03\/Marcos-Dominici-B.-21.jpeg?resize=350%2C200&ssl=1","width":350,"height":200,"srcset":"https:\/\/i0.wp.com\/lasprimeras.com.do\/wp-content\/uploads\/2024\/03\/Marcos-Dominici-B.-21.jpeg?resize=350%2C200&ssl=1 1x, https:\/\/i0.wp.com\/lasprimeras.com.do\/wp-content\/uploads\/2024\/03\/Marcos-Dominici-B.-21.jpeg?resize=525%2C300&ssl=1 1.5x"},"classes":[]}],"jetpack_sharing_enabled":true,"_links":{"self":[{"href":"https:\/\/lasprimeras.com.do\/index.php\/wp-json\/wp\/v2\/posts\/72103","targetHints":{"allow":["GET"]}}],"collection":[{"href":"https:\/\/lasprimeras.com.do\/index.php\/wp-json\/wp\/v2\/posts"}],"about":[{"href":"https:\/\/lasprimeras.com.do\/index.php\/wp-json\/wp\/v2\/types\/post"}],"author":[{"embeddable":true,"href":"https:\/\/lasprimeras.com.do\/index.php\/wp-json\/wp\/v2\/users\/2"}],"replies":[{"embeddable":true,"href":"https:\/\/lasprimeras.com.do\/index.php\/wp-json\/wp\/v2\/comments?post=72103"}],"version-history":[{"count":1,"href":"https:\/\/lasprimeras.com.do\/index.php\/wp-json\/wp\/v2\/posts\/72103\/revisions"}],"predecessor-version":[{"id":72105,"href":"https:\/\/lasprimeras.com.do\/index.php\/wp-json\/wp\/v2\/posts\/72103\/revisions\/72105"}],"wp:featuredmedia":[{"embeddable":true,"href":"https:\/\/lasprimeras.com.do\/index.php\/wp-json\/wp\/v2\/media\/72104"}],"wp:attachment":[{"href":"https:\/\/lasprimeras.com.do\/index.php\/wp-json\/wp\/v2\/media?parent=72103"}],"wp:term":[{"taxonomy":"category","embeddable":true,"href":"https:\/\/lasprimeras.com.do\/index.php\/wp-json\/wp\/v2\/categories?post=72103"},{"taxonomy":"post_tag","embeddable":true,"href":"https:\/\/lasprimeras.com.do\/index.php\/wp-json\/wp\/v2\/tags?post=72103"}],"curies":[{"name":"wp","href":"https:\/\/api.w.org\/{rel}","templated":true}]}}