{"id":72108,"date":"2023-12-27T06:33:13","date_gmt":"2023-12-27T10:33:13","guid":{"rendered":"https:\/\/lasprimeras.com.do\/?p=72108"},"modified":"2023-12-27T06:33:14","modified_gmt":"2023-12-27T10:33:14","slug":"onamet-informa-que-se-mantiene-dominante-sistema-de-alta-presion","status":"publish","type":"post","link":"https:\/\/lasprimeras.com.do\/index.php\/2023\/12\/27\/onamet-informa-que-se-mantiene-dominante-sistema-de-alta-presion\/","title":{"rendered":"Onamet informa que se mantiene dominante sistema de alta presi\u00f3n"},"content":{"rendered":"\n<p><strong>Precipitaciones cuantiosas escasas y temperaturas frescas.<\/strong><\/p>\n\n\n\n<p>La Oficina Nacional de Meteorolog\u00eda (ONAMET), inform\u00f3 que en horas matutinas transcurrir\u00e1n con cielo de nubosidad aislada y escasas lluvias. A nivel nacional las precipitaciones cuantiosas estar\u00e1n reducidas, debido a la incidencia del sistema anticicl\u00f3nico.<\/p>\n\n\n\n<p>En la tarde y primeras horas de la noche, solo se prev\u00e9n algunas lluvias d\u00e9biles y pasajeras hacia localidades de provincias como San Jos\u00e9 de Ocoa, Monse\u00f1or Nouel, La Vega, San Pedro de Macor\u00eds, La Altagracia, La Romana, El Seibo, y San Crist\u00f3bal, producto de los efectos locales, disminuyendo y dando paso a un cielo mayormente despejado durante la madrugada.<\/p>\n\n\n\n<p>Ma\u00f1ana jueves, se pronostica un d\u00eda mayormente soleado en gran parte del pa\u00eds, como consecuencia del sistema de alta presi\u00f3n que continuar\u00e1 disminuyendo los desarrollos nubosos significativos.<\/p>\n\n\n\n<p>Sin embargo, debido a la interacci\u00f3n del viento con la orograf\u00eda, se estar\u00e1n presentando incrementos en la nubosidad que dejar\u00e1n lluvias d\u00e9biles y ampliamente aisladas hacia localidades del sureste, suroeste y la Cordillera Central en la tarde, cesando durante la noche.<\/p>\n\n\n\n<p>Las temperaturas seguir\u00e1n agradables a frescas, principalmente en zonas monta\u00f1osas y valles del interior del pa\u00eds durante la noche y madrugada, debido a la \u00e9poca del a\u00f1o y al viento agradable del este\/noreste.<\/p>\n\n\n\n<p>Distrito Nacional: despejado, pasando a nubes aisladas con incrementos ocasionales.<\/p>\n\n\n\n<p>Santo Domingo este: cielo claro, pasando a nubes aisladas con incrementos ocasionales.<\/p>\n\n\n\n<p>Santo Domingo Norte: cielo claro, pasando a nubes aisladas con incrementos ocasionales.<\/p>\n\n\n\n<p>Santo Domingo Oeste: despejado, pasando a nubes aisladas con incrementos ocasionales.<\/p>\n\n\n\n<p>El Gran Santo Domingo: temperatura m\u00ednima entre 18\u00b0C y 20\u202f\u00b0C y la m\u00e1xima entre 28\u202f\u00b0C y 30 \u00b0C.<\/p>\n\n\n\n<p>El viernes, permanecer\u00e1 dominante el sistema de alta presi\u00f3n, limitando las lluvias en gran parte del pa\u00eds.<\/p>\n\n\n\n<p>Sin embargo, los efectos locales y la cercan\u00eda de una d\u00e9bil vaguada asociada a un sistema frontal, el cual se prev\u00e9 que el fin de semana incida sobre el pa\u00eds, provocar\u00e1n incrementos en la nubosidad en horas de la tarde, principalmente hacia la Cordillera Central y el suroeste, donde se pronostican lluvias d\u00e9biles a localmente moderadas hasta primeras horas de la noche.<\/p>\n\n\n\n<p>Santo Domingo y sus municipios: nubes aisladas a dispersas y temperaturas ligeramente calurosas en el d\u00eda.<\/p>\n\n\n\n<p>Distrito Nacional: nubes aisladas a dispersas y temperaturas ligeramente calurosas en el d\u00eda.<\/p>\n","protected":false},"excerpt":{"rendered":"<p>Precipitaciones cuantiosas escasas y temperaturas frescas. La Oficina Nacional de Meteorolog\u00eda (ONAMET), inform\u00f3 que en horas matutinas transcurrir\u00e1n con cielo de nubosidad aislada y escasas lluvias. A nivel nacional las&hellip;<\/p>\n","protected":false},"author":2,"featured_media":72109,"comment_status":"open","ping_status":"open","sticky":false,"template":"","format":"standard","meta":{"content-type":"","jetpack_post_was_ever_published":false,"_jetpack_newsletter_access":"","_jetpack_dont_email_post_to_subs":false,"_jetpack_newsletter_tier_id":0,"_jetpack_memberships_contains_paywalled_content":false,"_jetpack_memberships_contains_paid_content":false,"footnotes":""},"categories":[35,25],"tags":[10718,1517,532],"class_list":["post-72108","post","type-post","status-publish","format-standard","has-post-thumbnail","hentry","category-nacionales","category-portada","tag-dominante","tag-onamet","tag-sistema"],"jetpack_featured_media_url":"https:\/\/lasprimeras.com.do\/wp-content\/uploads\/2023\/12\/temperaturas-frescas.jpg","jetpack-related-posts":[{"id":72060,"url":"https:\/\/lasprimeras.com.do\/index.php\/2023\/12\/26\/temperaturas-agradables-para-este-martes-de-escasas-lluvias\/","url_meta":{"origin":72108,"position":0},"title":"Temperaturas agradables para este martes de escasas lluvias","author":"Nelson Feliz","date":"26 de diciembre de 2023","format":false,"excerpt":"Para el Gran Santo Domingo las temperaturas m\u00ednimas est\u00e1n entre 18\u202f\u00b0C y 20\u202f\u00b0C y la m\u00e1xima entre 28\u202f\u00b0C y 30 \u00b0C. La Oficina Nacional de Meteorolog\u00eda (Onamet) inform\u00f3 que para este martes el pa\u00eds continuar\u00e1 influenciado por el viento del este\/noreste y un sistema de alta presi\u00f3n ubicado en el\u2026","rel":"","context":"En \u00abNACIONALES\u00bb","block_context":{"text":"NACIONALES","link":"https:\/\/lasprimeras.com.do\/index.php\/category\/nacionales\/"},"img":{"alt_text":"Dia-Soleado","src":"https:\/\/i0.wp.com\/lasprimeras.com.do\/wp-content\/uploads\/2023\/12\/Dia-Soleado.jpg?resize=350%2C200&ssl=1","width":350,"height":200,"srcset":"https:\/\/i0.wp.com\/lasprimeras.com.do\/wp-content\/uploads\/2023\/12\/Dia-Soleado.jpg?resize=350%2C200&ssl=1 1x, https:\/\/i0.wp.com\/lasprimeras.com.do\/wp-content\/uploads\/2023\/12\/Dia-Soleado.jpg?resize=525%2C300&ssl=1 1.5x, https:\/\/i0.wp.com\/lasprimeras.com.do\/wp-content\/uploads\/2023\/12\/Dia-Soleado.jpg?resize=700%2C400&ssl=1 2x"},"classes":[]},{"id":60951,"url":"https:\/\/lasprimeras.com.do\/index.php\/2023\/09\/21\/onamet-informa-cielo-soleado-y-ligeros-incrementos-nubosos-para-hoy\/","url_meta":{"origin":72108,"position":1},"title":"Onamet informa cielo soleado y ligeros incrementos nubosos para hoy","author":"Nelson Feliz","date":"21 de septiembre de 2023","format":false,"excerpt":"La Oficina Nacional de Meteorolog\u00eda (ONAMET) inform\u00f3 que este jueves predominar\u00e1 un cielo mayormente soleado con ligeros incrementos nubosos. Sin embargo, prevemos algunos aguaceros locales con tormentas el\u00e9ctricas y ocasionales r\u00e1fagas de viento, en poblados de Hato Mayor, Monte Plata, La Vega, Azua, San Juan, Santiago Rodr\u00edguez, Dajab\u00f3n y El\u00edas\u2026","rel":"","context":"En \u00abNACIONALES\u00bb","block_context":{"text":"NACIONALES","link":"https:\/\/lasprimeras.com.do\/index.php\/category\/nacionales\/"},"img":{"alt_text":"Cielo soleado","src":"https:\/\/i0.wp.com\/lasprimeras.com.do\/wp-content\/uploads\/2023\/09\/Cielo-soleado.jpg?resize=350%2C200&ssl=1","width":350,"height":200,"srcset":"https:\/\/i0.wp.com\/lasprimeras.com.do\/wp-content\/uploads\/2023\/09\/Cielo-soleado.jpg?resize=350%2C200&ssl=1 1x, https:\/\/i0.wp.com\/lasprimeras.com.do\/wp-content\/uploads\/2023\/09\/Cielo-soleado.jpg?resize=525%2C300&ssl=1 1.5x, https:\/\/i0.wp.com\/lasprimeras.com.do\/wp-content\/uploads\/2023\/09\/Cielo-soleado.jpg?resize=700%2C400&ssl=1 2x, https:\/\/i0.wp.com\/lasprimeras.com.do\/wp-content\/uploads\/2023\/09\/Cielo-soleado.jpg?resize=1050%2C600&ssl=1 3x, https:\/\/i0.wp.com\/lasprimeras.com.do\/wp-content\/uploads\/2023\/09\/Cielo-soleado.jpg?resize=1400%2C800&ssl=1 4x"},"classes":[]},{"id":68351,"url":"https:\/\/lasprimeras.com.do\/index.php\/2023\/11\/23\/pocas-lluvias-para-este-jueves-y-fuerte-oleaje-en-la-costa-atlantica\/","url_meta":{"origin":72108,"position":2},"title":"Pocas lluvias para este jueves y fuerte oleaje en la costa Atl\u00e1ntica","author":"Nelson Feliz","date":"23 de noviembre de 2023","format":false,"excerpt":"La Oficina Nacional de Meteorolog\u00eda (Onamet) inform\u00f3 que este jueves seguir\u00e1n la incidencia del sistema anticicl\u00f3nico en el territorio nacional, por lo que predomine un cielo soleado, nubosidad aislada y calor. Sin embargo, la Onamet informa que en localidades de las provincias del litoral atl\u00e1ntico, as\u00ed como en El Seibo,\u2026","rel":"","context":"En \u00abNACIONALES\u00bb","block_context":{"text":"NACIONALES","link":"https:\/\/lasprimeras.com.do\/index.php\/category\/nacionales\/"},"img":{"alt_text":"El oleaje en el oc\u00e9ano Atl\u00e1ntico","src":"https:\/\/i0.wp.com\/lasprimeras.com.do\/wp-content\/uploads\/2023\/11\/El-oleaje-en-el-oceano-Atlantico.jpeg?resize=350%2C200&ssl=1","width":350,"height":200,"srcset":"https:\/\/i0.wp.com\/lasprimeras.com.do\/wp-content\/uploads\/2023\/11\/El-oleaje-en-el-oceano-Atlantico.jpeg?resize=350%2C200&ssl=1 1x, https:\/\/i0.wp.com\/lasprimeras.com.do\/wp-content\/uploads\/2023\/11\/El-oleaje-en-el-oceano-Atlantico.jpeg?resize=525%2C300&ssl=1 1.5x, https:\/\/i0.wp.com\/lasprimeras.com.do\/wp-content\/uploads\/2023\/11\/El-oleaje-en-el-oceano-Atlantico.jpeg?resize=700%2C400&ssl=1 2x"},"classes":[]},{"id":101375,"url":"https:\/\/lasprimeras.com.do\/index.php\/2025\/06\/20\/lluvias-continuaran-este-viernes-en-algunas-localidades-del-pais\/","url_meta":{"origin":72108,"position":3},"title":"Lluvias continuaran este viernes en algunas localidades del pa\u00eds","author":"Nelson Feliz","date":"20 de junio de 2025","format":false,"excerpt":"El Instituto Dominicano de Meteorolog\u00eda (Indomet), inform\u00f3 que las lluvias que se registran en algunos puntos del pa\u00eds desde tempranas horas de este viernes, son debido al paso de la onda tropical #7 que estuvo transitando al sur del territorio, sobre aguas del mar Caribe, y una vaguada en altura.\u2026","rel":"","context":"En \u00abNACIONALES\u00bb","block_context":{"text":"NACIONALES","link":"https:\/\/lasprimeras.com.do\/index.php\/category\/nacionales\/"},"img":{"alt_text":"ONAMET","src":"https:\/\/i0.wp.com\/lasprimeras.com.do\/wp-content\/uploads\/2024\/05\/ONAMET.jpeg?resize=350%2C200&ssl=1","width":350,"height":200},"classes":[]},{"id":59635,"url":"https:\/\/lasprimeras.com.do\/index.php\/2023\/09\/06\/onamet-reporta-elevadas-temperaturas-combinada-con-el-polvo-sahariano\/","url_meta":{"origin":72108,"position":4},"title":"Onamet reporta elevadas temperaturas combinada con el polvo sahariano","author":"Nelson Feliz","date":"6 de septiembre de 2023","format":false,"excerpt":"La Oficina Nacional de Meteorolog\u00eda inform\u00f3 que este mi\u00e9rcoles, se espera que la combinaci\u00f3n del polvo sahariano y un sistema de alta presi\u00f3n al noreste en el Atl\u00e1ntico, causen condiciones de estabilidad sobre gran parte de la geograf\u00eda nacional, con cielo mayormente brumoso, elevadas temperaturas y limitadas posibilidades de lluvias.\u2026","rel":"","context":"En \u00abNACIONALES\u00bb","block_context":{"text":"NACIONALES","link":"https:\/\/lasprimeras.com.do\/index.php\/category\/nacionales\/"},"img":{"alt_text":"temperaturas","src":"https:\/\/i0.wp.com\/lasprimeras.com.do\/wp-content\/uploads\/2023\/09\/temperaturas.jpg?resize=350%2C200&ssl=1","width":350,"height":200,"srcset":"https:\/\/i0.wp.com\/lasprimeras.com.do\/wp-content\/uploads\/2023\/09\/temperaturas.jpg?resize=350%2C200&ssl=1 1x, https:\/\/i0.wp.com\/lasprimeras.com.do\/wp-content\/uploads\/2023\/09\/temperaturas.jpg?resize=525%2C300&ssl=1 1.5x, https:\/\/i0.wp.com\/lasprimeras.com.do\/wp-content\/uploads\/2023\/09\/temperaturas.jpg?resize=700%2C400&ssl=1 2x"},"classes":[]},{"id":71352,"url":"https:\/\/lasprimeras.com.do\/index.php\/2023\/12\/19\/lluvias-se-incrementaran-la-tarde-de-este-martes-y-continuaran-hasta-el-viernes-segun-onamet\/","url_meta":{"origin":72108,"position":5},"title":"Lluvias se incrementar\u00e1n la tarde de este martes y continuar\u00e1n hasta el viernes, seg\u00fan Onamet","author":"Nelson Feliz","date":"19 de diciembre de 2023","format":false,"excerpt":"El Gran Santo Domingo estar\u00e1 generalmente nublado con aguaceros, siendo fuertes en ocasiones. Las lluvias que se registran sobre el territorio nacional por el sistema frontal o frente fr\u00edo se incrementar\u00e1n a partir de la tarde de este martes y continuar\u00e1n este mi\u00e9rcoles, jueves y viernes. Henry Agramonte, predictor de\u2026","rel":"","context":"En \u00abNACIONALES\u00bb","block_context":{"text":"NACIONALES","link":"https:\/\/lasprimeras.com.do\/index.php\/category\/nacionales\/"},"img":{"alt_text":"LLUVIAS","src":"https:\/\/i0.wp.com\/lasprimeras.com.do\/wp-content\/uploads\/2023\/12\/LLUVIAS.jpg?resize=350%2C200&ssl=1","width":350,"height":200,"srcset":"https:\/\/i0.wp.com\/lasprimeras.com.do\/wp-content\/uploads\/2023\/12\/LLUVIAS.jpg?resize=350%2C200&ssl=1 1x, https:\/\/i0.wp.com\/lasprimeras.com.do\/wp-content\/uploads\/2023\/12\/LLUVIAS.jpg?resize=525%2C300&ssl=1 1.5x"},"classes":[]}],"jetpack_sharing_enabled":true,"_links":{"self":[{"href":"https:\/\/lasprimeras.com.do\/index.php\/wp-json\/wp\/v2\/posts\/72108","targetHints":{"allow":["GET"]}}],"collection":[{"href":"https:\/\/lasprimeras.com.do\/index.php\/wp-json\/wp\/v2\/posts"}],"about":[{"href":"https:\/\/lasprimeras.com.do\/index.php\/wp-json\/wp\/v2\/types\/post"}],"author":[{"embeddable":true,"href":"https:\/\/lasprimeras.com.do\/index.php\/wp-json\/wp\/v2\/users\/2"}],"replies":[{"embeddable":true,"href":"https:\/\/lasprimeras.com.do\/index.php\/wp-json\/wp\/v2\/comments?post=72108"}],"version-history":[{"count":1,"href":"https:\/\/lasprimeras.com.do\/index.php\/wp-json\/wp\/v2\/posts\/72108\/revisions"}],"predecessor-version":[{"id":72110,"href":"https:\/\/lasprimeras.com.do\/index.php\/wp-json\/wp\/v2\/posts\/72108\/revisions\/72110"}],"wp:featuredmedia":[{"embeddable":true,"href":"https:\/\/lasprimeras.com.do\/index.php\/wp-json\/wp\/v2\/media\/72109"}],"wp:attachment":[{"href":"https:\/\/lasprimeras.com.do\/index.php\/wp-json\/wp\/v2\/media?parent=72108"}],"wp:term":[{"taxonomy":"category","embeddable":true,"href":"https:\/\/lasprimeras.com.do\/index.php\/wp-json\/wp\/v2\/categories?post=72108"},{"taxonomy":"post_tag","embeddable":true,"href":"https:\/\/lasprimeras.com.do\/index.php\/wp-json\/wp\/v2\/tags?post=72108"}],"curies":[{"name":"wp","href":"https:\/\/api.w.org\/{rel}","templated":true}]}}