{"id":72119,"date":"2023-12-27T06:50:05","date_gmt":"2023-12-27T10:50:05","guid":{"rendered":"https:\/\/lasprimeras.com.do\/?p=72119"},"modified":"2023-12-27T06:50:07","modified_gmt":"2023-12-27T10:50:07","slug":"infectologos-advierten-serio-peligro-de-virus-circulan-en-el-pais","status":"publish","type":"post","link":"https:\/\/lasprimeras.com.do\/index.php\/2023\/12\/27\/infectologos-advierten-serio-peligro-de-virus-circulan-en-el-pais\/","title":{"rendered":"Infect\u00f3logos advierten serio peligro de virus circulan en el pa\u00eds"},"content":{"rendered":"\n<p>Santo Domingo.-El Distrito Nacional y la provincia de Santo Domingo son las localidades del pa\u00eds donde se ha detectado hasta el momento la circulaci\u00f3n de la nueva variante JN.1 del Covid-19, cuyos s\u00edntomas son fiebre o escalofr\u00edos, tos, dificultad para respirar, fatiga, dolores musculares, dolor de cabeza y dolor de garganta.<\/p>\n\n\n\n<p>Adem\u00e1s de esa variante del Covid-19, declarada de inter\u00e9s por la Organizaci\u00f3n Mundial de la Salud (OMS) por su capacidad de contagio, en el pa\u00eds est\u00e1n circulando otras variantes del SARS-CoV-2 y otros virus respiratorios como son el sincitial respiratorio (VRS), influenza A (H1N1) y las variantes de estas pdm09, adenovirus y la influenza B victoria, lo que llev\u00f3 a que el Ministerio de Salud P\u00fablica emitiera un alerta epidemiol\u00f3gica.<\/p>\n\n\n\n<p>Evitar multitudes<\/p>\n\n\n\n<p>Ayer la Sociedad Dominicana de Infectolog\u00eda llam\u00f3 a la poblaci\u00f3n a extremar las medidas de protecci\u00f3n y cuidados ya que la nueva variante JN.1 del Covid-19 es muy contagiosa y que si se tiene alguna manifestaci\u00f3n de la enfermedad, lo recomendable es mantener el aislamiento para evitar contagiar a otros y acudir al m\u00e9dico.<\/p>\n\n\n\n<p>La doctora Rosa Abreu dijo que es importante tener cuidado con el manejo de las secreciones y al momento de estornudar para evitar contagiar a otros; extremar el lavado de manos, evitar exponerse a multitudes y pensar en el uso de mascarillas en ciertos lugares.<\/p>\n\n\n\n<p>Dijo que se est\u00e1 viendo un incremento importante en los pacientes que buscan atenci\u00f3n m\u00e9dica como consecuencia de los virus respiratorios, sobre todo influenza A y B, los rinovirus y muchos casos de broncoespasmos en los m\u00e1s peque\u00f1os.<\/p>\n\n\n\n<p>Las provincias<\/p>\n\n\n\n<p>m\u00e1s afectadas<\/p>\n\n\n\n<p>Seg\u00fan el informe del Ministerio de Salud P\u00fablica, en los \u00faltimos d\u00edas el virus m\u00e1s circulante es el sincitial respiratorio (VRS) y las provincias m\u00e1s afectadas son Barahona, Duarte, La Romana, Santiago, Santo Domingo y el Distrito Nacional.<\/p>\n\n\n\n<p>El informe indica que sobre el Covid-19 en las \u00faltimas cuatro semanas se han identificado las variantes EG.5.1, FL.1x y JN.1.<\/p>\n\n\n\n<p>Mayor vigilancia<\/p>\n\n\n\n<p>en hospitales<\/p>\n\n\n\n<p>Ante la presencia de la nueva variante y otros virus respiratorios circulantes, el Ministerio de Salud P\u00fablica emiti\u00f3 este lunes 25 de diciembre una alerta epidemiol\u00f3gica, instruyendo a los centros de salud y a las direcciones provinciales de salud a fortalecer la vigilancia para la influenza.<\/p>\n\n\n\n<p>Adem\u00e1s le recomienda priorizar la vigilancia para las infecciones respiratorias agudas (IRAG), a fin de vigilar los cambios epidemiol\u00f3gicos y las tendencias de circulaci\u00f3n viral.<\/p>\n\n\n\n<p>Orienta a los centros a realizar investigaciones y reportes oportunos en los casos sospechosos; enviar r\u00e1pidamente la toma a los laboratorios correspondientes e informar al p\u00fablico sobre las medidas preventivas contra la influenza y el Covid-19.<\/p>\n\n\n\n<p>A la poblaci\u00f3n<\/p>\n\n\n\n<p>Salud P\u00fablica recomienda a la poblaci\u00f3n, principalmente a los grupos vulnerables, como son los menores de cinco a\u00f1os y mayores de 65, a acudir a los puestos de vacunaci\u00f3n contra la influenza y el Covid-19, asimismo para el personal de salud y personas con comorbilidad.<\/p>\n\n\n\n<p>Pidi\u00f3 completar el esquema de vacunaci\u00f3n y evitar el conglomerado de personas en espacios cerrados.<\/p>\n\n\n\n<p>En caso de enfermedad, se recomienda el distanciamiento f\u00edsico, uso de mascarilla y asistir al centro de salud m\u00e1s cercano.<\/p>\n\n\n\n<p>Hasta la semana epidemiol\u00f3gica n\u00famero 51 del 2023, en el pa\u00eds se han notificado 1.2 millones de casos de infecciones respiratorias agudas (IRA) de v\u00edas altas, que afectan a la nariz, senos paranasales, faringe y laringe y unos 246,361 casos de IRA baja, que se manifiestan en tr\u00e1quea, bronquios y pulmones.<\/p>\n\n\n\n<p>Dijo que la JN.1 es una subvariante de \u00f3micron que es la generadora de mayores casos y de hospitalizaci\u00f3n, sobre todo en la poblaci\u00f3n envejeciente.<\/p>\n\n\n\n<p>El experto en virus doctor Robert Paulino ha explicado que el Covid-19 sigue siendo un evento de salud importante, y que en las \u00faltimas semanas la subvariante de \u00f3micron JN.1 est\u00e1 aumentando simult\u00e1neamente en todo el mundo.<\/p>\n\n\n\n<p>Explic\u00f3 que la JN.1 es una subvariante de BA.286. Y que su ventaja de crecimiento es la m\u00e1s alta que se registr\u00f3 entre todas las dem\u00e1s variantes que se han registrado, pero que eso no significa necesariamente que har\u00e1 una nueva ola del virus.<\/p>\n","protected":false},"excerpt":{"rendered":"<p>Santo Domingo.-El Distrito Nacional y la provincia de Santo Domingo son las localidades del pa\u00eds donde se ha detectado hasta el momento la circulaci\u00f3n de la nueva variante JN.1 del&hellip;<\/p>\n","protected":false},"author":3,"featured_media":72120,"comment_status":"open","ping_status":"open","sticky":false,"template":"","format":"standard","meta":{"content-type":"","jetpack_post_was_ever_published":false,"_jetpack_newsletter_access":"","_jetpack_dont_email_post_to_subs":false,"_jetpack_newsletter_tier_id":0,"_jetpack_memberships_contains_paywalled_content":false,"_jetpack_memberships_contains_paid_content":false,"footnotes":""},"categories":[25],"tags":[],"class_list":["post-72119","post","type-post","status-publish","format-standard","has-post-thumbnail","hentry","category-portada"],"jetpack_featured_media_url":"https:\/\/lasprimeras.com.do\/wp-content\/uploads\/2023\/12\/LIDOM-anuncia-reduccion-en-tiempo-de-juegos-3-1.jpg","jetpack-related-posts":[{"id":71975,"url":"https:\/\/lasprimeras.com.do\/index.php\/2023\/12\/25\/salud-publica-emite-alerta-epidemiologica-por-circulacion-de-varios-virus-respiratorios\/","url_meta":{"origin":72119,"position":0},"title":"Salud P\u00fablica emite alerta epidemiol\u00f3gica por circulaci\u00f3n de varios virus respiratorios","author":"Nelson Feliz","date":"25 de diciembre de 2023","format":false,"excerpt":"Recomend\u00f3 el uso de mascarillas y evitar aglomeraci\u00f3n de personas. El Ministerio de Salud P\u00fablica emiti\u00f3 este lunes una alerta epidemiol\u00f3gica por varios virus gripales que circulan en la poblaci\u00f3n, como el SARS-Cov2 (COVID-19), sincitial respiratorio (VRS), influenza A (H1N1) y las variantes de estas pdm09, adenovirus y la influenza\u2026","rel":"","context":"En \u00abSin categor\u00eda\u00bb","block_context":{"text":"Sin categor\u00eda","link":"https:\/\/lasprimeras.com.do\/index.php\/category\/sin-categoria\/"},"img":{"alt_text":"","src":"https:\/\/i0.wp.com\/lasprimeras.com.do\/wp-content\/uploads\/2023\/12\/banneragendacuarentena600.300.png?resize=350%2C200&ssl=1","width":350,"height":200,"srcset":"https:\/\/i0.wp.com\/lasprimeras.com.do\/wp-content\/uploads\/2023\/12\/banneragendacuarentena600.300.png?resize=350%2C200&ssl=1 1x, https:\/\/i0.wp.com\/lasprimeras.com.do\/wp-content\/uploads\/2023\/12\/banneragendacuarentena600.300.png?resize=525%2C300&ssl=1 1.5x"},"classes":[]},{"id":72935,"url":"https:\/\/lasprimeras.com.do\/index.php\/2024\/01\/04\/el-covid-amenaza-la-salud-global-mientras-la-variante-jn-1-se-vuelve-dominante-en-eeuu-y-otros-paises\/","url_meta":{"origin":72119,"position":1},"title":"El COVID amenaza la salud global, mientras la variante JN.1 se vuelve dominante en EEUU y otros pa\u00edses","author":"Nelson Feliz","date":"4 de enero de 2024","format":false,"excerpt":"La OMS y los cient\u00edficos del mundo vigilan de cerca la evoluci\u00f3n del virus SARS-CoV-2 y sus nuevas variantes m\u00e1s contagiosas. Cu\u00e1l es la situaci\u00f3n en Argentina y qu\u00e9 ocurre con los grupos de personas no vacunadas o que no recibieron los refuerzos. Por Daniela Blanco La pandemia no termin\u00f3\u2026","rel":"","context":"En \u00abPORTADA\u00bb","block_context":{"text":"PORTADA","link":"https:\/\/lasprimeras.com.do\/index.php\/category\/portada\/"},"img":{"alt_text":"","src":"https:\/\/i0.wp.com\/lasprimeras.com.do\/wp-content\/uploads\/2024\/01\/COVID.jpg?resize=350%2C200&ssl=1","width":350,"height":200,"srcset":"https:\/\/i0.wp.com\/lasprimeras.com.do\/wp-content\/uploads\/2024\/01\/COVID.jpg?resize=350%2C200&ssl=1 1x, https:\/\/i0.wp.com\/lasprimeras.com.do\/wp-content\/uploads\/2024\/01\/COVID.jpg?resize=525%2C300&ssl=1 1.5x, https:\/\/i0.wp.com\/lasprimeras.com.do\/wp-content\/uploads\/2024\/01\/COVID.jpg?resize=700%2C400&ssl=1 2x"},"classes":[]},{"id":71603,"url":"https:\/\/lasprimeras.com.do\/index.php\/2023\/12\/21\/el-covid-19-presenta-ligero-aumento-casos\/","url_meta":{"origin":72119,"position":2},"title":"El covid-19 presenta ligero aumento casos","author":"BIMARY DE JES\u00daS Matos","date":"21 de diciembre de 2023","format":false,"excerpt":"Santo Domingo .-Las condiciones atmosf\u00e9ricas de bajas temperaturas, lluvias y, en ocasiones, un clima c\u00e1lido, constituyen el ambiente id\u00f3neo para la propagaci\u00f3n de afecciones respiratorias como la influenza, el virus sincitial y el covid-19, por lo que se espera que incrementen los casos a medida que pasan los d\u00edas. En\u2026","rel":"","context":"En \u00abPORTADA\u00bb","block_context":{"text":"PORTADA","link":"https:\/\/lasprimeras.com.do\/index.php\/category\/portada\/"},"img":{"alt_text":"","src":"","width":0,"height":0},"classes":[]},{"id":77897,"url":"https:\/\/lasprimeras.com.do\/index.php\/2024\/02\/27\/incidencia-virus-respiratorios-disminuye-en-el-pais\/","url_meta":{"origin":72119,"position":3},"title":"Incidencia virus respiratorios disminuye en el pa\u00eds","author":"BIMARY DE JES\u00daS Matos","date":"27 de febrero de 2024","format":false,"excerpt":"Santo Domingo.-Los virus respiratorios contin\u00faan afectando a la poblaci\u00f3n dominicana debido a los cambios de temperaturas que se registran en el pa\u00eds, sin embargo, su incidencia ha disminuido considerablemente comparada con el mes pasado. Con las infecciones respiratorias como la influenza y el virus sincitial, as\u00ed como el dengue, los\u2026","rel":"","context":"En \u00abNACIONALES\u00bb","block_context":{"text":"NACIONALES","link":"https:\/\/lasprimeras.com.do\/index.php\/category\/nacionales\/"},"img":{"alt_text":"","src":"https:\/\/i0.wp.com\/lasprimeras.com.do\/wp-content\/uploads\/2024\/02\/10_Nacionales_27_-3p01.jpg.webp?resize=350%2C200&ssl=1","width":350,"height":200,"srcset":"https:\/\/i0.wp.com\/lasprimeras.com.do\/wp-content\/uploads\/2024\/02\/10_Nacionales_27_-3p01.jpg.webp?resize=350%2C200&ssl=1 1x, https:\/\/i0.wp.com\/lasprimeras.com.do\/wp-content\/uploads\/2024\/02\/10_Nacionales_27_-3p01.jpg.webp?resize=525%2C300&ssl=1 1.5x, https:\/\/i0.wp.com\/lasprimeras.com.do\/wp-content\/uploads\/2024\/02\/10_Nacionales_27_-3p01.jpg.webp?resize=700%2C400&ssl=1 2x"},"classes":[]},{"id":71815,"url":"https:\/\/lasprimeras.com.do\/index.php\/2023\/12\/23\/piden-prevencion-ante-alza-en-casos-de-covid\/","url_meta":{"origin":72119,"position":4},"title":"Piden prevenci\u00f3n ante alza en casos de Covid","author":"BIMARY DE JES\u00daS Matos","date":"23 de diciembre de 2023","format":false,"excerpt":"Santo Domingo.-A prop\u00f3sito del leve incremento de los casos de coronavirus que se han registrado en los \u00faltimos siete d\u00edas, el Ministerio de Salud P\u00fablica (MSP) inform\u00f3 que se mantiene vigilando el comportamiento de los contagios, para considerar la adopci\u00f3n de medidas de control o mitigaci\u00f3n. Aunque la entidad a\u00fan\u2026","rel":"","context":"En \u00abPORTADA\u00bb","block_context":{"text":"PORTADA","link":"https:\/\/lasprimeras.com.do\/index.php\/category\/portada\/"},"img":{"alt_text":"","src":"https:\/\/i0.wp.com\/lasprimeras.com.do\/wp-content\/uploads\/2023\/12\/Noticias-de-energia-55-5.jpg?resize=350%2C200&ssl=1","width":350,"height":200,"srcset":"https:\/\/i0.wp.com\/lasprimeras.com.do\/wp-content\/uploads\/2023\/12\/Noticias-de-energia-55-5.jpg?resize=350%2C200&ssl=1 1x, https:\/\/i0.wp.com\/lasprimeras.com.do\/wp-content\/uploads\/2023\/12\/Noticias-de-energia-55-5.jpg?resize=525%2C300&ssl=1 1.5x, https:\/\/i0.wp.com\/lasprimeras.com.do\/wp-content\/uploads\/2023\/12\/Noticias-de-energia-55-5.jpg?resize=700%2C400&ssl=1 2x"},"classes":[]},{"id":121732,"url":"https:\/\/lasprimeras.com.do\/index.php\/2026\/02\/09\/influenza-a-h3n2-circula-activamente-en-rd-eleva-hospitalizaciones\/","url_meta":{"origin":72119,"position":5},"title":"Influenza A (H3N2) circula activamente en RD; eleva hospitalizaciones","author":"Nelson Feliz","date":"9 de febrero de 2026","format":false,"excerpt":"Los grupos m\u00e1s vulnerables ante esta variante son los ni\u00f1os, las mujeres embarazadas, los adultos mayores, as\u00ed como las personas con enfermedades cr\u00f3nicas. La Sociedad Dominicana de Neumolog\u00eda y Cirug\u00eda de T\u00f3rax, alert\u00f3 hoy sobre la cepa de la influenza A (H3N2) circula de manera activa en el pa\u00eds y\u2026","rel":"","context":"En \u00abPORTADA\u00bb","block_context":{"text":"PORTADA","link":"https:\/\/lasprimeras.com.do\/index.php\/category\/portada\/"},"img":{"alt_text":"Hospitales NYC abarrotados personas con gripe y otros virus","src":"https:\/\/i0.wp.com\/lasprimeras.com.do\/wp-content\/uploads\/2025\/12\/WhatsApp-Image-2025-12-22-at-7.39.05-AM.jpeg?resize=350%2C200&ssl=1","width":350,"height":200,"srcset":"https:\/\/i0.wp.com\/lasprimeras.com.do\/wp-content\/uploads\/2025\/12\/WhatsApp-Image-2025-12-22-at-7.39.05-AM.jpeg?resize=350%2C200&ssl=1 1x, https:\/\/i0.wp.com\/lasprimeras.com.do\/wp-content\/uploads\/2025\/12\/WhatsApp-Image-2025-12-22-at-7.39.05-AM.jpeg?resize=525%2C300&ssl=1 1.5x"},"classes":[]}],"jetpack_sharing_enabled":true,"_links":{"self":[{"href":"https:\/\/lasprimeras.com.do\/index.php\/wp-json\/wp\/v2\/posts\/72119","targetHints":{"allow":["GET"]}}],"collection":[{"href":"https:\/\/lasprimeras.com.do\/index.php\/wp-json\/wp\/v2\/posts"}],"about":[{"href":"https:\/\/lasprimeras.com.do\/index.php\/wp-json\/wp\/v2\/types\/post"}],"author":[{"embeddable":true,"href":"https:\/\/lasprimeras.com.do\/index.php\/wp-json\/wp\/v2\/users\/3"}],"replies":[{"embeddable":true,"href":"https:\/\/lasprimeras.com.do\/index.php\/wp-json\/wp\/v2\/comments?post=72119"}],"version-history":[{"count":1,"href":"https:\/\/lasprimeras.com.do\/index.php\/wp-json\/wp\/v2\/posts\/72119\/revisions"}],"predecessor-version":[{"id":72121,"href":"https:\/\/lasprimeras.com.do\/index.php\/wp-json\/wp\/v2\/posts\/72119\/revisions\/72121"}],"wp:featuredmedia":[{"embeddable":true,"href":"https:\/\/lasprimeras.com.do\/index.php\/wp-json\/wp\/v2\/media\/72120"}],"wp:attachment":[{"href":"https:\/\/lasprimeras.com.do\/index.php\/wp-json\/wp\/v2\/media?parent=72119"}],"wp:term":[{"taxonomy":"category","embeddable":true,"href":"https:\/\/lasprimeras.com.do\/index.php\/wp-json\/wp\/v2\/categories?post=72119"},{"taxonomy":"post_tag","embeddable":true,"href":"https:\/\/lasprimeras.com.do\/index.php\/wp-json\/wp\/v2\/tags?post=72119"}],"curies":[{"name":"wp","href":"https:\/\/api.w.org\/{rel}","templated":true}]}}