{"id":72123,"date":"2023-12-27T06:51:40","date_gmt":"2023-12-27T10:51:40","guid":{"rendered":"https:\/\/lasprimeras.com.do\/?p=72123"},"modified":"2023-12-27T06:51:42","modified_gmt":"2023-12-27T10:51:42","slug":"productores-de-arroz-temen-desaparecer-por-construccion-de-canal-en-haiti","status":"publish","type":"post","link":"https:\/\/lasprimeras.com.do\/index.php\/2023\/12\/27\/productores-de-arroz-temen-desaparecer-por-construccion-de-canal-en-haiti\/","title":{"rendered":"Productores de arroz temen desaparecer por construcci\u00f3n de canal en Hait\u00ed"},"content":{"rendered":"\n<p>Santo Domingo.-Los Productores de arroz de la provincia Dajab\u00f3n advirtieron que est\u00e1n en peligro de extinci\u00f3n por la construcci\u00f3n del canal que realizan haitianos en Juana M\u00e9ndez para desviar grandes vol\u00famenes de agua del r\u00edo masacre hacia el Noreste de Hait\u00ed.<\/p>\n\n\n\n<p>La preocupaci\u00f3n de los agricultores ocurre tras el gobierno dominicano no tener garantizada el agua para irrigar m\u00e1s de 20 mil tareas de tierra a los productores, explic\u00f3 la Junta de Regantes d la zona<\/p>\n\n\n\n<p>Denunci\u00f3 que el problema no est\u00e1 resuelto como ha comunicado el Instituto Nacional de Recursos Hidr\u00e1ulicos (Indrhi).<\/p>\n\n\n\n<p>\u201cY dar\u00eda pena y verg\u00fcenza que el ministro del INDRHI est\u00e9 hablando mentiras al pa\u00eds y al mundo, aqu\u00ed vinieron organismos internacionales a ver la problem\u00e1tica que estamos pasando por aqu\u00ed, y que ya para esa comisi\u00f3n nosotros tenemos el agua segura, donde es una mentira\u201d, dijo Jos\u00e9 Gil, presidente de la Junta de Regantes.<\/p>\n\n\n\n<p>Gil anunci\u00f3 que a\u00fan esperan respuesta del director del Indrhi, ante la exigencia para que se les construyan dos pozos en los diques Veterano cero, N\u00famero 1 y 4, y en el dique Don Pedro con paneles solares, para as\u00ed garantizar el agua a los productores de arroz que ser\u00e1n afectados por la construcci\u00f3n del canal en Hait\u00ed.<\/p>\n\n\n\n<p>El presidente de la Asociaci\u00f3n de Productores de Arroz Sagrado Coraz\u00f3n de Jes\u00fas de Dajab\u00f3n y miembro de la directiva de Fenarroz, Wascar Sigoyen, desminti\u00f3 al director del Indhri Olmedo Caba, asegurando que el canal de La Vig\u00eda no est\u00e1 listo para su puesta en funcionamiento, como dijo el funcionario.<\/p>\n\n\n\n<p>\u201cEso es totalmente falso, ya que el canal ni siquiera ha sido confluido en su totalidad, y adem\u00e1s de eso las aguas que aportar\u00e1n est\u00e1s bombas no son suficientes para la cantidad de tareas que poseemos, debido a que con un metro c\u00fabico no es posible irrigar unas 20 mil tareas que est\u00e1n aguas abajo de la toma que est\u00e1n construyendo los haitianos\u201d expreso Sigoyen.<\/p>\n\n\n\n<p>Por la edificaci\u00f3n del canal de Hait\u00ed, que se espera sea puesto en funcionamiento en el 2024, Sigoyen asegur\u00f3 que han entrado en una etapa de extinci\u00f3n total y que el gobierno no ha dado la respuesta que esperaban y han solicitado para subsistir.<\/p>\n\n\n\n<p>Mientras el productor de arroz, Manuel Fern\u00e1ndez, dijo que por la falta de apoyo del gobierno est\u00e1n irrigando el cultivo con agua del centro de la cuidad, por lo que exige una mano amiga de las autoridades.<\/p>\n","protected":false},"excerpt":{"rendered":"<p>Santo Domingo.-Los Productores de arroz de la provincia Dajab\u00f3n advirtieron que est\u00e1n en peligro de extinci\u00f3n por la construcci\u00f3n del canal que realizan haitianos en Juana M\u00e9ndez para desviar grandes&hellip;<\/p>\n","protected":false},"author":3,"featured_media":72125,"comment_status":"open","ping_status":"open","sticky":false,"template":"","format":"standard","meta":{"content-type":"","jetpack_post_was_ever_published":false,"_jetpack_newsletter_access":"","_jetpack_dont_email_post_to_subs":false,"_jetpack_newsletter_tier_id":0,"_jetpack_memberships_contains_paywalled_content":false,"_jetpack_memberships_contains_paid_content":false,"footnotes":""},"categories":[25],"tags":[7448],"class_list":["post-72123","post","type-post","status-publish","format-standard","has-post-thumbnail","hentry","category-portada","tag-haiti-2"],"jetpack_featured_media_url":"https:\/\/lasprimeras.com.do\/wp-content\/uploads\/2023\/12\/LIDOM-anuncia-reduccion-en-tiempo-de-juegos-3-2.jpg","jetpack-related-posts":[{"id":65973,"url":"https:\/\/lasprimeras.com.do\/index.php\/2023\/11\/02\/arroceros-con-temor-a-sembrar-por-causa-de-canal\/","url_meta":{"origin":72123,"position":0},"title":"Arroceros con temor a sembrar por causa de canal","author":"BIMARY DE JES\u00daS Matos","date":"2 de noviembre de 2023","format":false,"excerpt":"Santo Domingo.-M\u00e1s de dos meses despu\u00e9s los trabajos de construcci\u00f3n del canal en Juana M\u00e9ndez, en Hait\u00ed, para desviar las aguas del Masacre han provocado la preocupaci\u00f3n de productores de arroz, r\u00edo abajo, ya que podr\u00edan verse afectados por la obra, por lo que tienen temor de iniciar con la\u2026","rel":"","context":"En \u00abPORTADA\u00bb","block_context":{"text":"PORTADA","link":"https:\/\/lasprimeras.com.do\/index.php\/category\/portada\/"},"img":{"alt_text":"","src":"https:\/\/i0.wp.com\/lasprimeras.com.do\/wp-content\/uploads\/2023\/11\/WhatsApp-Image-2023-10-31-at-11.41.17-AM-1.jpeg?resize=350%2C200&ssl=1","width":350,"height":200,"srcset":"https:\/\/i0.wp.com\/lasprimeras.com.do\/wp-content\/uploads\/2023\/11\/WhatsApp-Image-2023-10-31-at-11.41.17-AM-1.jpeg?resize=350%2C200&ssl=1 1x, https:\/\/i0.wp.com\/lasprimeras.com.do\/wp-content\/uploads\/2023\/11\/WhatsApp-Image-2023-10-31-at-11.41.17-AM-1.jpeg?resize=525%2C300&ssl=1 1.5x"},"classes":[]},{"id":63559,"url":"https:\/\/lasprimeras.com.do\/index.php\/2023\/10\/13\/director-del-indrhi-reitera-que-el-agua-de-los-productores-agricolas-de-la-parte-baja-de-la-vigia-y-los-ganaderos-esta-garantizada\/","url_meta":{"origin":72123,"position":1},"title":"Director del INDRHI reitera que el agua de los productores agr\u00edcolas de la parte baja de la Vig\u00eda y los ganaderos est\u00e1 garantizada","author":"BIMARY DE JES\u00daS Matos","date":"13 de octubre de 2023","format":false,"excerpt":"Olmedo Caba Romano, director ejecutivo del Instituto Nacional de Recursos Hidr\u00e1ulicos, INDRHI, visit\u00f3 este jueves el canal La Vig\u00eda en Dajab\u00f3n, donde afirm\u00f3 que el pedido del presidente est\u00e1 realizado, que fue la habilitaci\u00f3n de ese canal, pero que por el momento hay abundante agua en zona, por lo que\u2026","rel":"","context":"En \u00abNACIONALES\u00bb","block_context":{"text":"NACIONALES","link":"https:\/\/lasprimeras.com.do\/index.php\/category\/nacionales\/"},"img":{"alt_text":"","src":"https:\/\/i0.wp.com\/lasprimeras.com.do\/wp-content\/uploads\/2023\/10\/WhatsApp-Image-2023-10-11-at-8.43.54-PM.webp?resize=350%2C200&ssl=1","width":350,"height":200,"srcset":"https:\/\/i0.wp.com\/lasprimeras.com.do\/wp-content\/uploads\/2023\/10\/WhatsApp-Image-2023-10-11-at-8.43.54-PM.webp?resize=350%2C200&ssl=1 1x, https:\/\/i0.wp.com\/lasprimeras.com.do\/wp-content\/uploads\/2023\/10\/WhatsApp-Image-2023-10-11-at-8.43.54-PM.webp?resize=525%2C300&ssl=1 1.5x, https:\/\/i0.wp.com\/lasprimeras.com.do\/wp-content\/uploads\/2023\/10\/WhatsApp-Image-2023-10-11-at-8.43.54-PM.webp?resize=700%2C400&ssl=1 2x"},"classes":[]},{"id":71463,"url":"https:\/\/lasprimeras.com.do\/index.php\/2023\/12\/20\/haiti-extraera-grandes-volumenes-de-agua-del-rio-masacre\/","url_meta":{"origin":72123,"position":2},"title":"Hait\u00ed extraer\u00e1 grandes vol\u00famenes de agua del r\u00edo Masacre","author":"BIMARY DE JES\u00daS Matos","date":"20 de diciembre de 2023","format":false,"excerpt":"Hait\u00ed.-Tras grandes donaciones de dinero, cemento, varillas y otros materiales para continuar con la edificaci\u00f3n de un canal de riego que se alimentar\u00e1 del r\u00edo Masacre, el comit\u00e9 a cargo de la construcci\u00f3n ampli\u00f3 la obra para extraer mayor cantidad de agua del afluente. Los haitianos han levantado dos muros\u2026","rel":"","context":"En \u00abPORTADA\u00bb","block_context":{"text":"PORTADA","link":"https:\/\/lasprimeras.com.do\/index.php\/category\/portada\/"},"img":{"alt_text":"","src":"https:\/\/i0.wp.com\/lasprimeras.com.do\/wp-content\/uploads\/2023\/12\/Noticias-14-1.jpg?resize=350%2C200&ssl=1","width":350,"height":200,"srcset":"https:\/\/i0.wp.com\/lasprimeras.com.do\/wp-content\/uploads\/2023\/12\/Noticias-14-1.jpg?resize=350%2C200&ssl=1 1x, https:\/\/i0.wp.com\/lasprimeras.com.do\/wp-content\/uploads\/2023\/12\/Noticias-14-1.jpg?resize=525%2C300&ssl=1 1.5x"},"classes":[]},{"id":79526,"url":"https:\/\/lasprimeras.com.do\/index.php\/2024\/03\/28\/indrhi-realimenta-canal-la-vigia-tras-haiti-abrir-canal\/","url_meta":{"origin":72123,"position":3},"title":"Indrhi realimenta canal La Vig\u00eda, tras Hait\u00ed abrir canal","author":"BIMARY DE JES\u00daS Matos","date":"28 de marzo de 2024","format":false,"excerpt":"Santo Domingo.-Luego de que el caudal del r\u00edo Masacre experimentara una reducci\u00f3n por la baja pluviometr\u00eda y varias horas despu\u00e9s de la apertura del canal en el lado haitiano, el Instituto Nacional de Recursos Hidr\u00e1ulicos (Indrhi) comenz\u00f3 a operar el sistema de bombeo en La Aduana Vieja para alimentar el\u2026","rel":"","context":"En \u00abNACIONALES\u00bb","block_context":{"text":"NACIONALES","link":"https:\/\/lasprimeras.com.do\/index.php\/category\/nacionales\/"},"img":{"alt_text":"","src":"https:\/\/i0.wp.com\/lasprimeras.com.do\/wp-content\/uploads\/2024\/03\/6_Nacionales_28_1p01.jpg?resize=350%2C200&ssl=1","width":350,"height":200,"srcset":"https:\/\/i0.wp.com\/lasprimeras.com.do\/wp-content\/uploads\/2024\/03\/6_Nacionales_28_1p01.jpg?resize=350%2C200&ssl=1 1x, https:\/\/i0.wp.com\/lasprimeras.com.do\/wp-content\/uploads\/2024\/03\/6_Nacionales_28_1p01.jpg?resize=525%2C300&ssl=1 1.5x, https:\/\/i0.wp.com\/lasprimeras.com.do\/wp-content\/uploads\/2024\/03\/6_Nacionales_28_1p01.jpg?resize=700%2C400&ssl=1 2x, https:\/\/i0.wp.com\/lasprimeras.com.do\/wp-content\/uploads\/2024\/03\/6_Nacionales_28_1p01.jpg?resize=1050%2C600&ssl=1 3x, https:\/\/i0.wp.com\/lasprimeras.com.do\/wp-content\/uploads\/2024\/03\/6_Nacionales_28_1p01.jpg?resize=1400%2C800&ssl=1 4x"},"classes":[]},{"id":62448,"url":"https:\/\/lasprimeras.com.do\/index.php\/2023\/10\/05\/indrhi-dice-canal-vigia-esta-listo-para-operar\/","url_meta":{"origin":72123,"position":4},"title":"Indrhi dice Canal Vig\u00eda est\u00e1 listo para operar","author":"BIMARY DE JES\u00daS Matos","date":"5 de octubre de 2023","format":false,"excerpt":"Santo Domingo.-El Instituto Nacional de Recursos Hidr\u00e1ulicos (Indrhi) asegur\u00f3 ayer que el canal La Aduana-La Vig\u00eda, en el r\u00edo Dajab\u00f3n o Masacre, est\u00e1 listo para operar y present\u00f3 el trayecto de agua por el conducto, tras culminar las pruebas de las tres motobombas instaladas en la obra de toma. La\u2026","rel":"","context":"En \u00abNACIONALES\u00bb","block_context":{"text":"NACIONALES","link":"https:\/\/lasprimeras.com.do\/index.php\/category\/nacionales\/"},"img":{"alt_text":"","src":"https:\/\/i0.wp.com\/lasprimeras.com.do\/wp-content\/uploads\/2023\/10\/WhatsApp-Image-2023-10-04-at-5.20.12-PM-3.webp?resize=350%2C200&ssl=1","width":350,"height":200,"srcset":"https:\/\/i0.wp.com\/lasprimeras.com.do\/wp-content\/uploads\/2023\/10\/WhatsApp-Image-2023-10-04-at-5.20.12-PM-3.webp?resize=350%2C200&ssl=1 1x, https:\/\/i0.wp.com\/lasprimeras.com.do\/wp-content\/uploads\/2023\/10\/WhatsApp-Image-2023-10-04-at-5.20.12-PM-3.webp?resize=525%2C300&ssl=1 1.5x, https:\/\/i0.wp.com\/lasprimeras.com.do\/wp-content\/uploads\/2023\/10\/WhatsApp-Image-2023-10-04-at-5.20.12-PM-3.webp?resize=700%2C400&ssl=1 2x, https:\/\/i0.wp.com\/lasprimeras.com.do\/wp-content\/uploads\/2023\/10\/WhatsApp-Image-2023-10-04-at-5.20.12-PM-3.webp?resize=1050%2C600&ssl=1 3x"},"classes":[]},{"id":61786,"url":"https:\/\/lasprimeras.com.do\/index.php\/2023\/10\/01\/en-canal-la-vigia-ya-hay-dos-bombas-diesel-instaladas-segun-indrhi-colocara-otra\/","url_meta":{"origin":72123,"position":5},"title":"En canal La Vig\u00eda ya hay dos bombas diesel instaladas, seg\u00fan INDRHI; colocar\u00e1 otra","author":"BIMARY DE JES\u00daS Matos","date":"1 de octubre de 2023","format":false,"excerpt":"DAJABON. \u2013 El director ejecutivo del Instituto Nacional de Recursos Hidr\u00e1ulicos (INDRHI), Olmedo Caba Romano, encabez\u00f3 este s\u00e1bado un encuentro con productores de Dajab\u00f3n, a quienes ofreci\u00f3 detalles t\u00e9cnicos de las obras hidr\u00e1ulicas que construyen en aras de garantizar agua para la producci\u00f3n agropecuaria en la provincia, ante los meses\u2026","rel":"","context":"En \u00abPORTADA\u00bb","block_context":{"text":"PORTADA","link":"https:\/\/lasprimeras.com.do\/index.php\/category\/portada\/"},"img":{"alt_text":"","src":"https:\/\/i0.wp.com\/lasprimeras.com.do\/wp-content\/uploads\/2023\/10\/WhatsApp-Image-2023-09-25-at-1.05.22-PM-3.jpeg?resize=350%2C200&ssl=1","width":350,"height":200,"srcset":"https:\/\/i0.wp.com\/lasprimeras.com.do\/wp-content\/uploads\/2023\/10\/WhatsApp-Image-2023-09-25-at-1.05.22-PM-3.jpeg?resize=350%2C200&ssl=1 1x, https:\/\/i0.wp.com\/lasprimeras.com.do\/wp-content\/uploads\/2023\/10\/WhatsApp-Image-2023-09-25-at-1.05.22-PM-3.jpeg?resize=525%2C300&ssl=1 1.5x, https:\/\/i0.wp.com\/lasprimeras.com.do\/wp-content\/uploads\/2023\/10\/WhatsApp-Image-2023-09-25-at-1.05.22-PM-3.jpeg?resize=700%2C400&ssl=1 2x, https:\/\/i0.wp.com\/lasprimeras.com.do\/wp-content\/uploads\/2023\/10\/WhatsApp-Image-2023-09-25-at-1.05.22-PM-3.jpeg?resize=1050%2C600&ssl=1 3x, https:\/\/i0.wp.com\/lasprimeras.com.do\/wp-content\/uploads\/2023\/10\/WhatsApp-Image-2023-09-25-at-1.05.22-PM-3.jpeg?resize=1400%2C800&ssl=1 4x"},"classes":[]}],"jetpack_sharing_enabled":true,"_links":{"self":[{"href":"https:\/\/lasprimeras.com.do\/index.php\/wp-json\/wp\/v2\/posts\/72123","targetHints":{"allow":["GET"]}}],"collection":[{"href":"https:\/\/lasprimeras.com.do\/index.php\/wp-json\/wp\/v2\/posts"}],"about":[{"href":"https:\/\/lasprimeras.com.do\/index.php\/wp-json\/wp\/v2\/types\/post"}],"author":[{"embeddable":true,"href":"https:\/\/lasprimeras.com.do\/index.php\/wp-json\/wp\/v2\/users\/3"}],"replies":[{"embeddable":true,"href":"https:\/\/lasprimeras.com.do\/index.php\/wp-json\/wp\/v2\/comments?post=72123"}],"version-history":[{"count":1,"href":"https:\/\/lasprimeras.com.do\/index.php\/wp-json\/wp\/v2\/posts\/72123\/revisions"}],"predecessor-version":[{"id":72126,"href":"https:\/\/lasprimeras.com.do\/index.php\/wp-json\/wp\/v2\/posts\/72123\/revisions\/72126"}],"wp:featuredmedia":[{"embeddable":true,"href":"https:\/\/lasprimeras.com.do\/index.php\/wp-json\/wp\/v2\/media\/72125"}],"wp:attachment":[{"href":"https:\/\/lasprimeras.com.do\/index.php\/wp-json\/wp\/v2\/media?parent=72123"}],"wp:term":[{"taxonomy":"category","embeddable":true,"href":"https:\/\/lasprimeras.com.do\/index.php\/wp-json\/wp\/v2\/categories?post=72123"},{"taxonomy":"post_tag","embeddable":true,"href":"https:\/\/lasprimeras.com.do\/index.php\/wp-json\/wp\/v2\/tags?post=72123"}],"curies":[{"name":"wp","href":"https:\/\/api.w.org\/{rel}","templated":true}]}}