{"id":72127,"date":"2023-12-27T06:52:56","date_gmt":"2023-12-27T10:52:56","guid":{"rendered":"https:\/\/lasprimeras.com.do\/?p=72127"},"modified":"2023-12-27T06:52:58","modified_gmt":"2023-12-27T10:52:58","slug":"lucha-en-el-prm-para-sustituir-a-faride-raful","status":"publish","type":"post","link":"https:\/\/lasprimeras.com.do\/index.php\/2023\/12\/27\/lucha-en-el-prm-para-sustituir-a-faride-raful\/","title":{"rendered":"Lucha en el PRM para sustituir a Faride Raful"},"content":{"rendered":"\n<p>Santo Domingo.-La renuncia de la senadora perreme\u00edsta, Faride Raful a repostularse desat\u00f3 una ola de especulaciones dentro del PRM, cuyos dirigentes descartan que el escenario invalide a esa organizaci\u00f3n pol\u00edtica para retener la curul del Distrito Nacional.<\/p>\n\n\n\n<p>Mientras la actual legisladora capitale\u00f1a a\u00fan no ha explicado con detalle su decisi\u00f3n de retirar sus aspiraciones.<\/p>\n\n\n\n<p>Los compa\u00f1eros de partido lamentan que Faride, no sea la candidata de la principal plaza del pa\u00eds, sin embargo aseguran que los triunfos del PRM son altos.<\/p>\n\n\n\n<p>\u201cvamos a aumentar el caudal de candidatos en toda la geograf\u00eda nacional\u201d, indic\u00f3 un integrante del PRM.<\/p>\n\n\n\n<p>A parte de esta candidatura al PRM le falta definir, Santiago, La Vega, La Romana y la Altagracia, donde tienen hasta el mes de marzo del 2024 para definir las alianzas y reservas.<\/p>\n","protected":false},"excerpt":{"rendered":"<p>Santo Domingo.-La renuncia de la senadora perreme\u00edsta, Faride Raful a repostularse desat\u00f3 una ola de especulaciones dentro del PRM, cuyos dirigentes descartan que el escenario invalide a esa organizaci\u00f3n pol\u00edtica&hellip;<\/p>\n","protected":false},"author":3,"featured_media":72128,"comment_status":"open","ping_status":"open","sticky":false,"template":"","format":"standard","meta":{"content-type":"","jetpack_post_was_ever_published":false,"_jetpack_newsletter_access":"","_jetpack_dont_email_post_to_subs":false,"_jetpack_newsletter_tier_id":0,"_jetpack_memberships_contains_paywalled_content":false,"_jetpack_memberships_contains_paid_content":false,"footnotes":""},"categories":[1],"tags":[996],"class_list":["post-72127","post","type-post","status-publish","format-standard","has-post-thumbnail","hentry","category-sin-categoria","tag-faride-raful"],"jetpack_featured_media_url":"https:\/\/lasprimeras.com.do\/wp-content\/uploads\/2023\/12\/LIDOM-anuncia-reduccion-en-tiempo-de-juegos-3-3.jpg","jetpack-related-posts":[{"id":68385,"url":"https:\/\/lasprimeras.com.do\/index.php\/2023\/11\/23\/faride-mantiene-sus-aspiraciones-a-senadora-llama-al-prm-a-definir-la-boleta-sin-mas-demora\/","url_meta":{"origin":72127,"position":0},"title":"Faride mantiene sus aspiraciones a senadora; llama al PRM a definir la boleta sin m\u00e1s demora","author":"BIMARY DE JES\u00daS Matos","date":"23 de noviembre de 2023","format":false,"excerpt":"Santo Domingo.-La senadora del Partido Revolucionario Moderno (PRM) por el Distrito Nacional, Faride Raful, afirm\u00f3 que mantiene sus aspiraciones al mismo cargo, pese a los rumores de que hab\u00eda declinado. As\u00ed mismo, Raful hizo un llamado a las autoridades del partido, a definir sin m\u00e1s demora la boleta de la\u2026","rel":"","context":"En \u00abSin categor\u00eda\u00bb","block_context":{"text":"Sin categor\u00eda","link":"https:\/\/lasprimeras.com.do\/index.php\/category\/sin-categoria\/"},"img":{"alt_text":"","src":"https:\/\/i0.wp.com\/lasprimeras.com.do\/wp-content\/uploads\/2023\/11\/Con-Total-Energies-.jpg?resize=350%2C200&ssl=1","width":350,"height":200,"srcset":"https:\/\/i0.wp.com\/lasprimeras.com.do\/wp-content\/uploads\/2023\/11\/Con-Total-Energies-.jpg?resize=350%2C200&ssl=1 1x, https:\/\/i0.wp.com\/lasprimeras.com.do\/wp-content\/uploads\/2023\/11\/Con-Total-Energies-.jpg?resize=525%2C300&ssl=1 1.5x, https:\/\/i0.wp.com\/lasprimeras.com.do\/wp-content\/uploads\/2023\/11\/Con-Total-Energies-.jpg?resize=700%2C400&ssl=1 2x, https:\/\/i0.wp.com\/lasprimeras.com.do\/wp-content\/uploads\/2023\/11\/Con-Total-Energies-.jpg?resize=1050%2C600&ssl=1 3x"},"classes":[]},{"id":68046,"url":"https:\/\/lasprimeras.com.do\/index.php\/2023\/11\/21\/rosario-espinales-imperdonable-que-el-prm-no-haya-reservado-la-candidatura-de-faride-raful\/","url_meta":{"origin":72127,"position":1},"title":"Rosario Espinal:&#8221;Es imperdonable que el PRM no haya reservado la candidatura de Faride Raful&#8221;","author":"Nelson Feliz","date":"21 de noviembre de 2023","format":false,"excerpt":"La polit\u00f3loga Rosario Espinal calific\u00f3 como una acci\u00f3n imperdonable que el Partido Revolucionario Moderno, no haya reservado la candidatura a la senadora Faride Raful, en el Distrito Nacional. Espinal, dijo que es una desconsideraci\u00f3n que la dirigencia del PRM est\u00e9 buscando otro candidato para competir contra el aspirante a senador\u2026","rel":"","context":"En \u00abPORTADA\u00bb","block_context":{"text":"PORTADA","link":"https:\/\/lasprimeras.com.do\/index.php\/category\/portada\/"},"img":{"alt_text":"Rosario Espinal","src":"https:\/\/i0.wp.com\/lasprimeras.com.do\/wp-content\/uploads\/2023\/11\/Rosario-Espinal.jpg?resize=350%2C200&ssl=1","width":350,"height":200},"classes":[]},{"id":71799,"url":"https:\/\/lasprimeras.com.do\/index.php\/2023\/12\/23\/por-decision-estrategica-de-prm-faride-no-sera-candidata-de-nuevo\/","url_meta":{"origin":72127,"position":2},"title":"Por decisi\u00f3n \u00abestrat\u00e9gica\u00bb de PRM Faride no ser\u00e1 candidata de nuevo","author":"BIMARY DE JES\u00daS Matos","date":"23 de diciembre de 2023","format":false,"excerpt":"SANTO DOMINGO.- La senadora del Distrito Nacional, Faride Raful, anunci\u00f3 que no ser\u00e1 candidata para optar por el mismo puesto, decisi\u00f3n que fue tomada por el Partido Revolucionario Moderno (PRM), al que pertenece. La congresista subi\u00f3 un video a sus redes sociales en el que indica que \u00abhoy anuncio que,\u2026","rel":"","context":"En \u00abSin categor\u00eda\u00bb","block_context":{"text":"Sin categor\u00eda","link":"https:\/\/lasprimeras.com.do\/index.php\/category\/sin-categoria\/"},"img":{"alt_text":"","src":"https:\/\/i0.wp.com\/lasprimeras.com.do\/wp-content\/uploads\/2023\/12\/Noticias-de-energia-55-1.jpg?resize=350%2C200&ssl=1","width":350,"height":200},"classes":[]},{"id":61873,"url":"https:\/\/lasprimeras.com.do\/index.php\/2023\/10\/01\/faride-raful-sea-cual-sea-el-resultado-prm-se-mantendra-unido\/","url_meta":{"origin":72127,"position":3},"title":"Faride Raful: &#8220;Sea cual sea el resultado, PRM se mantendr\u00e1 unido&#8221;","author":"Nelson Feliz","date":"1 de octubre de 2023","format":false,"excerpt":"La senadora dijo que le gustan los procesos de elecci\u00f3n, aunque el PRM reservo la candidatura de senador del Distrito Nacional para d\u00e1rsela y buscar nuevamente ocupar la posici\u00f3n. La senadora del Distrito Nacional, Faride Raful, ejerci\u00f3 su derecho al voto en las primarias del Partido Revolucionario Moderno (PRM) y\u2026","rel":"","context":"En \u00abPORTADA\u00bb","block_context":{"text":"PORTADA","link":"https:\/\/lasprimeras.com.do\/index.php\/category\/portada\/"},"img":{"alt_text":"Faride Raful","src":"https:\/\/i0.wp.com\/lasprimeras.com.do\/wp-content\/uploads\/2023\/10\/Faride-Raful.jpeg?resize=350%2C200&ssl=1","width":350,"height":200,"srcset":"https:\/\/i0.wp.com\/lasprimeras.com.do\/wp-content\/uploads\/2023\/10\/Faride-Raful.jpeg?resize=350%2C200&ssl=1 1x, https:\/\/i0.wp.com\/lasprimeras.com.do\/wp-content\/uploads\/2023\/10\/Faride-Raful.jpeg?resize=525%2C300&ssl=1 1.5x, https:\/\/i0.wp.com\/lasprimeras.com.do\/wp-content\/uploads\/2023\/10\/Faride-Raful.jpeg?resize=700%2C400&ssl=1 2x"},"classes":[]},{"id":74815,"url":"https:\/\/lasprimeras.com.do\/index.php\/2024\/01\/26\/faride-raful-en-el-prm-algunos-me-respetan-y-otros-no\/","url_meta":{"origin":72127,"position":4},"title":"Faride Raful: En el PRM algunos me respetan y otros no","author":"Nelson Feliz","date":"26 de enero de 2024","format":false,"excerpt":"Raful dijo que est\u00e1 muy enfocada en la estructuraci\u00f3n del comando a nivel nacional y que como co coordinadora apoyar\u00e1 a todos los candidatos de la alianza que encabeza el PRM. La senadora por el Distrito Nacional, Faride Raful, reflexion\u00f3 en dos ocasiones sobre los desafectos que le tienen algunos\u2026","rel":"","context":"En \u00abPORTADA\u00bb","block_context":{"text":"PORTADA","link":"https:\/\/lasprimeras.com.do\/index.php\/category\/portada\/"},"img":{"alt_text":"Faride Raful","src":"https:\/\/i0.wp.com\/lasprimeras.com.do\/wp-content\/uploads\/2023\/08\/Faride-Raful.jpeg?resize=350%2C200&ssl=1","width":350,"height":200,"srcset":"https:\/\/i0.wp.com\/lasprimeras.com.do\/wp-content\/uploads\/2023\/08\/Faride-Raful.jpeg?resize=350%2C200&ssl=1 1x, https:\/\/i0.wp.com\/lasprimeras.com.do\/wp-content\/uploads\/2023\/08\/Faride-Raful.jpeg?resize=525%2C300&ssl=1 1.5x"},"classes":[]},{"id":72150,"url":"https:\/\/lasprimeras.com.do\/index.php\/2023\/12\/27\/faride-raful-anuncia-que-no-va-como-candidata-a-senadora-por-el-distrito-nacional\/","url_meta":{"origin":72127,"position":5},"title":"Faride Raful anuncia que no va como candidata a Senadora por el Distrito Nacional","author":"Nelson Feliz","date":"27 de diciembre de 2023","format":false,"excerpt":"La senadora del Partido Revolucionario Moderno (PRM) en el Distrito Nacional anunci\u00f3 a trav\u00e9s de un video en sus redes sociales que no ser\u00e1 la candidata a repetir para la senadur\u00eda de la capital debido a que el presidente Luis Abinader le ha solicitado asumir una responsabilidad de mayor \u201cenvergadura\u201d\u2026","rel":"","context":"En \u00abPORTADA\u00bb","block_context":{"text":"PORTADA","link":"https:\/\/lasprimeras.com.do\/index.php\/category\/portada\/"},"img":{"alt_text":"Faride Raful","src":"https:\/\/i0.wp.com\/lasprimeras.com.do\/wp-content\/uploads\/2023\/08\/Faride-Raful.jpeg?resize=350%2C200&ssl=1","width":350,"height":200,"srcset":"https:\/\/i0.wp.com\/lasprimeras.com.do\/wp-content\/uploads\/2023\/08\/Faride-Raful.jpeg?resize=350%2C200&ssl=1 1x, https:\/\/i0.wp.com\/lasprimeras.com.do\/wp-content\/uploads\/2023\/08\/Faride-Raful.jpeg?resize=525%2C300&ssl=1 1.5x"},"classes":[]}],"jetpack_sharing_enabled":true,"_links":{"self":[{"href":"https:\/\/lasprimeras.com.do\/index.php\/wp-json\/wp\/v2\/posts\/72127","targetHints":{"allow":["GET"]}}],"collection":[{"href":"https:\/\/lasprimeras.com.do\/index.php\/wp-json\/wp\/v2\/posts"}],"about":[{"href":"https:\/\/lasprimeras.com.do\/index.php\/wp-json\/wp\/v2\/types\/post"}],"author":[{"embeddable":true,"href":"https:\/\/lasprimeras.com.do\/index.php\/wp-json\/wp\/v2\/users\/3"}],"replies":[{"embeddable":true,"href":"https:\/\/lasprimeras.com.do\/index.php\/wp-json\/wp\/v2\/comments?post=72127"}],"version-history":[{"count":1,"href":"https:\/\/lasprimeras.com.do\/index.php\/wp-json\/wp\/v2\/posts\/72127\/revisions"}],"predecessor-version":[{"id":72129,"href":"https:\/\/lasprimeras.com.do\/index.php\/wp-json\/wp\/v2\/posts\/72127\/revisions\/72129"}],"wp:featuredmedia":[{"embeddable":true,"href":"https:\/\/lasprimeras.com.do\/index.php\/wp-json\/wp\/v2\/media\/72128"}],"wp:attachment":[{"href":"https:\/\/lasprimeras.com.do\/index.php\/wp-json\/wp\/v2\/media?parent=72127"}],"wp:term":[{"taxonomy":"category","embeddable":true,"href":"https:\/\/lasprimeras.com.do\/index.php\/wp-json\/wp\/v2\/categories?post=72127"},{"taxonomy":"post_tag","embeddable":true,"href":"https:\/\/lasprimeras.com.do\/index.php\/wp-json\/wp\/v2\/tags?post=72127"}],"curies":[{"name":"wp","href":"https:\/\/api.w.org\/{rel}","templated":true}]}}