{"id":72133,"date":"2023-12-27T06:55:41","date_gmt":"2023-12-27T10:55:41","guid":{"rendered":"https:\/\/lasprimeras.com.do\/?p=72133"},"modified":"2023-12-27T06:55:43","modified_gmt":"2023-12-27T10:55:43","slug":"leonel-fernandez-en-cumpleanos-dice-la-vida-empieza-a-los-70","status":"publish","type":"post","link":"https:\/\/lasprimeras.com.do\/index.php\/2023\/12\/27\/leonel-fernandez-en-cumpleanos-dice-la-vida-empieza-a-los-70\/","title":{"rendered":"Leonel Fern\u00e1ndez en cumplea\u00f1os dice \u00abla vida empieza a los 70\u00bb"},"content":{"rendered":"\n<p>SANTO DOMINGO.- El candidato presidencial del partido Fuerza del Pueblo, Leonel Fern\u00e1ndez, cumpli\u00f3 este martes 70 a\u00f1os de edad, pero, contrario a oportunidades anteriores, no hizo ninguna celebraci\u00f3n.<\/p>\n\n\n\n<p>Tampoco Fern\u00e1ndez realiz\u00f3 los tradicionales encuentros en los cuales recibe felicitaciones con este motivo.<\/p>\n\n\n\n<p>Un allegado suyo dijo que la causa de ello es que una t\u00eda de Fern\u00e1ndez se encuentra en delicado estado de salud y este decidi\u00f3 no hacer celebraci\u00f3n.<\/p>\n\n\n\n<p>Fern\u00e1ndez naci\u00f3 en Santo Domingo en el 1953 y fue la presidencia de la Rep\u00fablica Dominicana en tres ocasiones (1996-2000; 2004-2008 y 2008-2012).<\/p>\n","protected":false},"excerpt":{"rendered":"<p>SANTO DOMINGO.- El candidato presidencial del partido Fuerza del Pueblo, Leonel Fern\u00e1ndez, cumpli\u00f3 este martes 70 a\u00f1os de edad, pero, contrario a oportunidades anteriores, no hizo ninguna celebraci\u00f3n. Tampoco Fern\u00e1ndez&hellip;<\/p>\n","protected":false},"author":3,"featured_media":72134,"comment_status":"open","ping_status":"open","sticky":false,"template":"","format":"standard","meta":{"content-type":"","jetpack_post_was_ever_published":false,"_jetpack_newsletter_access":"","_jetpack_dont_email_post_to_subs":false,"_jetpack_newsletter_tier_id":0,"_jetpack_memberships_contains_paywalled_content":false,"_jetpack_memberships_contains_paid_content":false,"footnotes":""},"categories":[1],"tags":[51],"class_list":["post-72133","post","type-post","status-publish","format-standard","has-post-thumbnail","hentry","category-sin-categoria","tag-leonel-fernandez"],"jetpack_featured_media_url":"https:\/\/lasprimeras.com.do\/wp-content\/uploads\/2023\/12\/LIDOM-anuncia-reduccion-en-tiempo-de-juegos-3-4.jpg","jetpack-related-posts":[{"id":128064,"url":"https:\/\/lasprimeras.com.do\/index.php\/2026\/04\/17\/leonel-fernandez-encabezara-agenda-de-actividades-este-fin-de-semana-en-santiago-la-romana-y-santo-domingo\/","url_meta":{"origin":72133,"position":0},"title":"Leonel Fern\u00e1ndez encabezar\u00e1 agenda de actividades este fin de semana en Santiago, La Romana y Santo Domingo","author":"Nelson Feliz","date":"17 de abril de 2026","format":false,"excerpt":"El expresidente de la Rep\u00fablica y presidente del partido Fuerza del Pueblo, Leonel Fern\u00e1ndez, desarrollar\u00e1 una agenda de actividades durante este fin de semana en Santiago, La Romana y Santo Domingo, como parte de su din\u00e1mica de trabajo pol\u00edtico y contacto con distintos sectores del pa\u00eds. La jornada del l\u00edder\u2026","rel":"","context":"En \u00abPOLITICA\u00bb","block_context":{"text":"POLITICA","link":"https:\/\/lasprimeras.com.do\/index.php\/category\/politica\/"},"img":{"alt_text":"","src":"https:\/\/i0.wp.com\/lasprimeras.com.do\/wp-content\/uploads\/2025\/05\/Leonel-Fernandez-1.jpg?resize=350%2C200&ssl=1","width":350,"height":200,"srcset":"https:\/\/i0.wp.com\/lasprimeras.com.do\/wp-content\/uploads\/2025\/05\/Leonel-Fernandez-1.jpg?resize=350%2C200&ssl=1 1x, https:\/\/i0.wp.com\/lasprimeras.com.do\/wp-content\/uploads\/2025\/05\/Leonel-Fernandez-1.jpg?resize=525%2C300&ssl=1 1.5x"},"classes":[]},{"id":114218,"url":"https:\/\/lasprimeras.com.do\/index.php\/2025\/11\/11\/leonel-fernandez-ve-ineficiencia-del-gobierno-provoco-el-apagon\/","url_meta":{"origin":72133,"position":1},"title":"Leonel Fern\u00e1ndez ve \u201cineficiencia del Gobierno\u201d provoc\u00f3 el apag\u00f3n","author":"Nelson Feliz","date":"11 de noviembre de 2025","format":false,"excerpt":"El expresidente Leonel Fern\u00e1ndez conden\u00f3 el apag\u00f3n general que se ha producido este martes en la Rep\u00fablica Dominicana se\u00f1alando, entre otras cosas, que \u201cla ineficiencia del gobierno del PRM no podr\u00eda ser mayor\u201d. En un primer mensaje publicado en redes sociales, Fern\u00e1ndez, presidente del opositor Partido Fuerza del Pueblo, dijo\u2026","rel":"","context":"En \u00abPOLITICA\u00bb","block_context":{"text":"POLITICA","link":"https:\/\/lasprimeras.com.do\/index.php\/category\/politica\/"},"img":{"alt_text":"Leonel Fern\u00e1ndez","src":"https:\/\/i0.wp.com\/lasprimeras.com.do\/wp-content\/uploads\/2025\/11\/Leonel-Fernandez.jpg?resize=350%2C200&ssl=1","width":350,"height":200,"srcset":"https:\/\/i0.wp.com\/lasprimeras.com.do\/wp-content\/uploads\/2025\/11\/Leonel-Fernandez.jpg?resize=350%2C200&ssl=1 1x, https:\/\/i0.wp.com\/lasprimeras.com.do\/wp-content\/uploads\/2025\/11\/Leonel-Fernandez.jpg?resize=525%2C300&ssl=1 1.5x"},"classes":[]},{"id":106424,"url":"https:\/\/lasprimeras.com.do\/index.php\/2025\/08\/14\/leonel-fernandez-llama-a-fortalecer-el-ministerio-de-educacion-superior-para-garantizar-universidades-de-calidad\/","url_meta":{"origin":72133,"position":2},"title":"Leonel Fern\u00e1ndez llama a fortalecer el Ministerio de Educaci\u00f3n Superior para garantizar universidades de calidad","author":"Nelson Feliz","date":"14 de agosto de 2025","format":false,"excerpt":"En conferencia en Santiago el expresidente expone los retos y oportunidades que la revoluci\u00f3n tecnol\u00f3gica plantea para la academia dominicana. En el marco de la celebraci\u00f3n del 40 aniversario de la fundaci\u00f3n del recinto Santiago de la Universidad Aut\u00f3noma de Santo Domingo (UASD), el expresidente de la Rep\u00fablica Dominicana, Leonel\u2026","rel":"","context":"En \u00abPOLITICA\u00bb","block_context":{"text":"POLITICA","link":"https:\/\/lasprimeras.com.do\/index.php\/category\/politica\/"},"img":{"alt_text":"Leonel Fern\u00e1ndez","src":"https:\/\/i0.wp.com\/lasprimeras.com.do\/wp-content\/uploads\/2025\/08\/Leonel-Fernandez-1.jpg?resize=350%2C200&ssl=1","width":350,"height":200,"srcset":"https:\/\/i0.wp.com\/lasprimeras.com.do\/wp-content\/uploads\/2025\/08\/Leonel-Fernandez-1.jpg?resize=350%2C200&ssl=1 1x, https:\/\/i0.wp.com\/lasprimeras.com.do\/wp-content\/uploads\/2025\/08\/Leonel-Fernandez-1.jpg?resize=525%2C300&ssl=1 1.5x, https:\/\/i0.wp.com\/lasprimeras.com.do\/wp-content\/uploads\/2025\/08\/Leonel-Fernandez-1.jpg?resize=700%2C400&ssl=1 2x"},"classes":[]},{"id":118318,"url":"https:\/\/lasprimeras.com.do\/index.php\/2025\/12\/26\/leonel-fernandez-arriba-a-los-72-anos-con-criticas-al-gobierno-el-2025-ha-sido-un-ano-horrible-para-el-pais\/","url_meta":{"origin":72133,"position":3},"title":"Leonel Fern\u00e1ndez arriba a los 72 a\u00f1os con cr\u00edticas al Gobierno: \u201cEl 2025 ha sido un a\u00f1o horrible para el pa\u00eds\u201d","author":"Nelson Feliz","date":"26 de diciembre de 2025","format":false,"excerpt":"Leonel Fern\u00e1ndez","rel":"","context":"En \u00abPOLITICA\u00bb","block_context":{"text":"POLITICA","link":"https:\/\/lasprimeras.com.do\/index.php\/category\/politica\/"},"img":{"alt_text":"Leonel Fern\u00e1ndez","src":"https:\/\/i0.wp.com\/lasprimeras.com.do\/wp-content\/uploads\/2025\/12\/Leonel-Fernandez-1-1.jpg?resize=350%2C200&ssl=1","width":350,"height":200,"srcset":"https:\/\/i0.wp.com\/lasprimeras.com.do\/wp-content\/uploads\/2025\/12\/Leonel-Fernandez-1-1.jpg?resize=350%2C200&ssl=1 1x, https:\/\/i0.wp.com\/lasprimeras.com.do\/wp-content\/uploads\/2025\/12\/Leonel-Fernandez-1-1.jpg?resize=525%2C300&ssl=1 1.5x, https:\/\/i0.wp.com\/lasprimeras.com.do\/wp-content\/uploads\/2025\/12\/Leonel-Fernandez-1-1.jpg?resize=700%2C400&ssl=1 2x"},"classes":[]},{"id":128104,"url":"https:\/\/lasprimeras.com.do\/index.php\/2026\/04\/19\/leonel-fernandez-encabeza-sesiones-de-trabajo-de-la-dc-de-fp-en-el-este-y-el-gran-santo-domingo\/","url_meta":{"origin":72133,"position":4},"title":"Leonel Fern\u00e1ndez encabeza sesiones de trabajo de la DC de FP en el Este y el Gran Santo Domingo","author":"Nelson Feliz","date":"19 de abril de 2026","format":false,"excerpt":"Expresidente impulsa plan organizativo rumbo a 2028 y enfoca estrategia en fortalecer la estructura electoral del partido. El presidente del partido Fuerza del Pueblo, Leonel Fern\u00e1ndez, encabez\u00f3 este s\u00e1bado y domingo dos sesiones regionales de trabajo con miembros de la Direcci\u00f3n Central de esa organizaci\u00f3n, correspondientes a las provincias de\u2026","rel":"","context":"En \u00abPOLITICA\u00bb","block_context":{"text":"POLITICA","link":"https:\/\/lasprimeras.com.do\/index.php\/category\/politica\/"},"img":{"alt_text":"","src":"https:\/\/i0.wp.com\/lasprimeras.com.do\/wp-content\/uploads\/2026\/04\/Leonel-Fernandez-5.jpg?resize=350%2C200&ssl=1","width":350,"height":200,"srcset":"https:\/\/i0.wp.com\/lasprimeras.com.do\/wp-content\/uploads\/2026\/04\/Leonel-Fernandez-5.jpg?resize=350%2C200&ssl=1 1x, https:\/\/i0.wp.com\/lasprimeras.com.do\/wp-content\/uploads\/2026\/04\/Leonel-Fernandez-5.jpg?resize=525%2C300&ssl=1 1.5x, https:\/\/i0.wp.com\/lasprimeras.com.do\/wp-content\/uploads\/2026\/04\/Leonel-Fernandez-5.jpg?resize=700%2C400&ssl=1 2x"},"classes":[]},{"id":121675,"url":"https:\/\/lasprimeras.com.do\/index.php\/2026\/02\/03\/la-embajadora-de-los-estados-unidos-visita-al-expresidente-leonel-fernandez-en-funglode\/","url_meta":{"origin":72133,"position":5},"title":"La embajadora de los Estados Unidos visita al expresidente Leonel Fern\u00e1ndez en Funglode","author":"Nelson Feliz","date":"3 de febrero de 2026","format":false,"excerpt":"La embajadora de los Estados Unidos en la Rep\u00fablica Dominicana, Leah Francis Campos, realiz\u00f3 este martes una visita al expresidente de la Rep\u00fablica, doctor Leonel Fern\u00e1ndez, en las instalaciones de la Fundaci\u00f3n Global Democracia y Desarrollo (Funglode), donde sostuvieron un encuentro cordial que vers\u00f3 sobre diversos temas. Durante la reuni\u00f3n,\u2026","rel":"","context":"En \u00abPOLITICA\u00bb","block_context":{"text":"POLITICA","link":"https:\/\/lasprimeras.com.do\/index.php\/category\/politica\/"},"img":{"alt_text":"","src":"https:\/\/i0.wp.com\/lasprimeras.com.do\/wp-content\/uploads\/2026\/02\/leo.jpg?resize=350%2C200&ssl=1","width":350,"height":200,"srcset":"https:\/\/i0.wp.com\/lasprimeras.com.do\/wp-content\/uploads\/2026\/02\/leo.jpg?resize=350%2C200&ssl=1 1x, https:\/\/i0.wp.com\/lasprimeras.com.do\/wp-content\/uploads\/2026\/02\/leo.jpg?resize=525%2C300&ssl=1 1.5x"},"classes":[]}],"jetpack_sharing_enabled":true,"_links":{"self":[{"href":"https:\/\/lasprimeras.com.do\/index.php\/wp-json\/wp\/v2\/posts\/72133","targetHints":{"allow":["GET"]}}],"collection":[{"href":"https:\/\/lasprimeras.com.do\/index.php\/wp-json\/wp\/v2\/posts"}],"about":[{"href":"https:\/\/lasprimeras.com.do\/index.php\/wp-json\/wp\/v2\/types\/post"}],"author":[{"embeddable":true,"href":"https:\/\/lasprimeras.com.do\/index.php\/wp-json\/wp\/v2\/users\/3"}],"replies":[{"embeddable":true,"href":"https:\/\/lasprimeras.com.do\/index.php\/wp-json\/wp\/v2\/comments?post=72133"}],"version-history":[{"count":1,"href":"https:\/\/lasprimeras.com.do\/index.php\/wp-json\/wp\/v2\/posts\/72133\/revisions"}],"predecessor-version":[{"id":72135,"href":"https:\/\/lasprimeras.com.do\/index.php\/wp-json\/wp\/v2\/posts\/72133\/revisions\/72135"}],"wp:featuredmedia":[{"embeddable":true,"href":"https:\/\/lasprimeras.com.do\/index.php\/wp-json\/wp\/v2\/media\/72134"}],"wp:attachment":[{"href":"https:\/\/lasprimeras.com.do\/index.php\/wp-json\/wp\/v2\/media?parent=72133"}],"wp:term":[{"taxonomy":"category","embeddable":true,"href":"https:\/\/lasprimeras.com.do\/index.php\/wp-json\/wp\/v2\/categories?post=72133"},{"taxonomy":"post_tag","embeddable":true,"href":"https:\/\/lasprimeras.com.do\/index.php\/wp-json\/wp\/v2\/tags?post=72133"}],"curies":[{"name":"wp","href":"https:\/\/api.w.org\/{rel}","templated":true}]}}