{"id":72139,"date":"2023-12-27T07:27:11","date_gmt":"2023-12-27T11:27:11","guid":{"rendered":"https:\/\/lasprimeras.com.do\/?p=72139"},"modified":"2023-12-27T07:27:12","modified_gmt":"2023-12-27T11:27:12","slug":"hallan-muerto-al-actor-surcoreano-lee-sun-kyun-de-la-pelicula-ganadora-del-oscar-parasitos","status":"publish","type":"post","link":"https:\/\/lasprimeras.com.do\/index.php\/2023\/12\/27\/hallan-muerto-al-actor-surcoreano-lee-sun-kyun-de-la-pelicula-ganadora-del-oscar-parasitos\/","title":{"rendered":"Hallan muerto al actor surcoreano Lee Sun-kyun, de la pel\u00edcula ganadora del Oscar &#8216;Par\u00e1sitos&#8217;"},"content":{"rendered":"\n<p>POR HYUNG-JIN KIM<\/p>\n\n\n\n<p>SE\u00daL, Corea del Sur (AP) \u2014 Lee Sun-kyun, un popular actor surcoreano mejor conocido por su papel en la pel\u00edcula ganadora del Oscar \u201cParasite\u201d, fue encontrado muerto en un autom\u00f3vil en Se\u00fal el mi\u00e9rcoles, dijeron las autoridades, despu\u00e9s de semanas de una intensa investigaci\u00f3n policial sobre su presunto consumo de drogas.<\/p>\n\n\n\n<p>La polic\u00eda y los agentes de emergencia inicialmente encontraron a Lee en lo que cre\u00edan que era un estado inconsciente en el autom\u00f3vil estacionado en una calle del norte de Se\u00fal. Los agentes de emergencia confirmaron m\u00e1s tarde que estaba muerto, seg\u00fan la comisar\u00eda de polic\u00eda de Seongbuk de Se\u00fal.<\/p>\n\n\n\n<p>La polic\u00eda hab\u00eda estado buscando a Lee, de 48 a\u00f1os, despu\u00e9s de recibir un informe de su desaparici\u00f3n.<\/p>\n\n\n\n<p>Se negaron a proporcionar m\u00e1s detalles, incluido si hab\u00edan determinado que Lee se suicid\u00f3. Pero los medios de comunicaci\u00f3n surcoreanos, incluida la agencia de noticias Yonhap, dijeron que la familia de Lee inform\u00f3 el mi\u00e9rcoles a la polic\u00eda que abandon\u00f3 su casa despu\u00e9s de dejar un mensaje similar a una nota de suicidio.<\/p>\n\n\n\n<p>Lee apareci\u00f3 en \u201cParasite\u201d, que gan\u00f3 el Oscar a la mejor pel\u00edcula y otras tres categor\u00edas en 2020. La s\u00e1tira de clase fue la primera pel\u00edcula en idioma no ingl\u00e9s en ganar el premio a la mejor pel\u00edcula en los entonces 92 a\u00f1os de historia de los Premios de la Academia, y Fue la primera pel\u00edcula surcoreana en ganar un Oscar. En la pel\u00edcula, Lee interpret\u00f3 al cabeza de familia adinerada.<\/p>\n\n\n\n<p>El elenco de la pel\u00edcula, incluido Lee, tambi\u00e9n gan\u00f3 un premio del Screen Actors Guild al mejor reparto cinematogr\u00e1fico en 2020. Fue nominado a mejor actor en los Premios Emmy Internacionales por su actuaci\u00f3n en el thriller de ciencia ficci\u00f3n \u201cDr. Brain\u201d el a\u00f1o pasado tambi\u00e9n.<\/p>\n\n\n\n<p>Incluso antes de \u201cParasite\u201d, Lee hab\u00eda sido un actor popular en Corea del Sur durante mucho tiempo. Salt\u00f3 al estrellato por su papel en una exitosa serie dram\u00e1tica de televisi\u00f3n, \u201cCoffee Prince (2007)\u201d, y gan\u00f3 popularidad con una serie de exitosas series dram\u00e1ticas de televisi\u00f3n como \u201cBehind The White Tower (2007)\u201d, \u201cPasta (2010) \u201d y \u201cMi se\u00f1or (2018)\u201d.<\/p>\n\n\n\n<p>Lee hab\u00eda estado bajo una investigaci\u00f3n policial por acusaciones de que hab\u00eda consumido drogas ilegales en la residencia de la camarera de un bar. Lee insisti\u00f3 en que lo enga\u00f1aron para que tomara los medicamentos y que no sab\u00eda lo que estaba tomando, seg\u00fan Yonhap.<\/p>\n\n\n\n<p>Pero la investigaci\u00f3n provoc\u00f3 una amplia cobertura sensacionalista y rumores en l\u00ednea no confirmados no s\u00f3lo sobre su presunto uso de drogas sino tambi\u00e9n sobre su vida privada. Lee present\u00f3 una demanda contra dos personas, incluida la anfitriona, alegando que lo chantajearon.<\/p>\n\n\n\n<p>Cuando fue citado por primera vez para ser interrogado en una comisar\u00eda de polic\u00eda en Incheon, una ciudad cerca de Se\u00fal, a finales de octubre, se inclin\u00f3 profundamente varias veces y se disculp\u00f3 con sus fans y su familia.<\/p>\n\n\n\n<p>\u201cLo siento por los miembros de mi familia que est\u00e1n soportando dolores demasiado dif\u00edciles en este momento. Nuevamente pido disculpas sinceras a todos\u201d, dijo.<\/p>\n\n\n\n<p>La polic\u00eda de Incheon dijo el mi\u00e9rcoles que pondr\u00eda fin a su investigaci\u00f3n sobre las acusaciones de uso de drogas de Lee, pero que continuar\u00eda investigando a las dos personas a las que Lee hab\u00eda demandado.<\/p>\n\n\n\n<p>Corea del Sur tiene leyes antidrogas estrictas, pero en los \u00faltimos a\u00f1os se han disparado los delitos relacionados con las drogas.<\/p>\n\n\n\n<p>La semana pasada, la Agencia Nacional de Polic\u00eda dijo que hab\u00eda detenido a unas 17.150 personas por presunta fabricaci\u00f3n, contrabando, venta y uso de drogas ilegales este a\u00f1o, una cifra r\u00e9cord para un solo a\u00f1o.<\/p>\n\n\n\n<p>Corea del Sur ha tenido durante mucho tiempo la tasa de suicidio m\u00e1s alta entre los pa\u00edses desarrollados.<\/p>\n\n\n\n<p>Tambi\u00e9n ha experimentado una serie de suicidios de celebridades que involucran a estrellas del K-pop, pol\u00edticos prominentes y ejecutivos de empresas.<\/p>\n\n\n\n<p>Los expertos dicen que muchos de los suicidios de celebridades fueron atribuidos a comentarios maliciosos y abusivos en l\u00ednea y al grave acoso cibern\u00e9tico.<\/p>\n","protected":false},"excerpt":{"rendered":"<p>POR HYUNG-JIN KIM SE\u00daL, Corea del Sur (AP) \u2014 Lee Sun-kyun, un popular actor surcoreano mejor conocido por su papel en la pel\u00edcula ganadora del Oscar \u201cParasite\u201d, fue encontrado muerto&hellip;<\/p>\n","protected":false},"author":2,"featured_media":72140,"comment_status":"open","ping_status":"open","sticky":false,"template":"","format":"standard","meta":{"content-type":"","jetpack_post_was_ever_published":false,"_jetpack_newsletter_access":"","_jetpack_dont_email_post_to_subs":false,"_jetpack_newsletter_tier_id":0,"_jetpack_memberships_contains_paywalled_content":false,"_jetpack_memberships_contains_paid_content":false,"footnotes":""},"categories":[84],"tags":[10724,10726,242,10725,309,3951],"class_list":["post-72139","post","type-post","status-publish","format-standard","has-post-thumbnail","hentry","category-entretenimiento","tag-actor-surcoreano","tag-ganadora-del-oscar-parasitos","tag-hallan","tag-lee-sun-kyun","tag-muerto","tag-pelicula"],"jetpack_featured_media_url":"https:\/\/lasprimeras.com.do\/wp-content\/uploads\/2023\/12\/Lee-Sun-kyun.jpg","jetpack-related-posts":[{"id":101819,"url":"https:\/\/lasprimeras.com.do\/index.php\/2025\/06\/27\/detenidos-6-estadounidenses-en-corea-del-sur-por-intentar-enviar-arroz-y-biblias-a-norcorea-por-mar\/","url_meta":{"origin":72139,"position":0},"title":"Detenidos 6 estadounidenses en Corea del Sur por intentar enviar arroz y biblias a Norcorea por mar","author":"Nelson Feliz","date":"27 de junio de 2025","format":false,"excerpt":"POR HYUNG-JIN KIM SE\u00daL, Corea del Sur (AP) \u2014 Seis estadounidenses fueron detenidos el viernes en Corea del Sur por tratar de enviar 1.600 botellas de pl\u00e1stico rellenas de arroz, biblias en miniatura, billetes de un d\u00f3lar y memorias USB hacia Corea del Norte por mar, inform\u00f3 la polic\u00eda. Los\u2026","rel":"","context":"En \u00abINTERNACIONALES\u00bb","block_context":{"text":"INTERNACIONALES","link":"https:\/\/lasprimeras.com.do\/index.php\/category\/sin-categoria\/internacionales\/"},"img":{"alt_text":"","src":"https:\/\/i0.wp.com\/lasprimeras.com.do\/wp-content\/uploads\/2025\/06\/corea.jpg?resize=350%2C200&ssl=1","width":350,"height":200,"srcset":"https:\/\/i0.wp.com\/lasprimeras.com.do\/wp-content\/uploads\/2025\/06\/corea.jpg?resize=350%2C200&ssl=1 1x, https:\/\/i0.wp.com\/lasprimeras.com.do\/wp-content\/uploads\/2025\/06\/corea.jpg?resize=525%2C300&ssl=1 1.5x, https:\/\/i0.wp.com\/lasprimeras.com.do\/wp-content\/uploads\/2025\/06\/corea.jpg?resize=700%2C400&ssl=1 2x"},"classes":[]},{"id":104814,"url":"https:\/\/lasprimeras.com.do\/index.php\/2025\/07\/28\/kim-yo-jong-rechaza-aperturas-hacia-la-paz-del-nuevo-presidente-surcoreano\/","url_meta":{"origin":72139,"position":1},"title":"Kim Yo Jong rechaza aperturas hacia la paz del nuevo presidente surcoreano","author":"Nelson Feliz","date":"28 de julio de 2025","format":false,"excerpt":"POR HYUNG-JIN KIM SE\u00daL, Corea del Sur (AP) \u2014 La influyente hermana del mandatario norcoreano Kim Jong Un rechaz\u00f3 las aperturas de paz del nuevo gobierno liberal de Corea del Sur, afirmando el lunes que Corea del Norte no tiene inter\u00e9s en dialogar con Corea del Sur, sin importar la\u2026","rel":"","context":"En \u00abINTERNACIONALES\u00bb","block_context":{"text":"INTERNACIONALES","link":"https:\/\/lasprimeras.com.do\/index.php\/category\/sin-categoria\/internacionales\/"},"img":{"alt_text":"","src":"https:\/\/i0.wp.com\/lasprimeras.com.do\/wp-content\/uploads\/2025\/07\/Kim-Yo-Jong.jpg?resize=350%2C200&ssl=1","width":350,"height":200,"srcset":"https:\/\/i0.wp.com\/lasprimeras.com.do\/wp-content\/uploads\/2025\/07\/Kim-Yo-Jong.jpg?resize=350%2C200&ssl=1 1x, https:\/\/i0.wp.com\/lasprimeras.com.do\/wp-content\/uploads\/2025\/07\/Kim-Yo-Jong.jpg?resize=525%2C300&ssl=1 1.5x, https:\/\/i0.wp.com\/lasprimeras.com.do\/wp-content\/uploads\/2025\/07\/Kim-Yo-Jong.jpg?resize=700%2C400&ssl=1 2x"},"classes":[]},{"id":108835,"url":"https:\/\/lasprimeras.com.do\/index.php\/2025\/09\/11\/corea-del-sur-afirma-que-los-trabajadores-coreanos-detenidos-fueron-liberados-de-una-instalacion-en-georgia-antes-de-su-vuelo-a-casa\/","url_meta":{"origin":72139,"position":2},"title":"Corea del Sur afirma que los trabajadores coreanos detenidos fueron liberados de una instalaci\u00f3n en Georgia antes de su vuelo a casa","author":"Nelson Feliz","date":"11 de septiembre de 2025","format":false,"excerpt":"Por Kim Tong-Hyung y Hyung-Jin Kim SE\u00daL, Corea del Sur (AP) \u2014 El presidente de Corea del Sur dijo el jueves que las compa\u00f1\u00edas coreanas probablemente dudar\u00e1n en realizar m\u00e1s inversiones en Estados Unidos a menos que Washington mejore su sistema de visas para sus empleados, luego de que las\u2026","rel":"","context":"En \u00abINTERNACIONALES\u00bb","block_context":{"text":"INTERNACIONALES","link":"https:\/\/lasprimeras.com.do\/index.php\/category\/sin-categoria\/internacionales\/"},"img":{"alt_text":"","src":"https:\/\/i0.wp.com\/lasprimeras.com.do\/wp-content\/uploads\/2025\/09\/Lee-Jae-Myung.jpg?resize=350%2C200&ssl=1","width":350,"height":200,"srcset":"https:\/\/i0.wp.com\/lasprimeras.com.do\/wp-content\/uploads\/2025\/09\/Lee-Jae-Myung.jpg?resize=350%2C200&ssl=1 1x, https:\/\/i0.wp.com\/lasprimeras.com.do\/wp-content\/uploads\/2025\/09\/Lee-Jae-Myung.jpg?resize=525%2C300&ssl=1 1.5x, https:\/\/i0.wp.com\/lasprimeras.com.do\/wp-content\/uploads\/2025\/09\/Lee-Jae-Myung.jpg?resize=700%2C400&ssl=1 2x"},"classes":[]},{"id":92099,"url":"https:\/\/lasprimeras.com.do\/index.php\/2024\/12\/29\/accidente-aereo-en-corea-del-sur-deja-179-muertos\/","url_meta":{"origin":72139,"position":3},"title":"Accidente a\u00e9reo en Corea del Sur deja 179 muertos","author":"Nelson Feliz","date":"29 de diciembre de 2024","format":false,"excerpt":"By HYUNG-JIN KIM and KIM TONG-HYUNG SE\u00daL, Corea del Sur (AP) \u2014 Un avi\u00f3n de pasajeros se incendi\u00f3 el domingo tras salirse de la pista en un aeropuerto surcoreano y chocar contra un muro de concreto luego de que su tren de aterrizaje delantero aparentemente no se despleg\u00f3: 179 de\u2026","rel":"","context":"En \u00abINTERNACIONALES\u00bb","block_context":{"text":"INTERNACIONALES","link":"https:\/\/lasprimeras.com.do\/index.php\/category\/sin-categoria\/internacionales\/"},"img":{"alt_text":"","src":"https:\/\/i0.wp.com\/lasprimeras.com.do\/wp-content\/uploads\/2024\/12\/Accidente-aereo.png?resize=350%2C200&ssl=1","width":350,"height":200,"srcset":"https:\/\/i0.wp.com\/lasprimeras.com.do\/wp-content\/uploads\/2024\/12\/Accidente-aereo.png?resize=350%2C200&ssl=1 1x, https:\/\/i0.wp.com\/lasprimeras.com.do\/wp-content\/uploads\/2024\/12\/Accidente-aereo.png?resize=525%2C300&ssl=1 1.5x, https:\/\/i0.wp.com\/lasprimeras.com.do\/wp-content\/uploads\/2024\/12\/Accidente-aereo.png?resize=700%2C400&ssl=1 2x"},"classes":[]},{"id":92140,"url":"https:\/\/lasprimeras.com.do\/index.php\/2024\/12\/29\/identifican-a-140-de-las-179-victimas-del-accidente-de-jeju-air-en-corea-del-sur\/","url_meta":{"origin":72139,"position":4},"title":"Identifican a 140 de las 179 victimas del accidente de Jeju Air en Corea del Sur","author":"Nelson Feliz","date":"29 de diciembre de 2024","format":false,"excerpt":"Las pertenencias de las v\u00edctimas se est\u00e1n recogiendo de la pista y la zona se conservar\u00e1 intacta a la espera de que las autoridades investiguen la causa exacta del accidente. Se\u00fal,EFE - Las autoridades surcoreanas anunciaron este lunes que han identificado a 140 de las 179 v\u00edctimas que perdieron la\u2026","rel":"","context":"En \u00abINTERNACIONALES\u00bb","block_context":{"text":"INTERNACIONALES","link":"https:\/\/lasprimeras.com.do\/index.php\/category\/sin-categoria\/internacionales\/"},"img":{"alt_text":"","src":"https:\/\/i0.wp.com\/lasprimeras.com.do\/wp-content\/uploads\/2024\/12\/Accidente-aereo.png?resize=350%2C200&ssl=1","width":350,"height":200,"srcset":"https:\/\/i0.wp.com\/lasprimeras.com.do\/wp-content\/uploads\/2024\/12\/Accidente-aereo.png?resize=350%2C200&ssl=1 1x, https:\/\/i0.wp.com\/lasprimeras.com.do\/wp-content\/uploads\/2024\/12\/Accidente-aereo.png?resize=525%2C300&ssl=1 1.5x, https:\/\/i0.wp.com\/lasprimeras.com.do\/wp-content\/uploads\/2024\/12\/Accidente-aereo.png?resize=700%2C400&ssl=1 2x"},"classes":[]},{"id":68763,"url":"https:\/\/lasprimeras.com.do\/index.php\/2023\/11\/27\/seul-japon-y-eu-hacen-ejercicios-navales-con-portaaviones-nuclear\/","url_meta":{"origin":72139,"position":5},"title":"Se\u00fal, Jap\u00f3n y EU hacen ejercicios navales con portaaviones nuclear","author":"BIMARY DE JES\u00daS Matos","date":"27 de noviembre de 2023","format":false,"excerpt":"Se\u00fal.- Los ej\u00e9rcitos de Corea del Sur, Jap\u00f3n y EE.UU. han realizado ejercicios navales combinados que han contado con la participaci\u00f3n del portaaviones de propulsi\u00f3n nuclear estadounidense USS Carl Vinson. En respuesta al reciente lanzamiento de un sat\u00e9lite esp\u00eda por parte de Corea del Norte. El ejercicio tuvo lugar el\u2026","rel":"","context":"En \u00abSin categor\u00eda\u00bb","block_context":{"text":"Sin categor\u00eda","link":"https:\/\/lasprimeras.com.do\/index.php\/category\/sin-categoria\/"},"img":{"alt_text":"","src":"https:\/\/i0.wp.com\/lasprimeras.com.do\/wp-content\/uploads\/2023\/11\/WhatsApp-Image-2023-11-27-at-12.49.03-PM.jpeg?resize=350%2C200&ssl=1","width":350,"height":200,"srcset":"https:\/\/i0.wp.com\/lasprimeras.com.do\/wp-content\/uploads\/2023\/11\/WhatsApp-Image-2023-11-27-at-12.49.03-PM.jpeg?resize=350%2C200&ssl=1 1x, https:\/\/i0.wp.com\/lasprimeras.com.do\/wp-content\/uploads\/2023\/11\/WhatsApp-Image-2023-11-27-at-12.49.03-PM.jpeg?resize=525%2C300&ssl=1 1.5x"},"classes":[]}],"jetpack_sharing_enabled":true,"_links":{"self":[{"href":"https:\/\/lasprimeras.com.do\/index.php\/wp-json\/wp\/v2\/posts\/72139","targetHints":{"allow":["GET"]}}],"collection":[{"href":"https:\/\/lasprimeras.com.do\/index.php\/wp-json\/wp\/v2\/posts"}],"about":[{"href":"https:\/\/lasprimeras.com.do\/index.php\/wp-json\/wp\/v2\/types\/post"}],"author":[{"embeddable":true,"href":"https:\/\/lasprimeras.com.do\/index.php\/wp-json\/wp\/v2\/users\/2"}],"replies":[{"embeddable":true,"href":"https:\/\/lasprimeras.com.do\/index.php\/wp-json\/wp\/v2\/comments?post=72139"}],"version-history":[{"count":1,"href":"https:\/\/lasprimeras.com.do\/index.php\/wp-json\/wp\/v2\/posts\/72139\/revisions"}],"predecessor-version":[{"id":72141,"href":"https:\/\/lasprimeras.com.do\/index.php\/wp-json\/wp\/v2\/posts\/72139\/revisions\/72141"}],"wp:featuredmedia":[{"embeddable":true,"href":"https:\/\/lasprimeras.com.do\/index.php\/wp-json\/wp\/v2\/media\/72140"}],"wp:attachment":[{"href":"https:\/\/lasprimeras.com.do\/index.php\/wp-json\/wp\/v2\/media?parent=72139"}],"wp:term":[{"taxonomy":"category","embeddable":true,"href":"https:\/\/lasprimeras.com.do\/index.php\/wp-json\/wp\/v2\/categories?post=72139"},{"taxonomy":"post_tag","embeddable":true,"href":"https:\/\/lasprimeras.com.do\/index.php\/wp-json\/wp\/v2\/tags?post=72139"}],"curies":[{"name":"wp","href":"https:\/\/api.w.org\/{rel}","templated":true}]}}