{"id":72150,"date":"2023-12-27T08:52:52","date_gmt":"2023-12-27T12:52:52","guid":{"rendered":"https:\/\/lasprimeras.com.do\/?p=72150"},"modified":"2023-12-27T08:52:54","modified_gmt":"2023-12-27T12:52:54","slug":"faride-raful-anuncia-que-no-va-como-candidata-a-senadora-por-el-distrito-nacional","status":"publish","type":"post","link":"https:\/\/lasprimeras.com.do\/index.php\/2023\/12\/27\/faride-raful-anuncia-que-no-va-como-candidata-a-senadora-por-el-distrito-nacional\/","title":{"rendered":"Faride Raful anuncia que no va como candidata a Senadora por el Distrito Nacional"},"content":{"rendered":"\n<p>La senadora del Partido Revolucionario Moderno (PRM) en el Distrito Nacional anunci\u00f3 a trav\u00e9s de un video en sus redes sociales que no ser\u00e1 la candidata a repetir para la senadur\u00eda de la capital debido a que el presidente Luis Abinader le ha solicitado asumir una responsabilidad de mayor \u201cenvergadura\u201d que ha decidido aceptar.<\/p>\n\n\n\n<p>\u201cHoy anuncio que por decisi\u00f3n estrat\u00e9gica del Partido Revolucionario Moderno no seremos la candidata a repetir para la senadur\u00eda de la capital en los pr\u00f3ximos comicios, el presidente Abinader me ha solicitado asumir una responsabilidad de mayor envergadura en la actual coyuntura pol\u00edtica nacional y he aceptado\u00bb expres\u00f3 Raful a trav\u00e9s de un video, sin especificar si ir\u00e1 al Gobierno o asumir\u00e1 una posici\u00f3n clave en la campa\u00f1a del jefe de Estado.<\/p>\n\n\n\n<p>La legisladora agradeci\u00f3 a los votantes, al PRM y la base de esa organizaci\u00f3n por apoyarla a ser primero diputada y luego senadora del Distrito Nacional, la principal plaza electoral del pa\u00eds.<\/p>\n\n\n\n<p>La dirigente pol\u00edtica ratific\u00f3 su compromiso de velar por una democracia \u201cm\u00e1s fuertes\u201d, con m\u00e1s derechos y oportunidades para los ciudadanos.<\/p>\n\n\n\n<p>\u201cEstoy convencida de que representamos la mejor y la \u00fanica esperanza para los dominicanos, basada en la honestidad, el trabajo y el cambio\u201d,expres\u00f3 Raful.<\/p>\n\n\n\n<p>El partido al que pertenece la senadora se reserv\u00f3 el 20 % de las candidaturas a puestos de elecci\u00f3n popular, las cuales puede elegir al dedo, sin hacer primarias ni ning\u00fan otro m\u00e9todo de elecci\u00f3n, seg\u00fan les faculta la Ley 33-18 de Partidos, Agrupaciones y Movimientos Pol\u00edticos.<\/p>\n","protected":false},"excerpt":{"rendered":"<p>La senadora del Partido Revolucionario Moderno (PRM) en el Distrito Nacional anunci\u00f3 a trav\u00e9s de un video en sus redes sociales que no ser\u00e1 la candidata a repetir para la&hellip;<\/p>\n","protected":false},"author":2,"featured_media":56654,"comment_status":"open","ping_status":"open","sticky":false,"template":"","format":"standard","meta":{"content-type":"","jetpack_post_was_ever_published":false,"_jetpack_newsletter_access":"","_jetpack_dont_email_post_to_subs":false,"_jetpack_newsletter_tier_id":0,"_jetpack_memberships_contains_paywalled_content":false,"_jetpack_memberships_contains_paid_content":false,"footnotes":""},"categories":[25],"tags":[3205,2492,996,10734,10735],"class_list":["post-72150","post","type-post","status-publish","format-standard","has-post-thumbnail","hentry","category-portada","tag-candidata","tag-distrito-nacional","tag-faride-raful","tag-no-va","tag-senadora"],"jetpack_featured_media_url":"https:\/\/lasprimeras.com.do\/wp-content\/uploads\/2023\/08\/Faride-Raful.jpeg","jetpack-related-posts":[{"id":71799,"url":"https:\/\/lasprimeras.com.do\/index.php\/2023\/12\/23\/por-decision-estrategica-de-prm-faride-no-sera-candidata-de-nuevo\/","url_meta":{"origin":72150,"position":0},"title":"Por decisi\u00f3n \u00abestrat\u00e9gica\u00bb de PRM Faride no ser\u00e1 candidata de nuevo","author":"BIMARY DE JES\u00daS Matos","date":"23 de diciembre de 2023","format":false,"excerpt":"SANTO DOMINGO.- La senadora del Distrito Nacional, Faride Raful, anunci\u00f3 que no ser\u00e1 candidata para optar por el mismo puesto, decisi\u00f3n que fue tomada por el Partido Revolucionario Moderno (PRM), al que pertenece. La congresista subi\u00f3 un video a sus redes sociales en el que indica que \u00abhoy anuncio que,\u2026","rel":"","context":"En \u00abSin categor\u00eda\u00bb","block_context":{"text":"Sin categor\u00eda","link":"https:\/\/lasprimeras.com.do\/index.php\/category\/sin-categoria\/"},"img":{"alt_text":"","src":"https:\/\/i0.wp.com\/lasprimeras.com.do\/wp-content\/uploads\/2023\/12\/Noticias-de-energia-55-1.jpg?resize=350%2C200&ssl=1","width":350,"height":200},"classes":[]},{"id":74815,"url":"https:\/\/lasprimeras.com.do\/index.php\/2024\/01\/26\/faride-raful-en-el-prm-algunos-me-respetan-y-otros-no\/","url_meta":{"origin":72150,"position":1},"title":"Faride Raful: En el PRM algunos me respetan y otros no","author":"Nelson Feliz","date":"26 de enero de 2024","format":false,"excerpt":"Raful dijo que est\u00e1 muy enfocada en la estructuraci\u00f3n del comando a nivel nacional y que como co coordinadora apoyar\u00e1 a todos los candidatos de la alianza que encabeza el PRM. La senadora por el Distrito Nacional, Faride Raful, reflexion\u00f3 en dos ocasiones sobre los desafectos que le tienen algunos\u2026","rel":"","context":"En \u00abPORTADA\u00bb","block_context":{"text":"PORTADA","link":"https:\/\/lasprimeras.com.do\/index.php\/category\/portada\/"},"img":{"alt_text":"Faride Raful","src":"https:\/\/i0.wp.com\/lasprimeras.com.do\/wp-content\/uploads\/2023\/08\/Faride-Raful.jpeg?resize=350%2C200&ssl=1","width":350,"height":200,"srcset":"https:\/\/i0.wp.com\/lasprimeras.com.do\/wp-content\/uploads\/2023\/08\/Faride-Raful.jpeg?resize=350%2C200&ssl=1 1x, https:\/\/i0.wp.com\/lasprimeras.com.do\/wp-content\/uploads\/2023\/08\/Faride-Raful.jpeg?resize=525%2C300&ssl=1 1.5x"},"classes":[]},{"id":73396,"url":"https:\/\/lasprimeras.com.do\/index.php\/2024\/01\/10\/prm-anuncia-candidatura-de-guillermo-moreno-a-senaduria-del-distrito-nacional\/","url_meta":{"origin":72150,"position":2},"title":"PRM anuncia candidatura de Guillermo Moreno a senadur\u00eda del Distrito Nacional","author":"BIMARY DE JES\u00daS Matos","date":"10 de enero de 2024","format":false,"excerpt":"Santo Domingo.-El Partido Revolucionario Moderno (PRM) ha hecho oficial el anuncio de Guillermo Moreno como su candidato para senador por el Distrito Nacional. El presidente del Partido Alianza Pa\u00eds ocupar\u00e1 el lugar de la actual senadora Faride Raful en la boleta electoral. Raful anunci\u00f3 que, debido a una \u00abdecisi\u00f3n estrat\u00e9gica\u00bb\u2026","rel":"","context":"En \u00abSin categor\u00eda\u00bb","block_context":{"text":"Sin categor\u00eda","link":"https:\/\/lasprimeras.com.do\/index.php\/category\/sin-categoria\/"},"img":{"alt_text":"","src":"https:\/\/i0.wp.com\/lasprimeras.com.do\/wp-content\/uploads\/2024\/01\/En-Ecuador-encapuchados-armados-tomaron-canal-de-television-mientras-transmitia-en-vivo-3-3.jpg?resize=350%2C200&ssl=1","width":350,"height":200,"srcset":"https:\/\/i0.wp.com\/lasprimeras.com.do\/wp-content\/uploads\/2024\/01\/En-Ecuador-encapuchados-armados-tomaron-canal-de-television-mientras-transmitia-en-vivo-3-3.jpg?resize=350%2C200&ssl=1 1x, https:\/\/i0.wp.com\/lasprimeras.com.do\/wp-content\/uploads\/2024\/01\/En-Ecuador-encapuchados-armados-tomaron-canal-de-television-mientras-transmitia-en-vivo-3-3.jpg?resize=525%2C300&ssl=1 1.5x"},"classes":[]},{"id":59768,"url":"https:\/\/lasprimeras.com.do\/index.php\/2023\/09\/07\/faride-confirma-que-va-por-la-senaduria-del-dn\/","url_meta":{"origin":72150,"position":3},"title":"Faride confirma que va por la senadur\u00eda del DN","author":"Nelson Feliz","date":"7 de septiembre de 2023","format":false,"excerpt":"La senadora dijo que \"No es tiempo de sustitutos y yo no soy una senadora m\u00e1s\" Ante los rumores de una supuesta alianza destinada a pactar un nuevo candidato para la senadur\u00eda del Distrito Nacional, Faride Raful confirm\u00f3 este mi\u00e9rcoles que va \"segura\" por la senadur\u00eda de la Capital en\u2026","rel":"","context":"En \u00abPORTADA\u00bb","block_context":{"text":"PORTADA","link":"https:\/\/lasprimeras.com.do\/index.php\/category\/portada\/"},"img":{"alt_text":"Faride Raful","src":"https:\/\/i0.wp.com\/lasprimeras.com.do\/wp-content\/uploads\/2023\/09\/Faride-Raful.jpg?resize=350%2C200&ssl=1","width":350,"height":200},"classes":[]},{"id":72988,"url":"https:\/\/lasprimeras.com.do\/index.php\/2024\/01\/04\/prm-anunciara-en-los-proximos-dias-su-candidato-a-la-senaduria\/","url_meta":{"origin":72150,"position":4},"title":"PRM anunciar\u00e1 en los pr\u00f3ximos d\u00edas su candidato a la senadur\u00eda","author":"BIMARY DE JES\u00daS Matos","date":"4 de enero de 2024","format":false,"excerpt":"SANTO DOMINGO.- El Partido Revolucionario Moderno anunciar\u00e1 la pr\u00f3xima semana a su candidato a la senadur\u00eda por el Distrito Nacional, mientras crecen las especulaciones de que ser\u00e1 Guillermo Moreno, de Alianza Pa\u00eds, quien ocupe esta importante plaza que dirige actualmente la senadora Faride Raful. Aunque el secreto pareciera estar desvelado,\u2026","rel":"","context":"En \u00abSin categor\u00eda\u00bb","block_context":{"text":"Sin categor\u00eda","link":"https:\/\/lasprimeras.com.do\/index.php\/category\/sin-categoria\/"},"img":{"alt_text":"","src":"https:\/\/i0.wp.com\/lasprimeras.com.do\/wp-content\/uploads\/2024\/01\/Llego-el-primer-crucero-del-2024-a-Puerto-de-Cabo-Rojo-2.webp?resize=350%2C200&ssl=1","width":350,"height":200,"srcset":"https:\/\/i0.wp.com\/lasprimeras.com.do\/wp-content\/uploads\/2024\/01\/Llego-el-primer-crucero-del-2024-a-Puerto-de-Cabo-Rojo-2.webp?resize=350%2C200&ssl=1 1x, https:\/\/i0.wp.com\/lasprimeras.com.do\/wp-content\/uploads\/2024\/01\/Llego-el-primer-crucero-del-2024-a-Puerto-de-Cabo-Rojo-2.webp?resize=525%2C300&ssl=1 1.5x"},"classes":[]},{"id":73131,"url":"https:\/\/lasprimeras.com.do\/index.php\/2024\/01\/06\/faride-raful-agradece-designacion-de-abinader-como-co-coordinadora-de-su-campana-presidencial\/","url_meta":{"origin":72150,"position":5},"title":"Faride Raful agradece designaci\u00f3n de Abinader como co-coordinadora de su campa\u00f1a presidencial","author":"BIMARY DE JES\u00daS Matos","date":"6 de enero de 2024","format":false,"excerpt":"SANTO DOMINGO.\u2013La senadora por el Distrito Nacional, Faride Raful, agradeci\u00f3 al presidente Luis Abinader la designaci\u00f3n como co-coordinadora de campa\u00f1a presidencial del mandatario junto al Ministro Administrativo de la Presidencia, Jos\u00e9 Ignacio Paliza. Paliza, presidente del Partido Revolucionario Moderno (PRM), anunci\u00f3 ayer viernes que ser\u00e1 el coordinador general de la\u2026","rel":"","context":"En \u00abSin categor\u00eda\u00bb","block_context":{"text":"Sin categor\u00eda","link":"https:\/\/lasprimeras.com.do\/index.php\/category\/sin-categoria\/"},"img":{"alt_text":"","src":"https:\/\/i0.wp.com\/lasprimeras.com.do\/wp-content\/uploads\/2024\/01\/Noticias-de-energia-2024-01-04T183445.722-4.jpg?resize=350%2C200&ssl=1","width":350,"height":200,"srcset":"https:\/\/i0.wp.com\/lasprimeras.com.do\/wp-content\/uploads\/2024\/01\/Noticias-de-energia-2024-01-04T183445.722-4.jpg?resize=350%2C200&ssl=1 1x, https:\/\/i0.wp.com\/lasprimeras.com.do\/wp-content\/uploads\/2024\/01\/Noticias-de-energia-2024-01-04T183445.722-4.jpg?resize=525%2C300&ssl=1 1.5x"},"classes":[]}],"jetpack_sharing_enabled":true,"_links":{"self":[{"href":"https:\/\/lasprimeras.com.do\/index.php\/wp-json\/wp\/v2\/posts\/72150","targetHints":{"allow":["GET"]}}],"collection":[{"href":"https:\/\/lasprimeras.com.do\/index.php\/wp-json\/wp\/v2\/posts"}],"about":[{"href":"https:\/\/lasprimeras.com.do\/index.php\/wp-json\/wp\/v2\/types\/post"}],"author":[{"embeddable":true,"href":"https:\/\/lasprimeras.com.do\/index.php\/wp-json\/wp\/v2\/users\/2"}],"replies":[{"embeddable":true,"href":"https:\/\/lasprimeras.com.do\/index.php\/wp-json\/wp\/v2\/comments?post=72150"}],"version-history":[{"count":1,"href":"https:\/\/lasprimeras.com.do\/index.php\/wp-json\/wp\/v2\/posts\/72150\/revisions"}],"predecessor-version":[{"id":72151,"href":"https:\/\/lasprimeras.com.do\/index.php\/wp-json\/wp\/v2\/posts\/72150\/revisions\/72151"}],"wp:featuredmedia":[{"embeddable":true,"href":"https:\/\/lasprimeras.com.do\/index.php\/wp-json\/wp\/v2\/media\/56654"}],"wp:attachment":[{"href":"https:\/\/lasprimeras.com.do\/index.php\/wp-json\/wp\/v2\/media?parent=72150"}],"wp:term":[{"taxonomy":"category","embeddable":true,"href":"https:\/\/lasprimeras.com.do\/index.php\/wp-json\/wp\/v2\/categories?post=72150"},{"taxonomy":"post_tag","embeddable":true,"href":"https:\/\/lasprimeras.com.do\/index.php\/wp-json\/wp\/v2\/tags?post=72150"}],"curies":[{"name":"wp","href":"https:\/\/api.w.org\/{rel}","templated":true}]}}