{"id":72152,"date":"2023-12-27T10:37:32","date_gmt":"2023-12-27T14:37:32","guid":{"rendered":"https:\/\/lasprimeras.com.do\/?p=72152"},"modified":"2023-12-27T10:37:34","modified_gmt":"2023-12-27T14:37:34","slug":"muerio-ana-mercedes-garcia-madre-del-dirigente-politico-guillermo-moreno","status":"publish","type":"post","link":"https:\/\/lasprimeras.com.do\/index.php\/2023\/12\/27\/muerio-ana-mercedes-garcia-madre-del-dirigente-politico-guillermo-moreno\/","title":{"rendered":"Mueri\u00f3 Ana Mercedes Garc\u00eda madre del dirigente pol\u00edtico Guillermo Moreno"},"content":{"rendered":"\n<p><strong>Ana Mercedes Garc\u00eda Fern\u00e1ndez de Moreno estuvo ingresada en el HOMS de Santiago.<\/strong><\/p>\n\n\n\n<p>Falleci\u00f3 en el Hospital Metropolitano de Santiago (HOMS) la se\u00f1ora Ana Mercedes Garc\u00eda Fern\u00e1ndez de Moreno, madre del presidente del partido Alianza Pa\u00eds (AlPais), Guillermo Moreno.<\/p>\n\n\n\n<p>Garc\u00eda Fern\u00e1ndez de Moreno falleci\u00f3 a los 90 a\u00f1os de edad y era profesora.<\/p>\n\n\n\n<p>Fue progenitora de siete hijos, de una familia de profesionales reconocidos en las diversas \u00e1reas de sus respectivas especialidades, destacando entre ellos a Guillermo Moreno, quien adem\u00e1s de dirigente pol\u00edtico dominicano de larga data fue procurador fiscal y la doctora Mariana Moreno Garc\u00eda.<\/p>\n\n\n\n<p>Ana Mercedes Garc\u00eda Fern\u00e1ndez de Moreno estuvo casada por m\u00e1s de 20 a\u00f1os con el poeta Juan Isidro Moreno Espinal, secretario general del Ayuntamiento de Santiago.<\/p>\n\n\n\n<p>Las honras f\u00fanebres de la maestra se estar\u00e1n realizando este mi\u00e9rcoles 27 de diciembre, a partir de las 9:00 de la ma\u00f1ana, en la capilla del cementerio Fuente de Luz y la exhumaci\u00f3n de sus restos mortales a se realizar\u00e1 a las 5:00 de la tarde.<\/p>\n","protected":false},"excerpt":{"rendered":"<p>Ana Mercedes Garc\u00eda Fern\u00e1ndez de Moreno estuvo ingresada en el HOMS de Santiago. Falleci\u00f3 en el Hospital Metropolitano de Santiago (HOMS) la se\u00f1ora Ana Mercedes Garc\u00eda Fern\u00e1ndez de Moreno, madre&hellip;<\/p>\n","protected":false},"author":2,"featured_media":72153,"comment_status":"open","ping_status":"open","sticky":false,"template":"","format":"standard","meta":{"content-type":"","jetpack_post_was_ever_published":false,"_jetpack_newsletter_access":"","_jetpack_dont_email_post_to_subs":false,"_jetpack_newsletter_tier_id":0,"_jetpack_memberships_contains_paywalled_content":false,"_jetpack_memberships_contains_paid_content":false,"footnotes":""},"categories":[35,25],"tags":[10736,616,2160,1200,650,1030],"class_list":["post-72152","post","type-post","status-publish","format-standard","has-post-thumbnail","hentry","category-nacionales","category-portada","tag-ana-mercedes-garcia","tag-dirigente","tag-guillermo-moreno","tag-madre","tag-muere","tag-politico"],"jetpack_featured_media_url":"https:\/\/lasprimeras.com.do\/wp-content\/uploads\/2023\/12\/Ana-Mercedes-Garcia-Fernandez.jpg","jetpack-related-posts":[{"id":50655,"url":"https:\/\/lasprimeras.com.do\/index.php\/2023\/05\/23\/guillermo-moreno-plantea-honrar-a-madres-garantizando-derechos-de-mujer\/","url_meta":{"origin":72152,"position":0},"title":"Guillermo Moreno plantea honrar a madres garantizando derechos de mujer","author":"prenxa100","date":"23 de mayo de 2023","format":false,"excerpt":"Santo Domingo, EFE.- El presidente de Alianza Pa\u00eds, Guillermo Moreno, manifest\u00f3 que la manera ideal de celebrar el mes de las madres es creando las oportunidades para que la mujer dominicana pueda disfrutar de mejores condiciones. En ese sentido, explic\u00f3 que Alianza Pa\u00eds se esfuerza en llevar representaciones de calidad\u2026","rel":"","context":"En \u00abSin categor\u00eda\u00bb","block_context":{"text":"Sin categor\u00eda","link":"https:\/\/lasprimeras.com.do\/index.php\/category\/sin-categoria\/"},"img":{"alt_text":"","src":"","width":0,"height":0},"classes":[]},{"id":127505,"url":"https:\/\/lasprimeras.com.do\/index.php\/2026\/04\/13\/hispanos-en-paterson-nj-se-vuelcan-en-apoyo-a-alex-mendez-para-la-alcaldia\/","url_meta":{"origin":72152,"position":1},"title":"Hispanos en Paterson-NJ se vuelcan en apoyo a Alex M\u00e9ndez para la alcald\u00eda","author":"Nelson Feliz","date":"13 de abril de 2026","format":false,"excerpt":"Por Ram\u00f3n Mercedes PATERSON-Nueva Jersey.- Hispanos residentes en esta ciudad, pertenecientes a clubes, al comercio, profesionales, activistas comunitarios, entidades sin fines de lucro y ciudadanos comunes, se han volcado en apoyar a Alex M\u00e9ndez, candidato a la alcald\u00eda en las pr\u00f3ximas elecciones del 12 de mayo. En un documento, expresan\u2026","rel":"","context":"En \u00abINTERNACIONALES\u00bb","block_context":{"text":"INTERNACIONALES","link":"https:\/\/lasprimeras.com.do\/index.php\/category\/sin-categoria\/internacionales\/"},"img":{"alt_text":"","src":"https:\/\/i0.wp.com\/lasprimeras.com.do\/wp-content\/uploads\/2026\/04\/Hispanos-en-Paterson-NJ-se-vuelcan-en-apoyo-a-Alex-Mendez-para-la-alcaldia.jpg?resize=350%2C200&ssl=1","width":350,"height":200},"classes":[]},{"id":97608,"url":"https:\/\/lasprimeras.com.do\/index.php\/2025\/04\/24\/guillermo-moreno-llama-a-seguir-fortaleciendo-la-soberania-nacional-y-el-respeto-a-la-democracia-en-el-pais\/","url_meta":{"origin":72152,"position":2},"title":"Guillermo Moreno llama a seguir fortaleciendo la soberan\u00eda nacional y el respeto a la democracia en el pa\u00eds","author":"Nelson Feliz","date":"24 de abril de 2025","format":false,"excerpt":"Habl\u00f3 tras depositar una Ofrenda Floral en honor a los h\u00e9roes nacionales, coroneles Francisco Alberto Caama\u00f1o De\u00f1\u00f3 y Tom\u00e1s Fern\u00e1ndez Dom\u00ednguez. El Partido Alianza Pa\u00eds (AlPais), a trav\u00e9s de su presidente Guillermo Moreno, exhort\u00f3 a la poblaci\u00f3n dominicana a emular el legado de valent\u00eda y principios democr\u00e1ticos de los h\u00e9roes\u2026","rel":"","context":"En \u00abPOLITICA\u00bb","block_context":{"text":"POLITICA","link":"https:\/\/lasprimeras.com.do\/index.php\/category\/politica\/"},"img":{"alt_text":"Guillermo Moreno","src":"https:\/\/i0.wp.com\/lasprimeras.com.do\/wp-content\/uploads\/2025\/04\/Guillermo-Moreno.jpg?resize=350%2C200&ssl=1","width":350,"height":200,"srcset":"https:\/\/i0.wp.com\/lasprimeras.com.do\/wp-content\/uploads\/2025\/04\/Guillermo-Moreno.jpg?resize=350%2C200&ssl=1 1x, https:\/\/i0.wp.com\/lasprimeras.com.do\/wp-content\/uploads\/2025\/04\/Guillermo-Moreno.jpg?resize=525%2C300&ssl=1 1.5x, https:\/\/i0.wp.com\/lasprimeras.com.do\/wp-content\/uploads\/2025\/04\/Guillermo-Moreno.jpg?resize=700%2C400&ssl=1 2x"},"classes":[]},{"id":68744,"url":"https:\/\/lasprimeras.com.do\/index.php\/2023\/11\/27\/guillermo-moreno-confirma-sera-el-candidato-a-senador-del-prm-en-el-dn\/","url_meta":{"origin":72152,"position":3},"title":"Guillermo Moreno confirma ser\u00e1 el candidato a senador del PRM en el DN","author":"Nelson Feliz","date":"27 de noviembre de 2023","format":false,"excerpt":"El presidente del partido Alianza Pa\u00eds (ALPAIS) Guillermo Moreno, confirm\u00f3 que arrib\u00f3 a un acuerdo con el gobernante Partido Revolucionario Moderno (PRM) para las elecciones generales del 2024. Sin embargo,asegur\u00f3 que no le puso una \u201cpistola en la cabeza\u201d al PRM para exigir cualquier candidatura congresual, a prop\u00f3sito de rumores\u2026","rel":"","context":"En \u00abSin categor\u00eda\u00bb","block_context":{"text":"Sin categor\u00eda","link":"https:\/\/lasprimeras.com.do\/index.php\/category\/sin-categoria\/"},"img":{"alt_text":"Guillermo Moreno","src":"https:\/\/i0.wp.com\/lasprimeras.com.do\/wp-content\/uploads\/2023\/09\/Guillermo-Moreno.jpg?resize=350%2C200&ssl=1","width":350,"height":200,"srcset":"https:\/\/i0.wp.com\/lasprimeras.com.do\/wp-content\/uploads\/2023\/09\/Guillermo-Moreno.jpg?resize=350%2C200&ssl=1 1x, https:\/\/i0.wp.com\/lasprimeras.com.do\/wp-content\/uploads\/2023\/09\/Guillermo-Moreno.jpg?resize=525%2C300&ssl=1 1.5x, https:\/\/i0.wp.com\/lasprimeras.com.do\/wp-content\/uploads\/2023\/09\/Guillermo-Moreno.jpg?resize=700%2C400&ssl=1 2x"},"classes":[]},{"id":60301,"url":"https:\/\/lasprimeras.com.do\/index.php\/2023\/09\/12\/guillermo-moreno-desmiente-que-independencia-ministerio-publico-sea-logro-de-leonel-fernandez\/","url_meta":{"origin":72152,"position":4},"title":"Guillermo Moreno desmiente que independencia Ministerio P\u00fablico sea logro de Leonel Fern\u00e1ndez","author":"Nelson Feliz","date":"12 de septiembre de 2023","format":false,"excerpt":"El presidente del Partido Alianza Pa\u00eds (ALPA\u00cdS), Guillermo Moreno, neg\u00f3 categ\u00f3ricamente las insinuaciones del expresidente Leonel Fern\u00e1ndez, de pretender atribuirse los logros alcanzados sobre la independencia del Ministerio P\u00fablico en el pa\u00eds. Asegur\u00f3, que con el ascenso de Fern\u00e1ndez al gobierno en 1996, se iniciaron desde la Procuradur\u00eda Fiscal del\u2026","rel":"","context":"En \u00abPORTADA\u00bb","block_context":{"text":"PORTADA","link":"https:\/\/lasprimeras.com.do\/index.php\/category\/portada\/"},"img":{"alt_text":"Guillermo Moreno","src":"https:\/\/i0.wp.com\/lasprimeras.com.do\/wp-content\/uploads\/2023\/09\/Guillermo-Moreno.jpg?resize=350%2C200&ssl=1","width":350,"height":200,"srcset":"https:\/\/i0.wp.com\/lasprimeras.com.do\/wp-content\/uploads\/2023\/09\/Guillermo-Moreno.jpg?resize=350%2C200&ssl=1 1x, https:\/\/i0.wp.com\/lasprimeras.com.do\/wp-content\/uploads\/2023\/09\/Guillermo-Moreno.jpg?resize=525%2C300&ssl=1 1.5x, https:\/\/i0.wp.com\/lasprimeras.com.do\/wp-content\/uploads\/2023\/09\/Guillermo-Moreno.jpg?resize=700%2C400&ssl=1 2x"},"classes":[]},{"id":81075,"url":"https:\/\/lasprimeras.com.do\/index.php\/2024\/04\/16\/fundacion-luis-cruz-realiza-operativo-medico-en-apoyo-a-guillermo-moreno\/","url_meta":{"origin":72152,"position":5},"title":"Fundaci\u00f3n Luis Cruz realiza operativo m\u00e9dico en apoyo a Guillermo Moreno","author":"Nelson Feliz","date":"16 de abril de 2024","format":false,"excerpt":"Por: Elena Acevedo R. La Fundaci\u00f3n Luis Cruz con tu Salud, que coordina el doctor Luis Antonio Cruz Camacho, realiz\u00f3 un operativo m\u00e9dico preventivo en el sector de Villa Juana, en apoyo al candidato a senador por el Distrito Nacional del Partido Revolucionario Moderno PRM, doctor Guillermo Moreno. Durante el\u2026","rel":"","context":"En \u00abSin categor\u00eda\u00bb","block_context":{"text":"Sin categor\u00eda","link":"https:\/\/lasprimeras.com.do\/index.php\/category\/sin-categoria\/"},"img":{"alt_text":"Fundaci\u00f3n Luis Cruz","src":"https:\/\/i0.wp.com\/lasprimeras.com.do\/wp-content\/uploads\/2024\/04\/Fundacion-Luis-Cruz-2.jpg?resize=350%2C200&ssl=1","width":350,"height":200,"srcset":"https:\/\/i0.wp.com\/lasprimeras.com.do\/wp-content\/uploads\/2024\/04\/Fundacion-Luis-Cruz-2.jpg?resize=350%2C200&ssl=1 1x, https:\/\/i0.wp.com\/lasprimeras.com.do\/wp-content\/uploads\/2024\/04\/Fundacion-Luis-Cruz-2.jpg?resize=525%2C300&ssl=1 1.5x"},"classes":[]}],"jetpack_sharing_enabled":true,"_links":{"self":[{"href":"https:\/\/lasprimeras.com.do\/index.php\/wp-json\/wp\/v2\/posts\/72152","targetHints":{"allow":["GET"]}}],"collection":[{"href":"https:\/\/lasprimeras.com.do\/index.php\/wp-json\/wp\/v2\/posts"}],"about":[{"href":"https:\/\/lasprimeras.com.do\/index.php\/wp-json\/wp\/v2\/types\/post"}],"author":[{"embeddable":true,"href":"https:\/\/lasprimeras.com.do\/index.php\/wp-json\/wp\/v2\/users\/2"}],"replies":[{"embeddable":true,"href":"https:\/\/lasprimeras.com.do\/index.php\/wp-json\/wp\/v2\/comments?post=72152"}],"version-history":[{"count":1,"href":"https:\/\/lasprimeras.com.do\/index.php\/wp-json\/wp\/v2\/posts\/72152\/revisions"}],"predecessor-version":[{"id":72154,"href":"https:\/\/lasprimeras.com.do\/index.php\/wp-json\/wp\/v2\/posts\/72152\/revisions\/72154"}],"wp:featuredmedia":[{"embeddable":true,"href":"https:\/\/lasprimeras.com.do\/index.php\/wp-json\/wp\/v2\/media\/72153"}],"wp:attachment":[{"href":"https:\/\/lasprimeras.com.do\/index.php\/wp-json\/wp\/v2\/media?parent=72152"}],"wp:term":[{"taxonomy":"category","embeddable":true,"href":"https:\/\/lasprimeras.com.do\/index.php\/wp-json\/wp\/v2\/categories?post=72152"},{"taxonomy":"post_tag","embeddable":true,"href":"https:\/\/lasprimeras.com.do\/index.php\/wp-json\/wp\/v2\/tags?post=72152"}],"curies":[{"name":"wp","href":"https:\/\/api.w.org\/{rel}","templated":true}]}}