{"id":72155,"date":"2023-12-27T10:46:42","date_gmt":"2023-12-27T14:46:42","guid":{"rendered":"https:\/\/lasprimeras.com.do\/?p=72155"},"modified":"2023-12-27T10:46:44","modified_gmt":"2023-12-27T14:46:44","slug":"caso-medusa-detenido-por-recusacion-a-juez-amauri-martinez-y-a-los-de-la-corte-de-apelacion-del-dn","status":"publish","type":"post","link":"https:\/\/lasprimeras.com.do\/index.php\/2023\/12\/27\/caso-medusa-detenido-por-recusacion-a-juez-amauri-martinez-y-a-los-de-la-corte-de-apelacion-del-dn\/","title":{"rendered":"Caso Medusa, detenido por recusaci\u00f3n a juez Amauri Mart\u00ednez y a los de la Corte de Apelaci\u00f3n del DN"},"content":{"rendered":"\n<p><strong>-Defensa de acusado extendi\u00f3 recusaci\u00f3n a jueces del pleno de la Corte de Apelaci\u00f3n del Distrito Nacional.<\/strong><\/p>\n\n\n\n<p><strong>-Hasta que la SCJ decida sobre la acci\u00f3n el expediente estar\u00e1 estancado.<\/strong><\/p>\n\n\n\n<p>El caso de corrupci\u00f3n denominado Operaci\u00f3n Medusa contin\u00faa estancado por segunda semana por una recusaci\u00f3n que un abogado interpuso contra el juez Amauri Mart\u00ednez y a los miembros del pleno de la Corte de Apelaci\u00f3n del Distrito Nacional, acci\u00f3n que lleg\u00f3 ayer, martes, a la Suprema Corte de Justicia (SCJ).<\/p>\n\n\n\n<p>No solo el juicio preliminar est\u00e1 detenido, tambi\u00e9n cualquier proceso relacionado al expediente, hasta tanto la SCJ decida sobre la recusaci\u00f3n a Mart\u00ednez y a los magistrados de la Corte.<\/p>\n\n\n\n<p>El juicio preliminar se conoce los martes y viernes, por lo que ayer y la pasada semana no fue posible que se desarrollaran audiencias.<\/p>\n\n\n\n<p>Para ayer estaba pautado conocerse la revisi\u00f3n a la prisi\u00f3n domiciliaria y al uso de grillete que pesan sobren el exprocurador Jean Alain Rodr\u00edguez, la cual deber\u00e1 ser prorrogada para otra fecha.<\/p>\n\n\n\n<p>El abogado B\u00e9cker Dukaski Payano, representante del acusado F\u00e9lix Antonio Rosario, fue quien recus\u00f3 esta vez al magistrado Mart\u00ednez, quien tambi\u00e9n hab\u00eda sido acusado a mediados de a\u00f1o por supuesta parcialidad por otra defensa, y a la que el Ministerio P\u00fablico calific\u00f3 de &#8220;temeraria&#8221; y de &#8220;chantaje procesal&#8221;.<\/p>\n\n\n\n<p>Rosario era encargado de la Oficina de Acceso a la Informaci\u00f3n y miembro del comit\u00e9 de compras de la Procuradur\u00eda General en la gesti\u00f3n de Jean Alain Rodr\u00edguez.<\/p>\n\n\n\n<p>En mayo, la recusaci\u00f3n fue interpuesta por el representante del exsubdirector administrativo del Ministerio P\u00fablico Alfredo Alexander Solano Augusto, otro de los involucrados en la fraude contra el Estado en la gesti\u00f3n del exprocurador general de la Rep\u00fablica.<\/p>\n\n\n\n<p>Dos a\u00f1os y seis meses en los tribunales<\/p>\n\n\n\n<p>El pasado 1 de diciembre el Ministerio P\u00fablico concluy\u00f3 la lectura de las 12,274 p\u00e1ginas que contiene la acusaci\u00f3n contra Jean Alain y a las dem\u00e1s 40 personas f\u00edsicas y 22 razones sociales imputadas en Operaci\u00f3n Medusa, despu\u00e9s de casi seis meses de veloz lectura, que a veces se tornaban ininteligible y en las que algunos de los presentes se dorm\u00edan.<\/p>\n\n\n\n<p>Se recuerda que la premura por avanzar, luego que el juez Mart\u00ednez rechazara que se leyera de manera sucinta el expediente, obedeci\u00f3 a la advertencia de la directora de Persecuci\u00f3n del Ministerio P\u00fablico, Yeni Berenice Reynoso, quien argument\u00f3 que si se venc\u00eda el plazo y se declaraba la extinci\u00f3n de la acci\u00f3n penal en el caso de corrupci\u00f3n &#8220;no ser\u00e1 atribuible al \u00f3rgano acusador&#8221;<\/p>\n\n\n\n<p>Operaci\u00f3n Medusa lleva en los tribunales dos a\u00f1os y seis meses.<\/p>\n\n\n\n<p>La Ley 10-15 que modifica el C\u00f3digo Procesal Penal establece sobre el plazo de los procesos penales que la &#8220;duraci\u00f3n m\u00e1xima de todo proceso es de cuatro a\u00f1os, contados a partir de los primeros actos del procedimiento, establecidos en los art\u00edculos 226 y 287 del presente c\u00f3digo, correspondientes a las solicitudes de medidas de coerci\u00f3n y los anticipos de pruebas.<\/p>\n\n\n\n<p>Este plazo s\u00f3lo se puede extender por doce meses en caso de sentencia condenatoria, a los fines de permitir la tramitaci\u00f3n de los recursos&#8221;.<\/p>\n","protected":false},"excerpt":{"rendered":"<p>-Defensa de acusado extendi\u00f3 recusaci\u00f3n a jueces del pleno de la Corte de Apelaci\u00f3n del Distrito Nacional. -Hasta que la SCJ decida sobre la acci\u00f3n el expediente estar\u00e1 estancado. El&hellip;<\/p>\n","protected":false},"author":2,"featured_media":72156,"comment_status":"open","ping_status":"open","sticky":false,"template":"","format":"standard","meta":{"content-type":"","jetpack_post_was_ever_published":false,"_jetpack_newsletter_access":"","_jetpack_dont_email_post_to_subs":false,"_jetpack_newsletter_tier_id":0,"_jetpack_memberships_contains_paywalled_content":false,"_jetpack_memberships_contains_paid_content":false,"footnotes":""},"categories":[289,25],"tags":[10737,1354,10738,4198,2492,1355,1356],"class_list":["post-72155","post","type-post","status-publish","format-standard","has-post-thumbnail","hentry","category-justicia","category-portada","tag-amauris-martinez","tag-caso-medusa","tag-corte-de-apelacion","tag-detenido","tag-distrito-nacional","tag-juez","tag-recusacion"],"jetpack_featured_media_url":"https:\/\/lasprimeras.com.do\/wp-content\/uploads\/2023\/12\/Amauri-Martinez.jpg","jetpack-related-posts":[{"id":71520,"url":"https:\/\/lasprimeras.com.do\/index.php\/2023\/12\/20\/jean-alain-continuara-con-el-grillete-uno-de-los-imputados-recusa-juez\/","url_meta":{"origin":72155,"position":0},"title":"Jean Alain continuar\u00e1 con el grillete; uno de los imputados recusa juez","author":"BIMARY DE JES\u00daS Matos","date":"20 de diciembre de 2023","format":false,"excerpt":"Santo Domingo.- El Tercer Juzgado de la Instrucci\u00f3n del Distrito Nacional suspendi\u00f3 por tercera ocasi\u00f3n la revisi\u00f3n de la medida de coerci\u00f3n al exprocurador Jean Alain Rodr\u00edguez que hab\u00eda sido programada para este mi\u00e9rcoles hasta que la Corte de Apelaci\u00f3n conozca una recusaci\u00f3n que hay contra el juez Amauri Mart\u00ednez.\u2026","rel":"","context":"En \u00abNACIONALES\u00bb","block_context":{"text":"NACIONALES","link":"https:\/\/lasprimeras.com.do\/index.php\/category\/nacionales\/"},"img":{"alt_text":"","src":"https:\/\/i0.wp.com\/lasprimeras.com.do\/wp-content\/uploads\/2023\/12\/Noticias-19-1.webp?resize=350%2C200&ssl=1","width":350,"height":200},"classes":[]},{"id":49677,"url":"https:\/\/lasprimeras.com.do\/index.php\/2023\/05\/13\/wilson-camacho-califica-de-temeraria-recusacion-a-juez-que-conoce-caso-medusa\/","url_meta":{"origin":72155,"position":1},"title":"Wilson Camacho califica de temeraria recusaci\u00f3n a juez que conoce caso Medusa","author":"prenxa100","date":"13 de mayo de 2023","format":false,"excerpt":"Santo Domingo.-. El titular de la Procuradur\u00eda Especializada de Persecuci\u00f3n de la Corrupci\u00f3n Administrativa (Pepca) Wilson Camacho, calific\u00f3 de temeraria recusaci\u00f3n hecha por la defensa del acusado Alfredo Alexander Solano Augusto al juez que conoce en audiencia preliminar el expediente de la Operaci\u00f3n Medusa. El procurador adjunto Wilson Camacho, sostuvo\u2026","rel":"","context":"En \u00abJUSTICIA\u00bb","block_context":{"text":"JUSTICIA","link":"https:\/\/lasprimeras.com.do\/index.php\/category\/justicia\/"},"img":{"alt_text":"","src":"","width":0,"height":0},"classes":[]},{"id":68391,"url":"https:\/\/lasprimeras.com.do\/index.php\/2023\/11\/23\/laura-acosta-la-justicia-sera-complice-de-una-injusticia-por-retardar-el-fallo-de-recusacion-en-el-caso-costa-dorada\/","url_meta":{"origin":72155,"position":2},"title":"Laura Acosta: \u201cLa justicia ser\u00e1 c\u00f3mplice de una injusticia por retardar el fallo de recusaci\u00f3n en el caso Costa Dorada\u201d","author":"Nelson Feliz","date":"23 de noviembre de 2023","format":false,"excerpt":"La abogada insta a la Suprema Corte de Justicia a que \u201casuma su responsabilidad\u201d para evitar la inseguridad jur\u00eddica\u201d La abogada Laura Acosta, quien representa a la Sociedad Comercial Okra Company LTD, una de las v\u00edctimas del fraude contra los accionistas de Costa Dorada, ha apelado hoy directamente a la\u2026","rel":"","context":"En \u00abNACIONALES\u00bb","block_context":{"text":"NACIONALES","link":"https:\/\/lasprimeras.com.do\/index.php\/category\/nacionales\/"},"img":{"alt_text":"Laura Acosta","src":"https:\/\/i0.wp.com\/lasprimeras.com.do\/wp-content\/uploads\/2023\/11\/Laura-Acosta-1.jpg?resize=350%2C200&ssl=1","width":350,"height":200,"srcset":"https:\/\/i0.wp.com\/lasprimeras.com.do\/wp-content\/uploads\/2023\/11\/Laura-Acosta-1.jpg?resize=350%2C200&ssl=1 1x, https:\/\/i0.wp.com\/lasprimeras.com.do\/wp-content\/uploads\/2023\/11\/Laura-Acosta-1.jpg?resize=525%2C300&ssl=1 1.5x, https:\/\/i0.wp.com\/lasprimeras.com.do\/wp-content\/uploads\/2023\/11\/Laura-Acosta-1.jpg?resize=700%2C400&ssl=1 2x"},"classes":[]},{"id":77222,"url":"https:\/\/lasprimeras.com.do\/index.php\/2024\/02\/19\/corte-acoge-recusacion-del-ministerio-publico-en-operacion-calamar\/","url_meta":{"origin":72155,"position":3},"title":"Corte acoge recusaci\u00f3n del Ministerio P\u00fablico en Operaci\u00f3n Calamar","author":"BIMARY DE JES\u00daS Matos","date":"19 de febrero de 2024","format":false,"excerpt":"SANTO DOMINGO.-\u00a0La Segunda Sala de la C\u00e1mara Penal de la Corte de Apelaci\u00f3n del Distrito Nacional notific\u00f3 a la Procuradur\u00eda Especializada de Persecuci\u00f3n de la Corrupci\u00f3n Administrativa (Pepca) que acogi\u00f3 los argumentos planteados por el Ministerio P\u00fablico al recusar a la jueza Ana Lee Florimon en el proceso de instrucci\u00f3n\u2026","rel":"","context":"En \u00abPORTADA\u00bb","block_context":{"text":"PORTADA","link":"https:\/\/lasprimeras.com.do\/index.php\/category\/portada\/"},"img":{"alt_text":"","src":"https:\/\/i0.wp.com\/lasprimeras.com.do\/wp-content\/uploads\/2024\/02\/Edificio-PGR-1.jpg?resize=350%2C200&ssl=1","width":350,"height":200,"srcset":"https:\/\/i0.wp.com\/lasprimeras.com.do\/wp-content\/uploads\/2024\/02\/Edificio-PGR-1.jpg?resize=350%2C200&ssl=1 1x, https:\/\/i0.wp.com\/lasprimeras.com.do\/wp-content\/uploads\/2024\/02\/Edificio-PGR-1.jpg?resize=525%2C300&ssl=1 1.5x, https:\/\/i0.wp.com\/lasprimeras.com.do\/wp-content\/uploads\/2024\/02\/Edificio-PGR-1.jpg?resize=700%2C400&ssl=1 2x, https:\/\/i0.wp.com\/lasprimeras.com.do\/wp-content\/uploads\/2024\/02\/Edificio-PGR-1.jpg?resize=1050%2C600&ssl=1 3x"},"classes":[]},{"id":128611,"url":"https:\/\/lasprimeras.com.do\/index.php\/2026\/04\/24\/defensa-de-fiscal-aurelio-valdez-denuncia-ilegitimidad-en-manejo-de-recusacion-de-jueza\/","url_meta":{"origin":72155,"position":4},"title":"Defensa de fiscal Aurelio Valdez denuncia &#8220;ilegitimidad&#8221; en manejo de recusaci\u00f3n de jueza","author":"Nelson Feliz","date":"24 de abril de 2026","format":false,"excerpt":"El abogado Valent\u00edn Medrano, integrante de la defensa del fiscal Aurelio Valdez Alc\u00e1ntara, manifest\u00f3 su rechaz\u00f3 a la decisi\u00f3n del pleno de la Suprema Corte de Justicia (SCJ), luego de que se declarara incompetente para conocer la recusaci\u00f3n presentada en contra de la jueza de instrucci\u00f3n especial, Isis Mu\u00f1iz. Mu\u00f1iz\u2026","rel":"","context":"En \u00abJUSTICIA\u00bb","block_context":{"text":"JUSTICIA","link":"https:\/\/lasprimeras.com.do\/index.php\/category\/justicia\/"},"img":{"alt_text":"abogado Valent\u00edn Medrano","src":"https:\/\/i0.wp.com\/lasprimeras.com.do\/wp-content\/uploads\/2026\/04\/abogado-Valentin-Medrano.jpg?resize=350%2C200&ssl=1","width":350,"height":200,"srcset":"https:\/\/i0.wp.com\/lasprimeras.com.do\/wp-content\/uploads\/2026\/04\/abogado-Valentin-Medrano.jpg?resize=350%2C200&ssl=1 1x, https:\/\/i0.wp.com\/lasprimeras.com.do\/wp-content\/uploads\/2026\/04\/abogado-Valentin-Medrano.jpg?resize=525%2C300&ssl=1 1.5x, https:\/\/i0.wp.com\/lasprimeras.com.do\/wp-content\/uploads\/2026\/04\/abogado-Valentin-Medrano.jpg?resize=700%2C400&ssl=1 2x, https:\/\/i0.wp.com\/lasprimeras.com.do\/wp-content\/uploads\/2026\/04\/abogado-Valentin-Medrano.jpg?resize=1050%2C600&ssl=1 3x"},"classes":[]},{"id":77306,"url":"https:\/\/lasprimeras.com.do\/index.php\/2024\/02\/20\/corte-dice-que-jueza-caso-calamar-actuo-con-exceso\/","url_meta":{"origin":72155,"position":5},"title":"Corte dice que jueza caso Calamar actu\u00f3 con exceso","author":"BIMARY DE JES\u00daS Matos","date":"20 de febrero de 2024","format":false,"excerpt":"Santo Domingo.-Los jueces de la Segunda Sala de la Corte de Apelaci\u00f3n del Distrito Nacional, acogen recusaci\u00f3n contra la magistrada apoderada en el caso Calamar, Ana Lee Florim\u00f3n, por entender que actu\u00f3 de forma discrecionalidad excesiva, reprochable y censurable en violaci\u00f3n a la ley, y el debido proceso. Lee Florim\u00f3n\u2026","rel":"","context":"En \u00abNACIONALES\u00bb","block_context":{"text":"NACIONALES","link":"https:\/\/lasprimeras.com.do\/index.php\/category\/nacionales\/"},"img":{"alt_text":"","src":"https:\/\/i0.wp.com\/lasprimeras.com.do\/wp-content\/uploads\/2024\/02\/9_Nacionales_20_1p01.jpg.webp?resize=350%2C200&ssl=1","width":350,"height":200,"srcset":"https:\/\/i0.wp.com\/lasprimeras.com.do\/wp-content\/uploads\/2024\/02\/9_Nacionales_20_1p01.jpg.webp?resize=350%2C200&ssl=1 1x, https:\/\/i0.wp.com\/lasprimeras.com.do\/wp-content\/uploads\/2024\/02\/9_Nacionales_20_1p01.jpg.webp?resize=525%2C300&ssl=1 1.5x, https:\/\/i0.wp.com\/lasprimeras.com.do\/wp-content\/uploads\/2024\/02\/9_Nacionales_20_1p01.jpg.webp?resize=700%2C400&ssl=1 2x"},"classes":[]}],"jetpack_sharing_enabled":true,"_links":{"self":[{"href":"https:\/\/lasprimeras.com.do\/index.php\/wp-json\/wp\/v2\/posts\/72155","targetHints":{"allow":["GET"]}}],"collection":[{"href":"https:\/\/lasprimeras.com.do\/index.php\/wp-json\/wp\/v2\/posts"}],"about":[{"href":"https:\/\/lasprimeras.com.do\/index.php\/wp-json\/wp\/v2\/types\/post"}],"author":[{"embeddable":true,"href":"https:\/\/lasprimeras.com.do\/index.php\/wp-json\/wp\/v2\/users\/2"}],"replies":[{"embeddable":true,"href":"https:\/\/lasprimeras.com.do\/index.php\/wp-json\/wp\/v2\/comments?post=72155"}],"version-history":[{"count":1,"href":"https:\/\/lasprimeras.com.do\/index.php\/wp-json\/wp\/v2\/posts\/72155\/revisions"}],"predecessor-version":[{"id":72157,"href":"https:\/\/lasprimeras.com.do\/index.php\/wp-json\/wp\/v2\/posts\/72155\/revisions\/72157"}],"wp:featuredmedia":[{"embeddable":true,"href":"https:\/\/lasprimeras.com.do\/index.php\/wp-json\/wp\/v2\/media\/72156"}],"wp:attachment":[{"href":"https:\/\/lasprimeras.com.do\/index.php\/wp-json\/wp\/v2\/media?parent=72155"}],"wp:term":[{"taxonomy":"category","embeddable":true,"href":"https:\/\/lasprimeras.com.do\/index.php\/wp-json\/wp\/v2\/categories?post=72155"},{"taxonomy":"post_tag","embeddable":true,"href":"https:\/\/lasprimeras.com.do\/index.php\/wp-json\/wp\/v2\/tags?post=72155"}],"curies":[{"name":"wp","href":"https:\/\/api.w.org\/{rel}","templated":true}]}}