{"id":72158,"date":"2023-12-27T11:02:18","date_gmt":"2023-12-27T15:02:18","guid":{"rendered":"https:\/\/lasprimeras.com.do\/?p=72158"},"modified":"2023-12-27T11:02:20","modified_gmt":"2023-12-27T15:02:20","slug":"candidato-alcalde-por-el-prm-encabeza-aguinaldos-que-terminan-en-caos-y-desorden","status":"publish","type":"post","link":"https:\/\/lasprimeras.com.do\/index.php\/2023\/12\/27\/candidato-alcalde-por-el-prm-encabeza-aguinaldos-que-terminan-en-caos-y-desorden\/","title":{"rendered":"Candidato alcalde por el PRM encabeza aguinaldos que terminan en Caos y desorden"},"content":{"rendered":"\n<p>Al menos varios heridos de bala y un polic\u00eda de un botellazo fue el saldo de las balaceras que originaron la semana pasada perreme\u00edstas en varios aguinaldos tipo caravanas organizados por Ram\u00f3n Candelaria<br>(Alias Barrilito), candidato a alcalde del Partido Revolucionario Moderno (PRM).<\/p>\n\n\n\n<p>Seg\u00fan informaciones confiables suministradas a este redactor los des\u00f3rdenes y balaceras iniciaron cuando dos seguidores de Candelaria entablaron una cruenta discusi\u00f3n por el control y posesi\u00f3n de bebidas alcoh\u00f3licas que repart\u00eda Ram\u00f3n Candelaria a los participantes en los aguinaldos del PRM.<\/p>\n\n\n\n<p>\u201cLos des\u00f3rdenes y balaceras se extendieron por casi todos los lugares del municipio por donde circul\u00f3 la caravana dirigida por alias Barrilito, el postulante a la Alcald\u00eda,\u201d explic\u00f3 la fuente.<\/p>\n\n\n\n<p>La violencia entre los seguidores de Barrilito mantuvo a la poblaci\u00f3n aterrorizada durante el tiempo que duraron los aguinaldos.<\/p>\n\n\n\n<p>Entre los heridos se encuentra un polic\u00eda que fue impactado por un botellazo que le ocasion\u00f3 un militante del PRM.<\/p>\n\n\n\n<p>En la actividad se observ\u00f3 a algunos de los que acompa\u00f1aron a Barrilito utilizar armas blancas y de fuego.<\/p>\n\n\n\n<p>La refriega que devino en tiroteo con p\u00e9rdida de vida y heridos comenz\u00f3 en los alrededores del Club N\u00e1utico.<\/p>\n\n\n\n<p><strong>Otros hechos<\/strong><\/p>\n\n\n\n<p>Adem\u00e1s, a Barrilito se le endilga el hecho de haber repartido bebidas alcoh\u00f3licas a ni\u00f1os menores de edad, en una fiesta navide\u00f1a realizada en el parque de Monte Adentro, Andr\u00e9s Boca Chica.<\/p>\n\n\n\n<p>En las \u00faltimas semanas Ram\u00f3n Candelaria (Barrilito) ha sido objeto de serias acusaciones por parte de mun\u00edcipes y comerciantes de esta demarcaci\u00f3n, al cerrar el paso de calles sin autorizaci\u00f3n e impedir que turistas y peatones visiten otros negocios establecidos en las cercan\u00edas del restaurante que \u00e9l posee.<\/p>\n\n\n\n<p>Algunos mun\u00edcipes informaron a este redactor su inconformidad con las acciones violentas que protagonizaron en esta \u00e9poca navide\u00f1a personas ligadas al candidato alcalde Candelaria.<\/p>\n\n\n\n<p>\u201cEstos actos de violencia no contribuyen a mantener la paz, la hermandad y la tranquilidad de la<br>demarcaci\u00f3n\u201d, manifestaron.<\/p>\n\n\n\n<p>Al menos varios heridos de bala y un polic\u00eda de un botellazo fue el saldo de las balaceras que originaron la semana pasada perreme\u00edstas en varios aguinaldos tipo caravanas organizados por Ram\u00f3n Candelaria<br>(Alias Barrilito), candidato a alcalde del Partido Revolucionario Moderno (PRM).<\/p>\n\n\n\n<p>Seg\u00fan informaciones confiables suministradas a este redactor los des\u00f3rdenes y balaceras iniciaron cuando dos seguidores de Candelaria entablaron una cruenta discusi\u00f3n por el control y posesi\u00f3n de bebidas alcoh\u00f3licas que repart\u00eda Ram\u00f3n Candelaria a los participantes en los aguinaldos del PRM.<\/p>\n\n\n\n<p>\u201cLos des\u00f3rdenes y balaceras se extendieron por casi todos los lugares del municipio por donde circul\u00f3 la caravana dirigida por alias Barrilito, el postulante a la Alcald\u00eda,\u201d explic\u00f3 la fuente.<\/p>\n\n\n\n<p>La violencia entre los seguidores de Barrilito mantuvo a la poblaci\u00f3n aterrorizada durante el tiempo que duraron los aguinaldos.<\/p>\n\n\n\n<p>Entre los heridos se encuentra un polic\u00eda que fue impactado por un botellazo que le ocasion\u00f3 un militante del PRM.<\/p>\n\n\n\n<p>En la actividad se observ\u00f3 a algunos de los que acompa\u00f1aron a Barrilito utilizar armas blancas y de fuego.<\/p>\n\n\n\n<p>La refriega que devino en tiroteo con p\u00e9rdida de vida y heridos comenz\u00f3 en los alrededores del Club N\u00e1utico.<\/p>\n\n\n\n<p><strong>Otros hechos<\/strong><\/p>\n\n\n\n<p>Adem\u00e1s, a Barrilito se le endilga el hecho de haber repartido bebidas alcoh\u00f3licas a ni\u00f1os menores de edad, en una fiesta navide\u00f1a realizada en el parque de Monte Adentro, Andr\u00e9s Boca Chica.<\/p>\n\n\n\n<p>En las \u00faltimas semanas Ram\u00f3n Candelaria (Barrilito) ha sido objeto de serias acusaciones por parte de mun\u00edcipes y comerciantes de esta demarcaci\u00f3n, al cerrar el paso de calles sin autorizaci\u00f3n e impedir que turistas y peatones visiten otros negocios establecidos en las cercan\u00edas del restaurante que \u00e9l posee.<\/p>\n\n\n\n<p>Algunos mun\u00edcipes informaron a este redactor su inconformidad con las acciones violentas que protagonizaron en esta \u00e9poca navide\u00f1a personas ligadas al candidato alcalde Candelaria.<\/p>\n\n\n\n<p>\u201cEstos actos de violencia no contribuyen a mantener la paz, la hermandad y la tranquilidad de la<br>demarcaci\u00f3n\u201d, manifestaron.<\/p>\n","protected":false},"excerpt":{"rendered":"<p>Al menos varios heridos de bala y un polic\u00eda de un botellazo fue el saldo de las balaceras que originaron la semana pasada perreme\u00edstas en varios aguinaldos tipo caravanas organizados&hellip;<\/p>\n","protected":false},"author":2,"featured_media":72159,"comment_status":"open","ping_status":"open","sticky":false,"template":"","format":"standard","meta":{"content-type":"","jetpack_post_was_ever_published":false,"_jetpack_newsletter_access":"","_jetpack_dont_email_post_to_subs":false,"_jetpack_newsletter_tier_id":0,"_jetpack_memberships_contains_paywalled_content":false,"_jetpack_memberships_contains_paid_content":false,"footnotes":""},"categories":[35,25],"tags":[10739,161,1526,10740,31],"class_list":["post-72158","post","type-post","status-publish","format-standard","has-post-thumbnail","hentry","category-nacionales","category-portada","tag-aguinaldos","tag-alcalde","tag-candidato","tag-caos-y-desorden","tag-prm"],"jetpack_featured_media_url":"https:\/\/lasprimeras.com.do\/wp-content\/uploads\/2023\/12\/Ramon-Candelaria.jpg","jetpack-related-posts":[{"id":76395,"url":"https:\/\/lasprimeras.com.do\/index.php\/2024\/02\/09\/candidato-a-alcalde-del-prm-en-boca-chica-deja-plantado-al-juez-richard-h-beras-reyes\/","url_meta":{"origin":72158,"position":0},"title":"Candidato a alcalde del PRM en Boca Chica, deja plantado al Juez Richard H. Beras Reyes","author":"Nelson Feliz","date":"9 de febrero de 2024","format":false,"excerpt":"San Pedro de Macor\u00eds.- El candidato a la alcald\u00eda por los Partidos Revolucionario Moderno y C\u00edvico Renovador, en el municipio Boca Chica, Ram\u00f3n Candelaria, dejo plantado al juez Richard H. Beras Reyes, de la C\u00e1mara Penal del Juzgado de Primera Instancia, a quien se le conoce un proceso por violar\u2026","rel":"","context":"En \u00abJUSTICIA\u00bb","block_context":{"text":"JUSTICIA","link":"https:\/\/lasprimeras.com.do\/index.php\/category\/justicia\/"},"img":{"alt_text":"","src":"https:\/\/i0.wp.com\/lasprimeras.com.do\/wp-content\/uploads\/2024\/02\/RAMON-CADELARIA.jpg?resize=350%2C200&ssl=1","width":350,"height":200},"classes":[]},{"id":53597,"url":"https:\/\/lasprimeras.com.do\/index.php\/2023\/06\/28\/presidente-abinader-reserva-candidatura-de-ramon-candelaria-y-jeison-castillo-en-boca-chica\/","url_meta":{"origin":72158,"position":1},"title":"Presidente Abinader reserva candidatura de Ram\u00f3n Candelaria y Jeison Castillo en Boca Chica","author":"Nelson Feliz","date":"28 de junio de 2023","format":false,"excerpt":"El Partido Revolucionario Moderno (PRM) se reserva la candidatura a la Alcald\u00eda en el Municipio Boca Chica, el cual ser\u00e1 el relevo del alcalde Ferm\u00edn Brito Rinc\u00f3n, del PLD. Se trata del empresario y propietario del Bocana Restaurant, Ram\u00f3n Candelaria, quien en los \u00faltimos meses se ha visto muy activo\u2026","rel":"","context":"En \u00abPORTADA\u00bb","block_context":{"text":"PORTADA","link":"https:\/\/lasprimeras.com.do\/index.php\/category\/portada\/"},"img":{"alt_text":"","src":"https:\/\/i0.wp.com\/lasprimeras.com.do\/wp-content\/uploads\/2023\/06\/candelaria-2.jpg?resize=350%2C200&ssl=1","width":350,"height":200,"srcset":"https:\/\/i0.wp.com\/lasprimeras.com.do\/wp-content\/uploads\/2023\/06\/candelaria-2.jpg?resize=350%2C200&ssl=1 1x, https:\/\/i0.wp.com\/lasprimeras.com.do\/wp-content\/uploads\/2023\/06\/candelaria-2.jpg?resize=525%2C300&ssl=1 1.5x, https:\/\/i0.wp.com\/lasprimeras.com.do\/wp-content\/uploads\/2023\/06\/candelaria-2.jpg?resize=700%2C400&ssl=1 2x"},"classes":[]},{"id":74995,"url":"https:\/\/lasprimeras.com.do\/index.php\/2024\/01\/28\/abinader-continua-dando-apoyo-a-candidatos-municipales-del-prm\/","url_meta":{"origin":72158,"position":2},"title":"Abinader contin\u00faa dando apoyo a candidatos municipales del PRM","author":"Nelson Feliz","date":"28 de enero de 2024","format":false,"excerpt":"Este domingo encabeza caravana en Boca Chica, Guerra y Santo Domingo Este. El presidente de la Rep\u00fablica, Luis Abinader, encabez\u00f3 este domingo una marcha caravana en el municipio de Boca Chica en apoyo a los candidatos municipales de esa demarcaci\u00f3n. El recorrido inici\u00f3 en la calle primera frente a la\u2026","rel":"","context":"En \u00abPORTADA\u00bb","block_context":{"text":"PORTADA","link":"https:\/\/lasprimeras.com.do\/index.php\/category\/portada\/"},"img":{"alt_text":"Luis Abinader vs Ramon Candelaria","src":"https:\/\/i0.wp.com\/lasprimeras.com.do\/wp-content\/uploads\/2024\/01\/Luis-Abinader-vs-Ramon-Candelaria.jpg?resize=350%2C200&ssl=1","width":350,"height":200,"srcset":"https:\/\/i0.wp.com\/lasprimeras.com.do\/wp-content\/uploads\/2024\/01\/Luis-Abinader-vs-Ramon-Candelaria.jpg?resize=350%2C200&ssl=1 1x, https:\/\/i0.wp.com\/lasprimeras.com.do\/wp-content\/uploads\/2024\/01\/Luis-Abinader-vs-Ramon-Candelaria.jpg?resize=525%2C300&ssl=1 1.5x"},"classes":[]},{"id":75592,"url":"https:\/\/lasprimeras.com.do\/index.php\/2024\/02\/02\/daniel-ozuna-se-perfila-como-el-favorito-para-ganar-la-alcaldia-de-boca-chica\/","url_meta":{"origin":72158,"position":3},"title":"Daniel Ozuna se perfila como el favorito para ganar la alcald\u00eda de Boca Chica\u00a0\u00a0\u00a0\u00a0\u00a0\u00a0\u00a0\u00a0\u00a0\u00a0\u00a0","author":"Nelson Feliz","date":"2 de febrero de 2024","format":false,"excerpt":"Boca Chica.-. El candidato a alcalde por la Alianza Rescate RD, Ingeniero Daniel Ozuna, declar\u00f3 hoy que las encuestas que han realizado los partidos pol\u00edticos en esa localidad, lo colocan como el favorito para ganar la alcald\u00eda del municipio Boca Chica. Ozuna, se consolida en primer lugar con un 41%,\u2026","rel":"","context":"En \u00abPORTADA\u00bb","block_context":{"text":"PORTADA","link":"https:\/\/lasprimeras.com.do\/index.php\/category\/portada\/"},"img":{"alt_text":"Daniel Ozuna","src":"https:\/\/i0.wp.com\/lasprimeras.com.do\/wp-content\/uploads\/2024\/02\/Daniel-Ozuna.jpg?resize=350%2C200&ssl=1","width":350,"height":200,"srcset":"https:\/\/i0.wp.com\/lasprimeras.com.do\/wp-content\/uploads\/2024\/02\/Daniel-Ozuna.jpg?resize=350%2C200&ssl=1 1x, https:\/\/i0.wp.com\/lasprimeras.com.do\/wp-content\/uploads\/2024\/02\/Daniel-Ozuna.jpg?resize=525%2C300&ssl=1 1.5x"},"classes":[]},{"id":85933,"url":"https:\/\/lasprimeras.com.do\/index.php\/2024\/07\/13\/regidores-de-boca-chica-someten-a-alcalde-ramon-candelaria\/","url_meta":{"origin":72158,"position":4},"title":"Regidores de Boca Chica someten a alcalde Ram\u00f3n Candelaria","author":"Nelson Feliz","date":"13 de julio de 2024","format":false,"excerpt":"Ediles advierten el s\u00edndico Ram\u00f3n Candelaria podr\u00eda ser suspendido y perder la condici\u00f3n de alcalde.\u00a0\u00a0\u00a0\u00a0\u00a0\u00a0\u00a0\u00a0\u00a0\u00a0\u00a0\u00a0\u00a0\u00a0\u00a0\u00a0\u00a0\u00a0\u00a0\u00a0\u00a0\u00a0\u00a0\u00a0\u00a0\u00a0\u00a0\u00a0\u00a0\u00a0\u00a0\u00a0\u00a0\u00a0\u00a0\u00a0\u00a0\u00a0\u00a0\u00a0\u00a0\u00a0\u00a0\u00a0\u00a0\u00a0\u00a0\u00a0\u00a0\u00a0\u00a0\u00a0\u00a0 Los regidores de la Alcald\u00eda de Boca Chica del Partido Revolucionario Moderno (PRM), Partido de la Liberaci\u00f3n Dominicana (PLD), Partido C\u00edvico Renovador (PCR) y Partido Revolucionario Dominicano (PRD) sometieron al ejecutivo municipal Ram\u00f3n Candelaria por\u2026","rel":"","context":"En \u00abPORTADA\u00bb","block_context":{"text":"PORTADA","link":"https:\/\/lasprimeras.com.do\/index.php\/category\/portada\/"},"img":{"alt_text":"RAMON CANDELARIA","src":"https:\/\/i0.wp.com\/lasprimeras.com.do\/wp-content\/uploads\/2024\/04\/RAMON-CANDELARIA.jpeg?resize=350%2C200&ssl=1","width":350,"height":200,"srcset":"https:\/\/i0.wp.com\/lasprimeras.com.do\/wp-content\/uploads\/2024\/04\/RAMON-CANDELARIA.jpeg?resize=350%2C200&ssl=1 1x, https:\/\/i0.wp.com\/lasprimeras.com.do\/wp-content\/uploads\/2024\/04\/RAMON-CANDELARIA.jpeg?resize=525%2C300&ssl=1 1.5x"},"classes":[]},{"id":74909,"url":"https:\/\/lasprimeras.com.do\/index.php\/2024\/01\/27\/abel-el-pueblo-le-pasara-el-rolo-al-prm-por-malos-que-son\/","url_meta":{"origin":72158,"position":5},"title":"Abel: &#8220;El pueblo le pasar\u00e1 el rolo al PRM por malos que son&#8221;","author":"Nelson Feliz","date":"27 de enero de 2024","format":false,"excerpt":"El candidato presidencial del Partido de la Liberaci\u00f3n Dominicana (PLD), Abel Mart\u00ednez, asegur\u00f3 que el pueblo dominicano le pasar\u00e1 el rolo al PRM por lo malos que han sido gobernando. Adem\u00e1s, el l\u00edder de la oposici\u00f3n indic\u00f3 que en Santo Domingo Este que el PRM no ha \"dado pie' con\u2026","rel":"","context":"En \u00abPORTADA\u00bb","block_context":{"text":"PORTADA","link":"https:\/\/lasprimeras.com.do\/index.php\/category\/portada\/"},"img":{"alt_text":"Abel y Luis Alberto","src":"https:\/\/i0.wp.com\/lasprimeras.com.do\/wp-content\/uploads\/2024\/01\/Abel-y-Luis-Alberto-1.jpg?resize=350%2C200&ssl=1","width":350,"height":200,"srcset":"https:\/\/i0.wp.com\/lasprimeras.com.do\/wp-content\/uploads\/2024\/01\/Abel-y-Luis-Alberto-1.jpg?resize=350%2C200&ssl=1 1x, https:\/\/i0.wp.com\/lasprimeras.com.do\/wp-content\/uploads\/2024\/01\/Abel-y-Luis-Alberto-1.jpg?resize=525%2C300&ssl=1 1.5x"},"classes":[]}],"jetpack_sharing_enabled":true,"_links":{"self":[{"href":"https:\/\/lasprimeras.com.do\/index.php\/wp-json\/wp\/v2\/posts\/72158","targetHints":{"allow":["GET"]}}],"collection":[{"href":"https:\/\/lasprimeras.com.do\/index.php\/wp-json\/wp\/v2\/posts"}],"about":[{"href":"https:\/\/lasprimeras.com.do\/index.php\/wp-json\/wp\/v2\/types\/post"}],"author":[{"embeddable":true,"href":"https:\/\/lasprimeras.com.do\/index.php\/wp-json\/wp\/v2\/users\/2"}],"replies":[{"embeddable":true,"href":"https:\/\/lasprimeras.com.do\/index.php\/wp-json\/wp\/v2\/comments?post=72158"}],"version-history":[{"count":1,"href":"https:\/\/lasprimeras.com.do\/index.php\/wp-json\/wp\/v2\/posts\/72158\/revisions"}],"predecessor-version":[{"id":72160,"href":"https:\/\/lasprimeras.com.do\/index.php\/wp-json\/wp\/v2\/posts\/72158\/revisions\/72160"}],"wp:featuredmedia":[{"embeddable":true,"href":"https:\/\/lasprimeras.com.do\/index.php\/wp-json\/wp\/v2\/media\/72159"}],"wp:attachment":[{"href":"https:\/\/lasprimeras.com.do\/index.php\/wp-json\/wp\/v2\/media?parent=72158"}],"wp:term":[{"taxonomy":"category","embeddable":true,"href":"https:\/\/lasprimeras.com.do\/index.php\/wp-json\/wp\/v2\/categories?post=72158"},{"taxonomy":"post_tag","embeddable":true,"href":"https:\/\/lasprimeras.com.do\/index.php\/wp-json\/wp\/v2\/tags?post=72158"}],"curies":[{"name":"wp","href":"https:\/\/api.w.org\/{rel}","templated":true}]}}