{"id":72164,"date":"2023-12-27T12:39:59","date_gmt":"2023-12-27T16:39:59","guid":{"rendered":"https:\/\/lasprimeras.com.do\/?p=72164"},"modified":"2023-12-27T16:40:01","modified_gmt":"2023-12-27T20:40:01","slug":"fiscal-general-canserbero-y-carlos-molnar-fueron-asesinados-por-hermanos-amestica","status":"publish","type":"post","link":"https:\/\/lasprimeras.com.do\/index.php\/2023\/12\/27\/fiscal-general-canserbero-y-carlos-molnar-fueron-asesinados-por-hermanos-amestica\/","title":{"rendered":"Fiscal General: Canserbero y Carlos Molnar fueron asesinados por hermanos Am\u00e9stica"},"content":{"rendered":"\n<figure class=\"wp-block-embed is-type-video is-provider-youtube wp-block-embed-youtube wp-embed-aspect-4-3 wp-has-aspect-ratio\"><div class=\"wp-block-embed__wrapper\">\n<iframe title=\"Fiscal General: Canserbero y Carlos Molnar fueron asesinados por hermanos Am\u00e9stica, 26\/12\/2023\" width=\"500\" height=\"375\" src=\"https:\/\/www.youtube.com\/embed\/GpqAVqET92c?feature=oembed\" frameborder=\"0\" allow=\"accelerometer; autoplay; clipboard-write; encrypted-media; gyroscope; picture-in-picture; web-share\" referrerpolicy=\"strict-origin-when-cross-origin\" allowfullscreen><\/iframe>\n<\/div><\/figure>\n\n\n\n<p><\/p>\n\n\n\n<p><strong>Giro en el caso del rapero venezolano Canserbero: su exmanager Natalia Am\u00e9stica confes\u00f3 el crimen<\/strong><\/p>\n\n\n\n<figure class=\"wp-block-image size-full\"><img decoding=\"async\" width=\"983\" height=\"584\" src=\"https:\/\/lasprimeras.com.do\/wp-content\/uploads\/2023\/12\/Tirone-Jose-Gonzalez-Orama.jpg\" alt=\"\" class=\"wp-image-72165\" srcset=\"https:\/\/lasprimeras.com.do\/wp-content\/uploads\/2023\/12\/Tirone-Jose-Gonzalez-Orama.jpg 983w, https:\/\/lasprimeras.com.do\/wp-content\/uploads\/2023\/12\/Tirone-Jose-Gonzalez-Orama-300x178.jpg 300w, https:\/\/lasprimeras.com.do\/wp-content\/uploads\/2023\/12\/Tirone-Jose-Gonzalez-Orama-768x456.jpg 768w\" sizes=\"(max-width: 983px) 100vw, 983px\" \/><\/figure>\n\n\n\n<p>El fiscal general de Venezuela, Tarek William Saab, revel\u00f3 este martes 26 de diciembre que el rapero venezolano Canserbero habr\u00eda sido asesinado por su exm\u00e1nager y no se habr\u00eda suicidado, como se hab\u00eda determinado hasta el momento. En un video, Natalia Am\u00e9stica confiesa haber apu\u00f1alado al artista y a su esposo, el productor del rapero. Seis personas est\u00e1n detenidas, incluyendo a los hermanos de la mujer que presuntamente ayudaron a alterar la escena del crimen.<\/p>\n\n\n\n<p>Por Manuela Cano<\/p>\n\n\n\n<p>Un giro de 180 grados en el caso de la muerte del rapero venezolano Canserbero. Este martes 26 de diciembre, el fiscal general de Venezuela, Tarek William Saab, dio a conocer un video de la exm\u00e1nager del artista, Natalia Am\u00e9stica, en el que confiesa haberlo asesinado.<\/p>\n\n\n\n<p>Una confesi\u00f3n que refuerza la hip\u00f3tesis de la Fiscal\u00eda que asegura que es falso que el rapero se haya suicidado. Hasta el momento se cre\u00eda que en la noche del 20 de enero de 2015 \u2014hace casi nueve a\u00f1os\u2014 el rapero habr\u00eda matado a su productor Carlos Molnar, esposo de Am\u00e9stica, y luego se habr\u00eda quitado la vida.<\/p>\n\n\n\n<figure class=\"wp-block-image size-full\"><img decoding=\"async\" width=\"860\" height=\"638\" src=\"https:\/\/lasprimeras.com.do\/wp-content\/uploads\/2023\/12\/Tarek-William-Saab.jpg\" alt=\"\" class=\"wp-image-72166\" srcset=\"https:\/\/lasprimeras.com.do\/wp-content\/uploads\/2023\/12\/Tarek-William-Saab.jpg 860w, https:\/\/lasprimeras.com.do\/wp-content\/uploads\/2023\/12\/Tarek-William-Saab-300x223.jpg 300w, https:\/\/lasprimeras.com.do\/wp-content\/uploads\/2023\/12\/Tarek-William-Saab-768x570.jpg 768w\" sizes=\"(max-width: 860px) 100vw, 860px\" \/><\/figure>\n\n\n\n<p>Sin embargo, en el video Am\u00e9stica cuenta que ese d\u00eda los dos hombres llegaron a su casa en donde ella les prepar\u00f3 un t\u00e9 al que le agreg\u00f3 dos pastillas de Ampran, un f\u00e1rmaco mayoritariamente usado para el tratamiento de los estados de ansiedad.<\/p>\n\n\n\n<p>Despu\u00e9s, relata que cuando los dos estaban en un estado de somnolencia, primero atac\u00f3 a su esposo con una pu\u00f1alada en el cuello y luego lo atac\u00f3 por la espalda.<\/p>\n\n\n\n<p>&#8220;Quien me ve es Tirone (Canserbero) y se preocupa mucho, pero \u00e9l tambi\u00e9n estaba somnoliento. Yo le dije que fue un ataque de ira y que no me pude controlar&#8221;, asegura Am\u00e9stica en el video.<\/p>\n\n\n\n<figure class=\"wp-block-embed is-type-rich is-provider-twitter wp-block-embed-twitter\"><div class=\"wp-block-embed__wrapper\">\n<div class=\"embed-twitter\"><blockquote class=\"twitter-tweet\" data-width=\"500\" data-dnt=\"true\"><p lang=\"es\" dir=\"ltr\">\ud83c\uddfb\ud83c\uddea | Canserbero fue asesinado: Exm\u00e1nager del artista confes\u00f3 crimen. <a href=\"https:\/\/t.co\/66xD864WrT\">pic.twitter.com\/66xD864WrT<\/a><\/p>&mdash; Alerta Mundial (@AlertaMundoNews) <a href=\"https:\/\/twitter.com\/AlertaMundoNews\/status\/1739714632720195663?ref_src=twsrc%5Etfw\">December 26, 2023<\/a><\/blockquote><script async src=\"https:\/\/platform.twitter.com\/widgets.js\" charset=\"utf-8\"><\/script><\/div>\n<\/div><\/figure>\n\n\n\n<p>Posteriormente, afirma que el rapero se durmi\u00f3 en el sof\u00e1 y que fue en ese momento cuando ella le dio dos pu\u00f1aladas.<\/p>\n\n\n\n<p>La mujer cuenta que tras comenter el doble asesinato llam\u00f3 a su hermano y fue \u00e9l quien, junto con tres integrantes del Sebin (Servicio Bolivariano de Inteligencia Nacional), la ayud\u00f3 a modificar la escena del crimen para que pareciera un suicidio.<\/p>\n\n\n\n<p>Seg\u00fan la versi\u00f3n divulgada en el video, ellos habr\u00edan dado otras pu\u00f1aladas a Molnar y tambi\u00e9n habr\u00edan dado un golpe en la cara al rapero. Luego, habr\u00edan lanzado el cuerpo de Canserbero por la ventana.<\/p>\n\n\n\n<p>Am\u00e9stica tambi\u00e9n narra que ella \u2014quien era considerada como la \u00fanica &#8220;testigo&#8221; de los hechos\u2014 habr\u00eda actuado para pedir la ayuda a los vecinos y que su hermano soborn\u00f3 a los funcionarios del CICPC (Cuerpo de Investigaciones Cient\u00edficas, Penales y Criminal\u00edsticas) con &#8220;10.000 d\u00f3lares para terminar de arreglar la escena que ya hab\u00edan dejado lista&#8221;.<\/p>\n\n\n\n<p>La reapertura e investigaci\u00f3n del caso<\/p>\n\n\n\n<p>En marzo, la Defensor\u00eda del Pueblo hab\u00eda reabierto el caso. Entonces, se cit\u00f3 a Am\u00e9stica para que volviera a declarar sobre lo sucedido. La mujer acudi\u00f3 al pa\u00eds desde Chile, a donde hab\u00eda huido tras los hechos.<\/p>\n\n\n\n<p>La nueva investigaci\u00f3n, en la que participaron cerca de 50 personas, llev\u00f3 a la Fiscal\u00eda a determinar que hubo alteraciones e inconsistencias. Unas que ahora fueron esclarecidas con los nuevos hallazgos.<\/p>\n\n\n\n<p>Hoy qued\u00f3 100% descartada la tesis de que se trata de un suicidio (\u2026) se est\u00e1 imponiendo la tesis del asesinato por motivos econ\u00f3micos\u201d, afirm\u00f3 el fiscal general, Tarek William Saab, durante una alocuci\u00f3n televisada.<\/p>\n\n\n\n<p>Seg\u00fan asegur\u00f3 Am\u00e9stica todo habr\u00eda comenzado luego de que conoci\u00f3 que no iba a recibir pago por parte de Molnar despu\u00e9s de haber organizado y planeado una gira de Canserbero en Chile.<\/p>\n\n\n\n<p>&#8220;Yo quer\u00eda que me pagaran los pasajes que hab\u00eda comprado m\u00e1s un porcentaje por haber hecho la organizaci\u00f3n de dicha gira&#8221;, asegura. Y agrega que el propio rapero le hab\u00eda dicho que ya no quer\u00eda que se desempe\u00f1ara como su m\u00e1nager.<\/p>\n\n\n\n<figure class=\"wp-block-image size-full is-resized\"><img decoding=\"async\" width=\"344\" height=\"236\" src=\"https:\/\/lasprimeras.com.do\/wp-content\/uploads\/2023\/12\/Cancerbero.jpg\" alt=\"\" class=\"wp-image-72167\" style=\"width:840px;height:auto\" srcset=\"https:\/\/lasprimeras.com.do\/wp-content\/uploads\/2023\/12\/Cancerbero.jpg 344w, https:\/\/lasprimeras.com.do\/wp-content\/uploads\/2023\/12\/Cancerbero-300x206.jpg 300w\" sizes=\"(max-width: 344px) 100vw, 344px\" \/><\/figure>\n\n\n\n<p>Por otra parte, el fiscal precis\u00f3 que ya hay seis personas detenidas por estos hechos, entre ellos los hermanos Am\u00e9stica.<\/p>\n\n\n\n<p>Adem\u00e1s, se han librado otras \u00f3rdenes de captura contra dos fiscales &#8220;que encubrieron&#8221; la verdad, detectives del Cicpc y un oficial de la Polic\u00eda Nacional Bolivariana (PNB) que obstruyeron la Justicia. Tambi\u00e9n se pidi\u00f3 el arresto de la forense que revis\u00f3 el cuerpo de Canserbero.<\/p>\n\n\n\n<p>\u00bfQui\u00e9n fue Cancerbero?<\/p>\n\n\n\n<p>Tirone Gonz\u00e1lez, conocido art\u00edsticamente como Canserbero, fue un artista venezolano que dej\u00f3 huella en el rap latinoamericano. Naci\u00f3 en 1988 en Caracas, la capital del pa\u00eds latinoamericano, y muri\u00f3 a los 27 a\u00f1os.<\/p>\n\n\n\n<p>El estilo del artista estuvo marcado por su l\u00edrica cruda y su enorme compromiso y denuncia social.<\/p>\n\n\n\n<p>Comenz\u00f3 su carrera en 2009 y r\u00e1pidamente se convirti\u00f3 r\u00e1pidamente en uno de los referentes del rap de la regi\u00f3n y sus letras tocaron especialmente a los j\u00f3venes de su pa\u00eds. Tal como muestra un art\u00edculo de &#8216;Tiempo Latino&#8217; abord\u00f3 temas como la depresi\u00f3n, la soledad y la desigualdad social.<\/p>\n\n\n\n<figure class=\"wp-block-embed is-type-video is-provider-youtube wp-block-embed-youtube wp-embed-aspect-16-9 wp-has-aspect-ratio\"><div class=\"wp-block-embed__wrapper\">\n<iframe title=\"Canserbero - Mundo De Piedra (Video Oficial)\" width=\"500\" height=\"281\" src=\"https:\/\/www.youtube.com\/embed\/kLFYQaqk3L8?feature=oembed\" frameborder=\"0\" allow=\"accelerometer; autoplay; clipboard-write; encrypted-media; gyroscope; picture-in-picture; web-share\" referrerpolicy=\"strict-origin-when-cross-origin\" allowfullscreen><\/iframe>\n<\/div><\/figure>\n\n\n\n<p>La influencia musical de Canserbero es innegable: este a\u00f1o fue reconocido por la revista &#8216;Rolling Stone&#8217; como el mejor rapero en espa\u00f1ol de los \u00faltimos 50 a\u00f1os. Aunque para muchos es considerado como el rapero de habla hispana m\u00e1s importante de todos los tiempos.<\/p>\n\n\n\n<p>Su m\u00fasica, sin duda, super\u00f3 las fronteras venezolanas y ha inspirado a m\u00faltiples artistas de la regi\u00f3n e incluso de otras latitudes.<\/p>\n\n\n\n<p>Con EFE y medios locales<\/p>\n","protected":false},"excerpt":{"rendered":"<p>Giro en el caso del rapero venezolano Canserbero: su exmanager Natalia Am\u00e9stica confes\u00f3 el crimen El fiscal general de Venezuela, Tarek William Saab, revel\u00f3 este martes 26 de diciembre que&hellip;<\/p>\n","protected":false},"author":2,"featured_media":72165,"comment_status":"open","ping_status":"open","sticky":false,"template":"","format":"standard","meta":{"content-type":"","jetpack_post_was_ever_published":false,"_jetpack_newsletter_access":"","_jetpack_dont_email_post_to_subs":false,"_jetpack_newsletter_tier_id":0,"_jetpack_memberships_contains_paywalled_content":false,"_jetpack_memberships_contains_paid_content":false,"footnotes":""},"categories":[84],"tags":[9145,10742,10743,10741,3909],"class_list":["post-72164","post","type-post","status-publish","format-standard","has-post-thumbnail","hentry","category-entretenimiento","tag-asesinados","tag-canserbero","tag-carlos-molnar","tag-fiscal-general","tag-hermanos"],"jetpack_featured_media_url":"https:\/\/lasprimeras.com.do\/wp-content\/uploads\/2023\/12\/Tirone-Jose-Gonzalez-Orama.jpg","jetpack-related-posts":[{"id":68433,"url":"https:\/\/lasprimeras.com.do\/index.php\/2023\/11\/24\/ministerio-publico-de-venezuela-imputa-a-dos-personas-por-caso-canserbero\/","url_meta":{"origin":72164,"position":0},"title":"Ministerio P\u00fablico de Venezuela imputa a dos personas por caso Canserbero","author":"BIMARY DE JES\u00daS Matos","date":"24 de noviembre de 2023","format":false,"excerpt":"Santo Domingo.-El fiscal general del Venezuela, Tarek Wiliam Saab inform\u00f3 que se imput\u00f3 al productor, Guillermo Amestica y su hermana Natalia Amestica por los cargos de falsa atestaci\u00f3n y obstrucci\u00f3n a la administraci\u00f3n de justicia en el caso del rapero Canserbero. Tanto Guillermo como Natalia, quien adem\u00e1s era esposa del\u2026","rel":"","context":"En \u00abENTRETENIMIENTO\u00bb","block_context":{"text":"ENTRETENIMIENTO","link":"https:\/\/lasprimeras.com.do\/index.php\/category\/entretenimiento\/"},"img":{"alt_text":"","src":"https:\/\/i0.wp.com\/lasprimeras.com.do\/wp-content\/uploads\/2023\/11\/WhatsApp-Image-2023-11-23-at-4.05.08-PM-4.jpeg?resize=350%2C200&ssl=1","width":350,"height":200,"srcset":"https:\/\/i0.wp.com\/lasprimeras.com.do\/wp-content\/uploads\/2023\/11\/WhatsApp-Image-2023-11-23-at-4.05.08-PM-4.jpeg?resize=350%2C200&ssl=1 1x, https:\/\/i0.wp.com\/lasprimeras.com.do\/wp-content\/uploads\/2023\/11\/WhatsApp-Image-2023-11-23-at-4.05.08-PM-4.jpeg?resize=525%2C300&ssl=1 1.5x, https:\/\/i0.wp.com\/lasprimeras.com.do\/wp-content\/uploads\/2023\/11\/WhatsApp-Image-2023-11-23-at-4.05.08-PM-4.jpeg?resize=700%2C400&ssl=1 2x"},"classes":[]},{"id":72069,"url":"https:\/\/lasprimeras.com.do\/index.php\/2023\/12\/26\/jeremias-175-cancion-de-canserbero-definida-por-la-fiscalia-como-premonitora\/","url_meta":{"origin":72164,"position":1},"title":"Jerem\u00edas 17:5, canci\u00f3n de Canserbero definida por la Fiscal\u00eda como &#8220;premonitora&#8221;","author":"BIMARY DE JES\u00daS Matos","date":"26 de diciembre de 2023","format":false,"excerpt":"Santo Domingo.-El fiscal general de Venezuela, Tarek William Saab, asegur\u00f3 este martes que una canci\u00f3n del rapero Canserbero revel\u00f3 de \u201cmanera prof\u00e9tica\u201d la tr\u00e1gica muerte del artista. Durante sus declaraciones, William Saab comparti\u00f3 el tema \u2018Jeremias 17:5\u2019 de Tirone Jos\u00e9 Gonz\u00e1lez Orama, nombre de pila del fenecido cantante, afirmando que\u2026","rel":"","context":"En \u00abENTRETENIMIENTO\u00bb","block_context":{"text":"ENTRETENIMIENTO","link":"https:\/\/lasprimeras.com.do\/index.php\/category\/entretenimiento\/"},"img":{"alt_text":"","src":"https:\/\/i0.wp.com\/lasprimeras.com.do\/wp-content\/uploads\/2023\/12\/Noticias-de-energia-89.jpg?resize=350%2C200&ssl=1","width":350,"height":200,"srcset":"https:\/\/i0.wp.com\/lasprimeras.com.do\/wp-content\/uploads\/2023\/12\/Noticias-de-energia-89.jpg?resize=350%2C200&ssl=1 1x, https:\/\/i0.wp.com\/lasprimeras.com.do\/wp-content\/uploads\/2023\/12\/Noticias-de-energia-89.jpg?resize=525%2C300&ssl=1 1.5x"},"classes":[]},{"id":91348,"url":"https:\/\/lasprimeras.com.do\/index.php\/2024\/11\/18\/maduro-descarta-que-haya-habido-negociacion-sobre-liberacion-de-detenidos-tras-comicios\/","url_meta":{"origin":72164,"position":2},"title":"Maduro descarta que haya habido negociaci\u00f3n sobre liberaci\u00f3n de detenidos tras comicios","author":"Nelson Feliz","date":"18 de noviembre de 2024","format":false,"excerpt":"Caracas,(EFE).- El presidente de Venezuela, Nicol\u00e1s Maduro, descart\u00f3 este lunes que haya habido alguna negociaci\u00f3n con la oposici\u00f3n mayoritaria, a la que calific\u00f3 de \"fascista\", sobre la liberaci\u00f3n de los considerados \"presos pol\u00edticos\", detenidos tras las protestas contra el resultado oficial de las elecciones presidenciales del 28 de julio. \"La\u2026","rel":"","context":"En \u00abINTERNACIONALES\u00bb","block_context":{"text":"INTERNACIONALES","link":"https:\/\/lasprimeras.com.do\/index.php\/category\/sin-categoria\/internacionales\/"},"img":{"alt_text":"Nicol\u00e1s Maduro","src":"https:\/\/i0.wp.com\/lasprimeras.com.do\/wp-content\/uploads\/2024\/11\/Nicolas-Maduro-3.jpg?resize=350%2C200&ssl=1","width":350,"height":200,"srcset":"https:\/\/i0.wp.com\/lasprimeras.com.do\/wp-content\/uploads\/2024\/11\/Nicolas-Maduro-3.jpg?resize=350%2C200&ssl=1 1x, https:\/\/i0.wp.com\/lasprimeras.com.do\/wp-content\/uploads\/2024\/11\/Nicolas-Maduro-3.jpg?resize=525%2C300&ssl=1 1.5x, https:\/\/i0.wp.com\/lasprimeras.com.do\/wp-content\/uploads\/2024\/11\/Nicolas-Maduro-3.jpg?resize=700%2C400&ssl=1 2x"},"classes":[]},{"id":56279,"url":"https:\/\/lasprimeras.com.do\/index.php\/2023\/07\/30\/venezuela-presento-avances-en-materia-de-dd-hh-y-acceso-a-la-justicia\/","url_meta":{"origin":72164,"position":3},"title":"Venezuela present\u00f3 avances en materia de DD.HH. y acceso a la justicia","author":"Nelson Feliz","date":"30 de julio de 2023","format":false,"excerpt":"Luego de 6 a\u00f1os de ausencia, Venezuela pudo dar a conocer ante la plenaria de Fiscales Generales de toda Iberoam\u00e9rica, el proceso de avances en materia de justicia y atenci\u00f3n del Ministerio P\u00fablico venezolano, gesti\u00f3n que va enfocada en varios aspectos de la poblaci\u00f3n y en aspectos fundamentales. As\u00ed lo\u2026","rel":"","context":"En \u00abNACIONALES\u00bb","block_context":{"text":"NACIONALES","link":"https:\/\/lasprimeras.com.do\/index.php\/category\/nacionales\/"},"img":{"alt_text":"Tarek Williams Saab","src":"https:\/\/i0.wp.com\/lasprimeras.com.do\/wp-content\/uploads\/2023\/07\/Tarek-Williams-Saab-1.jpg?resize=350%2C200&ssl=1","width":350,"height":200,"srcset":"https:\/\/i0.wp.com\/lasprimeras.com.do\/wp-content\/uploads\/2023\/07\/Tarek-Williams-Saab-1.jpg?resize=350%2C200&ssl=1 1x, https:\/\/i0.wp.com\/lasprimeras.com.do\/wp-content\/uploads\/2023\/07\/Tarek-Williams-Saab-1.jpg?resize=525%2C300&ssl=1 1.5x, https:\/\/i0.wp.com\/lasprimeras.com.do\/wp-content\/uploads\/2023\/07\/Tarek-Williams-Saab-1.jpg?resize=700%2C400&ssl=1 2x"},"classes":[]},{"id":90681,"url":"https:\/\/lasprimeras.com.do\/index.php\/2024\/10\/27\/nina-finge-estar-muerta-para-escapar-luego-que-asesinaran-a-sus-familiares-en-washington\/","url_meta":{"origin":72164,"position":4},"title":"Ni\u00f1a finge estar muerta para escapar luego que asesinaran a sus familiares en Washington","author":"Nelson Feliz","date":"27 de octubre de 2024","format":false,"excerpt":"Alisha Ebrahimji Washington, (CNN) \u2014 Una ni\u00f1a de 11 a\u00f1os en el estado de Washington huy\u00f3 de su casa en las primeras horas de la ma\u00f1ana para escapar de un tiroteo que la dej\u00f3 ensangrentada y herida, y en el que muri\u00f3 toda su familia. Durante varios d\u00edas esta semana,\u2026","rel":"","context":"En \u00abSin categor\u00eda\u00bb","block_context":{"text":"Sin categor\u00eda","link":"https:\/\/lasprimeras.com.do\/index.php\/category\/sin-categoria\/"},"img":{"alt_text":"","src":"https:\/\/i0.wp.com\/lasprimeras.com.do\/wp-content\/uploads\/2024\/10\/policia-w-1.jpg?resize=350%2C200&ssl=1","width":350,"height":200,"srcset":"https:\/\/i0.wp.com\/lasprimeras.com.do\/wp-content\/uploads\/2024\/10\/policia-w-1.jpg?resize=350%2C200&ssl=1 1x, https:\/\/i0.wp.com\/lasprimeras.com.do\/wp-content\/uploads\/2024\/10\/policia-w-1.jpg?resize=525%2C300&ssl=1 1.5x"},"classes":[]},{"id":90760,"url":"https:\/\/lasprimeras.com.do\/index.php\/2024\/10\/27\/mp-de-sde-obtiene-prision-preventiva-contra-confeso-asesino-de-una-cunada-en-boca-chica\/","url_meta":{"origin":72164,"position":5},"title":"MP de SDE obtiene prisi\u00f3n preventiva contra confeso asesino de una cu\u00f1ada en Boca Chica","author":"Nelson Feliz","date":"27 de octubre de 2024","format":false,"excerpt":"El Ministerio P\u00fablico de Santo Domingo Este y Norte logr\u00f3 la imposici\u00f3n de tres meses de prisi\u00f3n preventiva en contra de un hombre, confeso asesino de una cu\u00f1ada, de 18 a\u00f1os de edad, tras provocarle heridas de arma blanca, en un hecho ocurrido el pasado martes en la localidad Andr\u00e9s,\u2026","rel":"","context":"En \u00abJUSTICIA\u00bb","block_context":{"text":"JUSTICIA","link":"https:\/\/lasprimeras.com.do\/index.php\/category\/justicia\/"},"img":{"alt_text":"","src":"","width":0,"height":0},"classes":[]}],"jetpack_sharing_enabled":true,"_links":{"self":[{"href":"https:\/\/lasprimeras.com.do\/index.php\/wp-json\/wp\/v2\/posts\/72164","targetHints":{"allow":["GET"]}}],"collection":[{"href":"https:\/\/lasprimeras.com.do\/index.php\/wp-json\/wp\/v2\/posts"}],"about":[{"href":"https:\/\/lasprimeras.com.do\/index.php\/wp-json\/wp\/v2\/types\/post"}],"author":[{"embeddable":true,"href":"https:\/\/lasprimeras.com.do\/index.php\/wp-json\/wp\/v2\/users\/2"}],"replies":[{"embeddable":true,"href":"https:\/\/lasprimeras.com.do\/index.php\/wp-json\/wp\/v2\/comments?post=72164"}],"version-history":[{"count":1,"href":"https:\/\/lasprimeras.com.do\/index.php\/wp-json\/wp\/v2\/posts\/72164\/revisions"}],"predecessor-version":[{"id":72168,"href":"https:\/\/lasprimeras.com.do\/index.php\/wp-json\/wp\/v2\/posts\/72164\/revisions\/72168"}],"wp:featuredmedia":[{"embeddable":true,"href":"https:\/\/lasprimeras.com.do\/index.php\/wp-json\/wp\/v2\/media\/72165"}],"wp:attachment":[{"href":"https:\/\/lasprimeras.com.do\/index.php\/wp-json\/wp\/v2\/media?parent=72164"}],"wp:term":[{"taxonomy":"category","embeddable":true,"href":"https:\/\/lasprimeras.com.do\/index.php\/wp-json\/wp\/v2\/categories?post=72164"},{"taxonomy":"post_tag","embeddable":true,"href":"https:\/\/lasprimeras.com.do\/index.php\/wp-json\/wp\/v2\/tags?post=72164"}],"curies":[{"name":"wp","href":"https:\/\/api.w.org\/{rel}","templated":true}]}}