{"id":72170,"date":"2023-12-27T14:46:09","date_gmt":"2023-12-27T18:46:09","guid":{"rendered":"https:\/\/lasprimeras.com.do\/?p=72170"},"modified":"2023-12-27T14:46:28","modified_gmt":"2023-12-27T18:46:28","slug":"haitianos-salen-de-rd-para-pasar-el-nuevo-ano-en-familia","status":"publish","type":"post","link":"https:\/\/lasprimeras.com.do\/index.php\/2023\/12\/27\/haitianos-salen-de-rd-para-pasar-el-nuevo-ano-en-familia\/","title":{"rendered":"Haitianos salen de RD para pasar el nuevo a\u00f1o en familia"},"content":{"rendered":"\n<p>Santo Domingo.-Desde que arranc\u00f3 el ultimo mes del a\u00f1o, una gran cantidad de haitianos est\u00e1n abandonando la Rep\u00fablica Dominicana para pasar las festividades de Navidad y A\u00f1o Nuevo con sus familiares y amigos.<\/p>\n\n\n\n<p>El flujo fue creciendo a partir del 20 de diciembre y al d\u00eda de hoy, diariamente, se percibe como un conglomerado de nacionales del vecino pa\u00eds han llegado en autob\u00fas a la provincia de Dajab\u00f3n para cruzar la frontera hacia su pa\u00eds natal para encontrarse con sus seres queridos.<\/p>\n\n\n\n<p>El taxista Cesar Sosa, dijo a que por motivo de la Navidad todos los a\u00f1os siempre llegan \u00abuna multitud de haitianos\u00bb y\u00e9ndose para su pa\u00eds y luego retornan a partir de enero.<\/p>\n\n\n\n<p>Algunos de los extranjeros cruzan el puente fronterizo a pie cargando su maleta o pagan a carretilleros para llevarla, mientras que otros lo hacen en motores de carga de tres gomas.<\/p>\n","protected":false},"excerpt":{"rendered":"<p>Santo Domingo.-Desde que arranc\u00f3 el ultimo mes del a\u00f1o, una gran cantidad de haitianos est\u00e1n abandonando la Rep\u00fablica Dominicana para pasar las festividades de Navidad y A\u00f1o Nuevo con sus&hellip;<\/p>\n","protected":false},"author":3,"featured_media":72171,"comment_status":"open","ping_status":"open","sticky":false,"template":"","format":"standard","meta":{"content-type":"","jetpack_post_was_ever_published":false,"_jetpack_newsletter_access":"","_jetpack_dont_email_post_to_subs":false,"_jetpack_newsletter_tier_id":0,"_jetpack_memberships_contains_paywalled_content":false,"_jetpack_memberships_contains_paid_content":false,"footnotes":""},"categories":[25],"tags":[263],"class_list":["post-72170","post","type-post","status-publish","format-standard","has-post-thumbnail","hentry","category-portada","tag-haitianos"],"jetpack_featured_media_url":"https:\/\/lasprimeras.com.do\/wp-content\/uploads\/2023\/12\/Noticias-de-energia-58.jpg","jetpack-related-posts":[{"id":111591,"url":"https:\/\/lasprimeras.com.do\/index.php\/2025\/10\/10\/detienen-18-haitianos-indocumentados-en-las-matas-de-santa-cruz\/","url_meta":{"origin":72170,"position":0},"title":"Detienen 18 haitianos indocumentados en Las Matas de Santa Cruz","author":"Nelson Feliz","date":"10 de octubre de 2025","format":false,"excerpt":"Miembros del Ej\u00e9rcito de Rep\u00fablica Dominicana (ERD), detuvieron a dieciocho nacionales haitianos en condici\u00f3n migratoria irregular, durante un operativo realizado en el municipio Las Matas de Santa Cruz, provincia Montecristi. Los soldados del ERD detectaron un centro de acopio donde los extranjeros se encontraban concentrados, ubicado en el sector Vivienda,\u2026","rel":"","context":"En \u00abMILITARES\u00bb","block_context":{"text":"MILITARES","link":"https:\/\/lasprimeras.com.do\/index.php\/category\/militares\/"},"img":{"alt_text":"","src":"https:\/\/i0.wp.com\/lasprimeras.com.do\/wp-content\/uploads\/2025\/10\/ERD.jpg?resize=350%2C200&ssl=1","width":350,"height":200,"srcset":"https:\/\/i0.wp.com\/lasprimeras.com.do\/wp-content\/uploads\/2025\/10\/ERD.jpg?resize=350%2C200&ssl=1 1x, https:\/\/i0.wp.com\/lasprimeras.com.do\/wp-content\/uploads\/2025\/10\/ERD.jpg?resize=525%2C300&ssl=1 1.5x, https:\/\/i0.wp.com\/lasprimeras.com.do\/wp-content\/uploads\/2025\/10\/ERD.jpg?resize=700%2C400&ssl=1 2x"},"classes":[]},{"id":117154,"url":"https:\/\/lasprimeras.com.do\/index.php\/2025\/12\/08\/detienen-a-dos-dominicanos-y-dos-haitianos-al-intentar-cruzar-ilegalmente-hacia-haiti\/","url_meta":{"origin":72170,"position":1},"title":"Detienen a dos dominicanos y dos haitianos al intentar cruzar ilegalmente hacia Hait\u00ed","author":"Nelson Feliz","date":"8 de diciembre de 2025","format":false,"excerpt":"Miembros del Ej\u00e9rcito de Rep\u00fablica Dominicana (ERD), detuvieron a dos ciudadanos dominicanos y dos nacionales haitianos que intentaban cruzar ilegalmente hacia Hait\u00ed por el punto fronterizo conocido como el Paso de Mariquita, en el municipio de B\u00e1nica, provincia El\u00edas Pi\u00f1a. Los detenidos fueron identificados como Luis Alberto Orozco Ferreira y\u2026","rel":"","context":"En \u00abMILITARES\u00bb","block_context":{"text":"MILITARES","link":"https:\/\/lasprimeras.com.do\/index.php\/category\/militares\/"},"img":{"alt_text":"Ej\u00e9rcito","src":"https:\/\/i0.wp.com\/lasprimeras.com.do\/wp-content\/uploads\/2025\/12\/Ejercito.jpg?resize=350%2C200&ssl=1","width":350,"height":200,"srcset":"https:\/\/i0.wp.com\/lasprimeras.com.do\/wp-content\/uploads\/2025\/12\/Ejercito.jpg?resize=350%2C200&ssl=1 1x, https:\/\/i0.wp.com\/lasprimeras.com.do\/wp-content\/uploads\/2025\/12\/Ejercito.jpg?resize=525%2C300&ssl=1 1.5x, https:\/\/i0.wp.com\/lasprimeras.com.do\/wp-content\/uploads\/2025\/12\/Ejercito.jpg?resize=700%2C400&ssl=1 2x"},"classes":[]},{"id":66185,"url":"https:\/\/lasprimeras.com.do\/index.php\/2023\/11\/04\/haitianos-llegaron-ayer-al-mercado-de-pedernales\/","url_meta":{"origin":72170,"position":2},"title":"Haitianos llegaron ayer al mercado de Pedernales","author":"BIMARY DE JES\u00daS Matos","date":"4 de noviembre de 2023","format":false,"excerpt":"Santo Domingo.-La cantidad de vendedores que llegaron ayer al mercado municipal aqu\u00ed se duplic\u00f3 tras venir de comunidades de Oviedo, Juancho, Enriquillo y Para\u00edso, mientras empleados de Migraci\u00f3n detuvieron a decenas de haitianos indocumentados y luego regresados por la puerta de acceso al territorio de Hait\u00ed. Muchos de los haitianos\u2026","rel":"","context":"En \u00abNACIONALES\u00bb","block_context":{"text":"NACIONALES","link":"https:\/\/lasprimeras.com.do\/index.php\/category\/nacionales\/"},"img":{"alt_text":"","src":"https:\/\/i0.wp.com\/lasprimeras.com.do\/wp-content\/uploads\/2023\/11\/WhatsApp-Image-2023-11-03-at-1.39.41-PM-1-1.jpeg?resize=350%2C200&ssl=1","width":350,"height":200,"srcset":"https:\/\/i0.wp.com\/lasprimeras.com.do\/wp-content\/uploads\/2023\/11\/WhatsApp-Image-2023-11-03-at-1.39.41-PM-1-1.jpeg?resize=350%2C200&ssl=1 1x, https:\/\/i0.wp.com\/lasprimeras.com.do\/wp-content\/uploads\/2023\/11\/WhatsApp-Image-2023-11-03-at-1.39.41-PM-1-1.jpeg?resize=525%2C300&ssl=1 1.5x"},"classes":[]},{"id":121751,"url":"https:\/\/lasprimeras.com.do\/index.php\/2026\/02\/09\/ministro-de-agricultura-la-reduccion-de-la-mano-de-obra-haitiana-no-tiene-reversa-en-el-pais\/","url_meta":{"origin":72170,"position":3},"title":"Ministro de Agricultura: La reducci\u00f3n de la mano de obra haitiana no tiene reversa en el pa\u00eds","author":"Nelson Feliz","date":"9 de febrero de 2026","format":false,"excerpt":"Juramenta nuevos directores regionales El ministro de Agricultura, Francisco Oliverio Espaillat, asegur\u00f3 que el programa orientado a reducir progresivamente la dependencia de la mano de obra haitiana en el sector agropecuario no tiene reversa en la Rep\u00fablica Dominicana, ya que esta, adem\u00e1s de escasa, no resulta barata para el productor.\u2026","rel":"","context":"En \u00abNACIONALES\u00bb","block_context":{"text":"NACIONALES","link":"https:\/\/lasprimeras.com.do\/index.php\/category\/nacionales\/"},"img":{"alt_text":"","src":"https:\/\/i0.wp.com\/lasprimeras.com.do\/wp-content\/uploads\/2026\/02\/agric.jpg?resize=350%2C200&ssl=1","width":350,"height":200,"srcset":"https:\/\/i0.wp.com\/lasprimeras.com.do\/wp-content\/uploads\/2026\/02\/agric.jpg?resize=350%2C200&ssl=1 1x, https:\/\/i0.wp.com\/lasprimeras.com.do\/wp-content\/uploads\/2026\/02\/agric.jpg?resize=525%2C300&ssl=1 1.5x, https:\/\/i0.wp.com\/lasprimeras.com.do\/wp-content\/uploads\/2026\/02\/agric.jpg?resize=700%2C400&ssl=1 2x"},"classes":[]},{"id":110412,"url":"https:\/\/lasprimeras.com.do\/index.php\/2025\/09\/28\/sin-dificultad-dos-haitianos-cruzan-la-verja-fronteriza-en-la-mara-de-dajabon\/","url_meta":{"origin":72170,"position":4},"title":"Sin dificultad: dos haitianos cruzan la verja fronteriza en La Mara de Dajab\u00f3n","author":"Nelson Feliz","date":"28 de septiembre de 2025","format":false,"excerpt":"Un video grabado en el sector La Mara, en la provincia de Dajab\u00f3n, muestra a dos haitianos cruzando el muro fronterizo sin mayores obst\u00e1culos. Se trata de dos jovencitos, de contextura delgada que trepan al muro de concreto que sirve de zapata, contin\u00faan en la parte enverjada y luego cruzan\u2026","rel":"","context":"En \u00abNACIONALES\u00bb","block_context":{"text":"NACIONALES","link":"https:\/\/lasprimeras.com.do\/index.php\/category\/nacionales\/"},"img":{"alt_text":"","src":"https:\/\/i0.wp.com\/lasprimeras.com.do\/wp-content\/uploads\/2025\/09\/verja.jpg?resize=350%2C200&ssl=1","width":350,"height":200},"classes":[]},{"id":100606,"url":"https:\/\/lasprimeras.com.do\/index.php\/2025\/06\/09\/udc-ve-regulacion-haitiana-seria-golpe-mortal-a-la-politica-de-control-indocumentados\/","url_meta":{"origin":72170,"position":5},"title":"UDC ve regulaci\u00f3n haitiana ser\u00eda golpe mortal a la pol\u00edtica de control indocumentados","author":"Nelson Feliz","date":"9 de junio de 2025","format":false,"excerpt":"El presidente de la Uni\u00f3n Dem\u00f3crata Cristiana \u2013UDC-, Luis Acosta Moreta, Luis \u201cEl Gallo\u201d, consider\u00f3 hoy que la regulaci\u00f3n de la mano de obra haitiana, ser\u00eda un golpe mortal a la pol\u00edtica de control de ilegales indocumentados. Resalt\u00f3 que hablar en estos momentos de entregar cuotas de obreros haitianos a\u2026","rel":"","context":"En \u00abPOLITICA\u00bb","block_context":{"text":"POLITICA","link":"https:\/\/lasprimeras.com.do\/index.php\/category\/politica\/"},"img":{"alt_text":"","src":"https:\/\/i0.wp.com\/lasprimeras.com.do\/wp-content\/uploads\/2025\/06\/gallo.jpg?resize=350%2C200&ssl=1","width":350,"height":200,"srcset":"https:\/\/i0.wp.com\/lasprimeras.com.do\/wp-content\/uploads\/2025\/06\/gallo.jpg?resize=350%2C200&ssl=1 1x, https:\/\/i0.wp.com\/lasprimeras.com.do\/wp-content\/uploads\/2025\/06\/gallo.jpg?resize=525%2C300&ssl=1 1.5x, https:\/\/i0.wp.com\/lasprimeras.com.do\/wp-content\/uploads\/2025\/06\/gallo.jpg?resize=700%2C400&ssl=1 2x"},"classes":[]}],"jetpack_sharing_enabled":true,"_links":{"self":[{"href":"https:\/\/lasprimeras.com.do\/index.php\/wp-json\/wp\/v2\/posts\/72170","targetHints":{"allow":["GET"]}}],"collection":[{"href":"https:\/\/lasprimeras.com.do\/index.php\/wp-json\/wp\/v2\/posts"}],"about":[{"href":"https:\/\/lasprimeras.com.do\/index.php\/wp-json\/wp\/v2\/types\/post"}],"author":[{"embeddable":true,"href":"https:\/\/lasprimeras.com.do\/index.php\/wp-json\/wp\/v2\/users\/3"}],"replies":[{"embeddable":true,"href":"https:\/\/lasprimeras.com.do\/index.php\/wp-json\/wp\/v2\/comments?post=72170"}],"version-history":[{"count":1,"href":"https:\/\/lasprimeras.com.do\/index.php\/wp-json\/wp\/v2\/posts\/72170\/revisions"}],"predecessor-version":[{"id":72172,"href":"https:\/\/lasprimeras.com.do\/index.php\/wp-json\/wp\/v2\/posts\/72170\/revisions\/72172"}],"wp:featuredmedia":[{"embeddable":true,"href":"https:\/\/lasprimeras.com.do\/index.php\/wp-json\/wp\/v2\/media\/72171"}],"wp:attachment":[{"href":"https:\/\/lasprimeras.com.do\/index.php\/wp-json\/wp\/v2\/media?parent=72170"}],"wp:term":[{"taxonomy":"category","embeddable":true,"href":"https:\/\/lasprimeras.com.do\/index.php\/wp-json\/wp\/v2\/categories?post=72170"},{"taxonomy":"post_tag","embeddable":true,"href":"https:\/\/lasprimeras.com.do\/index.php\/wp-json\/wp\/v2\/tags?post=72170"}],"curies":[{"name":"wp","href":"https:\/\/api.w.org\/{rel}","templated":true}]}}