{"id":72176,"date":"2023-12-27T14:49:05","date_gmt":"2023-12-27T18:49:05","guid":{"rendered":"https:\/\/lasprimeras.com.do\/?p=72176"},"modified":"2023-12-27T14:49:06","modified_gmt":"2023-12-27T18:49:06","slug":"luis-el-gallo-pide-a-pn-tener-cuidado-con-detenciones","status":"publish","type":"post","link":"https:\/\/lasprimeras.com.do\/index.php\/2023\/12\/27\/luis-el-gallo-pide-a-pn-tener-cuidado-con-detenciones\/","title":{"rendered":"Luis \u201cEl Gallo\u201d pide a PN tener cuidado con detenciones"},"content":{"rendered":"\n<p>SANTO DOMINGO. \u2013 El presidente de la Uni\u00f3n Dem\u00f3crata Cristiana-UDC-, Luis Acosta Moreta, Luis \u201cEl Gallo\u201d, pidi\u00f3 hoy a la polic\u00eda mesura y estricto apego a la ley, en la aplicaci\u00f3n de lo que llama un perfil sospechoso, para detener ciudadanos.<\/p>\n\n\n\n<p>Dijo que en el trabajo que realiza en los barrios populares una de las quejas recurrentes de los j\u00f3venes es que, debido a su miseria, su forma de vestir y sus peladas, la polic\u00eda los detiene bajo el argumento de que son dudosos, sin cometer ning\u00fan delito.<\/p>\n\n\n\n<p>Reiter\u00f3 que ser pobre no significa tener un perfil de delincuencia y se\u00f1al\u00f3 que muchas autoridades cometen abusos con residentes en barriadas populares.<\/p>\n\n\n\n<p>Resalt\u00f3 que la polic\u00eda como auxiliar de la justicia debe ampliar sus m\u00e9todos de investigaci\u00f3n y proceder a detenerlo si se demuestra que es responsable de la comisi\u00f3n de un delito.<\/p>\n\n\n\n<p>Destac\u00f3 que la vieja cultura que viene del trujillato de primero trancar, votar la llave, y despu\u00e9s depurar, ya est\u00e1 superada en la sociedad dominicana, y no se puede dar un paso atr\u00e1s.<\/p>\n","protected":false},"excerpt":{"rendered":"<p>SANTO DOMINGO. \u2013 El presidente de la Uni\u00f3n Dem\u00f3crata Cristiana-UDC-, Luis Acosta Moreta, Luis \u201cEl Gallo\u201d, pidi\u00f3 hoy a la polic\u00eda mesura y estricto apego a la ley, en la&hellip;<\/p>\n","protected":false},"author":3,"featured_media":72177,"comment_status":"open","ping_status":"open","sticky":false,"template":"","format":"standard","meta":{"content-type":"","jetpack_post_was_ever_published":false,"_jetpack_newsletter_access":"","_jetpack_dont_email_post_to_subs":false,"_jetpack_newsletter_tier_id":0,"_jetpack_memberships_contains_paywalled_content":false,"_jetpack_memberships_contains_paid_content":false,"footnotes":""},"categories":[1],"tags":[1208],"class_list":["post-72176","post","type-post","status-publish","format-standard","has-post-thumbnail","hentry","category-sin-categoria","tag-luis-el-gallo"],"jetpack_featured_media_url":"https:\/\/lasprimeras.com.do\/wp-content\/uploads\/2023\/12\/Noticias-de-energia-58-2.jpg","jetpack-related-posts":[{"id":101691,"url":"https:\/\/lasprimeras.com.do\/index.php\/2025\/06\/25\/luis-el-gallo-la-udc-tiene-compromiso-con-el-fortalecimiento-de-la-democracia-e-institucionalidad\/","url_meta":{"origin":72176,"position":0},"title":"Luis \u201cEl Gallo\u201d: \u201cLa UDC tiene compromiso con el fortalecimiento de la democracia e institucionalidad\u201d","author":"Nelson Feliz","date":"25 de junio de 2025","format":false,"excerpt":"El presidente de la Uni\u00f3n Dem\u00f3crata Cristiana \u2013UDC-, Luis Acosta Moreta, Luis \u201cEl Gallo\u201d, dijo hoy que tiene un compromiso con el fortalecimiento de la democracia, las libertades p\u00fablicas y la acci\u00f3n social. Destac\u00f3 que los principios b\u00e1sicos de la UDC llevan a su partido a ser un baluarte en\u2026","rel":"","context":"En \u00abPOLITICA\u00bb","block_context":{"text":"POLITICA","link":"https:\/\/lasprimeras.com.do\/index.php\/category\/politica\/"},"img":{"alt_text":"Luis Acosta Moreta","src":"https:\/\/i0.wp.com\/lasprimeras.com.do\/wp-content\/uploads\/2025\/06\/Luis-Acosta-Moreta-1.jpg?resize=350%2C200&ssl=1","width":350,"height":200,"srcset":"https:\/\/i0.wp.com\/lasprimeras.com.do\/wp-content\/uploads\/2025\/06\/Luis-Acosta-Moreta-1.jpg?resize=350%2C200&ssl=1 1x, https:\/\/i0.wp.com\/lasprimeras.com.do\/wp-content\/uploads\/2025\/06\/Luis-Acosta-Moreta-1.jpg?resize=525%2C300&ssl=1 1.5x, https:\/\/i0.wp.com\/lasprimeras.com.do\/wp-content\/uploads\/2025\/06\/Luis-Acosta-Moreta-1.jpg?resize=700%2C400&ssl=1 2x"},"classes":[]},{"id":67547,"url":"https:\/\/lasprimeras.com.do\/index.php\/2023\/11\/16\/luis-el-gallo-pide-ayuda-y-orientacion-para-los-jovenes-excluidos-la-udc-es-la-casa-de-los-wa-wa-wa\/","url_meta":{"origin":72176,"position":1},"title":"Luis \u201cEl Gallo\u201d pide ayuda y orientaci\u00f3n para los j\u00f3venes excluidos, la UDC es la casa de los Wa Wa Wa","author":"Nelson Feliz","date":"16 de noviembre de 2023","format":false,"excerpt":"El presidente de la Uni\u00f3n Dem\u00f3crata Cristiana -UDC-, Luis Acosta Moreta, Luis \u201cEl Gallo\u201d, pidi\u00f3 hoy que se ofrezca orientaci\u00f3n y ayuda a los j\u00f3venes de hogares pobres, y reclam\u00f3 que se le respete en su miseria, y sus derechos humanos. Pidi\u00f3 al presidente Luis Abinader que programe una ayuda\u2026","rel":"","context":"En \u00abSin categor\u00eda\u00bb","block_context":{"text":"Sin categor\u00eda","link":"https:\/\/lasprimeras.com.do\/index.php\/category\/sin-categoria\/"},"img":{"alt_text":"","src":"https:\/\/i0.wp.com\/lasprimeras.com.do\/wp-content\/uploads\/2023\/11\/Wa-Wa-Wa-1.jpg?resize=350%2C200&ssl=1","width":350,"height":200,"srcset":"https:\/\/i0.wp.com\/lasprimeras.com.do\/wp-content\/uploads\/2023\/11\/Wa-Wa-Wa-1.jpg?resize=350%2C200&ssl=1 1x, https:\/\/i0.wp.com\/lasprimeras.com.do\/wp-content\/uploads\/2023\/11\/Wa-Wa-Wa-1.jpg?resize=525%2C300&ssl=1 1.5x, https:\/\/i0.wp.com\/lasprimeras.com.do\/wp-content\/uploads\/2023\/11\/Wa-Wa-Wa-1.jpg?resize=700%2C400&ssl=1 2x"},"classes":[]},{"id":120393,"url":"https:\/\/lasprimeras.com.do\/index.php\/2026\/01\/23\/luis-el-gallo-destaca-presidente-abinader-trabaja-para-acabar-con-la-miseria-y-la-corrupcion\/","url_meta":{"origin":72176,"position":2},"title":"Luis \u201cEl Gallo\u201d destaca presidente Abinader trabaja para acabar con la miseria y la corrupci\u00f3n","author":"Nelson Feliz","date":"23 de enero de 2026","format":false,"excerpt":"El l\u00edder de la Uni\u00f3n Dem\u00f3crata Cristiana \u2013UDC-, Luis Acosta Moreta, Luis \u201cEl Gallo\u201d, consider\u00f3 hoy que el presidente Luis Abinader est\u00e1 trabajando a tiempo completo para acabar con la marginalidad social, y mejorar los niveles de vida de la poblaci\u00f3n. Asimismo, se\u00f1al\u00f3 que el mandatario ha dicho en varias\u2026","rel":"","context":"En \u00abPOLITICA\u00bb","block_context":{"text":"POLITICA","link":"https:\/\/lasprimeras.com.do\/index.php\/category\/politica\/"},"img":{"alt_text":"Luis Acosta Moreta","src":"https:\/\/i0.wp.com\/lasprimeras.com.do\/wp-content\/uploads\/2025\/06\/Luis-Acosta-Moreta-1.jpg?resize=350%2C200&ssl=1","width":350,"height":200,"srcset":"https:\/\/i0.wp.com\/lasprimeras.com.do\/wp-content\/uploads\/2025\/06\/Luis-Acosta-Moreta-1.jpg?resize=350%2C200&ssl=1 1x, https:\/\/i0.wp.com\/lasprimeras.com.do\/wp-content\/uploads\/2025\/06\/Luis-Acosta-Moreta-1.jpg?resize=525%2C300&ssl=1 1.5x, https:\/\/i0.wp.com\/lasprimeras.com.do\/wp-content\/uploads\/2025\/06\/Luis-Acosta-Moreta-1.jpg?resize=700%2C400&ssl=1 2x"},"classes":[]},{"id":92184,"url":"https:\/\/lasprimeras.com.do\/index.php\/2024\/12\/31\/luis-el-gallo-reconoce-dignidad-de-la-mujer-pobre-dominicana\/","url_meta":{"origin":72176,"position":3},"title":"Luis \u201cEl Gallo\u201d reconoce dignidad de la mujer pobre dominicana","author":"Nelson Feliz","date":"31 de diciembre de 2024","format":false,"excerpt":"Acosta Moreta lleva a los barrios operativo Mo\u00f1o Bonito. El tradicional operativo \"Mo\u00f1o Bonito\" resalta la alegr\u00eda y la coqueter\u00eda de la mujer dominicana. As\u00ed lo expres\u00f3 Luis Acosta Moreta, conocido como Luis \"El Gallo\", durante su visita a uno de los barrios marginados del Distrito Nacional. La Uni\u00f3n Dem\u00f3crata\u2026","rel":"","context":"En \u00abPOLITICA\u00bb","block_context":{"text":"POLITICA","link":"https:\/\/lasprimeras.com.do\/index.php\/category\/politica\/"},"img":{"alt_text":"Luis El Gallo","src":"https:\/\/i0.wp.com\/lasprimeras.com.do\/wp-content\/uploads\/2024\/12\/Luis-El-Gallo.jpg?resize=350%2C200&ssl=1","width":350,"height":200,"srcset":"https:\/\/i0.wp.com\/lasprimeras.com.do\/wp-content\/uploads\/2024\/12\/Luis-El-Gallo.jpg?resize=350%2C200&ssl=1 1x, https:\/\/i0.wp.com\/lasprimeras.com.do\/wp-content\/uploads\/2024\/12\/Luis-El-Gallo.jpg?resize=525%2C300&ssl=1 1.5x, https:\/\/i0.wp.com\/lasprimeras.com.do\/wp-content\/uploads\/2024\/12\/Luis-El-Gallo.jpg?resize=700%2C400&ssl=1 2x"},"classes":[]},{"id":104573,"url":"https:\/\/lasprimeras.com.do\/index.php\/2025\/07\/25\/luis-el-gallo-pide-ampliar-vigilancia-para-evitar-llegada-indocumentados\/","url_meta":{"origin":72176,"position":4},"title":"Luis \u201cEl Gallo\u201d pide ampliar vigilancia, para evitar llegada indocumentados","author":"Nelson Feliz","date":"25 de julio de 2025","format":false,"excerpt":"El presidente de la Uni\u00f3n Dem\u00f3crata Cristiana \u2013UDC-, Luis Acosta Moreta, Luis \u201cEl Gallo\u201d consider\u00f3 urgente que se ampl\u00ede la vigilancia en los pueblos fronterizos, para evitar la llegada al pa\u00eds de indocumentados. Resalt\u00f3 el trabajo que realizan en las frontera los organismos militares, pero resalt\u00f3 que la vigilancia se\u2026","rel":"","context":"En \u00abPOLITICA\u00bb","block_context":{"text":"POLITICA","link":"https:\/\/lasprimeras.com.do\/index.php\/category\/politica\/"},"img":{"alt_text":"Luis Acosta Moreta","src":"https:\/\/i0.wp.com\/lasprimeras.com.do\/wp-content\/uploads\/2025\/07\/WhatsApp-Image-2025-07-25-at-9.01.49-AM.jpeg?resize=350%2C200&ssl=1","width":350,"height":200,"srcset":"https:\/\/i0.wp.com\/lasprimeras.com.do\/wp-content\/uploads\/2025\/07\/WhatsApp-Image-2025-07-25-at-9.01.49-AM.jpeg?resize=350%2C200&ssl=1 1x, https:\/\/i0.wp.com\/lasprimeras.com.do\/wp-content\/uploads\/2025\/07\/WhatsApp-Image-2025-07-25-at-9.01.49-AM.jpeg?resize=525%2C300&ssl=1 1.5x, https:\/\/i0.wp.com\/lasprimeras.com.do\/wp-content\/uploads\/2025\/07\/WhatsApp-Image-2025-07-25-at-9.01.49-AM.jpeg?resize=700%2C400&ssl=1 2x"},"classes":[]},{"id":126547,"url":"https:\/\/lasprimeras.com.do\/index.php\/2026\/04\/02\/luis-el-gallo-reparte-habichuelas-con-dulce-bajo-lluvia\/","url_meta":{"origin":72176,"position":5},"title":"Luis \u201cEl Gallo\u201d reparte habichuelas con dulce bajo lluvia","author":"Nelson Feliz","date":"2 de abril de 2026","format":false,"excerpt":"En medio de intensas lluvias, el presidente de la Uni\u00f3n Dem\u00f3crata Cristiana \u2013UDC\u2010, Luis Acosta Moreta, encabez\u00f3 este jueves un amplio operativo de asistencia social con motivo de la Semana Santa, llevando la tradicional habichuela con dulce y raciones alimenticias a los barrios m\u00e1s vulnerables del Gran Santo Domingo. La\u2026","rel":"","context":"En \u00abPOLITICA\u00bb","block_context":{"text":"POLITICA","link":"https:\/\/lasprimeras.com.do\/index.php\/category\/politica\/"},"img":{"alt_text":"Luis Acosta Moreta","src":"https:\/\/i0.wp.com\/lasprimeras.com.do\/wp-content\/uploads\/2026\/04\/Luis-Acosta-Moreta-1.jpg?resize=350%2C200&ssl=1","width":350,"height":200,"srcset":"https:\/\/i0.wp.com\/lasprimeras.com.do\/wp-content\/uploads\/2026\/04\/Luis-Acosta-Moreta-1.jpg?resize=350%2C200&ssl=1 1x, https:\/\/i0.wp.com\/lasprimeras.com.do\/wp-content\/uploads\/2026\/04\/Luis-Acosta-Moreta-1.jpg?resize=525%2C300&ssl=1 1.5x, https:\/\/i0.wp.com\/lasprimeras.com.do\/wp-content\/uploads\/2026\/04\/Luis-Acosta-Moreta-1.jpg?resize=700%2C400&ssl=1 2x"},"classes":[]}],"jetpack_sharing_enabled":true,"_links":{"self":[{"href":"https:\/\/lasprimeras.com.do\/index.php\/wp-json\/wp\/v2\/posts\/72176","targetHints":{"allow":["GET"]}}],"collection":[{"href":"https:\/\/lasprimeras.com.do\/index.php\/wp-json\/wp\/v2\/posts"}],"about":[{"href":"https:\/\/lasprimeras.com.do\/index.php\/wp-json\/wp\/v2\/types\/post"}],"author":[{"embeddable":true,"href":"https:\/\/lasprimeras.com.do\/index.php\/wp-json\/wp\/v2\/users\/3"}],"replies":[{"embeddable":true,"href":"https:\/\/lasprimeras.com.do\/index.php\/wp-json\/wp\/v2\/comments?post=72176"}],"version-history":[{"count":1,"href":"https:\/\/lasprimeras.com.do\/index.php\/wp-json\/wp\/v2\/posts\/72176\/revisions"}],"predecessor-version":[{"id":72178,"href":"https:\/\/lasprimeras.com.do\/index.php\/wp-json\/wp\/v2\/posts\/72176\/revisions\/72178"}],"wp:featuredmedia":[{"embeddable":true,"href":"https:\/\/lasprimeras.com.do\/index.php\/wp-json\/wp\/v2\/media\/72177"}],"wp:attachment":[{"href":"https:\/\/lasprimeras.com.do\/index.php\/wp-json\/wp\/v2\/media?parent=72176"}],"wp:term":[{"taxonomy":"category","embeddable":true,"href":"https:\/\/lasprimeras.com.do\/index.php\/wp-json\/wp\/v2\/categories?post=72176"},{"taxonomy":"post_tag","embeddable":true,"href":"https:\/\/lasprimeras.com.do\/index.php\/wp-json\/wp\/v2\/tags?post=72176"}],"curies":[{"name":"wp","href":"https:\/\/api.w.org\/{rel}","templated":true}]}}