{"id":72179,"date":"2023-12-27T14:50:36","date_gmt":"2023-12-27T18:50:36","guid":{"rendered":"https:\/\/lasprimeras.com.do\/?p=72179"},"modified":"2023-12-27T14:50:37","modified_gmt":"2023-12-27T18:50:37","slug":"encuesta-cie-leonel-40-3-luis-abinader-38-6-y-abel-m-16-2","status":"publish","type":"post","link":"https:\/\/lasprimeras.com.do\/index.php\/2023\/12\/27\/encuesta-cie-leonel-40-3-luis-abinader-38-6-y-abel-m-16-2\/","title":{"rendered":"ENCUESTA CIE: LEONEL 40.3%, LUIS ABINADER 38.6% Y ABEL M. 16.2%"},"content":{"rendered":"\n<p>SANTO DOMINGO.- Si las elecciones presidenciales fueran hoy, Leonel Fern\u00e1ndez obtendr\u00eda 40.31% de los votos, Luis Abinader 38.6% y Abel Mart\u00ednez 16.2%, seg\u00fan una encuesta del Centro de Investigaciones y Estad\u00edsticas (CIE).<\/p>\n\n\n\n<p>El estudio, realizado el 25 y 26 de diciembre pasado entre 2,400 personas, determin\u00f3, adem\u00e1s, que el 76% consider\u00f3 que fue una mala decisi\u00f3n del gobierno la renovaci\u00f3n anticipada del contrato de concesi\u00f3n de la empresa Aeropuertos Dominicanos Siglo XXI (Aerodom), el 14% opin\u00f3 que fue buena y 10% la calific\u00f3 de regular.<\/p>\n\n\n\n<p>En cuanto al manejo de la Procuradur\u00eda General de la Rep\u00fablica a los recientes casos de corrupci\u00f3n gubernamental, 55% opin\u00f3 que ha sido malo, 12% lo consider\u00f3 bueno y 33% parcializado.<\/p>\n\n\n\n<p>ECONOMIA<\/p>\n\n\n\n<p>Asimismo, el 66.6% cree que la situaci\u00f3n econ\u00f3mica durante el asueto navide\u00f1o es mala y 33.4% la considera buena.<\/p>\n\n\n\n<p>76.0% encontr\u00f3 caros los precios de los productos para la cena del 24 de diciembre, 14% dijo que estaban baratos y 10% los crey\u00f3 normal.<\/p>\n\n\n\n<p>La encuesta fue realizada en 32 provincias y 148 municipios por contacto directo, v\u00eda telef\u00f3nica y por whatsapp. El margen de error es de 4.89%.<\/p>\n","protected":false},"excerpt":{"rendered":"<p>SANTO DOMINGO.- Si las elecciones presidenciales fueran hoy, Leonel Fern\u00e1ndez obtendr\u00eda 40.31% de los votos, Luis Abinader 38.6% y Abel Mart\u00ednez 16.2%, seg\u00fan una encuesta del Centro de Investigaciones y&hellip;<\/p>\n","protected":false},"author":3,"featured_media":72180,"comment_status":"open","ping_status":"open","sticky":false,"template":"","format":"standard","meta":{"content-type":"","jetpack_post_was_ever_published":false,"_jetpack_newsletter_access":"","_jetpack_dont_email_post_to_subs":false,"_jetpack_newsletter_tier_id":0,"_jetpack_memberships_contains_paywalled_content":false,"_jetpack_memberships_contains_paid_content":false,"footnotes":""},"categories":[1],"tags":[2195],"class_list":["post-72179","post","type-post","status-publish","format-standard","has-post-thumbnail","hentry","category-sin-categoria","tag-encuesta"],"jetpack_featured_media_url":"https:\/\/lasprimeras.com.do\/wp-content\/uploads\/2023\/12\/Noticias-de-energia-58-3.jpg","jetpack-related-posts":[{"id":82898,"url":"https:\/\/lasprimeras.com.do\/index.php\/2024\/05\/08\/abinader-ganaria-en-primera-vuelta-con-un-64-8-leonel-tendria-un-18-7-y-abel-martinez-9-3\/","url_meta":{"origin":72179,"position":0},"title":"Abinader ganar\u00eda en primera vuelta con un 64.8% Leonel tendr\u00eda un 18.7% y Abel Mart\u00ednez 9.3%","author":"Nelson Feliz","date":"8 de mayo de 2024","format":false,"excerpt":"El candidato del PRM con una diferencia de m\u00e1s de 37% de ventaja sobre sus contrincantes juntos. El 64.5% dice que no habr\u00e1 segunda vuelta, mientras un 84.2% asegura que ir\u00e1 a votar en las pr\u00f3ximas elecciones y el 89.3% se siente seguro de su voto. Un 61.1% considera buena\u2026","rel":"","context":"En \u00abPORTADA\u00bb","block_context":{"text":"PORTADA","link":"https:\/\/lasprimeras.com.do\/index.php\/category\/portada\/"},"img":{"alt_text":"Luis Abinader","src":"https:\/\/i0.wp.com\/lasprimeras.com.do\/wp-content\/uploads\/2024\/02\/Luis-Abinader-3.jpg?resize=350%2C200&ssl=1","width":350,"height":200,"srcset":"https:\/\/i0.wp.com\/lasprimeras.com.do\/wp-content\/uploads\/2024\/02\/Luis-Abinader-3.jpg?resize=350%2C200&ssl=1 1x, https:\/\/i0.wp.com\/lasprimeras.com.do\/wp-content\/uploads\/2024\/02\/Luis-Abinader-3.jpg?resize=525%2C300&ssl=1 1.5x, https:\/\/i0.wp.com\/lasprimeras.com.do\/wp-content\/uploads\/2024\/02\/Luis-Abinader-3.jpg?resize=700%2C400&ssl=1 2x"},"classes":[]},{"id":72051,"url":"https:\/\/lasprimeras.com.do\/index.php\/2023\/12\/26\/abinader-ganaria-en-primera-vuelta-con-un-54-3-leonel-obtendria-un-24-9-y-abel-11-2-segun-la-encuesta-abc\/","url_meta":{"origin":72179,"position":1},"title":"Abinader ganar\u00eda en primera vuelta con un 54.3%, Leonel obtendr\u00eda un 24.9% y Abel 11.2%, seg\u00fan la encuesta ABC","author":"Nelson Feliz","date":"26 de diciembre de 2023","format":false,"excerpt":"\u00b7 La aceptaci\u00f3n del presidente Abinader sigue en aumento con un 67.9% \u00b7 Un 78.5% dice que ir\u00eda a votar en las pr\u00f3ximas elecciones y el 60.3% entiende que no habr\u00e1 segunda vuelta. \u00b7 La delincuencia es el principal problema para el 47.4% de los consultados. Por Martin Restituyo La\u2026","rel":"","context":"En \u00abPORTADA\u00bb","block_context":{"text":"PORTADA","link":"https:\/\/lasprimeras.com.do\/index.php\/category\/portada\/"},"img":{"alt_text":"ABC Marketing","src":"https:\/\/i0.wp.com\/lasprimeras.com.do\/wp-content\/uploads\/2023\/12\/Encuesta-ABC.png?resize=350%2C200&ssl=1","width":350,"height":200},"classes":[]},{"id":59154,"url":"https:\/\/lasprimeras.com.do\/index.php\/2023\/08\/31\/abinader-53-1-leonel-20-9-y-abel-16-7\/","url_meta":{"origin":72179,"position":2},"title":"Abinader: 53.1%, Leonel: 20.9% y Abel: 16.7%","author":"Nelson Feliz","date":"31 de agosto de 2023","format":false,"excerpt":"El 72.7% de los consultados considera buena y muy buena la imagen personal del presidente Abinader. Por Martin Restituyo Un 76.6% dice que votar\u00e1 en las pr\u00f3ximas elecciones; el 85.6% se siente seguro de su voto y el 56.8% entiende que no habr\u00e1 segunda vuelta. La delincuencia es el principal\u2026","rel":"","context":"En \u00abPORTADA\u00bb","block_context":{"text":"PORTADA","link":"https:\/\/lasprimeras.com.do\/index.php\/category\/portada\/"},"img":{"alt_text":"","src":"https:\/\/i0.wp.com\/lasprimeras.com.do\/wp-content\/uploads\/2023\/08\/Abinader-y-Leonel.jpg?resize=350%2C200&ssl=1","width":350,"height":200,"srcset":"https:\/\/i0.wp.com\/lasprimeras.com.do\/wp-content\/uploads\/2023\/08\/Abinader-y-Leonel.jpg?resize=350%2C200&ssl=1 1x, https:\/\/i0.wp.com\/lasprimeras.com.do\/wp-content\/uploads\/2023\/08\/Abinader-y-Leonel.jpg?resize=525%2C300&ssl=1 1.5x"},"classes":[]},{"id":51204,"url":"https:\/\/lasprimeras.com.do\/index.php\/2023\/05\/29\/abinader-se-afianza-con-63-8-de-aceptacion-y-un-52-7-para-ganar-en-primera-vuelta\/","url_meta":{"origin":72179,"position":3},"title":"Abinader se afianza con 63.8% de aceptaci\u00f3n y un 52.7% para ganar en primera vuelta","author":"prenxa100","date":"29 de mayo de 2023","format":false,"excerpt":"El 80.2% de los consultados favorece los programas sociales que ejecuta el gobierno y un 55.5% considera la delincuencia el principal problema del pa\u00eds. El 73.9% asegura que ir\u00e1 a votar en las pr\u00f3ximas elecciones presidenciales y un 60.2% dice no habr\u00e1 segunda vuelta. Por Wilson P\u00e9rez SANTO DOMINGO. \u2013\u2026","rel":"","context":"En \u00abPORTADA\u00bb","block_context":{"text":"PORTADA","link":"https:\/\/lasprimeras.com.do\/index.php\/category\/portada\/"},"img":{"alt_text":"","src":"","width":0,"height":0},"classes":[]},{"id":78765,"url":"https:\/\/lasprimeras.com.do\/index.php\/2024\/03\/20\/encuesta-horizon-research-abinader-45-4-leonel-33-1-abel-14-2\/","url_meta":{"origin":72179,"position":4},"title":"Encuesta Horizon Research: Abinader 45.4%, Leonel 33.1%, Abel 14.2%","author":"Nelson Feliz","date":"20 de marzo de 2024","format":false,"excerpt":"La firma encuestadora Horizon Research LLC dio a conocer su m\u00e1s reciente estudio de opini\u00f3n del mercado electoral, seg\u00fan los cuales, si las elecciones fueran hoy, el presidente Luis Abinader obtendr\u00eda un 45.4%, Leonel Fern\u00e1ndez 33.1%, y Abel Mart\u00ednez 14.2%. En ese mismo escenario, Miguel Vargas es favorecido por el\u2026","rel":"","context":"En \u00abPORTADA\u00bb","block_context":{"text":"PORTADA","link":"https:\/\/lasprimeras.com.do\/index.php\/category\/portada\/"},"img":{"alt_text":"Encuesta Horizon Research","src":"https:\/\/i0.wp.com\/lasprimeras.com.do\/wp-content\/uploads\/2024\/03\/abel.jpg?resize=350%2C200&ssl=1","width":350,"height":200,"srcset":"https:\/\/i0.wp.com\/lasprimeras.com.do\/wp-content\/uploads\/2024\/03\/abel.jpg?resize=350%2C200&ssl=1 1x, https:\/\/i0.wp.com\/lasprimeras.com.do\/wp-content\/uploads\/2024\/03\/abel.jpg?resize=525%2C300&ssl=1 1.5x, https:\/\/i0.wp.com\/lasprimeras.com.do\/wp-content\/uploads\/2024\/03\/abel.jpg?resize=700%2C400&ssl=1 2x, https:\/\/i0.wp.com\/lasprimeras.com.do\/wp-content\/uploads\/2024\/03\/abel.jpg?resize=1050%2C600&ssl=1 3x"},"classes":[]},{"id":54883,"url":"https:\/\/lasprimeras.com.do\/index.php\/2023\/07\/15\/abel-martinez-y-el-pld-33-3-luis-abinader-43-8-leonel-desciende-26\/","url_meta":{"origin":72179,"position":5},"title":"Abel Martinez y el PLD 33.3%; Luis Abinader 43.8%; Leonel desciende 26%","author":"Nelson Feliz","date":"15 de julio de 2023","format":false,"excerpt":"La Nueva Encuesta coloca al candidato Presidencial del opositor Partido de la Liberacion Dominicana (PLD) Abel Martinez con un 33.6%, en contra un 43.8% del Oficialista virtual candidato del PRM Luis Abinader; el ex presidente\u00a0Leonel Fernadez bajo a 26% en la intenci\u00f3n del Voto con miras a las elecciones Presidenciales\u2026","rel":"","context":"En \u00abPORTADA\u00bb","block_context":{"text":"PORTADA","link":"https:\/\/lasprimeras.com.do\/index.php\/category\/portada\/"},"img":{"alt_text":"Encuesta","src":"https:\/\/i0.wp.com\/lasprimeras.com.do\/wp-content\/uploads\/2023\/07\/e2024-1.jpg?resize=350%2C200&ssl=1","width":350,"height":200,"srcset":"https:\/\/i0.wp.com\/lasprimeras.com.do\/wp-content\/uploads\/2023\/07\/e2024-1.jpg?resize=350%2C200&ssl=1 1x, https:\/\/i0.wp.com\/lasprimeras.com.do\/wp-content\/uploads\/2023\/07\/e2024-1.jpg?resize=525%2C300&ssl=1 1.5x"},"classes":[]}],"jetpack_sharing_enabled":true,"_links":{"self":[{"href":"https:\/\/lasprimeras.com.do\/index.php\/wp-json\/wp\/v2\/posts\/72179","targetHints":{"allow":["GET"]}}],"collection":[{"href":"https:\/\/lasprimeras.com.do\/index.php\/wp-json\/wp\/v2\/posts"}],"about":[{"href":"https:\/\/lasprimeras.com.do\/index.php\/wp-json\/wp\/v2\/types\/post"}],"author":[{"embeddable":true,"href":"https:\/\/lasprimeras.com.do\/index.php\/wp-json\/wp\/v2\/users\/3"}],"replies":[{"embeddable":true,"href":"https:\/\/lasprimeras.com.do\/index.php\/wp-json\/wp\/v2\/comments?post=72179"}],"version-history":[{"count":1,"href":"https:\/\/lasprimeras.com.do\/index.php\/wp-json\/wp\/v2\/posts\/72179\/revisions"}],"predecessor-version":[{"id":72181,"href":"https:\/\/lasprimeras.com.do\/index.php\/wp-json\/wp\/v2\/posts\/72179\/revisions\/72181"}],"wp:featuredmedia":[{"embeddable":true,"href":"https:\/\/lasprimeras.com.do\/index.php\/wp-json\/wp\/v2\/media\/72180"}],"wp:attachment":[{"href":"https:\/\/lasprimeras.com.do\/index.php\/wp-json\/wp\/v2\/media?parent=72179"}],"wp:term":[{"taxonomy":"category","embeddable":true,"href":"https:\/\/lasprimeras.com.do\/index.php\/wp-json\/wp\/v2\/categories?post=72179"},{"taxonomy":"post_tag","embeddable":true,"href":"https:\/\/lasprimeras.com.do\/index.php\/wp-json\/wp\/v2\/tags?post=72179"}],"curies":[{"name":"wp","href":"https:\/\/api.w.org\/{rel}","templated":true}]}}