{"id":72182,"date":"2023-12-27T14:52:04","date_gmt":"2023-12-27T18:52:04","guid":{"rendered":"https:\/\/lasprimeras.com.do\/?p=72182"},"modified":"2023-12-27T14:52:06","modified_gmt":"2023-12-27T18:52:06","slug":"aplazan-revision-de-medida-coercion-solicitada-por-jean-alain","status":"publish","type":"post","link":"https:\/\/lasprimeras.com.do\/index.php\/2023\/12\/27\/aplazan-revision-de-medida-coercion-solicitada-por-jean-alain\/","title":{"rendered":"Aplazan revisi\u00f3n de medida coerci\u00f3n solicitada por Jean Alain"},"content":{"rendered":"\n<p>Santo Domingo.-El juez Amauri Mart\u00ednez del Tercer Juzgado de Instrucci\u00f3n aplaz\u00f3 este mi\u00e9rcoles la audiencia de revisi\u00f3n de medida de coerci\u00f3n solicitada por el ex procurador de la Rep\u00fablica, Jean Alain Rodr\u00edguez.<\/p>\n\n\n\n<p>La audiencia fue pospuesta para el mi\u00e9rcoles, 10 de enero, a las 9:00 de la ma\u00f1ana debido a que la Suprema Corte de Justicia a\u00fan no ha decidido sobre la recusaci\u00f3n presentada por la defensa de uno de los implicados en la Operaci\u00f3n Medusa.<\/p>\n\n\n\n<p>Esta es la tercera vez que se pospone el proceso.<\/p>\n\n\n\n<p>Cabe recordar que Rodr\u00edguez fue arrestado el 29 de junio de 2021 y d\u00edas despu\u00e9s la Oficina de Atenci\u00f3n Permanente del Distrito Nacional le impuso 18 meses de prisi\u00f3n preventiva, los cuales cumpli\u00f3 en la c\u00e1rcel de Najayo. Sin embargo, en enero de este a\u00f1o, su medida de coerci\u00f3n fue modificada a arresto domiciliario, uso de grillete electr\u00f3nico y el pago de una fianza de 50 millones de pesos a trav\u00e9s de una aseguradora.<\/p>\n\n\n\n<p>Una de las razones por las que el exprocurador Jean Alain Rodr\u00edguez busca la variaci\u00f3n de la medida de coerci\u00f3n consistente en arresto domiciliario es por las molestias que alegadamente \u00able provoca el grillete electr\u00f3nico en su tobillo\u00bb.<\/p>\n","protected":false},"excerpt":{"rendered":"<p>Santo Domingo.-El juez Amauri Mart\u00ednez del Tercer Juzgado de Instrucci\u00f3n aplaz\u00f3 este mi\u00e9rcoles la audiencia de revisi\u00f3n de medida de coerci\u00f3n solicitada por el ex procurador de la Rep\u00fablica, Jean&hellip;<\/p>\n","protected":false},"author":3,"featured_media":72183,"comment_status":"open","ping_status":"open","sticky":false,"template":"","format":"standard","meta":{"content-type":"","jetpack_post_was_ever_published":false,"_jetpack_newsletter_access":"","_jetpack_dont_email_post_to_subs":false,"_jetpack_newsletter_tier_id":0,"_jetpack_memberships_contains_paywalled_content":false,"_jetpack_memberships_contains_paid_content":false,"footnotes":""},"categories":[35],"tags":[4949],"class_list":["post-72182","post","type-post","status-publish","format-standard","has-post-thumbnail","hentry","category-nacionales","tag-jean-alain"],"jetpack_featured_media_url":"https:\/\/lasprimeras.com.do\/wp-content\/uploads\/2023\/12\/Noticias-de-energia-58-4.jpg","jetpack-related-posts":[{"id":71520,"url":"https:\/\/lasprimeras.com.do\/index.php\/2023\/12\/20\/jean-alain-continuara-con-el-grillete-uno-de-los-imputados-recusa-juez\/","url_meta":{"origin":72182,"position":0},"title":"Jean Alain continuar\u00e1 con el grillete; uno de los imputados recusa juez","author":"BIMARY DE JES\u00daS Matos","date":"20 de diciembre de 2023","format":false,"excerpt":"Santo Domingo.- El Tercer Juzgado de la Instrucci\u00f3n del Distrito Nacional suspendi\u00f3 por tercera ocasi\u00f3n la revisi\u00f3n de la medida de coerci\u00f3n al exprocurador Jean Alain Rodr\u00edguez que hab\u00eda sido programada para este mi\u00e9rcoles hasta que la Corte de Apelaci\u00f3n conozca una recusaci\u00f3n que hay contra el juez Amauri Mart\u00ednez.\u2026","rel":"","context":"En \u00abNACIONALES\u00bb","block_context":{"text":"NACIONALES","link":"https:\/\/lasprimeras.com.do\/index.php\/category\/nacionales\/"},"img":{"alt_text":"","src":"https:\/\/i0.wp.com\/lasprimeras.com.do\/wp-content\/uploads\/2023\/12\/Noticias-19-1.webp?resize=350%2C200&ssl=1","width":350,"height":200},"classes":[]},{"id":69929,"url":"https:\/\/lasprimeras.com.do\/index.php\/2023\/12\/06\/revisaran-prision-domiciliaria-a-exprocurador-jean-alain-rodriguez\/","url_meta":{"origin":72182,"position":1},"title":"Revisaran prisi\u00f3n domiciliaria a exprocurador Jean Alain Rodr\u00edguez","author":"Nelson Feliz","date":"6 de diciembre de 2023","format":false,"excerpt":"El Tercer Juzgado de Instrucci\u00f3n del Distrito Nacional revisar\u00e1 el mi\u00e9rcoles 13 de este mes el arresto domiciliario que pesa sobre el exprocurador general Jean Alain Rodr\u00edguez, quien encabeza el caso de corrupci\u00f3n Operaci\u00f3n Medusa. La revisi\u00f3n estaba pauta para este mi\u00e9rcoles 6, pero fue prorrogada porque la Procuradur\u00eda Especializada\u2026","rel":"","context":"En \u00abJUSTICIA\u00bb","block_context":{"text":"JUSTICIA","link":"https:\/\/lasprimeras.com.do\/index.php\/category\/justicia\/"},"img":{"alt_text":"Jean Alain Rodriguez","src":"https:\/\/i0.wp.com\/lasprimeras.com.do\/wp-content\/uploads\/2023\/12\/Jean-Alain-Rodriguez.jpg?resize=350%2C200&ssl=1","width":350,"height":200,"srcset":"https:\/\/i0.wp.com\/lasprimeras.com.do\/wp-content\/uploads\/2023\/12\/Jean-Alain-Rodriguez.jpg?resize=350%2C200&ssl=1 1x, https:\/\/i0.wp.com\/lasprimeras.com.do\/wp-content\/uploads\/2023\/12\/Jean-Alain-Rodriguez.jpg?resize=525%2C300&ssl=1 1.5x, https:\/\/i0.wp.com\/lasprimeras.com.do\/wp-content\/uploads\/2023\/12\/Jean-Alain-Rodriguez.jpg?resize=700%2C400&ssl=1 2x"},"classes":[]},{"id":121908,"url":"https:\/\/lasprimeras.com.do\/index.php\/2026\/02\/11\/wilson-camacho-asegura-que-jean-alain-huye-a-las-pruebas-como-el-diablo-a-la-cruz\/","url_meta":{"origin":72182,"position":2},"title":"Wilson Camacho asegura que Jean Alain huye a las pruebas &#8220;como el diablo a la cruz&#8221;","author":"Nelson Feliz","date":"11 de febrero de 2026","format":false,"excerpt":"El titular de Persecuci\u00f3n del MP acus\u00f3 al exprocurador general de mentir y de intentar retrasar el proceso, mientras que el funcionario dice que es el \u00f3rgano persecutor que lo ha dilatado El titular de la Direcci\u00f3n de Persecuci\u00f3n del Ministerio P\u00fablico, Wilson Camacho, acus\u00f3 este mi\u00e9rcoles al exprocurador Jean\u2026","rel":"","context":"En \u00abJUSTICIA\u00bb","block_context":{"text":"JUSTICIA","link":"https:\/\/lasprimeras.com.do\/index.php\/category\/justicia\/"},"img":{"alt_text":"","src":"https:\/\/i0.wp.com\/lasprimeras.com.do\/wp-content\/uploads\/2026\/02\/Wilson-Camacho-1.jpg?resize=350%2C200&ssl=1","width":350,"height":200,"srcset":"https:\/\/i0.wp.com\/lasprimeras.com.do\/wp-content\/uploads\/2026\/02\/Wilson-Camacho-1.jpg?resize=350%2C200&ssl=1 1x, https:\/\/i0.wp.com\/lasprimeras.com.do\/wp-content\/uploads\/2026\/02\/Wilson-Camacho-1.jpg?resize=525%2C300&ssl=1 1.5x, https:\/\/i0.wp.com\/lasprimeras.com.do\/wp-content\/uploads\/2026\/02\/Wilson-Camacho-1.jpg?resize=700%2C400&ssl=1 2x"},"classes":[]},{"id":75276,"url":"https:\/\/lasprimeras.com.do\/index.php\/2024\/01\/31\/jean-alain-caso-medusa-buscara-hoy-su-libertad\/","url_meta":{"origin":72182,"position":3},"title":"Jean Alain, caso Medusa, buscar\u00e1 hoy su libertad","author":"BIMARY DE JES\u00daS Matos","date":"31 de enero de 2024","format":false,"excerpt":"SANTO DOMINGO.- La defensa del exprocurador Jean Alain Rodr\u00edguez buscar\u00e1 hoy que se cumpla la decisi\u00f3n del Consejo de Trabajo de los Derechos Humanos del Organismo de las Naciones Unidas (ONU), que ordena al Gobierno su inmediata libertad, tras calificar arbitraria su prisi\u00f3n. Este pedido viene luego de que el\u2026","rel":"","context":"En \u00abPORTADA\u00bb","block_context":{"text":"PORTADA","link":"https:\/\/lasprimeras.com.do\/index.php\/category\/portada\/"},"img":{"alt_text":"","src":"https:\/\/i0.wp.com\/lasprimeras.com.do\/wp-content\/uploads\/2024\/01\/CANDIDATO-A-REGIDOR-Justicia-Social-JOSUE-MENDEZ-APOYARA-A-DIO-ASTACIO-DEL-PRM-3.webp?resize=350%2C200&ssl=1","width":350,"height":200,"srcset":"https:\/\/i0.wp.com\/lasprimeras.com.do\/wp-content\/uploads\/2024\/01\/CANDIDATO-A-REGIDOR-Justicia-Social-JOSUE-MENDEZ-APOYARA-A-DIO-ASTACIO-DEL-PRM-3.webp?resize=350%2C200&ssl=1 1x, https:\/\/i0.wp.com\/lasprimeras.com.do\/wp-content\/uploads\/2024\/01\/CANDIDATO-A-REGIDOR-Justicia-Social-JOSUE-MENDEZ-APOYARA-A-DIO-ASTACIO-DEL-PRM-3.webp?resize=525%2C300&ssl=1 1.5x, https:\/\/i0.wp.com\/lasprimeras.com.do\/wp-content\/uploads\/2024\/01\/CANDIDATO-A-REGIDOR-Justicia-Social-JOSUE-MENDEZ-APOYARA-A-DIO-ASTACIO-DEL-PRM-3.webp?resize=700%2C400&ssl=1 2x"},"classes":[]},{"id":48680,"url":"https:\/\/lasprimeras.com.do\/index.php\/2023\/05\/03\/tribunal-rechaza-variar-prision-domiciliaria-a-jean-alain-rodriguez\/","url_meta":{"origin":72182,"position":4},"title":"Tribunal rechaza variar prisi\u00f3n domiciliaria a Jean Alain Rodr\u00edguez","author":"prenxa100","date":"3 de mayo de 2023","format":false,"excerpt":"SANTO DOMINGO.-.El Tercer Juzgado de la Instrucci\u00f3n del Distrito Nacional orden\u00f3 mantener el arresto domiciliario, grilletes electr\u00f3nicos, impedimento de salida e imposici\u00f3n de garant\u00eda econ\u00f3mica al ex procurador general de la Rep\u00fablica Jean Alain Rodr\u00edguez S\u00e1nchez, acogiendo el pedimento del Ministerio P\u00fablico. El magistrado Amauri Marcos Mart\u00ednez Abreu consider\u00f3 en\u2026","rel":"","context":"En \u00abJUSTICIA\u00bb","block_context":{"text":"JUSTICIA","link":"https:\/\/lasprimeras.com.do\/index.php\/category\/justicia\/"},"img":{"alt_text":"","src":"","width":0,"height":0},"classes":[]},{"id":115248,"url":"https:\/\/lasprimeras.com.do\/index.php\/2025\/11\/12\/tacticas-dilatorias-de-jean-alain-rodriguez-y-compartes-siguen-retrasando-conocimiento-de-proceso-por-corrupcion\/","url_meta":{"origin":72182,"position":5},"title":"T\u00e1cticas dilatorias de Jean Alain Rodr\u00edguez y compartes siguen retrasando conocimiento de proceso por corrupci\u00f3n","author":"Nelson Feliz","date":"12 de noviembre de 2025","format":false,"excerpt":"El Ministerio P\u00fablico asegur\u00f3 este mi\u00e9rcoles que las defensas de los imputados del proceso por corrupci\u00f3n contra Jean Alain Rodr\u00edguez y compartes contin\u00faan utilizando t\u00e1cticas dilatorias con el objetivo de retrasar una oportuna administraci\u00f3n de justicia. Este mi\u00e9rcoles (12 de noviembre de 2025), el Segundo Tribunal Colegiado del Distrito Nacional\u2026","rel":"","context":"En \u00abJUSTICIA\u00bb","block_context":{"text":"JUSTICIA","link":"https:\/\/lasprimeras.com.do\/index.php\/category\/justicia\/"},"img":{"alt_text":"Jean Alain Rodr\u00edguez","src":"https:\/\/i0.wp.com\/lasprimeras.com.do\/wp-content\/uploads\/2025\/05\/Jean-Alain-Rodriguez.jpg?resize=350%2C200&ssl=1","width":350,"height":200,"srcset":"https:\/\/i0.wp.com\/lasprimeras.com.do\/wp-content\/uploads\/2025\/05\/Jean-Alain-Rodriguez.jpg?resize=350%2C200&ssl=1 1x, https:\/\/i0.wp.com\/lasprimeras.com.do\/wp-content\/uploads\/2025\/05\/Jean-Alain-Rodriguez.jpg?resize=525%2C300&ssl=1 1.5x, https:\/\/i0.wp.com\/lasprimeras.com.do\/wp-content\/uploads\/2025\/05\/Jean-Alain-Rodriguez.jpg?resize=700%2C400&ssl=1 2x"},"classes":[]}],"jetpack_sharing_enabled":true,"_links":{"self":[{"href":"https:\/\/lasprimeras.com.do\/index.php\/wp-json\/wp\/v2\/posts\/72182","targetHints":{"allow":["GET"]}}],"collection":[{"href":"https:\/\/lasprimeras.com.do\/index.php\/wp-json\/wp\/v2\/posts"}],"about":[{"href":"https:\/\/lasprimeras.com.do\/index.php\/wp-json\/wp\/v2\/types\/post"}],"author":[{"embeddable":true,"href":"https:\/\/lasprimeras.com.do\/index.php\/wp-json\/wp\/v2\/users\/3"}],"replies":[{"embeddable":true,"href":"https:\/\/lasprimeras.com.do\/index.php\/wp-json\/wp\/v2\/comments?post=72182"}],"version-history":[{"count":1,"href":"https:\/\/lasprimeras.com.do\/index.php\/wp-json\/wp\/v2\/posts\/72182\/revisions"}],"predecessor-version":[{"id":72184,"href":"https:\/\/lasprimeras.com.do\/index.php\/wp-json\/wp\/v2\/posts\/72182\/revisions\/72184"}],"wp:featuredmedia":[{"embeddable":true,"href":"https:\/\/lasprimeras.com.do\/index.php\/wp-json\/wp\/v2\/media\/72183"}],"wp:attachment":[{"href":"https:\/\/lasprimeras.com.do\/index.php\/wp-json\/wp\/v2\/media?parent=72182"}],"wp:term":[{"taxonomy":"category","embeddable":true,"href":"https:\/\/lasprimeras.com.do\/index.php\/wp-json\/wp\/v2\/categories?post=72182"},{"taxonomy":"post_tag","embeddable":true,"href":"https:\/\/lasprimeras.com.do\/index.php\/wp-json\/wp\/v2\/tags?post=72182"}],"curies":[{"name":"wp","href":"https:\/\/api.w.org\/{rel}","templated":true}]}}