{"id":72185,"date":"2023-12-27T14:53:17","date_gmt":"2023-12-27T18:53:17","guid":{"rendered":"https:\/\/lasprimeras.com.do\/?p=72185"},"modified":"2023-12-27T14:53:19","modified_gmt":"2023-12-27T18:53:19","slug":"un-ano-de-prision-preventiva-contra-italiano-michael-saba-acusado-de-matar-venezolana","status":"publish","type":"post","link":"https:\/\/lasprimeras.com.do\/index.php\/2023\/12\/27\/un-ano-de-prision-preventiva-contra-italiano-michael-saba-acusado-de-matar-venezolana\/","title":{"rendered":"Un a\u00f1o de prisi\u00f3n preventiva contra Italiano Michael Saba acusado de matar venezolana"},"content":{"rendered":"\n<p>Santo Domingo.-El juzgado de Atenci\u00f3n Permanente del Distrito Nacional dict\u00f3 un a\u00f1o de prisi\u00f3n preventiva en contra del italiano-colombiano Michael Saba, acusado de matar y descuartizar a la venezolana Yenny Carolina P\u00e9rez Canel\u00f3n, en un hecho ocurrido en una torre del Ensanche Piantini, en el Distrito Nacional.<\/p>\n\n\n\n<p>El juez Rigoberto Sena estableci\u00f3 que el imputado deber\u00e1 cumplir la prisi\u00f3n preventiva impuesta en el Centro de Correcci\u00f3n y Rehabilitaci\u00f3n Najayo Hombres.<\/p>\n\n\n\n<p>A la salida del tribunal, el imputado sali\u00f3 con la cabeza cabizbaja y se rehus\u00f3 a hablar con los medios de comunicaci\u00f3n en momentos en que era conducido a la c\u00e1rcel preventiva del Palacio de Justicia de Ciudad Nueva, de donde ser\u00e1 trasladado a Najayo.<\/p>\n\n\n\n<p>De acuerdo con la solicitud de medida de coerci\u00f3n el imputado le dispar\u00f3 en el coraz\u00f3n a P\u00e9rez Canel\u00f3n con una pistola Glock, calibre 9 mil\u00edmetros, con su cargador y un silenciador, y luego procedi\u00f3 a descuartizar el cuerpo de la joven, en un hecho ocurrido el pasado 21 de diciembre, en un apartamento del piso 11 de la torre Suites by Refa, de la calle Andr\u00e9s Julio Aybar, del sector Piantini.<\/p>\n","protected":false},"excerpt":{"rendered":"<p>Santo Domingo.-El juzgado de Atenci\u00f3n Permanente del Distrito Nacional dict\u00f3 un a\u00f1o de prisi\u00f3n preventiva en contra del italiano-colombiano Michael Saba, acusado de matar y descuartizar a la venezolana Yenny&hellip;<\/p>\n","protected":false},"author":3,"featured_media":72186,"comment_status":"open","ping_status":"open","sticky":false,"template":"","format":"standard","meta":{"content-type":"","jetpack_post_was_ever_published":false,"_jetpack_newsletter_access":"","_jetpack_dont_email_post_to_subs":false,"_jetpack_newsletter_tier_id":0,"_jetpack_memberships_contains_paywalled_content":false,"_jetpack_memberships_contains_paid_content":false,"footnotes":""},"categories":[35],"tags":[],"class_list":["post-72185","post","type-post","status-publish","format-standard","has-post-thumbnail","hentry","category-nacionales"],"jetpack_featured_media_url":"https:\/\/lasprimeras.com.do\/wp-content\/uploads\/2023\/12\/Noticias-de-energia-58-5.jpg","jetpack-related-posts":[{"id":50356,"url":"https:\/\/lasprimeras.com.do\/index.php\/2023\/05\/19\/un-ano-de-prision-preventiva-para-el-dotolcito\/","url_meta":{"origin":72185,"position":0},"title":"Un a\u00f1o de prisi\u00f3n preventiva para &#8220;El dotolcito&#8221;","author":"prenxa100","date":"19 de mayo de 2023","format":false,"excerpt":"Santo Domingo, RD.-. El Tribunal de Atenci\u00f3n Permanente del Distrito Nacional dict\u00f3 un a\u00f1o de prisi\u00f3n preventiva contra Wesly Vincent Carmona \u201cEl dotolcito\u201d imputado en la muerte del joven Joshua Fern\u00e1ndez durante un asalto el 16 de abril a las afueras de un centro de diversi\u00f3n nocturno. Las autoridades judiciales\u2026","rel":"","context":"En \u00abJUSTICIA\u00bb","block_context":{"text":"JUSTICIA","link":"https:\/\/lasprimeras.com.do\/index.php\/category\/justicia\/"},"img":{"alt_text":"","src":"","width":0,"height":0},"classes":[]},{"id":88008,"url":"https:\/\/lasprimeras.com.do\/index.php\/2024\/08\/21\/un-ano-de-prision-preventiva-para-mujer-acusada-de-decapitar-a-su-hija\/","url_meta":{"origin":72185,"position":1},"title":"Un a\u00f1o de prisi\u00f3n preventiva para mujer acusada de decapitar a su hija","author":"Nelson Feliz","date":"21 de agosto de 2024","format":false,"excerpt":"Ana Josefa Garc\u00eda deber\u00e1 cumplir la medida de coerci\u00f3n en la c\u00e1rcel de Najayo. El juez Leomar Cruz Quezada, de la Oficina Judicial de Servicios de Atenci\u00f3n Permanente de Santo Domingo Este, dict\u00f3 un a\u00f1o de prisi\u00f3n preventiva como medida de coerci\u00f3n a la m\u00e9dico del Ej\u00e9rcito Ana Josefa Garc\u00eda\u2026","rel":"","context":"En \u00abJUSTICIA\u00bb","block_context":{"text":"JUSTICIA","link":"https:\/\/lasprimeras.com.do\/index.php\/category\/justicia\/"},"img":{"alt_text":"Ana Josefa Garc\u00eda","src":"https:\/\/i0.wp.com\/lasprimeras.com.do\/wp-content\/uploads\/2024\/08\/Ana-Josefa-Garcia.jpg?resize=350%2C200&ssl=1","width":350,"height":200,"srcset":"https:\/\/i0.wp.com\/lasprimeras.com.do\/wp-content\/uploads\/2024\/08\/Ana-Josefa-Garcia.jpg?resize=350%2C200&ssl=1 1x, https:\/\/i0.wp.com\/lasprimeras.com.do\/wp-content\/uploads\/2024\/08\/Ana-Josefa-Garcia.jpg?resize=525%2C300&ssl=1 1.5x, https:\/\/i0.wp.com\/lasprimeras.com.do\/wp-content\/uploads\/2024\/08\/Ana-Josefa-Garcia.jpg?resize=700%2C400&ssl=1 2x"},"classes":[]},{"id":57772,"url":"https:\/\/lasprimeras.com.do\/index.php\/2023\/08\/15\/varian-prision-preventiva-elizabeth-silverio-para-arresto-domiciliario\/","url_meta":{"origin":72185,"position":2},"title":"Var\u00edan prisi\u00f3n preventiva Elizabeth Silverio para arresto domiciliario","author":"Nelson Feliz","date":"15 de agosto de 2023","format":false,"excerpt":"El Primer Juzgado de la Instrucci\u00f3n del Distrito Nacional dispuso este martes variar de prisi\u00f3n preventiva a arresto domiciliario la medida de coerci\u00f3n contra Elizabeth Silverio Silien, acusada por el Ministerio P\u00fablico de ejercer la medicina de manera ilegal. El tribunal dispuso que Silverio utilice grillete electr\u00f3nico, adem\u00e1s de presentaci\u00f3n\u2026","rel":"","context":"En \u00abJUSTICIA\u00bb","block_context":{"text":"JUSTICIA","link":"https:\/\/lasprimeras.com.do\/index.php\/category\/justicia\/"},"img":{"alt_text":"Elizabeth Silverio","src":"https:\/\/i0.wp.com\/lasprimeras.com.do\/wp-content\/uploads\/2023\/08\/Elizabeth-Silverio.png?resize=350%2C200&ssl=1","width":350,"height":200,"srcset":"https:\/\/i0.wp.com\/lasprimeras.com.do\/wp-content\/uploads\/2023\/08\/Elizabeth-Silverio.png?resize=350%2C200&ssl=1 1x, https:\/\/i0.wp.com\/lasprimeras.com.do\/wp-content\/uploads\/2023\/08\/Elizabeth-Silverio.png?resize=525%2C300&ssl=1 1.5x"},"classes":[]},{"id":80077,"url":"https:\/\/lasprimeras.com.do\/index.php\/2024\/04\/03\/tribunal-de-sde-impone-tres-meses-de-prision-preventiva-a-mujer-involucrada-en-el-asesinato-de-otra-en-el-sector-el-tamarindo\/","url_meta":{"origin":72185,"position":3},"title":"Envi\u00e1n a prisi\u00f3n mujer involucrada en asesinato de otra en El Tamarindo","author":"BIMARY DE JES\u00daS Matos","date":"3 de abril de 2024","format":false,"excerpt":"Martin Restituyo SANTO DOMINGO ESTE (Rep\u00fablica Dominicana) - El Tribunal de Atenci\u00f3n permanente de este distrito judicial impuso tres meses de prisi\u00f3n preventiva, como medida de coerci\u00f3n, en contra de una mujer involucrada en el asesinato de otra, en un hecho ocurrido en el a\u00f1o 2022, en el sector El\u2026","rel":"","context":"En \u00abNACIONALES\u00bb","block_context":{"text":"NACIONALES","link":"https:\/\/lasprimeras.com.do\/index.php\/category\/nacionales\/"},"img":{"alt_text":"","src":"https:\/\/i0.wp.com\/lasprimeras.com.do\/wp-content\/uploads\/2024\/04\/IMG-20240403-WA0090.jpg?resize=350%2C200&ssl=1","width":350,"height":200,"srcset":"https:\/\/i0.wp.com\/lasprimeras.com.do\/wp-content\/uploads\/2024\/04\/IMG-20240403-WA0090.jpg?resize=350%2C200&ssl=1 1x, https:\/\/i0.wp.com\/lasprimeras.com.do\/wp-content\/uploads\/2024\/04\/IMG-20240403-WA0090.jpg?resize=525%2C300&ssl=1 1.5x, https:\/\/i0.wp.com\/lasprimeras.com.do\/wp-content\/uploads\/2024\/04\/IMG-20240403-WA0090.jpg?resize=700%2C400&ssl=1 2x, https:\/\/i0.wp.com\/lasprimeras.com.do\/wp-content\/uploads\/2024\/04\/IMG-20240403-WA0090.jpg?resize=1050%2C600&ssl=1 3x"},"classes":[]},{"id":72015,"url":"https:\/\/lasprimeras.com.do\/index.php\/2023\/12\/26\/el-ministerio-publico-solicita-prision-acusado-matar-venezolana\/","url_meta":{"origin":72185,"position":4},"title":"El Ministerio P\u00fablico solicita prisi\u00f3n acusado matar venezolana","author":"BIMARY DE JES\u00daS Matos","date":"26 de diciembre de 2023","format":false,"excerpt":"SANTO DOMINGO.- El Ministerio P\u00fablico solicita prisi\u00f3n como medida de coerci\u00f3n al italo-colombiano Michael Saba, se\u00f1alado de matar y descuartizar a su expareja venezolana Yenny Carolina P\u00e9rez Canel\u00f3n la madrugada del pasado jueves. Un juez de la Oficina de Atenci\u00f3n Permanente del Distrito Nacional fij\u00f3 conocer la audiencia para ma\u00f1ana\u2026","rel":"","context":"En \u00abNACIONALES\u00bb","block_context":{"text":"NACIONALES","link":"https:\/\/lasprimeras.com.do\/index.php\/category\/nacionales\/"},"img":{"alt_text":"","src":"https:\/\/i0.wp.com\/lasprimeras.com.do\/wp-content\/uploads\/2023\/12\/WhatsApp-Image-2023-12-25-at-12.45.01-PM-3.webp?resize=350%2C200&ssl=1","width":350,"height":200,"srcset":"https:\/\/i0.wp.com\/lasprimeras.com.do\/wp-content\/uploads\/2023\/12\/WhatsApp-Image-2023-12-25-at-12.45.01-PM-3.webp?resize=350%2C200&ssl=1 1x, https:\/\/i0.wp.com\/lasprimeras.com.do\/wp-content\/uploads\/2023\/12\/WhatsApp-Image-2023-12-25-at-12.45.01-PM-3.webp?resize=525%2C300&ssl=1 1.5x"},"classes":[]},{"id":69622,"url":"https:\/\/lasprimeras.com.do\/index.php\/2023\/12\/04\/un-ano-de-prision-preventiva-para-imputado-por-muerte-de-victor-erarte\/","url_meta":{"origin":72185,"position":5},"title":"Un a\u00f1o de prisi\u00f3n preventiva para imputado por muerte de V\u00edctor Erarte","author":"BIMARY DE JES\u00daS Matos","date":"4 de diciembre de 2023","format":false,"excerpt":"Santo Domingo.-El juez de Atenci\u00f3n Permanente del distrito judicial de Santiago impone este lunes un a\u00f1o de prisi\u00f3n preventiva para el imputado de la muerte del artista V\u00edctor Erarte. Yakime Michel alias (Junior el Haitiano), de nacionalidad haitiana, deber\u00e1 cumplir la medida en el centro de Correcci\u00f3n y Rehabilitaci\u00f3n Rafey\u2026","rel":"","context":"En \u00abNACIONALES\u00bb","block_context":{"text":"NACIONALES","link":"https:\/\/lasprimeras.com.do\/index.php\/category\/nacionales\/"},"img":{"alt_text":"","src":"https:\/\/i0.wp.com\/lasprimeras.com.do\/wp-content\/uploads\/2023\/12\/WhatsApp-Image-2023-12-04-at-12.35.37-PM-3.jpeg?resize=350%2C200&ssl=1","width":350,"height":200,"srcset":"https:\/\/i0.wp.com\/lasprimeras.com.do\/wp-content\/uploads\/2023\/12\/WhatsApp-Image-2023-12-04-at-12.35.37-PM-3.jpeg?resize=350%2C200&ssl=1 1x, https:\/\/i0.wp.com\/lasprimeras.com.do\/wp-content\/uploads\/2023\/12\/WhatsApp-Image-2023-12-04-at-12.35.37-PM-3.jpeg?resize=525%2C300&ssl=1 1.5x"},"classes":[]}],"jetpack_sharing_enabled":true,"_links":{"self":[{"href":"https:\/\/lasprimeras.com.do\/index.php\/wp-json\/wp\/v2\/posts\/72185","targetHints":{"allow":["GET"]}}],"collection":[{"href":"https:\/\/lasprimeras.com.do\/index.php\/wp-json\/wp\/v2\/posts"}],"about":[{"href":"https:\/\/lasprimeras.com.do\/index.php\/wp-json\/wp\/v2\/types\/post"}],"author":[{"embeddable":true,"href":"https:\/\/lasprimeras.com.do\/index.php\/wp-json\/wp\/v2\/users\/3"}],"replies":[{"embeddable":true,"href":"https:\/\/lasprimeras.com.do\/index.php\/wp-json\/wp\/v2\/comments?post=72185"}],"version-history":[{"count":1,"href":"https:\/\/lasprimeras.com.do\/index.php\/wp-json\/wp\/v2\/posts\/72185\/revisions"}],"predecessor-version":[{"id":72187,"href":"https:\/\/lasprimeras.com.do\/index.php\/wp-json\/wp\/v2\/posts\/72185\/revisions\/72187"}],"wp:featuredmedia":[{"embeddable":true,"href":"https:\/\/lasprimeras.com.do\/index.php\/wp-json\/wp\/v2\/media\/72186"}],"wp:attachment":[{"href":"https:\/\/lasprimeras.com.do\/index.php\/wp-json\/wp\/v2\/media?parent=72185"}],"wp:term":[{"taxonomy":"category","embeddable":true,"href":"https:\/\/lasprimeras.com.do\/index.php\/wp-json\/wp\/v2\/categories?post=72185"},{"taxonomy":"post_tag","embeddable":true,"href":"https:\/\/lasprimeras.com.do\/index.php\/wp-json\/wp\/v2\/tags?post=72185"}],"curies":[{"name":"wp","href":"https:\/\/api.w.org\/{rel}","templated":true}]}}