{"id":72188,"date":"2023-12-27T14:54:22","date_gmt":"2023-12-27T18:54:22","guid":{"rendered":"https:\/\/lasprimeras.com.do\/?p=72188"},"modified":"2023-12-27T14:54:23","modified_gmt":"2023-12-27T18:54:23","slug":"rbd-despide-a-su-manager-guillermo-rosas","status":"publish","type":"post","link":"https:\/\/lasprimeras.com.do\/index.php\/2023\/12\/27\/rbd-despide-a-su-manager-guillermo-rosas\/","title":{"rendered":"RBD despide a su m\u00e1nager Guillermo Rosas"},"content":{"rendered":"\n<p>Santo Domingo.-RBD termina su exitosa gira de reencuentro tras 15 a\u00f1os fuera de los escenarios en medio de escandalo por haber despedido a su m\u00e1nager Guillermo Rosas, quien fue uno de los mayores precursores de que la banda se volviera a reunir, logrando que Anah\u00ed, Dulce Mar\u00eda, Maite Perroni, Christian Ch\u00e1vez y Christopher Uckermann ofrecieran 43 conciertos a casa llena.<\/p>\n\n\n\n<p>Seg\u00fan People en Espa\u00f1ol, los rumores apuntan de que Rosas fue se\u00f1alado de haber hecho menos a Dulce Mar\u00eda y a los otros integrantes, mientras exaltaba el trabajo de Anah\u00ed, a quien represent\u00f3 por muchos a\u00f1os en su carrera en solitario.<\/p>\n\n\n\n<p>Rosas tambi\u00e9n fue pieza clave en la carrera de los cantantes durante la \u00e9poca de la telenovela Rebelde, sin embargo, no estuvo presente en la \u00faltima presentaci\u00f3n que tuvo la agrupaci\u00f3n el pasado fin de semana en el Estadio Azteca de la Ciudad de M\u00e9xico.<\/p>\n\n\n\n<p>Hasta el momento ni Rosas ni los artistas se han pronunciado al respecto para desmentir o confirmar dicha informaci\u00f3n.<\/p>\n\n\n\n<p>La serie de conciertos de RBD se llev\u00f3 a cabo en Estados Unidos y Latinoam\u00e9rica, iniciando el 25 de agosto en Estados Unidos y concluyendo el 21 de diciembre en M\u00e9xico.<\/p>\n\n\n\n<p>Los mexicanos realizaron diez funciones en su pa\u00eds natal, ocho en Brasil, cuatro en Colombia y el resto en Estados Unidos.<\/p>\n","protected":false},"excerpt":{"rendered":"<p>Santo Domingo.-RBD termina su exitosa gira de reencuentro tras 15 a\u00f1os fuera de los escenarios en medio de escandalo por haber despedido a su m\u00e1nager Guillermo Rosas, quien fue uno&hellip;<\/p>\n","protected":false},"author":3,"featured_media":72189,"comment_status":"open","ping_status":"open","sticky":false,"template":"","format":"standard","meta":{"content-type":"","jetpack_post_was_ever_published":false,"_jetpack_newsletter_access":"","_jetpack_dont_email_post_to_subs":false,"_jetpack_newsletter_tier_id":0,"_jetpack_memberships_contains_paywalled_content":false,"_jetpack_memberships_contains_paid_content":false,"footnotes":""},"categories":[84],"tags":[],"class_list":["post-72188","post","type-post","status-publish","format-standard","has-post-thumbnail","hentry","category-entretenimiento"],"jetpack_featured_media_url":"https:\/\/lasprimeras.com.do\/wp-content\/uploads\/2023\/12\/Noticias-de-energia-58-6.jpg","jetpack-related-posts":[{"id":67801,"url":"https:\/\/lasprimeras.com.do\/index.php\/2023\/11\/18\/la-cantante-anahi-deja-un-concierto-de-rbd-en-brasil-con-una-infeccion-renal-grave\/","url_meta":{"origin":72188,"position":0},"title":"La cantante Anah\u00ed deja un concierto de RBD en Brasil con una infecci\u00f3n renal &#8220;grave&#8221;","author":"BIMARY DE JES\u00daS Matos","date":"18 de noviembre de 2023","format":false,"excerpt":"Brasil.-La cantante Anah\u00ed, de la banda pop mexicana RBD, se vio obligada a abandonar un concierto del grupo en Sao Paulo debido a una infecci\u00f3n renal \"grave\", que le fue detectada en un hospital en el fue ingresada la noche de este viernes, seg\u00fan ella misma ha informado a trav\u00e9s\u2026","rel":"","context":"En \u00abENTRETENIMIENTO\u00bb","block_context":{"text":"ENTRETENIMIENTO","link":"https:\/\/lasprimeras.com.do\/index.php\/category\/entretenimiento\/"},"img":{"alt_text":"","src":"https:\/\/i0.wp.com\/lasprimeras.com.do\/wp-content\/uploads\/2023\/11\/WhatsApp-Image-2023-11-18-at-8.18.25-AM-1-2.webp?resize=350%2C200&ssl=1","width":350,"height":200,"srcset":"https:\/\/i0.wp.com\/lasprimeras.com.do\/wp-content\/uploads\/2023\/11\/WhatsApp-Image-2023-11-18-at-8.18.25-AM-1-2.webp?resize=350%2C200&ssl=1 1x, https:\/\/i0.wp.com\/lasprimeras.com.do\/wp-content\/uploads\/2023\/11\/WhatsApp-Image-2023-11-18-at-8.18.25-AM-1-2.webp?resize=525%2C300&ssl=1 1.5x, https:\/\/i0.wp.com\/lasprimeras.com.do\/wp-content\/uploads\/2023\/11\/WhatsApp-Image-2023-11-18-at-8.18.25-AM-1-2.webp?resize=700%2C400&ssl=1 2x, https:\/\/i0.wp.com\/lasprimeras.com.do\/wp-content\/uploads\/2023\/11\/WhatsApp-Image-2023-11-18-at-8.18.25-AM-1-2.webp?resize=1050%2C600&ssl=1 3x"},"classes":[]},{"id":111588,"url":"https:\/\/lasprimeras.com.do\/index.php\/2025\/10\/10\/dgpj-y-el-cmd-iniciaron-trabajos-para-implementar-aumento-salarial-a-medicos-pensionados\/","url_meta":{"origin":72188,"position":1},"title":"DGPJ y el CMD iniciaron trabajos para implementar aumento salarial a m\u00e9dicos pensionados","author":"Nelson Feliz","date":"10 de octubre de 2025","format":false,"excerpt":"El Colegio M\u00e9dico Dominicano (CMD) y el Director de Pensiones y Jubilaciones Juan Rosa; iniciaron los trabajos para implementar el aumento salarial para los m\u00e9dicos pensionados; tal y como fue acordado entre el presidente Luis Abinader, el Colegio M\u00e9dico Dominicano y la Asociaci\u00f3n de M\u00e9dicos Pensionados, Jubilados y en Edad\u2026","rel":"","context":"En \u00abECONOM\u00cdA\u00bb","block_context":{"text":"ECONOM\u00cdA","link":"https:\/\/lasprimeras.com.do\/index.php\/category\/economia\/"},"img":{"alt_text":"","src":"https:\/\/i0.wp.com\/lasprimeras.com.do\/wp-content\/uploads\/2025\/10\/CMD-1.jpg?resize=350%2C200&ssl=1","width":350,"height":200,"srcset":"https:\/\/i0.wp.com\/lasprimeras.com.do\/wp-content\/uploads\/2025\/10\/CMD-1.jpg?resize=350%2C200&ssl=1 1x, https:\/\/i0.wp.com\/lasprimeras.com.do\/wp-content\/uploads\/2025\/10\/CMD-1.jpg?resize=525%2C300&ssl=1 1.5x, https:\/\/i0.wp.com\/lasprimeras.com.do\/wp-content\/uploads\/2025\/10\/CMD-1.jpg?resize=700%2C400&ssl=1 2x"},"classes":[]},{"id":116316,"url":"https:\/\/lasprimeras.com.do\/index.php\/2025\/11\/30\/antonio-marte-inaugura-nuevo-local-del-partido-primero-la-gente-en-santiago\/","url_meta":{"origin":72188,"position":2},"title":"Antonio Marte inaugura nuevo local del Partido Primero La Gente en Santiago","author":"Nelson Feliz","date":"30 de noviembre de 2025","format":false,"excerpt":"Juramentan a Mario Cruz y su equipo que sali\u00f3 del Partido Justicia Social. El senador y presidente del Partido Primero La Gente, Antonio Marte encabezo la inauguraci\u00f3n del nuevo local del PPG en la ciudad de Santiago, marcando un paso importante en la expansi\u00f3n y consolidaci\u00f3n de esa organizaci\u00f3n pol\u00edtica\u2026","rel":"","context":"En \u00abPOLITICA\u00bb","block_context":{"text":"POLITICA","link":"https:\/\/lasprimeras.com.do\/index.php\/category\/politica\/"},"img":{"alt_text":"","src":"https:\/\/i0.wp.com\/lasprimeras.com.do\/wp-content\/uploads\/2025\/11\/Antonio-Marte-1.jpg?resize=350%2C200&ssl=1","width":350,"height":200,"srcset":"https:\/\/i0.wp.com\/lasprimeras.com.do\/wp-content\/uploads\/2025\/11\/Antonio-Marte-1.jpg?resize=350%2C200&ssl=1 1x, https:\/\/i0.wp.com\/lasprimeras.com.do\/wp-content\/uploads\/2025\/11\/Antonio-Marte-1.jpg?resize=525%2C300&ssl=1 1.5x, https:\/\/i0.wp.com\/lasprimeras.com.do\/wp-content\/uploads\/2025\/11\/Antonio-Marte-1.jpg?resize=700%2C400&ssl=1 2x"},"classes":[]},{"id":105723,"url":"https:\/\/lasprimeras.com.do\/index.php\/2025\/08\/06\/la-senadora-republicana-marsha-blackburn-se-une-a-la-carrera-por-la-gobernacion-de-tennessee\/","url_meta":{"origin":72188,"position":3},"title":"La senadora republicana Marsha Blackburn se une a la carrera por la gobernaci\u00f3n de Tennessee","author":"Nelson Feliz","date":"6 de agosto de 2025","format":false,"excerpt":"Por Jonathan Mattise NASHVILLE, Tennessee (AP) \u2014 La senadora republicana estadounidense Marsha Blackburn anunci\u00f3 el mi\u00e9rcoles que se presentar\u00e1 a la contienda abierta para gobernadora de Tennessee en 2026, lo que preparar\u00e1 un enfrentamiento en las primarias con el representante estadounidense John Rose . El anuncio de Blackburn oficializa lo\u2026","rel":"","context":"En \u00abINTERNACIONALES\u00bb","block_context":{"text":"INTERNACIONALES","link":"https:\/\/lasprimeras.com.do\/index.php\/category\/sin-categoria\/internacionales\/"},"img":{"alt_text":"","src":"https:\/\/i0.wp.com\/lasprimeras.com.do\/wp-content\/uploads\/2025\/08\/Marsha-Blackburn.jpg?resize=350%2C200&ssl=1","width":350,"height":200,"srcset":"https:\/\/i0.wp.com\/lasprimeras.com.do\/wp-content\/uploads\/2025\/08\/Marsha-Blackburn.jpg?resize=350%2C200&ssl=1 1x, https:\/\/i0.wp.com\/lasprimeras.com.do\/wp-content\/uploads\/2025\/08\/Marsha-Blackburn.jpg?resize=525%2C300&ssl=1 1.5x, https:\/\/i0.wp.com\/lasprimeras.com.do\/wp-content\/uploads\/2025\/08\/Marsha-Blackburn.jpg?resize=700%2C400&ssl=1 2x"},"classes":[]},{"id":59158,"url":"https:\/\/lasprimeras.com.do\/index.php\/2023\/08\/31\/abogado-carlos-mesa-denuncia-existe-una-trama-para-darle-muerte-y-teme-por-su-integridad-fisica\/","url_meta":{"origin":72188,"position":4},"title":"Abogado Carlos Mesa denuncia existe una trama para darle muerte y teme por su integridad f\u00edsica","author":"Nelson Feliz","date":"31 de agosto de 2023","format":false,"excerpt":"El abogado Carlos Manuel Mesa denunci\u00f3 que ha recibido amenazas de muerte supuestamente de parte del ex presidente de la DNCD, Rolando Elpidio Rosado Mateo y el ex director de la Polic\u00eda Nacional, Rafael Guillermo Guzm\u00e1n Ferm\u00edn, por un caso que este lleva en contra de ellos, el cual se\u2026","rel":"","context":"En \u00abNACIONALES\u00bb","block_context":{"text":"NACIONALES","link":"https:\/\/lasprimeras.com.do\/index.php\/category\/nacionales\/"},"img":{"alt_text":"Carlos Mesa","src":"https:\/\/i0.wp.com\/lasprimeras.com.do\/wp-content\/uploads\/2023\/08\/Carlos-Mesa.jpg?resize=350%2C200&ssl=1","width":350,"height":200,"srcset":"https:\/\/i0.wp.com\/lasprimeras.com.do\/wp-content\/uploads\/2023\/08\/Carlos-Mesa.jpg?resize=350%2C200&ssl=1 1x, https:\/\/i0.wp.com\/lasprimeras.com.do\/wp-content\/uploads\/2023\/08\/Carlos-Mesa.jpg?resize=525%2C300&ssl=1 1.5x"},"classes":[]},{"id":116980,"url":"https:\/\/lasprimeras.com.do\/index.php\/2025\/12\/06\/habemus-papa-critica-de-teatro\/","url_meta":{"origin":72188,"position":5},"title":"Habemus Papa (Critica de Teatro)","author":"Nelson Feliz","date":"6 de diciembre de 2025","format":false,"excerpt":"Digitalmente hist\u00f3rico, el montaje deja ver un Pepe Sierra transformado al m\u00e1ximo expresivo, tonalidad pausada, grave y conservadoramente reflexiva. Jos\u00e9 Guillermo adopta acento, personalidad y ritmo, desdobl\u00e1ndose como nunca en su vida Jos\u00e9 Rafael Sosa Habemus Papa, en la Sala Ravelo establece para el teatro dominicano una referencia nueva, caracterizada\u2026","rel":"","context":"En \u00abENTRETENIMIENTO\u00bb","block_context":{"text":"ENTRETENIMIENTO","link":"https:\/\/lasprimeras.com.do\/index.php\/category\/entretenimiento\/"},"img":{"alt_text":"Pepe Sierra y Jos\u00e9 Guillermo Cortines en los dos papeles teatrales de sus vidas: Papa Benedicto y cardenal Jorge Mario Bergoglio.","src":"https:\/\/i0.wp.com\/lasprimeras.com.do\/wp-content\/uploads\/2025\/12\/La-imagen-de-la-obra-Habemus-Papa-al-entrar-a-la-sala-Ravelo.jpg?resize=350%2C200&ssl=1","width":350,"height":200,"srcset":"https:\/\/i0.wp.com\/lasprimeras.com.do\/wp-content\/uploads\/2025\/12\/La-imagen-de-la-obra-Habemus-Papa-al-entrar-a-la-sala-Ravelo.jpg?resize=350%2C200&ssl=1 1x, https:\/\/i0.wp.com\/lasprimeras.com.do\/wp-content\/uploads\/2025\/12\/La-imagen-de-la-obra-Habemus-Papa-al-entrar-a-la-sala-Ravelo.jpg?resize=525%2C300&ssl=1 1.5x, https:\/\/i0.wp.com\/lasprimeras.com.do\/wp-content\/uploads\/2025\/12\/La-imagen-de-la-obra-Habemus-Papa-al-entrar-a-la-sala-Ravelo.jpg?resize=700%2C400&ssl=1 2x, https:\/\/i0.wp.com\/lasprimeras.com.do\/wp-content\/uploads\/2025\/12\/La-imagen-de-la-obra-Habemus-Papa-al-entrar-a-la-sala-Ravelo.jpg?resize=1050%2C600&ssl=1 3x, https:\/\/i0.wp.com\/lasprimeras.com.do\/wp-content\/uploads\/2025\/12\/La-imagen-de-la-obra-Habemus-Papa-al-entrar-a-la-sala-Ravelo.jpg?resize=1400%2C800&ssl=1 4x"},"classes":[]}],"jetpack_sharing_enabled":true,"_links":{"self":[{"href":"https:\/\/lasprimeras.com.do\/index.php\/wp-json\/wp\/v2\/posts\/72188","targetHints":{"allow":["GET"]}}],"collection":[{"href":"https:\/\/lasprimeras.com.do\/index.php\/wp-json\/wp\/v2\/posts"}],"about":[{"href":"https:\/\/lasprimeras.com.do\/index.php\/wp-json\/wp\/v2\/types\/post"}],"author":[{"embeddable":true,"href":"https:\/\/lasprimeras.com.do\/index.php\/wp-json\/wp\/v2\/users\/3"}],"replies":[{"embeddable":true,"href":"https:\/\/lasprimeras.com.do\/index.php\/wp-json\/wp\/v2\/comments?post=72188"}],"version-history":[{"count":1,"href":"https:\/\/lasprimeras.com.do\/index.php\/wp-json\/wp\/v2\/posts\/72188\/revisions"}],"predecessor-version":[{"id":72190,"href":"https:\/\/lasprimeras.com.do\/index.php\/wp-json\/wp\/v2\/posts\/72188\/revisions\/72190"}],"wp:featuredmedia":[{"embeddable":true,"href":"https:\/\/lasprimeras.com.do\/index.php\/wp-json\/wp\/v2\/media\/72189"}],"wp:attachment":[{"href":"https:\/\/lasprimeras.com.do\/index.php\/wp-json\/wp\/v2\/media?parent=72188"}],"wp:term":[{"taxonomy":"category","embeddable":true,"href":"https:\/\/lasprimeras.com.do\/index.php\/wp-json\/wp\/v2\/categories?post=72188"},{"taxonomy":"post_tag","embeddable":true,"href":"https:\/\/lasprimeras.com.do\/index.php\/wp-json\/wp\/v2\/tags?post=72188"}],"curies":[{"name":"wp","href":"https:\/\/api.w.org\/{rel}","templated":true}]}}