{"id":72198,"date":"2023-12-27T16:22:06","date_gmt":"2023-12-27T20:22:06","guid":{"rendered":"https:\/\/lasprimeras.com.do\/?p=72198"},"modified":"2023-12-27T16:22:08","modified_gmt":"2023-12-27T20:22:08","slug":"inespre-entrega-al-tribunal-constitucional-el-titulo-de-propiedad-del-edificio","status":"publish","type":"post","link":"https:\/\/lasprimeras.com.do\/index.php\/2023\/12\/27\/inespre-entrega-al-tribunal-constitucional-el-titulo-de-propiedad-del-edificio\/","title":{"rendered":"INESPRE entrega al Tribunal Constitucional el t\u00edtulo de propiedad del edificio"},"content":{"rendered":"\n<p><strong>La actual gesti\u00f3n ha recuperado m\u00e1s de 55 mil metros de terreno a nivel nacional que ten\u00edan embargos u otras situaciones legales<\/strong><\/p>\n\n\n\n<p>El director del Instituto de Estabilizaci\u00f3n de Precios (Inespre), Iv\u00e1n Hern\u00e1ndez Guzm\u00e1n, entreg\u00f3 al presidente del Tribunal Constitucional, Milton Ray Guevara, el t\u00edtulo definitivo de propiedad del edificio que aloja a esa alta corte y que fue la sede de la instituci\u00f3n estatal por 49 a\u00f1os.<\/p>\n\n\n\n<p>Hern\u00e1ndez Guzm\u00e1n destac\u00f3 la importancia de la entrega de este documento al Tribunal Constitucional, realizada por instrucciones del presidente de la Rep\u00fablica Luis Abinader, luego de que miembros del Departamento Jur\u00eddico del Inespre libraron numerosas batallas legales por deudas de sentencias laborales que obstaculizaban la entrega de dicho inmueble.<\/p>\n\n\n\n<p>Se\u00f1al\u00f3 que la edificaci\u00f3n cuenta con unos 3, 690 metros cuadrados, que oficialmente ya son propiedad del Tribunal Constitucional.<\/p>\n\n\n\n<p>\u201cHoy estamos entregando estos 3,690 metros, pero en todo el pa\u00eds el Inespre ha recuperado 55 mil metros de terrenos de la instituci\u00f3n y estamos laborando para que el Estado dominicano no vuelva a perder un metro m\u00e1s de tierra por incumplimiento a los acreedores, malos manejos o descuidos de quienes nos toca el privilegio de manejar la cosa p\u00fablica\u201d, expres\u00f3 Hern\u00e1ndez Guzm\u00e1n.<\/p>\n\n\n\n<p>Milton Ray Guevara, presidente del Tribunal Constitucional, agradeci\u00f3 la entrega de los t\u00edtulos de propiedad definitivos de la instituci\u00f3n, logrados gracias a un trabajo en conjunto, por lo que manifest\u00f3 gran alegr\u00eda y gozo y era un compromiso del Estado dominicano.<\/p>\n\n\n\n<p>\u201cEs muy importante para nosotros tener este t\u00edtulo de propiedad ya que sirve para fortalecer los activos del tribunal, porque \u00e9l mismo ten\u00eda solo el mobiliario y no cont\u00e1bamos con los activos que pudiesen soportar la carga enorme y la responsabilidad que tenemos en estos locales\u201d, manifest\u00f3 Ray Guevara.<\/p>\n\n\n\n<p>Dijo adem\u00e1s que esto demuestra que hay servidores que van al Estado a servir, no ha servirse, que van al Estado a servir con eficiencia, con oportunidad, como es el caso de Iv\u00e1n Hern\u00e1ndez Guzm\u00e1n.<\/p>\n\n\n\n<p>La entrega fue realizada durante un acto celebrado en la sede del Tribunal Constitucional. Acompa\u00f1aron al director del Inespre el consultor jur\u00eddico de la instituci\u00f3n, Gustavo Valdez; el encargado del Departamento Administrativo, Ferdy Mendieta y el director Administrativo Financiero, V\u00edctor Peralta.<\/p>\n\n\n\n<p>Mientras que por el Tribunal Constitucional estuvieron el primer sustituto del presidente, Rafael D\u00edaz Filpo; la encargada legal de la Direcci\u00f3n General Administrativa y Financiera, Jenny Almonte; el director general Administrativo y Financiero, Jos\u00e9 Luis Polanco y la directora de Gesti\u00f3n Humana, Paulina Ram\u00edrez.<\/p>\n\n\n\n<p>Desde el 2018, la sede principal del Inespre fue trasladada a cuarta planta del Instituto Agrario Dominicano (IAD).<\/p>\n","protected":false},"excerpt":{"rendered":"<p>La actual gesti\u00f3n ha recuperado m\u00e1s de 55 mil metros de terreno a nivel nacional que ten\u00edan embargos u otras situaciones legales El director del Instituto de Estabilizaci\u00f3n de Precios&hellip;<\/p>\n","protected":false},"author":2,"featured_media":72199,"comment_status":"open","ping_status":"open","sticky":false,"template":"","format":"standard","meta":{"content-type":"","jetpack_post_was_ever_published":false,"_jetpack_newsletter_access":"","_jetpack_dont_email_post_to_subs":false,"_jetpack_newsletter_tier_id":0,"_jetpack_memberships_contains_paywalled_content":false,"_jetpack_memberships_contains_paid_content":false,"footnotes":""},"categories":[35,25],"tags":[3602,535,10745,2523],"class_list":["post-72198","post","type-post","status-publish","format-standard","has-post-thumbnail","hentry","category-nacionales","category-portada","tag-edificio","tag-inespre","tag-titulo-de-propiedad","tag-tribunal-constitucional"],"jetpack_featured_media_url":"https:\/\/lasprimeras.com.do\/wp-content\/uploads\/2023\/12\/Inespre.jpg","jetpack-related-posts":[{"id":128981,"url":"https:\/\/lasprimeras.com.do\/index.php\/2026\/04\/28\/presidente-abinader-entrega-25-de-60-vehiculos-al-inespre-a-traves-del-mapre\/","url_meta":{"origin":72198,"position":0},"title":"Presidente Abinader entrega 25 de 60 veh\u00edculos al INESPRE a trav\u00e9s del MAPRE","author":"Nelson Feliz","date":"28 de abril de 2026","format":false,"excerpt":"El presidente de la Rep\u00fablica, Luis Abinader, encabez\u00f3 este martes la entrega de 25 nuevos veh\u00edculos al Instituto de Estabilizaci\u00f3n de Precios (INESPRE), como parte de una flotilla total de 60 unidades destinadas a fortalecer la capacidad operativa de la instituci\u00f3n y ampliar la distribuci\u00f3n de alimentos a precios asequibles\u2026","rel":"","context":"En \u00abNACIONALES\u00bb","block_context":{"text":"NACIONALES","link":"https:\/\/lasprimeras.com.do\/index.php\/category\/nacionales\/"},"img":{"alt_text":"","src":"https:\/\/i0.wp.com\/lasprimeras.com.do\/wp-content\/uploads\/2026\/04\/Luis-Abinader-Inespre-1.jpg?resize=350%2C200&ssl=1","width":350,"height":200,"srcset":"https:\/\/i0.wp.com\/lasprimeras.com.do\/wp-content\/uploads\/2026\/04\/Luis-Abinader-Inespre-1.jpg?resize=350%2C200&ssl=1 1x, https:\/\/i0.wp.com\/lasprimeras.com.do\/wp-content\/uploads\/2026\/04\/Luis-Abinader-Inespre-1.jpg?resize=525%2C300&ssl=1 1.5x, https:\/\/i0.wp.com\/lasprimeras.com.do\/wp-content\/uploads\/2026\/04\/Luis-Abinader-Inespre-1.jpg?resize=700%2C400&ssl=1 2x"},"classes":[]},{"id":105990,"url":"https:\/\/lasprimeras.com.do\/index.php\/2025\/08\/09\/inespre-impacta-a-cientos-de-personas-con-ventas-de-alimentos-a-bajos-precios-en-capotillo\/","url_meta":{"origin":72198,"position":1},"title":"Inespre impacta a cientos de personas con ventas de alimentos a bajos precios en Capotillo","author":"Nelson Feliz","date":"9 de agosto de 2025","format":false,"excerpt":"La jornada de ofertas se realiz\u00f3 en el marco de una visita del presidente Luis Abinader a la barriada. Cientos de personas residentes en el sector Capotillo del Distrito Nacional y zonas aleda\u00f1as aprovecharon las ofertas de una amplia gama de productos que puso a su disposici\u00f3n el Instituto de\u2026","rel":"","context":"En \u00abECONOM\u00cdA\u00bb","block_context":{"text":"ECONOM\u00cdA","link":"https:\/\/lasprimeras.com.do\/index.php\/category\/economia\/"},"img":{"alt_text":"","src":"https:\/\/i0.wp.com\/lasprimeras.com.do\/wp-content\/uploads\/2025\/08\/VENTA-DE-PRODUCTOS-EN-CAPOTILLO-2.jpg?resize=350%2C200&ssl=1","width":350,"height":200,"srcset":"https:\/\/i0.wp.com\/lasprimeras.com.do\/wp-content\/uploads\/2025\/08\/VENTA-DE-PRODUCTOS-EN-CAPOTILLO-2.jpg?resize=350%2C200&ssl=1 1x, https:\/\/i0.wp.com\/lasprimeras.com.do\/wp-content\/uploads\/2025\/08\/VENTA-DE-PRODUCTOS-EN-CAPOTILLO-2.jpg?resize=525%2C300&ssl=1 1.5x, https:\/\/i0.wp.com\/lasprimeras.com.do\/wp-content\/uploads\/2025\/08\/VENTA-DE-PRODUCTOS-EN-CAPOTILLO-2.jpg?resize=700%2C400&ssl=1 2x"},"classes":[]},{"id":103117,"url":"https:\/\/lasprimeras.com.do\/index.php\/2025\/07\/11\/abinader-desarrollara-agenda-de-trabajo-este-fin-de-semana-spm-sd-este-y-boca-chica\/","url_meta":{"origin":72198,"position":2},"title":"Abinader desarrollar\u00e1 agenda de trabajo este fin de semana SPM, SD-Este y Boca Chica","author":"Nelson Feliz","date":"11 de julio de 2025","format":false,"excerpt":"El presidente Luis Abinader, continuar\u00e1 este fin de semana con su agenda de trabajo en el territorio nacional, con actividades programadas el s\u00e1bado 12 y domingo 13 de julio en la provincia de San Pedro de Macor\u00eds, Santo Domingo Este y Boca Chica en beneficio de la ciudadan\u00eda. Las acciones\u2026","rel":"","context":"En \u00abNACIONALES\u00bb","block_context":{"text":"NACIONALES","link":"https:\/\/lasprimeras.com.do\/index.php\/category\/nacionales\/"},"img":{"alt_text":"","src":"https:\/\/i0.wp.com\/lasprimeras.com.do\/wp-content\/uploads\/2025\/07\/Luis-Abinader-4-1.jpg?resize=350%2C200&ssl=1","width":350,"height":200,"srcset":"https:\/\/i0.wp.com\/lasprimeras.com.do\/wp-content\/uploads\/2025\/07\/Luis-Abinader-4-1.jpg?resize=350%2C200&ssl=1 1x, https:\/\/i0.wp.com\/lasprimeras.com.do\/wp-content\/uploads\/2025\/07\/Luis-Abinader-4-1.jpg?resize=525%2C300&ssl=1 1.5x, https:\/\/i0.wp.com\/lasprimeras.com.do\/wp-content\/uploads\/2025\/07\/Luis-Abinader-4-1.jpg?resize=700%2C400&ssl=1 2x"},"classes":[]},{"id":82393,"url":"https:\/\/lasprimeras.com.do\/index.php\/2024\/05\/02\/gobierno-compra-mas-de-13-millones-de-guineos-a-adobanano-y-los-vende-a-peso-a-traves-del-inespre\/","url_meta":{"origin":72198,"position":3},"title":"Gobierno compra m\u00e1s de 13 millones de guineos a Adobanano y los vende a peso a trav\u00e9s del Inespre","author":"BIMARY DE JES\u00daS Matos","date":"2 de mayo de 2024","format":false,"excerpt":"El producto es comercializado en 23 mercados de productores a nivel nacional Santo Domingo, Rep\u00fablica Dominicana. El Gobierno dominicano a trav\u00e9s del Inespre compr\u00f3 13 millones 793 mil unidades de guineos verdes a miembros de la Asociaci\u00f3n Dominicana de Productores de Banano (ADOBANANO) con una inversi\u00f3n de m\u00e1s de 40\u2026","rel":"","context":"En \u00abNACIONALES\u00bb","block_context":{"text":"NACIONALES","link":"https:\/\/lasprimeras.com.do\/index.php\/category\/nacionales\/"},"img":{"alt_text":"","src":"https:\/\/i0.wp.com\/lasprimeras.com.do\/wp-content\/uploads\/2024\/05\/IMG-20240502-WA0025.jpg?resize=350%2C200&ssl=1","width":350,"height":200,"srcset":"https:\/\/i0.wp.com\/lasprimeras.com.do\/wp-content\/uploads\/2024\/05\/IMG-20240502-WA0025.jpg?resize=350%2C200&ssl=1 1x, https:\/\/i0.wp.com\/lasprimeras.com.do\/wp-content\/uploads\/2024\/05\/IMG-20240502-WA0025.jpg?resize=525%2C300&ssl=1 1.5x, https:\/\/i0.wp.com\/lasprimeras.com.do\/wp-content\/uploads\/2024\/05\/IMG-20240502-WA0025.jpg?resize=700%2C400&ssl=1 2x, https:\/\/i0.wp.com\/lasprimeras.com.do\/wp-content\/uploads\/2024\/05\/IMG-20240502-WA0025.jpg?resize=1050%2C600&ssl=1 3x, https:\/\/i0.wp.com\/lasprimeras.com.do\/wp-content\/uploads\/2024\/05\/IMG-20240502-WA0025.jpg?resize=1400%2C800&ssl=1 4x"},"classes":[]},{"id":58670,"url":"https:\/\/lasprimeras.com.do\/index.php\/2023\/08\/27\/inespre-inicia-compra-de-bananos-a-productores-de-azua\/","url_meta":{"origin":72198,"position":4},"title":"Inespre inicia compra de bananos a productores de Azua","author":"Nelson Feliz","date":"27 de agosto de 2023","format":false,"excerpt":"-Instituci\u00f3n tambi\u00e9n don\u00f3 m\u00e1s de 2000 raciones alimenticias en sectores afectados del Distrito Nacional y la provincia Santo Domingo. El Instituto de Estabilizaci\u00f3n de Precios (Inespre) inici\u00f3 la compra de m\u00e1s de un mill\u00f3n de unidades de bananos a productores de Azua que resultaron afectados con el paso de la\u2026","rel":"","context":"En \u00abECONOM\u00cdA\u00bb","block_context":{"text":"ECONOM\u00cdA","link":"https:\/\/lasprimeras.com.do\/index.php\/category\/economia\/"},"img":{"alt_text":"Platanos Inespre","src":"https:\/\/i0.wp.com\/lasprimeras.com.do\/wp-content\/uploads\/2023\/08\/Platanos-Inespre-1.jpg?resize=350%2C200&ssl=1","width":350,"height":200,"srcset":"https:\/\/i0.wp.com\/lasprimeras.com.do\/wp-content\/uploads\/2023\/08\/Platanos-Inespre-1.jpg?resize=350%2C200&ssl=1 1x, https:\/\/i0.wp.com\/lasprimeras.com.do\/wp-content\/uploads\/2023\/08\/Platanos-Inespre-1.jpg?resize=525%2C300&ssl=1 1.5x, https:\/\/i0.wp.com\/lasprimeras.com.do\/wp-content\/uploads\/2023\/08\/Platanos-Inespre-1.jpg?resize=700%2C400&ssl=1 2x"},"classes":[]},{"id":75851,"url":"https:\/\/lasprimeras.com.do\/index.php\/2024\/02\/05\/idecoop-aprueba-reapertura-de-cooperativa-de-empleados-del-inespre\/","url_meta":{"origin":72198,"position":5},"title":"Idecoop aprueba reapertura de Cooperativa de Empleados del Inespre","author":"Nelson Feliz","date":"5 de febrero de 2024","format":false,"excerpt":"La instituci\u00f3n tambi\u00e9n recibi\u00f3 un reconocimiento del INAP por su alto ranking en el subindicador 8.1 del Plan de Capacitaci\u00f3n. El Instituto de Ahorro y Cr\u00e9dito Cooperativo (IDECOOP) aprob\u00f3 la reapertura de la Cooperativa de Servicios M\u00faltiples de los Servidores del Inespre (COOPNESPRE), que ten\u00eda 22 a\u00f1os cerrada. Para tales\u2026","rel":"","context":"En \u00abECONOM\u00cdA\u00bb","block_context":{"text":"ECONOM\u00cdA","link":"https:\/\/lasprimeras.com.do\/index.php\/category\/economia\/"},"img":{"alt_text":"Iv\u00e1n Hern\u00e1ndez Guzm\u00e1n","src":"https:\/\/i0.wp.com\/lasprimeras.com.do\/wp-content\/uploads\/2024\/02\/Ivan-Hernandez-Guzman.jpg?resize=350%2C200&ssl=1","width":350,"height":200,"srcset":"https:\/\/i0.wp.com\/lasprimeras.com.do\/wp-content\/uploads\/2024\/02\/Ivan-Hernandez-Guzman.jpg?resize=350%2C200&ssl=1 1x, https:\/\/i0.wp.com\/lasprimeras.com.do\/wp-content\/uploads\/2024\/02\/Ivan-Hernandez-Guzman.jpg?resize=525%2C300&ssl=1 1.5x"},"classes":[]}],"jetpack_sharing_enabled":true,"_links":{"self":[{"href":"https:\/\/lasprimeras.com.do\/index.php\/wp-json\/wp\/v2\/posts\/72198","targetHints":{"allow":["GET"]}}],"collection":[{"href":"https:\/\/lasprimeras.com.do\/index.php\/wp-json\/wp\/v2\/posts"}],"about":[{"href":"https:\/\/lasprimeras.com.do\/index.php\/wp-json\/wp\/v2\/types\/post"}],"author":[{"embeddable":true,"href":"https:\/\/lasprimeras.com.do\/index.php\/wp-json\/wp\/v2\/users\/2"}],"replies":[{"embeddable":true,"href":"https:\/\/lasprimeras.com.do\/index.php\/wp-json\/wp\/v2\/comments?post=72198"}],"version-history":[{"count":1,"href":"https:\/\/lasprimeras.com.do\/index.php\/wp-json\/wp\/v2\/posts\/72198\/revisions"}],"predecessor-version":[{"id":72200,"href":"https:\/\/lasprimeras.com.do\/index.php\/wp-json\/wp\/v2\/posts\/72198\/revisions\/72200"}],"wp:featuredmedia":[{"embeddable":true,"href":"https:\/\/lasprimeras.com.do\/index.php\/wp-json\/wp\/v2\/media\/72199"}],"wp:attachment":[{"href":"https:\/\/lasprimeras.com.do\/index.php\/wp-json\/wp\/v2\/media?parent=72198"}],"wp:term":[{"taxonomy":"category","embeddable":true,"href":"https:\/\/lasprimeras.com.do\/index.php\/wp-json\/wp\/v2\/categories?post=72198"},{"taxonomy":"post_tag","embeddable":true,"href":"https:\/\/lasprimeras.com.do\/index.php\/wp-json\/wp\/v2\/tags?post=72198"}],"curies":[{"name":"wp","href":"https:\/\/api.w.org\/{rel}","templated":true}]}}