{"id":72204,"date":"2023-12-27T19:08:38","date_gmt":"2023-12-27T23:08:38","guid":{"rendered":"https:\/\/lasprimeras.com.do\/?p=72204"},"modified":"2023-12-27T19:08:39","modified_gmt":"2023-12-27T23:08:39","slug":"hector-acosta-llama-a-celebrar-con-responsabilidad-y-prudencia-este-fin-de-ano","status":"publish","type":"post","link":"https:\/\/lasprimeras.com.do\/index.php\/2023\/12\/27\/hector-acosta-llama-a-celebrar-con-responsabilidad-y-prudencia-este-fin-de-ano\/","title":{"rendered":"H\u00e9ctor Acosta llama a celebrar con responsabilidad y prudencia este fin de a\u00f1o"},"content":{"rendered":"\n<p>El senador de la Provincia Monse\u00f1or Nouel(Bonao), H\u00e9ctor Acosta se dirigi\u00f3 al pueblo dominicano en estos d\u00edas de celebraci\u00f3n y alegr\u00eda por la temporada navide\u00f1a que sin lugar a dudas, es la \u00e9poca m\u00e1s importante de la cultura dominicana.<\/p>\n\n\n\n<p>El legislador perremeista, manifest\u00f3 que las luces, la m\u00fasica y los encuentros navide\u00f1os son elementos que definen nuestra identidad como pueblo alegre. Sin embargo, en medio de esta festividad, es esencial recordar que a\u00fan nos queda por transitar una fecha crucial: Que es el A\u00f1o Nuevo.<\/p>\n\n\n\n<p>&#8220;Como legislador y amante de nuestra cultura, me llena de tristeza observar las cifras recientes proporcionadas por el Servicio Nacional de Salud (SNS), que reporta que, durante el feriado de Navidad, diecinueve hermanos dominicanos perdieron la vida y 907 personas fueron atendidas en los hospitales de la red p\u00fablica&#8221;, dijo.<\/p>\n\n\n\n<p>Se\u00f1ala que estos n\u00fameros no solo son estad\u00edsticas; representan vidas, familias y sue\u00f1os que se ven afectados por situaciones que podr\u00edamos evitar. Ante esta realidad, quiero hacer un llamado a la responsabilidad y a la prudencia en nuestras celebraciones de fin de a\u00f1o.<\/p>\n\n\n\n<p>La diversi\u00f3n sana y responsable es posible. Todos queremos disfrutar de esta temporada con amigos y familiares, pero no debemos olvidar que nuestra salud y la seguridad de todos est\u00e1n en juego. El virus que a\u00fan nos afecta no toma vacaciones, y es nuestra responsabilidad actuar con cuidado y respeto hacia nosotros mismos y los dem\u00e1s.<\/p>\n\n\n\n<p>Propongo que celebremos un A\u00f1o Nuevo y un D\u00eda de Reyes marcados por la responsabilidad,la prudencia y el respeto por la vida. Adoptemos medidas de prevenci\u00f3n,evitemos los excesos, sobre todo,cuid\u00e9monos unos a otros.<\/p>\n\n\n\n<p>Divi\u00e9rtete comparte con los tuyos y recuerda que este es un tiempo tambi\u00e9n de reflexi\u00f3n y responsabilidad. Que el A\u00f1o Nuevo nos traiga salud, prosperidad y la fortaleza para superar cualquier desaf\u00edo que se nos presente, quiero que el 2024 nos permita volver a abrazarnos como hermanos.<\/p>\n","protected":false},"excerpt":{"rendered":"<p>El senador de la Provincia Monse\u00f1or Nouel(Bonao), H\u00e9ctor Acosta se dirigi\u00f3 al pueblo dominicano en estos d\u00edas de celebraci\u00f3n y alegr\u00eda por la temporada navide\u00f1a que sin lugar a dudas,&hellip;<\/p>\n","protected":false},"author":2,"featured_media":58675,"comment_status":"open","ping_status":"open","sticky":false,"template":"","format":"standard","meta":{"content-type":"","jetpack_post_was_ever_published":false,"_jetpack_newsletter_access":"","_jetpack_dont_email_post_to_subs":false,"_jetpack_newsletter_tier_id":0,"_jetpack_memberships_contains_paywalled_content":false,"_jetpack_memberships_contains_paid_content":false,"footnotes":""},"categories":[25],"tags":[4294,10730,4975,4347,2849],"class_list":["post-72204","post","type-post","status-publish","format-standard","has-post-thumbnail","hentry","category-portada","tag-celebrar","tag-fin-de-ano","tag-hector-acosta","tag-prudencia","tag-responsabilidad"],"jetpack_featured_media_url":"https:\/\/lasprimeras.com.do\/wp-content\/uploads\/2023\/08\/Hector-Acosta.jpg","jetpack-related-posts":[{"id":94307,"url":"https:\/\/lasprimeras.com.do\/index.php\/2025\/02\/27\/hector-acosta-el-torito-celebra-un-ano-de-lucha-y-victoria-contra-el-cancer\/","url_meta":{"origin":72204,"position":0},"title":"H\u00e9ctor Acosta &#8220;El Torito&#8221; celebra un a\u00f1o de lucha y victoria contra el c\u00e1ncer","author":"Nelson Feliz","date":"27 de febrero de 2025","format":false,"excerpt":"Acosta comparti\u00f3 en sus redes sociales que ha pasado un a\u00f1o desde que recibi\u00f3 su primera sesi\u00f3n de quimioterapia. El reconocido merenguero y senador dominicano H\u00e9ctor Acosta, mejor conocido como El Torito, conmemor\u00f3 a trav\u00e9s de sus redes sociales un a\u00f1o desde que recibi\u00f3 su primera sesi\u00f3n de quimioterapia. En\u2026","rel":"","context":"En \u00abENTRETENIMIENTO\u00bb","block_context":{"text":"ENTRETENIMIENTO","link":"https:\/\/lasprimeras.com.do\/index.php\/category\/entretenimiento\/"},"img":{"alt_text":"H\u00e9ctor Acosta \u201cEl Torito\u201d","src":"https:\/\/i0.wp.com\/lasprimeras.com.do\/wp-content\/uploads\/2024\/05\/Hector-Acosta.jpeg?resize=350%2C200&ssl=1","width":350,"height":200,"srcset":"https:\/\/i0.wp.com\/lasprimeras.com.do\/wp-content\/uploads\/2024\/05\/Hector-Acosta.jpeg?resize=350%2C200&ssl=1 1x, https:\/\/i0.wp.com\/lasprimeras.com.do\/wp-content\/uploads\/2024\/05\/Hector-Acosta.jpeg?resize=525%2C300&ssl=1 1.5x, https:\/\/i0.wp.com\/lasprimeras.com.do\/wp-content\/uploads\/2024\/05\/Hector-Acosta.jpeg?resize=700%2C400&ssl=1 2x"},"classes":[]},{"id":87797,"url":"https:\/\/lasprimeras.com.do\/index.php\/2024\/08\/17\/hector-acosta-agradece-apoyo-de-los-medios-de-comunicacion-durante-su-carrera-y-recuperacion-de-salud\/","url_meta":{"origin":72204,"position":1},"title":"H\u00e9ctor Acosta agradece apoyo de los Medios durante su carrera y salud","author":"Nelson Feliz","date":"17 de agosto de 2024","format":false,"excerpt":"El reconocido merenguero y senador H\u00e9ctor Acosta \"El Torito\", expres\u00f3 este s\u00e1bado su profundo agradecimiento a los medios de comunicaci\u00f3n de la Rep\u00fablica Dominicana por el constante apoyo recibido a lo largo de su carrera, especialmente en este a\u00f1o 2024, cuando enfrent\u00f3 un proceso de salud complicado. Acosta, quien regres\u00f3\u2026","rel":"","context":"En \u00abPORTADA\u00bb","block_context":{"text":"PORTADA","link":"https:\/\/lasprimeras.com.do\/index.php\/category\/portada\/"},"img":{"alt_text":"H\u00e9ctor Acosta","src":"https:\/\/i0.wp.com\/lasprimeras.com.do\/wp-content\/uploads\/2024\/08\/Hector-Acosta.jpg?resize=350%2C200&ssl=1","width":350,"height":200,"srcset":"https:\/\/i0.wp.com\/lasprimeras.com.do\/wp-content\/uploads\/2024\/08\/Hector-Acosta.jpg?resize=350%2C200&ssl=1 1x, https:\/\/i0.wp.com\/lasprimeras.com.do\/wp-content\/uploads\/2024\/08\/Hector-Acosta.jpg?resize=525%2C300&ssl=1 1.5x, https:\/\/i0.wp.com\/lasprimeras.com.do\/wp-content\/uploads\/2024\/08\/Hector-Acosta.jpg?resize=700%2C400&ssl=1 2x"},"classes":[]},{"id":70060,"url":"https:\/\/lasprimeras.com.do\/index.php\/2023\/12\/08\/udc-llega-a-barrios-marginados-con-aguinaldo-y-encendido-arbolito-navideno\/","url_meta":{"origin":72204,"position":2},"title":"UDC llega a barrios marginados, con Aguinaldo y encendido \u00e1rbolito Navide\u00f1o","author":"Nelson Feliz","date":"8 de diciembre de 2023","format":false,"excerpt":"En un verdadero ba\u00f1o de pueblo, Luis \u201cEl Gallo\u201d lleg\u00f3 a los barrios marginados de Santo Domingo, llevando alegr\u00eda con su Aguinaldo y encendido de \u00e1rbolitos Navide\u00f1os. Luis Acosta Moreta, Luis \u201cEl Gallo\u201d, puso a bailar ritmos navide\u00f1os a ni\u00f1os, adultos y personas de la tercera edad, en el primer\u2026","rel":"","context":"En \u00abENTRETENIMIENTO\u00bb","block_context":{"text":"ENTRETENIMIENTO","link":"https:\/\/lasprimeras.com.do\/index.php\/category\/entretenimiento\/"},"img":{"alt_text":"encendido \u00e1rbolito Navide\u00f1o","src":"https:\/\/i0.wp.com\/lasprimeras.com.do\/wp-content\/uploads\/2023\/12\/encendido-arbolito-Navideno.jpg?resize=350%2C200&ssl=1","width":350,"height":200,"srcset":"https:\/\/i0.wp.com\/lasprimeras.com.do\/wp-content\/uploads\/2023\/12\/encendido-arbolito-Navideno.jpg?resize=350%2C200&ssl=1 1x, https:\/\/i0.wp.com\/lasprimeras.com.do\/wp-content\/uploads\/2023\/12\/encendido-arbolito-Navideno.jpg?resize=525%2C300&ssl=1 1.5x, https:\/\/i0.wp.com\/lasprimeras.com.do\/wp-content\/uploads\/2023\/12\/encendido-arbolito-Navideno.jpg?resize=700%2C400&ssl=1 2x"},"classes":[]},{"id":82189,"url":"https:\/\/lasprimeras.com.do\/index.php\/2024\/04\/29\/hector-acosta-a-la-oposicion-que-mastiquen-y-traguen-que-el-19-de-mayo-se-mueren\/","url_meta":{"origin":72204,"position":3},"title":"H\u00e9ctor Acosta: A la oposici\u00f3n que mastiquen y traguen que el 19 de mayo se mueren","author":"Nelson Feliz","date":"29 de abril de 2024","format":false,"excerpt":"El senador por la provincia Monse\u00f1or Nouel y quien aspira a la misma posici\u00f3n, H\u00e9ctor Acosta \"El Torito\", valor\u00f3 la obra de gobierno del presidente Luis Abinader en favor del pueblo dominicano. Acosta manifest\u00f3 que las actuales autoridades no le dan la espalda a su gente y que seguir\u00e1n luchando\u2026","rel":"","context":"En \u00abSin categor\u00eda\u00bb","block_context":{"text":"Sin categor\u00eda","link":"https:\/\/lasprimeras.com.do\/index.php\/category\/sin-categoria\/"},"img":{"alt_text":"H\u00e9ctor Acosta","src":"https:\/\/i0.wp.com\/lasprimeras.com.do\/wp-content\/uploads\/2024\/04\/Hector-Acosta.jpg?resize=350%2C200&ssl=1","width":350,"height":200,"srcset":"https:\/\/i0.wp.com\/lasprimeras.com.do\/wp-content\/uploads\/2024\/04\/Hector-Acosta.jpg?resize=350%2C200&ssl=1 1x, https:\/\/i0.wp.com\/lasprimeras.com.do\/wp-content\/uploads\/2024\/04\/Hector-Acosta.jpg?resize=525%2C300&ssl=1 1.5x"},"classes":[]},{"id":73218,"url":"https:\/\/lasprimeras.com.do\/index.php\/2024\/01\/07\/hector-acosta-se-retira-de-la-politica-y-escenarios-por-problemas-de-salud\/","url_meta":{"origin":72204,"position":4},"title":"H\u00e9ctor Acosta se retira de la pol\u00edtica y escenarios por problemas de salud","author":"Nelson Feliz","date":"7 de enero de 2024","format":false,"excerpt":"El senador y cantante H\u00e9ctor Acosta \u201cEl Torito\u201d anunci\u00f3 este domingo una pausa \u00abmoment\u00e1nea\u00bb de los escenarios y la pol\u00edtica para tratar asuntos de salud que, seg\u00fan precis\u00f3, \u00abrequieren de atenci\u00f3n m\u00e9dica inmediata\u00bb. En un comunicado, el senador por la provincia Monse\u00f1or Nouel explic\u00f3 que el 5 de diciembre pasado\u2026","rel":"","context":"En \u00abPORTADA\u00bb","block_context":{"text":"PORTADA","link":"https:\/\/lasprimeras.com.do\/index.php\/category\/portada\/"},"img":{"alt_text":"H\u00e9ctor Acosta","src":"https:\/\/i0.wp.com\/lasprimeras.com.do\/wp-content\/uploads\/2023\/08\/Hector-Acosta.jpg?resize=350%2C200&ssl=1","width":350,"height":200,"srcset":"https:\/\/i0.wp.com\/lasprimeras.com.do\/wp-content\/uploads\/2023\/08\/Hector-Acosta.jpg?resize=350%2C200&ssl=1 1x, https:\/\/i0.wp.com\/lasprimeras.com.do\/wp-content\/uploads\/2023\/08\/Hector-Acosta.jpg?resize=525%2C300&ssl=1 1.5x"},"classes":[]},{"id":58674,"url":"https:\/\/lasprimeras.com.do\/index.php\/2023\/08\/27\/senador-hector-acosta-favorece-que-policias-y-militares-ejerzan-el-derecho-al-voto\/","url_meta":{"origin":72204,"position":5},"title":"Senador H\u00e9ctor Acosta favorece que polic\u00edas y militares ejerzan el derecho al voto","author":"Nelson Feliz","date":"27 de agosto de 2023","format":false,"excerpt":"\u201cMe gustar\u00eda ver a los polic\u00edas y militares votando en estas elecciones\u201d, dijo Acosta Restituyo. El senador de la provincia Monse\u00f1or Nouel(Bonao), H\u00e9ctor Acosta (El Torito) afirm\u00f3 que ya es tiempo que a los polic\u00edas y militares de la Rep\u00fablica Dominicana se les reconozca el derecho de poder acudir a\u2026","rel":"","context":"En \u00abPORTADA\u00bb","block_context":{"text":"PORTADA","link":"https:\/\/lasprimeras.com.do\/index.php\/category\/portada\/"},"img":{"alt_text":"H\u00e9ctor Acosta","src":"https:\/\/i0.wp.com\/lasprimeras.com.do\/wp-content\/uploads\/2023\/08\/Hector-Acosta.jpg?resize=350%2C200&ssl=1","width":350,"height":200,"srcset":"https:\/\/i0.wp.com\/lasprimeras.com.do\/wp-content\/uploads\/2023\/08\/Hector-Acosta.jpg?resize=350%2C200&ssl=1 1x, https:\/\/i0.wp.com\/lasprimeras.com.do\/wp-content\/uploads\/2023\/08\/Hector-Acosta.jpg?resize=525%2C300&ssl=1 1.5x"},"classes":[]}],"jetpack_sharing_enabled":true,"_links":{"self":[{"href":"https:\/\/lasprimeras.com.do\/index.php\/wp-json\/wp\/v2\/posts\/72204","targetHints":{"allow":["GET"]}}],"collection":[{"href":"https:\/\/lasprimeras.com.do\/index.php\/wp-json\/wp\/v2\/posts"}],"about":[{"href":"https:\/\/lasprimeras.com.do\/index.php\/wp-json\/wp\/v2\/types\/post"}],"author":[{"embeddable":true,"href":"https:\/\/lasprimeras.com.do\/index.php\/wp-json\/wp\/v2\/users\/2"}],"replies":[{"embeddable":true,"href":"https:\/\/lasprimeras.com.do\/index.php\/wp-json\/wp\/v2\/comments?post=72204"}],"version-history":[{"count":1,"href":"https:\/\/lasprimeras.com.do\/index.php\/wp-json\/wp\/v2\/posts\/72204\/revisions"}],"predecessor-version":[{"id":72205,"href":"https:\/\/lasprimeras.com.do\/index.php\/wp-json\/wp\/v2\/posts\/72204\/revisions\/72205"}],"wp:featuredmedia":[{"embeddable":true,"href":"https:\/\/lasprimeras.com.do\/index.php\/wp-json\/wp\/v2\/media\/58675"}],"wp:attachment":[{"href":"https:\/\/lasprimeras.com.do\/index.php\/wp-json\/wp\/v2\/media?parent=72204"}],"wp:term":[{"taxonomy":"category","embeddable":true,"href":"https:\/\/lasprimeras.com.do\/index.php\/wp-json\/wp\/v2\/categories?post=72204"},{"taxonomy":"post_tag","embeddable":true,"href":"https:\/\/lasprimeras.com.do\/index.php\/wp-json\/wp\/v2\/tags?post=72204"}],"curies":[{"name":"wp","href":"https:\/\/api.w.org\/{rel}","templated":true}]}}