{"id":72207,"date":"2023-12-27T21:30:31","date_gmt":"2023-12-28T01:30:31","guid":{"rendered":"https:\/\/lasprimeras.com.do\/?p=72207"},"modified":"2023-12-27T21:30:32","modified_gmt":"2023-12-28T01:30:32","slug":"director-de-la-digesett-dispone-cambios-en-dotacion-completa-de-yamasa","status":"publish","type":"post","link":"https:\/\/lasprimeras.com.do\/index.php\/2023\/12\/27\/director-de-la-digesett-dispone-cambios-en-dotacion-completa-de-yamasa\/","title":{"rendered":"Director de la DIGESETT dispone cambios en dotaci\u00f3n completa de Yamas\u00e1"},"content":{"rendered":"\n<p>Por Martin Restituyo<\/p>\n\n\n\n<p>El director de la Direcci\u00f3n General de Seguridad de Tr\u00e1nsito y Transporte Terrestre (DIGESETT), general Francisco Osoria de la Cruz, dispuso el cambio de la dotaci\u00f3n completa del municipio de Yamas\u00e1, provincia Monte Plata.<\/p>\n\n\n\n<p>Esta decisi\u00f3n se produjo a ra\u00edz de estos permitir que un conductor abordara su veh\u00edculo (tipo camioneta) para conducir en estado de embriaguez, contrario a los lineamientos institucionales.<\/p>\n\n\n\n<p>Seg\u00fan lo establecido en la Ley 63-17, en su art\u00edculo 256, se proh\u00edbe a los conductores de veh\u00edculos ingerir bebidas alcoh\u00f3licas mientras transitan por las v\u00edas p\u00fablicas o conducir en estado de embriaguez.<\/p>\n\n\n\n<p>El general Osoria ha instruido en\u00e9rgicamente a los efectivos de DIGESETT velar por el estricto cumplimiento de la Ley, que el prop\u00f3sito institucional es viabilizar, fiscalizar, y fortalecer de forma integral la seguridad vial de todos los ciudadanos, y que cualquier acci\u00f3n que ponga en riesgo la vida o la integridad f\u00edsica de las personas, no ser\u00e1 tolerada, por tal raz\u00f3n tom\u00f3 esa medida disciplinaria, para enviar un mensaje claro a todos los miembros de la instituci\u00f3n sobre la importancia de respetar las leyes y normativas en materia de tr\u00e1nsito, reiter\u00f3.<\/p>\n\n\n\n<p>Asimismo, el director de la DIGESETT expres\u00f3 el compromiso de continuar la filosof\u00eda institucional de proteger y servir, y ha instado a la poblaci\u00f3n a conducir de manera responsable y evitar cualquier acci\u00f3n que ponga en peligro su vida y la de los dem\u00e1s en estas festividades y siempre.<\/p>\n","protected":false},"excerpt":{"rendered":"<p>Por Martin Restituyo El director de la Direcci\u00f3n General de Seguridad de Tr\u00e1nsito y Transporte Terrestre (DIGESETT), general Francisco Osoria de la Cruz, dispuso el cambio de la dotaci\u00f3n completa&hellip;<\/p>\n","protected":false},"author":2,"featured_media":72208,"comment_status":"open","ping_status":"open","sticky":false,"template":"","format":"standard","meta":{"content-type":"","jetpack_post_was_ever_published":false,"_jetpack_newsletter_access":"","_jetpack_dont_email_post_to_subs":false,"_jetpack_newsletter_tier_id":0,"_jetpack_memberships_contains_paywalled_content":false,"_jetpack_memberships_contains_paid_content":false,"footnotes":""},"categories":[3057,25],"tags":[1568,244,10747],"class_list":["post-72207","post","type-post","status-publish","format-standard","has-post-thumbnail","hentry","category-militares","category-portada","tag-cambios","tag-digesett","tag-dotacion"],"jetpack_featured_media_url":"https:\/\/lasprimeras.com.do\/wp-content\/uploads\/2023\/12\/Francisco-Osoria-de-la-Cruz.jpg","jetpack-related-posts":[{"id":79080,"url":"https:\/\/lasprimeras.com.do\/index.php\/2024\/03\/23\/digesett-sigue-firme-con-los-operativos-para-hacer-cumplir-la-ley-de-transito\/","url_meta":{"origin":72207,"position":0},"title":"Digesett sigue firme con los operativos para hacer cumplir la ley de tr\u00e1nsito","author":"Juana Mercedes","date":"23 de marzo de 2024","format":false,"excerpt":"El director de la Direcci\u00f3n General de Seguridad de Tr\u00e1nsito y Transperrestre\u00a0(Digesett) general\u00a0Francisco Osoria de la Cruz,\u00a0garantiz\u00f3 que la entidad, implementa\u00a0operativos\u00a0para disminuir los\u00a0accidentes de tr\u00e1nsito\u00a0y hacer cumplir la\u00a0Ley 63-17 en la Rep\u00fablica Dominicana. La entidad revel\u00f3 en datos estad\u00edsticos que en los operativos realizados por los agentes de la Digesett\u2026","rel":"","context":"En \u00abMILITARES\u00bb","block_context":{"text":"MILITARES","link":"https:\/\/lasprimeras.com.do\/index.php\/category\/militares\/"},"img":{"alt_text":"Francisco Osoria de la Cruz","src":"https:\/\/i0.wp.com\/lasprimeras.com.do\/wp-content\/uploads\/2023\/12\/Francisco-Osoria-de-la-Cruz.jpg?resize=350%2C200&ssl=1","width":350,"height":200,"srcset":"https:\/\/i0.wp.com\/lasprimeras.com.do\/wp-content\/uploads\/2023\/12\/Francisco-Osoria-de-la-Cruz.jpg?resize=350%2C200&ssl=1 1x, https:\/\/i0.wp.com\/lasprimeras.com.do\/wp-content\/uploads\/2023\/12\/Francisco-Osoria-de-la-Cruz.jpg?resize=525%2C300&ssl=1 1.5x, https:\/\/i0.wp.com\/lasprimeras.com.do\/wp-content\/uploads\/2023\/12\/Francisco-Osoria-de-la-Cruz.jpg?resize=700%2C400&ssl=1 2x"},"classes":[]},{"id":78718,"url":"https:\/\/lasprimeras.com.do\/index.php\/2024\/03\/19\/digesett-investiga-causas-del-accidente-ocurrido-en-montecristi\/","url_meta":{"origin":72207,"position":1},"title":"DIGESETT investiga causas del accidente ocurrido en Montecristi","author":"Nelson Feliz","date":"19 de marzo de 2024","format":false,"excerpt":"Tres personas resultaron fallecidas al impactar de frente un cami\u00f3n y un autob\u00fas. La Direcci\u00f3n General de Seguridad de Tr\u00e1nsito y Transporte Terrestre, (DIGESETT) investiga las causas del accidente ocurrido en la calle Manolo Tavarez Justo, municipio San Fernando, provincia Montecristi. Seg\u00fan el informe preliminar, se trat\u00f3 de una colisi\u00f3n\u2026","rel":"","context":"En \u00abNACIONALES\u00bb","block_context":{"text":"NACIONALES","link":"https:\/\/lasprimeras.com.do\/index.php\/category\/nacionales\/"},"img":{"alt_text":"Accidente ocurrido en Montecristi","src":"https:\/\/i0.wp.com\/lasprimeras.com.do\/wp-content\/uploads\/2024\/03\/Accidente-ocurrido-en-Montecristi.jpeg?resize=350%2C200&ssl=1","width":350,"height":200,"srcset":"https:\/\/i0.wp.com\/lasprimeras.com.do\/wp-content\/uploads\/2024\/03\/Accidente-ocurrido-en-Montecristi.jpeg?resize=350%2C200&ssl=1 1x, https:\/\/i0.wp.com\/lasprimeras.com.do\/wp-content\/uploads\/2024\/03\/Accidente-ocurrido-en-Montecristi.jpeg?resize=525%2C300&ssl=1 1.5x, https:\/\/i0.wp.com\/lasprimeras.com.do\/wp-content\/uploads\/2024\/03\/Accidente-ocurrido-en-Montecristi.jpeg?resize=700%2C400&ssl=1 2x"},"classes":[]},{"id":81584,"url":"https:\/\/lasprimeras.com.do\/index.php\/2024\/04\/22\/digesett-fiscaliza-conductores-para-que-respeten-normas-de-transito\/","url_meta":{"origin":72207,"position":2},"title":"DIGESETT fiscaliza conductores para que respeten normas de tr\u00e1nsito","author":"Nelson Feliz","date":"22 de abril de 2024","format":false,"excerpt":"En solo 18 d\u00edas, m\u00e1s de 97 mil conductores violentaron los art\u00edculos de la Ley 63-17 Por Martin Restituyo La Direcci\u00f3n General de Seguridad de Tr\u00e1nsito y Transporte Terrestre (DIGESETT) implementa medidas con el objetivo de que se respete la Ley 63-17 y evitar que sigan ocurriendo situaciones lamentables en\u2026","rel":"","context":"En \u00abNACIONALES\u00bb","block_context":{"text":"NACIONALES","link":"https:\/\/lasprimeras.com.do\/index.php\/category\/nacionales\/"},"img":{"alt_text":"DIGESETT","src":"https:\/\/i0.wp.com\/lasprimeras.com.do\/wp-content\/uploads\/2024\/04\/DIGESETT-3.jpg?resize=350%2C200&ssl=1","width":350,"height":200,"srcset":"https:\/\/i0.wp.com\/lasprimeras.com.do\/wp-content\/uploads\/2024\/04\/DIGESETT-3.jpg?resize=350%2C200&ssl=1 1x, https:\/\/i0.wp.com\/lasprimeras.com.do\/wp-content\/uploads\/2024\/04\/DIGESETT-3.jpg?resize=525%2C300&ssl=1 1.5x"},"classes":[]},{"id":75124,"url":"https:\/\/lasprimeras.com.do\/index.php\/2024\/01\/29\/digesett-detiene-motocicletas-corredoras-y-vehiculos-en-carreras-clandestinas\/","url_meta":{"origin":72207,"position":3},"title":"DIGESETT detiene motocicletas corredoras y veh\u00edculos en carreras clandestinas","author":"BIMARY DE JES\u00daS Matos","date":"29 de enero de 2024","format":false,"excerpt":"Martin Restituyo Santo DomingoEn coordinaci\u00f3n con la Polic\u00eda Preventiva y el departamento de Inteligencia Vial de la Direcci\u00f3n General de Seguridad de Tr\u00e1nsito y Transporte Terrestre (DIGESETT) se logr\u00f3 detener cinco (5) motocicletas conocidas como \"corredoras\" y tres (3) veh\u00edculos utilizados como transporte en las carreras clandestinas. Estas motocicletas, que\u2026","rel":"","context":"En \u00abPORTADA\u00bb","block_context":{"text":"PORTADA","link":"https:\/\/lasprimeras.com.do\/index.php\/category\/portada\/"},"img":{"alt_text":"","src":"https:\/\/i0.wp.com\/lasprimeras.com.do\/wp-content\/uploads\/2024\/01\/WhatsApp-Image-2024-01-29-at-3.07.47-PM.jpeg?resize=350%2C200&ssl=1","width":350,"height":200,"srcset":"https:\/\/i0.wp.com\/lasprimeras.com.do\/wp-content\/uploads\/2024\/01\/WhatsApp-Image-2024-01-29-at-3.07.47-PM.jpeg?resize=350%2C200&ssl=1 1x, https:\/\/i0.wp.com\/lasprimeras.com.do\/wp-content\/uploads\/2024\/01\/WhatsApp-Image-2024-01-29-at-3.07.47-PM.jpeg?resize=525%2C300&ssl=1 1.5x, https:\/\/i0.wp.com\/lasprimeras.com.do\/wp-content\/uploads\/2024\/01\/WhatsApp-Image-2024-01-29-at-3.07.47-PM.jpeg?resize=700%2C400&ssl=1 2x, https:\/\/i0.wp.com\/lasprimeras.com.do\/wp-content\/uploads\/2024\/01\/WhatsApp-Image-2024-01-29-at-3.07.47-PM.jpeg?resize=1050%2C600&ssl=1 3x"},"classes":[]},{"id":90658,"url":"https:\/\/lasprimeras.com.do\/index.php\/2024\/10\/26\/digesett-y-el-intrant-inician-pruebas-de-alcoholemia-a-177-conductores\/","url_meta":{"origin":72207,"position":4},"title":"DIGESETT y el INTRANT inician pruebas de alcoholemia a 177 conductores","author":"Nelson Feliz","date":"26 de octubre de 2024","format":false,"excerpt":"La Direcci\u00f3n General de Seguridad de Tr\u00e1nsito y Transporte Terrestre (DIGESETT), junto al Instituto Nacional de Tr\u00e1nsito y Transporte Terrestre (INTRANT) inici\u00f3 la noche del viernes 25 de octubre el plan piloto de las pruebas de alcoholemia a 177 conductores que se desplazaban por la avenida Winston Churchill, del Distrito\u2026","rel":"","context":"En \u00abNACIONALES\u00bb","block_context":{"text":"NACIONALES","link":"https:\/\/lasprimeras.com.do\/index.php\/category\/nacionales\/"},"img":{"alt_text":"","src":"https:\/\/i0.wp.com\/lasprimeras.com.do\/wp-content\/uploads\/2024\/10\/pruebas-1.jpg?resize=350%2C200&ssl=1","width":350,"height":200,"srcset":"https:\/\/i0.wp.com\/lasprimeras.com.do\/wp-content\/uploads\/2024\/10\/pruebas-1.jpg?resize=350%2C200&ssl=1 1x, https:\/\/i0.wp.com\/lasprimeras.com.do\/wp-content\/uploads\/2024\/10\/pruebas-1.jpg?resize=525%2C300&ssl=1 1.5x"},"classes":[]},{"id":69333,"url":"https:\/\/lasprimeras.com.do\/index.php\/2023\/12\/01\/digesett-y-pn-intensifica-operativo-de-motocicletas-que-circulan-por-tuneles-y-elevados\/","url_meta":{"origin":72207,"position":5},"title":"DIGESETT y PN intensifica operativo de motocicletas que circulan por t\u00faneles y elevados","author":"Nelson Feliz","date":"1 de diciembre de 2023","format":false,"excerpt":"Por Martin Restituyo La Direcci\u00f3n General de Seguridad de Tr\u00e1nsito y Transporte Terrestre (DIGESETT), junto a la Polic\u00eda Nacional intensific\u00f3 un amplio operativo de motocicletas que violan la ley 63-17 de Movilidad, Transporte Terrestre, Tr\u00e1nsito y Seguridad Vial de la Rep\u00fablica Dominicana, al transitar por los t\u00faneles y elevados de\u2026","rel":"","context":"En \u00abNACIONALES\u00bb","block_context":{"text":"NACIONALES","link":"https:\/\/lasprimeras.com.do\/index.php\/category\/nacionales\/"},"img":{"alt_text":"","src":"https:\/\/i0.wp.com\/lasprimeras.com.do\/wp-content\/uploads\/2023\/12\/Operativo.jpg?resize=350%2C200&ssl=1","width":350,"height":200,"srcset":"https:\/\/i0.wp.com\/lasprimeras.com.do\/wp-content\/uploads\/2023\/12\/Operativo.jpg?resize=350%2C200&ssl=1 1x, https:\/\/i0.wp.com\/lasprimeras.com.do\/wp-content\/uploads\/2023\/12\/Operativo.jpg?resize=525%2C300&ssl=1 1.5x, https:\/\/i0.wp.com\/lasprimeras.com.do\/wp-content\/uploads\/2023\/12\/Operativo.jpg?resize=700%2C400&ssl=1 2x"},"classes":[]}],"jetpack_sharing_enabled":true,"_links":{"self":[{"href":"https:\/\/lasprimeras.com.do\/index.php\/wp-json\/wp\/v2\/posts\/72207","targetHints":{"allow":["GET"]}}],"collection":[{"href":"https:\/\/lasprimeras.com.do\/index.php\/wp-json\/wp\/v2\/posts"}],"about":[{"href":"https:\/\/lasprimeras.com.do\/index.php\/wp-json\/wp\/v2\/types\/post"}],"author":[{"embeddable":true,"href":"https:\/\/lasprimeras.com.do\/index.php\/wp-json\/wp\/v2\/users\/2"}],"replies":[{"embeddable":true,"href":"https:\/\/lasprimeras.com.do\/index.php\/wp-json\/wp\/v2\/comments?post=72207"}],"version-history":[{"count":1,"href":"https:\/\/lasprimeras.com.do\/index.php\/wp-json\/wp\/v2\/posts\/72207\/revisions"}],"predecessor-version":[{"id":72209,"href":"https:\/\/lasprimeras.com.do\/index.php\/wp-json\/wp\/v2\/posts\/72207\/revisions\/72209"}],"wp:featuredmedia":[{"embeddable":true,"href":"https:\/\/lasprimeras.com.do\/index.php\/wp-json\/wp\/v2\/media\/72208"}],"wp:attachment":[{"href":"https:\/\/lasprimeras.com.do\/index.php\/wp-json\/wp\/v2\/media?parent=72207"}],"wp:term":[{"taxonomy":"category","embeddable":true,"href":"https:\/\/lasprimeras.com.do\/index.php\/wp-json\/wp\/v2\/categories?post=72207"},{"taxonomy":"post_tag","embeddable":true,"href":"https:\/\/lasprimeras.com.do\/index.php\/wp-json\/wp\/v2\/tags?post=72207"}],"curies":[{"name":"wp","href":"https:\/\/api.w.org\/{rel}","templated":true}]}}