{"id":72213,"date":"2023-12-27T22:06:06","date_gmt":"2023-12-28T02:06:06","guid":{"rendered":"https:\/\/lasprimeras.com.do\/?p=72213"},"modified":"2023-12-27T22:06:08","modified_gmt":"2023-12-28T02:06:08","slug":"apresan-cabecilla-de-banda-mantenia-en-zozobra-a-villa-mella","status":"publish","type":"post","link":"https:\/\/lasprimeras.com.do\/index.php\/2023\/12\/27\/apresan-cabecilla-de-banda-mantenia-en-zozobra-a-villa-mella\/","title":{"rendered":"Apresan cabecilla de banda manten\u00eda en zozobra a Villa Mella"},"content":{"rendered":"\n<p><strong>Hacen llamado al Procurador Fiscal Milc\u00edades Guzm\u00e1n, de la Zona Oriental a no permitir que el mismo sea puesto en libertad por dinero.<\/strong><\/p>\n\n\n\n<p>Agentes de la Direcci\u00f3n de Investigaciones Criminales de la Polic\u00eda Nacional (DICRIM), divisi\u00f3n Santo Domingo Norte, arrestaron al presunto cabecilla de una banda de asaltantes que se dedicaban a la invasi\u00f3n de terrenos y falsificaci\u00f3n de documentos, en detrimento de decenas de moradores de esa demarcaci\u00f3n.<\/p>\n\n\n\n<p>El imputado fue identificado como Jos\u00e9 Manuel Mart\u00ednez N\u00fa\u00f1ez, quien presuntamente controlaba un grupo de j\u00f3venes armados para cometer sus fechor\u00edas, y qui\u00e9n seg\u00fan las autoridades, actuaba bajo el nombre de Jos\u00e9 Manuel Claudio Paula, con una cedula falsa, para no ser detectado en sus andanzas.<\/p>\n\n\n\n<p>Residente en Villa Mella y otros sectores de Santo Domingo Norte, se\u00f1alaron a Mart\u00ednez N\u00fa\u00f1ez, como ocupante de terreno de manera ilegal y por la fuerza, falsificaci\u00f3n de t\u00edtulo, firmas alteradas, copias de c\u00e9dulas a nombre de otras personas, entre otras acciones il\u00edcitas.<\/p>\n\n\n\n<p>Moradores de Santo Domingo Norte felicitan a las autoridades por el arresto del se\u00f1alado antisocial, y hacen un llamado a los fiscales de la Zona Oriental, encabezados por el Procurador Fiscal Milc\u00edades Guzm\u00e1n, a que no permitas que el mismo sea puesto en libertad.<\/p>\n\n\n\n<p>Aseguran que Jos\u00e9 Manuel Mart\u00ednez N\u00fa\u00f1ez y\/o Jos\u00e9 Manuel Claudio Paula tiene m\u00e1s de cinco querellas por falsificaci\u00f3n, invasi\u00f3n de terrenos y otros hechos delictivos.<\/p>\n","protected":false},"excerpt":{"rendered":"<p>Hacen llamado al Procurador Fiscal Milc\u00edades Guzm\u00e1n, de la Zona Oriental a no permitir que el mismo sea puesto en libertad por dinero. Agentes de la Direcci\u00f3n de Investigaciones Criminales&hellip;<\/p>\n","protected":false},"author":2,"featured_media":72214,"comment_status":"open","ping_status":"open","sticky":false,"template":"","format":"standard","meta":{"content-type":"","jetpack_post_was_ever_published":false,"_jetpack_newsletter_access":"","_jetpack_dont_email_post_to_subs":false,"_jetpack_newsletter_tier_id":0,"_jetpack_memberships_contains_paywalled_content":false,"_jetpack_memberships_contains_paid_content":false,"footnotes":""},"categories":[3057],"tags":[943,10751,1281,684,1679],"class_list":["post-72213","post","type-post","status-publish","format-standard","has-post-thumbnail","hentry","category-militares","tag-banda","tag-cabecilla","tag-preso","tag-villa-mella","tag-zozobra"],"jetpack_featured_media_url":"https:\/\/lasprimeras.com.do\/wp-content\/uploads\/2023\/12\/Jose-Manuel-Martinez-Nunez.jpg","jetpack-related-posts":[{"id":124197,"url":"https:\/\/lasprimeras.com.do\/index.php\/2026\/03\/09\/reconocidos-ladrones-mantienen-en-zozobra-al-sector-la-esperanza-de-villa-mella\/","url_meta":{"origin":72213,"position":0},"title":"Reconocidos ladrones mantienen en zozobra al sector La Esperanza de Villa Mella","author":"Nelson Feliz","date":"9 de marzo de 2026","format":false,"excerpt":"\u201cViejo\u201d (el hijo) y \u201cChago\u201d (el padre) dos reconocidos ladrones del sector La Esperanza de Villa Mella Residentes de la calle Miguel Ma\u00f1\u00f3n, en el sector La Esperanza de Villa Mella, entrada de los Guaricanos, denuncian vivir en estado de p\u00e1nico ante la presencia de dos delincuentes, lacras sociales \u2014padre\u2026","rel":"","context":"En \u00abNACIONALES\u00bb","block_context":{"text":"NACIONALES","link":"https:\/\/lasprimeras.com.do\/index.php\/category\/nacionales\/"},"img":{"alt_text":"","src":"https:\/\/i0.wp.com\/lasprimeras.com.do\/wp-content\/uploads\/2026\/03\/robando-casa-ganzuado-tecnicas-robo-protege-tu-comunidad-con-esvision.jpg?resize=350%2C200&ssl=1","width":350,"height":200,"srcset":"https:\/\/i0.wp.com\/lasprimeras.com.do\/wp-content\/uploads\/2026\/03\/robando-casa-ganzuado-tecnicas-robo-protege-tu-comunidad-con-esvision.jpg?resize=350%2C200&ssl=1 1x, https:\/\/i0.wp.com\/lasprimeras.com.do\/wp-content\/uploads\/2026\/03\/robando-casa-ganzuado-tecnicas-robo-protege-tu-comunidad-con-esvision.jpg?resize=525%2C300&ssl=1 1.5x"},"classes":[]},{"id":88147,"url":"https:\/\/lasprimeras.com.do\/index.php\/2024\/08\/22\/desmantelan-peligrosa-banda-de-haitianos-que-asaltaban-camioneros-en-santiago\/","url_meta":{"origin":72213,"position":1},"title":"Desmantelan peligrosa banda de haitianos que asaltaban camioneros en Santiago","author":"Nelson Feliz","date":"22 de agosto de 2024","format":false,"excerpt":"Agentes policiales de Investigaci\u00f3n y Prevenci\u00f3n, en coordinaci\u00f3n con representantes del Ministerio P\u00fablico, desmantelaron una peligrosa banda de ciudadanos haitianos dedicada a asaltar camioneros en la autopista Joaqu\u00edn Balaguer, sustrayendo mercanc\u00edas que eran transportadas a territorio haitiano. Durante las operaciones resultaron detenidos 15 ciudadanos haitianos indocumentados, entre ellos la f\u00e9mina\u2026","rel":"","context":"En \u00abMILITARES\u00bb","block_context":{"text":"MILITARES","link":"https:\/\/lasprimeras.com.do\/index.php\/category\/militares\/"},"img":{"alt_text":"","src":"https:\/\/i0.wp.com\/lasprimeras.com.do\/wp-content\/uploads\/2024\/08\/merca-1.jpg?resize=350%2C200&ssl=1","width":350,"height":200,"srcset":"https:\/\/i0.wp.com\/lasprimeras.com.do\/wp-content\/uploads\/2024\/08\/merca-1.jpg?resize=350%2C200&ssl=1 1x, https:\/\/i0.wp.com\/lasprimeras.com.do\/wp-content\/uploads\/2024\/08\/merca-1.jpg?resize=525%2C300&ssl=1 1.5x"},"classes":[]},{"id":67697,"url":"https:\/\/lasprimeras.com.do\/index.php\/2023\/11\/17\/apresan-presuntos-integrantes-de-una-banda-de-atracadores-en-montecristi\/","url_meta":{"origin":72213,"position":2},"title":"Apresan presuntos integrantes de una banda de atracadores en Montecristi","author":"Nelson Feliz","date":"17 de noviembre de 2023","format":false,"excerpt":"Ocupan dos pistolas ilegales y 42 proyectiles. Miembros preventivos del Departamento de la Polic\u00eda Nacional de Villa V\u00e1squez y de la Divisi\u00f3n de Inteligencia Delictiva (Dintel) de Montecristi informaron del apresamiento de presuntos integrantes de una banda de atracadores. El hecho ocurri\u00f3 la noche del jueves cuando los individuos se\u2026","rel":"","context":"En \u00abMILITARES\u00bb","block_context":{"text":"MILITARES","link":"https:\/\/lasprimeras.com.do\/index.php\/category\/militares\/"},"img":{"alt_text":"armas","src":"https:\/\/i0.wp.com\/lasprimeras.com.do\/wp-content\/uploads\/2023\/11\/armas-1.jpg?resize=350%2C200&ssl=1","width":350,"height":200,"srcset":"https:\/\/i0.wp.com\/lasprimeras.com.do\/wp-content\/uploads\/2023\/11\/armas-1.jpg?resize=350%2C200&ssl=1 1x, https:\/\/i0.wp.com\/lasprimeras.com.do\/wp-content\/uploads\/2023\/11\/armas-1.jpg?resize=525%2C300&ssl=1 1.5x, https:\/\/i0.wp.com\/lasprimeras.com.do\/wp-content\/uploads\/2023\/11\/armas-1.jpg?resize=700%2C400&ssl=1 2x"},"classes":[]},{"id":79503,"url":"https:\/\/lasprimeras.com.do\/index.php\/2024\/03\/27\/tribunal-ordena-prision-preventiva-contra-cabecillas-de-estructura-del-microtrafico-en-navarrete\/","url_meta":{"origin":72213,"position":3},"title":"Tribunal ordena prisi\u00f3n preventiva contra cabecillas de estructura del microtr\u00e1fico en Navarrete","author":"Nelson Feliz","date":"27 de marzo de 2024","format":false,"excerpt":"Declaran complejo el proceso.\u00a0 El juez de la Oficina Judicial de Servicios de Atenci\u00f3n Permanente, Jos\u00e9 Rafael D' As\u00eds, valid\u00f3 y acogi\u00f3 la solicitud de la Fiscal\u00eda de Santiago e impuso la prisi\u00f3n preventiva en contra de los cabecillas de la estructura del microtr\u00e1fico que operaba en el municipio Villa\u2026","rel":"","context":"En \u00abJUSTICIA\u00bb","block_context":{"text":"JUSTICIA","link":"https:\/\/lasprimeras.com.do\/index.php\/category\/justicia\/"},"img":{"alt_text":"","src":"","width":0,"height":0},"classes":[]},{"id":118725,"url":"https:\/\/lasprimeras.com.do\/index.php\/2026\/01\/02\/policia-activa-busqueda-de-alex-veje-vinculado-a-muerte-de-mujer-en-villa-mella\/","url_meta":{"origin":72213,"position":4},"title":"Polic\u00eda activa b\u00fasqueda de \u201cAlex Veje\u201d vinculado a muerte de mujer en Villa Mella","author":"Nelson Feliz","date":"2 de enero de 2026","format":false,"excerpt":"La Polic\u00eda Nacional activa la localizaci\u00f3n de Alexander Lasen Mat\u00edas, alias \u201cAlex Veje\u201d, de 33 a\u00f1os, se\u00f1alado como presunto implicado en la muerte de una mujer en un hecho registrado en el sector Barrio Nuevo, Villa Mella, la madrugada del domingo 28 de diciembre de 2025. La victima es Carolina\u2026","rel":"","context":"En \u00abMILITARES\u00bb","block_context":{"text":"MILITARES","link":"https:\/\/lasprimeras.com.do\/index.php\/category\/militares\/"},"img":{"alt_text":"dicrim","src":"https:\/\/i0.wp.com\/lasprimeras.com.do\/wp-content\/uploads\/2023\/12\/dicrim.jpeg?resize=350%2C200&ssl=1","width":350,"height":200,"srcset":"https:\/\/i0.wp.com\/lasprimeras.com.do\/wp-content\/uploads\/2023\/12\/dicrim.jpeg?resize=350%2C200&ssl=1 1x, https:\/\/i0.wp.com\/lasprimeras.com.do\/wp-content\/uploads\/2023\/12\/dicrim.jpeg?resize=525%2C300&ssl=1 1.5x, https:\/\/i0.wp.com\/lasprimeras.com.do\/wp-content\/uploads\/2023\/12\/dicrim.jpeg?resize=700%2C400&ssl=1 2x"},"classes":[]},{"id":85389,"url":"https:\/\/lasprimeras.com.do\/index.php\/2024\/06\/28\/caen-abatidos-en-villa-mella-los-reconocidos-delincuentes-chukito-y-dilon\/","url_meta":{"origin":72213,"position":5},"title":"Caen abatidos en Villa Mella los reconocidos delincuentes \u201cChukito\u201d y \u201cDilon\u201d","author":"Nelson Feliz","date":"28 de junio de 2024","format":false,"excerpt":"-Les ocupan dos pistolas con las cuales atacaron a los agentes actuantes. Miembros de la Polic\u00eda Nacional asesinaron dos reconocidos delincuentes integraban una peligrosa banda dedicada a la comisi\u00f3n de m\u00faltiples delitos en distintos sectores del municipio Santo Domingo Este. Los malhechores cayeron abatidos al enfrentar a tiros una patrulla\u2026","rel":"","context":"En \u00abMILITARES\u00bb","block_context":{"text":"MILITARES","link":"https:\/\/lasprimeras.com.do\/index.php\/category\/militares\/"},"img":{"alt_text":"","src":"","width":0,"height":0},"classes":[]}],"jetpack_sharing_enabled":true,"_links":{"self":[{"href":"https:\/\/lasprimeras.com.do\/index.php\/wp-json\/wp\/v2\/posts\/72213","targetHints":{"allow":["GET"]}}],"collection":[{"href":"https:\/\/lasprimeras.com.do\/index.php\/wp-json\/wp\/v2\/posts"}],"about":[{"href":"https:\/\/lasprimeras.com.do\/index.php\/wp-json\/wp\/v2\/types\/post"}],"author":[{"embeddable":true,"href":"https:\/\/lasprimeras.com.do\/index.php\/wp-json\/wp\/v2\/users\/2"}],"replies":[{"embeddable":true,"href":"https:\/\/lasprimeras.com.do\/index.php\/wp-json\/wp\/v2\/comments?post=72213"}],"version-history":[{"count":1,"href":"https:\/\/lasprimeras.com.do\/index.php\/wp-json\/wp\/v2\/posts\/72213\/revisions"}],"predecessor-version":[{"id":72215,"href":"https:\/\/lasprimeras.com.do\/index.php\/wp-json\/wp\/v2\/posts\/72213\/revisions\/72215"}],"wp:featuredmedia":[{"embeddable":true,"href":"https:\/\/lasprimeras.com.do\/index.php\/wp-json\/wp\/v2\/media\/72214"}],"wp:attachment":[{"href":"https:\/\/lasprimeras.com.do\/index.php\/wp-json\/wp\/v2\/media?parent=72213"}],"wp:term":[{"taxonomy":"category","embeddable":true,"href":"https:\/\/lasprimeras.com.do\/index.php\/wp-json\/wp\/v2\/categories?post=72213"},{"taxonomy":"post_tag","embeddable":true,"href":"https:\/\/lasprimeras.com.do\/index.php\/wp-json\/wp\/v2\/tags?post=72213"}],"curies":[{"name":"wp","href":"https:\/\/api.w.org\/{rel}","templated":true}]}}