{"id":72216,"date":"2023-12-27T22:25:49","date_gmt":"2023-12-28T02:25:49","guid":{"rendered":"https:\/\/lasprimeras.com.do\/?p=72216"},"modified":"2023-12-27T22:25:51","modified_gmt":"2023-12-28T02:25:51","slug":"carlos-segura-rd-registra-en-el-2023-las-navidades-mas-caras-de-la-historia","status":"publish","type":"post","link":"https:\/\/lasprimeras.com.do\/index.php\/2023\/12\/27\/carlos-segura-rd-registra-en-el-2023-las-navidades-mas-caras-de-la-historia\/","title":{"rendered":"Carlos Segura: &#8220;RD registra en el 2023 las navidades m\u00e1s caras de la historia&#8221;"},"content":{"rendered":"\n<p>El experto agropecuario y miembro del Comit\u00e9 Central del Partido de la Liberaci\u00f3n Dominicana (PLD), Carlos Segura Foster, atribuy\u00f3 a la err\u00e1tica pol\u00edtica del gobierno del PRM, privilegiando las importaciones en detrimento de la producci\u00f3n local, la paralizaci\u00f3n de la agropecuaria nacional.<\/p>\n\n\n\n<p>\u201cEn los cuatro meses finales del a\u00f1o 2020, con una sobre abundancia de productos del campo dominicano, se importaron 2 mil 100 millones de d\u00f3lares de alimentos en detrimento de los productores locales que se vieron en la obligaci\u00f3n de regalar o botar sus productos, como sucedi\u00f3 con art\u00edculos como, zanahoria, papa, remolacha, cebolla, entre otros\u201d, dijo Segura Foster.<\/p>\n\n\n\n<p>Explic\u00f3 a sus entrevistadores del programa de televisi\u00f3n Buenos D\u00edas que en el 2021 se importaron 4 mil 300 millones de d\u00f3lares, en el 2022 el monto de la importaci\u00f3n de alimentos se elev\u00f3 a 5 mil 200 millones de d\u00f3lares y en el actual 2023 sobrepasar\u00e1n la cifra de los 6 mil millones de d\u00f3lares.<\/p>\n\n\n\n<p>Segura Foster, lament\u00f3 que las protestas en el pa\u00eds est\u00e9n vedadas con el voluminoso gasto de 8 mil millones de pesos en publicidad, que ha creado una especie de autocensura en los medios de divulgaci\u00f3n.<\/p>\n\n\n\n<p>La autorizaci\u00f3n para la masiva importaci\u00f3n de alimentos origin\u00f3 una reducci\u00f3n sustancial en la producci\u00f3n de 45 de los comestibles en la mesa de los dominicanos, coment\u00f3.<\/p>\n\n\n\n<p>En el rengl\u00f3n pecuario Carlos Segura Foster cit\u00f3 la producci\u00f3n de cerdos, que, por el descuido y desatenci\u00f3n de las autoridades, permiti\u00f3 que regresara a Rep\u00fablica Dominicana la fiebre porcina africana.<\/p>\n\n\n\n<p>\u201cEs que ahora para la cena de nochebuena se compr\u00f3 cerdo asado por encima de los 600 y hasta 800 pesos la libra, cosa que nunca antes hab\u00eda sucedido\u201d se quej\u00f3 el ex administrador del Banco Agr\u00edcola.<\/p>\n\n\n\n<p>De ejemplo del desplome de la producci\u00f3n local el dirigente del PLD cit\u00f3 el precio de la unidad de pl\u00e1tano que ha llegado a costar 50 pesos, la libra de yuca a 35 pesos o de papa a 50 pesos.<\/p>\n\n\n\n<p>\u201cEn el gobierno del PRM, la poblaci\u00f3n ha comido los alimentos m\u00e1s caros de la historia. Estas navidades han sido las m\u00e1s caras para los dominicanos y dominicanas\u201d, cerr\u00f3 Carlos Segura Foster su intervenci\u00f3n.<\/p>\n","protected":false},"excerpt":{"rendered":"<p>El experto agropecuario y miembro del Comit\u00e9 Central del Partido de la Liberaci\u00f3n Dominicana (PLD), Carlos Segura Foster, atribuy\u00f3 a la err\u00e1tica pol\u00edtica del gobierno del PRM, privilegiando las importaciones&hellip;<\/p>\n","protected":false},"author":2,"featured_media":72217,"comment_status":"open","ping_status":"open","sticky":false,"template":"","format":"standard","meta":{"content-type":"","jetpack_post_was_ever_published":false,"_jetpack_newsletter_access":"","_jetpack_dont_email_post_to_subs":false,"_jetpack_newsletter_tier_id":0,"_jetpack_memberships_contains_paywalled_content":false,"_jetpack_memberships_contains_paid_content":false,"footnotes":""},"categories":[25],"tags":[7664,960,10752,10094,127],"class_list":["post-72216","post","type-post","status-publish","format-standard","has-post-thumbnail","hentry","category-portada","tag-carlos-segura-foster","tag-historia","tag-mas-caras","tag-navidades","tag-rd"],"jetpack_featured_media_url":"https:\/\/lasprimeras.com.do\/wp-content\/uploads\/2023\/12\/Carlos-Segura-Foster.jpeg","jetpack-related-posts":[{"id":118111,"url":"https:\/\/lasprimeras.com.do\/index.php\/2025\/12\/22\/segura-foster-navidades-con-record-en-precios-altos-video\/","url_meta":{"origin":72216,"position":0},"title":"Segura Foster: Navidades con r\u00e9cord en precios altos | Video","author":"Nelson Feliz","date":"22 de diciembre de 2025","format":false,"excerpt":"Carlos Segura Foster considera alarmante los precios de la carne de pollo, que aleja su consumo de los sectores pobres. El experto agropecuario, Carlos Segura Foster, ratific\u00f3 la queja de la poblaci\u00f3n sobre los altos precios de la carne de pollo, que sumado al alza registrada en el cerdo, res\u2026","rel":"","context":"En \u00abECONOM\u00cdA\u00bb","block_context":{"text":"ECONOM\u00cdA","link":"https:\/\/lasprimeras.com.do\/index.php\/category\/economia\/"},"img":{"alt_text":"Carlos Segura Foster","src":"https:\/\/i0.wp.com\/lasprimeras.com.do\/wp-content\/uploads\/2025\/12\/Carlos-Segura-Foster.jpg?resize=350%2C200&ssl=1","width":350,"height":200,"srcset":"https:\/\/i0.wp.com\/lasprimeras.com.do\/wp-content\/uploads\/2025\/12\/Carlos-Segura-Foster.jpg?resize=350%2C200&ssl=1 1x, https:\/\/i0.wp.com\/lasprimeras.com.do\/wp-content\/uploads\/2025\/12\/Carlos-Segura-Foster.jpg?resize=525%2C300&ssl=1 1.5x, https:\/\/i0.wp.com\/lasprimeras.com.do\/wp-content\/uploads\/2025\/12\/Carlos-Segura-Foster.jpg?resize=700%2C400&ssl=1 2x"},"classes":[]},{"id":109101,"url":"https:\/\/lasprimeras.com.do\/index.php\/2025\/09\/14\/carlos-segura-foster-denuncia-abandono-oficial-y-opacidad-en-apoyo-a-productores-agropecuarios\/","url_meta":{"origin":72216,"position":1},"title":"Carlos Segura Foster denuncia abandono oficial y opacidad en apoyo a productores agropecuarios","author":"Nelson Feliz","date":"14 de septiembre de 2025","format":false,"excerpt":"\u00abLos productores agropecuarios hoy viven la triste realidad de la falta de aprecio y apoyo de las autoridades\u201d, denuncia Carlos Segura Foster. El experto agropecuario y miembro del Comit\u00e9 Central del Partido de la Liberaci\u00f3n Dominicana (PLD), Carlos Segura Foster, denunci\u00f3 la precariedad y el abandono en que se encuentran\u2026","rel":"","context":"En \u00abPOLITICA\u00bb","block_context":{"text":"POLITICA","link":"https:\/\/lasprimeras.com.do\/index.php\/category\/politica\/"},"img":{"alt_text":"Carlos Segura Foster","src":"https:\/\/i0.wp.com\/lasprimeras.com.do\/wp-content\/uploads\/2023\/12\/Carlos-Segura-Foster.jpeg?resize=350%2C200&ssl=1","width":350,"height":200,"srcset":"https:\/\/i0.wp.com\/lasprimeras.com.do\/wp-content\/uploads\/2023\/12\/Carlos-Segura-Foster.jpeg?resize=350%2C200&ssl=1 1x, https:\/\/i0.wp.com\/lasprimeras.com.do\/wp-content\/uploads\/2023\/12\/Carlos-Segura-Foster.jpeg?resize=525%2C300&ssl=1 1.5x"},"classes":[]},{"id":118549,"url":"https:\/\/lasprimeras.com.do\/index.php\/2025\/12\/30\/segura-foster-atribuye-alza-carne-de-pollo-y-cerdo-a-masivas-importaciones\/","url_meta":{"origin":72216,"position":2},"title":"Segura Foster atribuye alza carne de pollo y cerdo a masivas importaciones","author":"Nelson Feliz","date":"30 de diciembre de 2025","format":false,"excerpt":"El experto en asuntos agropecuarios, Carlos Segura Foster, miembro del Comit\u00e9 Central del Partido de la Liberaci\u00f3n Dominicana (PLD), denunci\u00f3 que los beneficiarios de las importaciones que compran \u201cparte de pollos\u201d a precio de despojo han hecho \u201csu agosto en diciembre\u201d vendiendo con ganancias excesivas. Segura Foster dijo que cada\u2026","rel":"","context":"En \u00abECONOM\u00cdA\u00bb","block_context":{"text":"ECONOM\u00cdA","link":"https:\/\/lasprimeras.com.do\/index.php\/category\/economia\/"},"img":{"alt_text":"Carlos Segura Foster","src":"https:\/\/i0.wp.com\/lasprimeras.com.do\/wp-content\/uploads\/2025\/09\/Carlos-Segura-Foster.jpg?resize=350%2C200&ssl=1","width":350,"height":200,"srcset":"https:\/\/i0.wp.com\/lasprimeras.com.do\/wp-content\/uploads\/2025\/09\/Carlos-Segura-Foster.jpg?resize=350%2C200&ssl=1 1x, https:\/\/i0.wp.com\/lasprimeras.com.do\/wp-content\/uploads\/2025\/09\/Carlos-Segura-Foster.jpg?resize=525%2C300&ssl=1 1.5x, https:\/\/i0.wp.com\/lasprimeras.com.do\/wp-content\/uploads\/2025\/09\/Carlos-Segura-Foster.jpg?resize=700%2C400&ssl=1 2x"},"classes":[]},{"id":123903,"url":"https:\/\/lasprimeras.com.do\/index.php\/2026\/03\/06\/segura-foster-califica-de-fracaso-total-politica-agropecuaria-del-gobierno-actual\/","url_meta":{"origin":72216,"position":3},"title":"Segura Foster\u00a0califica de \u201cfracaso total\u201d pol\u00edtica agropecuaria del gobierno actual","author":"Nelson Feliz","date":"6 de marzo de 2026","format":false,"excerpt":"Carlos Segura Foster\u00a0asegura que de una pol\u00edtica agropecuaria exitosa hemos retrocedido a una que solo produce penurias. El miembro del Comit\u00e9 Central del Partido de la Liberaci\u00f3n Dominicana (PLD), Carlos Segura Foster,\u00a0advirti\u00f3 que una pol\u00edtica agropecuaria mal dise\u00f1ada y ejecutada ha perjudicado seriamente la producci\u00f3n nacional, provocando una creciente dependencia\u2026","rel":"","context":"En \u00abPOLITICA\u00bb","block_context":{"text":"POLITICA","link":"https:\/\/lasprimeras.com.do\/index.php\/category\/politica\/"},"img":{"alt_text":"Carlos Segura Foster","src":"https:\/\/i0.wp.com\/lasprimeras.com.do\/wp-content\/uploads\/2026\/03\/Carlos-Segura-Foster.jpg?resize=350%2C200&ssl=1","width":350,"height":200,"srcset":"https:\/\/i0.wp.com\/lasprimeras.com.do\/wp-content\/uploads\/2026\/03\/Carlos-Segura-Foster.jpg?resize=350%2C200&ssl=1 1x, https:\/\/i0.wp.com\/lasprimeras.com.do\/wp-content\/uploads\/2026\/03\/Carlos-Segura-Foster.jpg?resize=525%2C300&ssl=1 1.5x"},"classes":[]},{"id":74311,"url":"https:\/\/lasprimeras.com.do\/index.php\/2024\/01\/22\/carlos-segura-foster-dice-que-el-prm-no-prioriza-alimentos\/","url_meta":{"origin":72216,"position":4},"title":"Carlos Segura Foster dice que el PRM no prioriza alimentos","author":"Nelson Feliz","date":"22 de enero de 2024","format":false,"excerpt":"El miembro del Comit\u00e9 Central del Partido de la Liberaci\u00f3n Dominicana (PLD), Carlos Segura Foster sostuvo que la producci\u00f3n de alimentos no ha sido prioridad para el Gobierno del Partido Revolucionario Moderno (PRM), que en tres a\u00f1os de gesti\u00f3n hundi\u00f3 al campo dominicano. El experto agropecuario, denunci\u00f3 que hoy se\u2026","rel":"","context":"En \u00abPORTADA\u00bb","block_context":{"text":"PORTADA","link":"https:\/\/lasprimeras.com.do\/index.php\/category\/portada\/"},"img":{"alt_text":"Carlos Segura Foster","src":"https:\/\/i0.wp.com\/lasprimeras.com.do\/wp-content\/uploads\/2024\/01\/Carlos-Segura-Foster.jpg?resize=350%2C200&ssl=1","width":350,"height":200,"srcset":"https:\/\/i0.wp.com\/lasprimeras.com.do\/wp-content\/uploads\/2024\/01\/Carlos-Segura-Foster.jpg?resize=350%2C200&ssl=1 1x, https:\/\/i0.wp.com\/lasprimeras.com.do\/wp-content\/uploads\/2024\/01\/Carlos-Segura-Foster.jpg?resize=525%2C300&ssl=1 1.5x, https:\/\/i0.wp.com\/lasprimeras.com.do\/wp-content\/uploads\/2024\/01\/Carlos-Segura-Foster.jpg?resize=700%2C400&ssl=1 2x"},"classes":[]},{"id":90241,"url":"https:\/\/lasprimeras.com.do\/index.php\/2024\/10\/16\/carlos-segura-foster-reduccion-drastica-de-la-produccion-de-alimentos-en-rd\/","url_meta":{"origin":72216,"position":5},"title":"Carlos Segura Foster: Reducci\u00f3n dr\u00e1stica de la producci\u00f3n de alimentos en RD","author":"Nelson Feliz","date":"16 de octubre de 2024","format":false,"excerpt":"La incertidumbre predomina entre productores, comercializadores y consumidores en el D\u00eda Mundial de la Alimentaci\u00f3n, denuncia Carlos Segura Foster. El miembro del Comit\u00e9 Central del Partido de la Liberaci\u00f3n (PLD) Carlos Segura Foster, lament\u00f3 que el D\u00eda Mundial de la Alimentaci\u00f3n encuentre a los sectores involucrados en la alimentaci\u00f3n de\u2026","rel":"","context":"En \u00abSin categor\u00eda\u00bb","block_context":{"text":"Sin categor\u00eda","link":"https:\/\/lasprimeras.com.do\/index.php\/category\/sin-categoria\/"},"img":{"alt_text":"Carlos Segura Foster","src":"https:\/\/i0.wp.com\/lasprimeras.com.do\/wp-content\/uploads\/2023\/12\/Carlos-Segura-Foster.jpeg?resize=350%2C200&ssl=1","width":350,"height":200,"srcset":"https:\/\/i0.wp.com\/lasprimeras.com.do\/wp-content\/uploads\/2023\/12\/Carlos-Segura-Foster.jpeg?resize=350%2C200&ssl=1 1x, https:\/\/i0.wp.com\/lasprimeras.com.do\/wp-content\/uploads\/2023\/12\/Carlos-Segura-Foster.jpeg?resize=525%2C300&ssl=1 1.5x"},"classes":[]}],"jetpack_sharing_enabled":true,"_links":{"self":[{"href":"https:\/\/lasprimeras.com.do\/index.php\/wp-json\/wp\/v2\/posts\/72216","targetHints":{"allow":["GET"]}}],"collection":[{"href":"https:\/\/lasprimeras.com.do\/index.php\/wp-json\/wp\/v2\/posts"}],"about":[{"href":"https:\/\/lasprimeras.com.do\/index.php\/wp-json\/wp\/v2\/types\/post"}],"author":[{"embeddable":true,"href":"https:\/\/lasprimeras.com.do\/index.php\/wp-json\/wp\/v2\/users\/2"}],"replies":[{"embeddable":true,"href":"https:\/\/lasprimeras.com.do\/index.php\/wp-json\/wp\/v2\/comments?post=72216"}],"version-history":[{"count":1,"href":"https:\/\/lasprimeras.com.do\/index.php\/wp-json\/wp\/v2\/posts\/72216\/revisions"}],"predecessor-version":[{"id":72218,"href":"https:\/\/lasprimeras.com.do\/index.php\/wp-json\/wp\/v2\/posts\/72216\/revisions\/72218"}],"wp:featuredmedia":[{"embeddable":true,"href":"https:\/\/lasprimeras.com.do\/index.php\/wp-json\/wp\/v2\/media\/72217"}],"wp:attachment":[{"href":"https:\/\/lasprimeras.com.do\/index.php\/wp-json\/wp\/v2\/media?parent=72216"}],"wp:term":[{"taxonomy":"category","embeddable":true,"href":"https:\/\/lasprimeras.com.do\/index.php\/wp-json\/wp\/v2\/categories?post=72216"},{"taxonomy":"post_tag","embeddable":true,"href":"https:\/\/lasprimeras.com.do\/index.php\/wp-json\/wp\/v2\/tags?post=72216"}],"curies":[{"name":"wp","href":"https:\/\/api.w.org\/{rel}","templated":true}]}}