{"id":72222,"date":"2023-12-27T22:54:00","date_gmt":"2023-12-28T02:54:00","guid":{"rendered":"https:\/\/lasprimeras.com.do\/?p=72222"},"modified":"2023-12-27T22:54:02","modified_gmt":"2023-12-28T02:54:02","slug":"allanan-apartamento-en-torre-del-sector-la-julia","status":"publish","type":"post","link":"https:\/\/lasprimeras.com.do\/index.php\/2023\/12\/27\/allanan-apartamento-en-torre-del-sector-la-julia\/","title":{"rendered":"Allanan apartamento en torre del sector La Julia"},"content":{"rendered":"\n<p>SANTO DOMINGO.- Agentes de la Direcci\u00f3n de la Direcci\u00f3n de Investigaciones Criminales (Dicrim) de la Polic\u00eda Nacional se encuentran en la Torre Civil Tower 3, ubicada en el sector La Julia, avenida Sim\u00f3n Bol\u00edvar de la capital.<\/p>\n\n\n\n<p>Los investigadores se observan tanto en el lobby como en el exterior y se presume que otros est\u00e1n allanando alg\u00fan inmueble ubicado en el piso 16.<\/p>\n\n\n\n<p>Sin embargo, hasta el momento se desconocen los motivos de la presencia policial en el citado lugar.<\/p>\n","protected":false},"excerpt":{"rendered":"<p>SANTO DOMINGO.- Agentes de la Direcci\u00f3n de la Direcci\u00f3n de Investigaciones Criminales (Dicrim) de la Polic\u00eda Nacional se encuentran en la Torre Civil Tower 3, ubicada en el sector La&hellip;<\/p>\n","protected":false},"author":3,"featured_media":72223,"comment_status":"open","ping_status":"open","sticky":false,"template":"","format":"standard","meta":{"content-type":"","jetpack_post_was_ever_published":false,"_jetpack_newsletter_access":"","_jetpack_dont_email_post_to_subs":false,"_jetpack_newsletter_tier_id":0,"_jetpack_memberships_contains_paywalled_content":false,"_jetpack_memberships_contains_paid_content":false,"footnotes":""},"categories":[25],"tags":[],"class_list":["post-72222","post","type-post","status-publish","format-standard","has-post-thumbnail","hentry","category-portada"],"jetpack_featured_media_url":"https:\/\/lasprimeras.com.do\/wp-content\/uploads\/2023\/12\/El-texto-del-parrafo.webp","jetpack-related-posts":[{"id":89702,"url":"https:\/\/lasprimeras.com.do\/index.php\/2024\/10\/03\/allanan-residencia-de-hugo-beras-ex-director-de-intrant\/","url_meta":{"origin":72222,"position":0},"title":"Allanan residencia de Hugo Beras ex director de Intrant","author":"Nelson Feliz","date":"3 de octubre de 2024","format":false,"excerpt":"El exdirector del Instituto Nacional de Tr\u00e1nsito y Transporte Terrestre (Intrant), Hugo Beras, fue arrestado la noche de este mi\u00e9rcoles durante una allanamiento a su vivienda que dur\u00f3 m\u00e1s de dos horas. Fue trasladado a la Procuradur\u00eda General de la Rep\u00fablica, luego de que miembros del Ministerio P\u00fablico concluyeran el\u2026","rel":"","context":"En \u00abNACIONALES\u00bb","block_context":{"text":"NACIONALES","link":"https:\/\/lasprimeras.com.do\/index.php\/category\/nacionales\/"},"img":{"alt_text":"","src":"https:\/\/i0.wp.com\/lasprimeras.com.do\/wp-content\/uploads\/2024\/10\/hugo1.jpeg?resize=350%2C200&ssl=1","width":350,"height":200,"srcset":"https:\/\/i0.wp.com\/lasprimeras.com.do\/wp-content\/uploads\/2024\/10\/hugo1.jpeg?resize=350%2C200&ssl=1 1x, https:\/\/i0.wp.com\/lasprimeras.com.do\/wp-content\/uploads\/2024\/10\/hugo1.jpeg?resize=525%2C300&ssl=1 1.5x, https:\/\/i0.wp.com\/lasprimeras.com.do\/wp-content\/uploads\/2024\/10\/hugo1.jpeg?resize=700%2C400&ssl=1 2x"},"classes":[]},{"id":65291,"url":"https:\/\/lasprimeras.com.do\/index.php\/2023\/10\/27\/capturan-a-los-supuestos-delincuentes-onasi-y-maseta-en-bani\/","url_meta":{"origin":72222,"position":1},"title":"Capturan a los supuestos delincuentes &#8220;Onasi&#8221; y &#8220;Maseta&#8221; en Bani","author":"Nelson Feliz","date":"27 de octubre de 2023","format":false,"excerpt":"Por F\u00e9lix Julio R\u00e1mirez La Direcci\u00f3n Regional Sur Central de la Polic\u00eda Nacional, con sede en Bani, bajo la destacada direcci\u00f3n del coronel Francisco Senci\u00f3n de la Cruz, informa sobre el exitoso allanamiento realizado en b\u00fasqueda de los individuos conocidos como \"Onasi\" y \"Maseta\", quienes ten\u00edan \u00f3rdenes de arresto en\u2026","rel":"","context":"En \u00abMILITARES\u00bb","block_context":{"text":"MILITARES","link":"https:\/\/lasprimeras.com.do\/index.php\/category\/militares\/"},"img":{"alt_text":"POLICIA","src":"https:\/\/i0.wp.com\/lasprimeras.com.do\/wp-content\/uploads\/2023\/10\/POLICIA.jpg?resize=350%2C200&ssl=1","width":350,"height":200,"srcset":"https:\/\/i0.wp.com\/lasprimeras.com.do\/wp-content\/uploads\/2023\/10\/POLICIA.jpg?resize=350%2C200&ssl=1 1x, https:\/\/i0.wp.com\/lasprimeras.com.do\/wp-content\/uploads\/2023\/10\/POLICIA.jpg?resize=525%2C300&ssl=1 1.5x, https:\/\/i0.wp.com\/lasprimeras.com.do\/wp-content\/uploads\/2023\/10\/POLICIA.jpg?resize=700%2C400&ssl=1 2x"},"classes":[]},{"id":74895,"url":"https:\/\/lasprimeras.com.do\/index.php\/2024\/01\/27\/operativos-policiales-en-bani-realiza-la-incautacion-de-armas-durante-allanamientos\/","url_meta":{"origin":72222,"position":2},"title":"Operativos policiales en Ban\u00ed realiza la incautaci\u00f3n de armas durante allanamientos","author":"BIMARY DE JES\u00daS Matos","date":"27 de enero de 2024","format":false,"excerpt":"Martin Restituyo Bani.-En una serie de cinco allanamientos llevados a cabo por miembros de la Subdirecci\u00f3n de Investigaciones DICRIM, la Polic\u00eda Preventiva y el Ministerio P\u00fablico, se han confiscado armas de fuego ilegales en la localidad de Ban\u00ed. Durante un allanamiento autorizado por la Orden n\u00famero 00178-2024, dirigido contra un\u2026","rel":"","context":"En \u00abMILITARES\u00bb","block_context":{"text":"MILITARES","link":"https:\/\/lasprimeras.com.do\/index.php\/category\/militares\/"},"img":{"alt_text":"","src":"https:\/\/i0.wp.com\/lasprimeras.com.do\/wp-content\/uploads\/2024\/01\/WhatsApp-Image-2024-01-27-at-10.31.18-AM.jpeg?resize=350%2C200&ssl=1","width":350,"height":200,"srcset":"https:\/\/i0.wp.com\/lasprimeras.com.do\/wp-content\/uploads\/2024\/01\/WhatsApp-Image-2024-01-27-at-10.31.18-AM.jpeg?resize=350%2C200&ssl=1 1x, https:\/\/i0.wp.com\/lasprimeras.com.do\/wp-content\/uploads\/2024\/01\/WhatsApp-Image-2024-01-27-at-10.31.18-AM.jpeg?resize=525%2C300&ssl=1 1.5x, https:\/\/i0.wp.com\/lasprimeras.com.do\/wp-content\/uploads\/2024\/01\/WhatsApp-Image-2024-01-27-at-10.31.18-AM.jpeg?resize=700%2C400&ssl=1 2x, https:\/\/i0.wp.com\/lasprimeras.com.do\/wp-content\/uploads\/2024\/01\/WhatsApp-Image-2024-01-27-at-10.31.18-AM.jpeg?resize=1050%2C600&ssl=1 3x"},"classes":[]},{"id":72846,"url":"https:\/\/lasprimeras.com.do\/index.php\/2024\/01\/03\/se-entrega-a-las-autoridades-esposa-de-emmanuel-rivera-acusado-de-estafa\/","url_meta":{"origin":72222,"position":3},"title":"Se entrega a las autoridades esposa de Emmanuel Rivera, acusado de estafa","author":"BIMARY DE JES\u00daS Matos","date":"3 de enero de 2024","format":false,"excerpt":"SANTO DOMINGO.- La esposa del ingeniero Emmanuel Rivera Ledesma, propietario de la empresa IndisArq, se entreg\u00f3 hace unos momentos a las autoridades. Con Sacarlet Cruz, la esposa de Rivera, suman ocho las personas detenidas por el caso, a quienes en las pr\u00f3ximas horas se les conocer\u00e1 medidas de coerci\u00f3n. El\u2026","rel":"","context":"En \u00abNACIONALES\u00bb","block_context":{"text":"NACIONALES","link":"https:\/\/lasprimeras.com.do\/index.php\/category\/nacionales\/"},"img":{"alt_text":"","src":"https:\/\/i0.wp.com\/lasprimeras.com.do\/wp-content\/uploads\/2024\/01\/Noticias-de-energia-2024-01-03T110637.364.jpg?resize=350%2C200&ssl=1","width":350,"height":200,"srcset":"https:\/\/i0.wp.com\/lasprimeras.com.do\/wp-content\/uploads\/2024\/01\/Noticias-de-energia-2024-01-03T110637.364.jpg?resize=350%2C200&ssl=1 1x, https:\/\/i0.wp.com\/lasprimeras.com.do\/wp-content\/uploads\/2024\/01\/Noticias-de-energia-2024-01-03T110637.364.jpg?resize=525%2C300&ssl=1 1.5x, https:\/\/i0.wp.com\/lasprimeras.com.do\/wp-content\/uploads\/2024\/01\/Noticias-de-energia-2024-01-03T110637.364.jpg?resize=700%2C400&ssl=1 2x, https:\/\/i0.wp.com\/lasprimeras.com.do\/wp-content\/uploads\/2024\/01\/Noticias-de-energia-2024-01-03T110637.364.jpg?resize=1050%2C600&ssl=1 3x, https:\/\/i0.wp.com\/lasprimeras.com.do\/wp-content\/uploads\/2024\/01\/Noticias-de-energia-2024-01-03T110637.364.jpg?resize=1400%2C800&ssl=1 4x"},"classes":[]},{"id":65727,"url":"https:\/\/lasprimeras.com.do\/index.php\/2023\/10\/31\/pn-ocupa-mas-de-500-mil-cigarrillos-en-el-sector-el-tamarindo\/","url_meta":{"origin":72222,"position":4},"title":"PN ocupa m\u00e1s de 500 mil cigarrillos en el sector El Tamarindo","author":"Nelson Feliz","date":"31 de octubre de 2023","format":false,"excerpt":"Por Martin Restituyo Agentes policiales, adscritos a la Divisi\u00f3n de Tr\u00e1fico de Mercanc\u00edas, de la Direcci\u00f3n Central de Investigaci\u00f3n (Dicrim), junto al Ministerio P\u00fablico, ocuparon un total de 565,000 cigarrillos que fueron tra\u00eddos al pa\u00eds mediante contrabando. La mercanc\u00eda fue ocupada, mediante allanamiento en la calle Gregorio Garc\u00eda Castro del\u2026","rel":"","context":"En \u00abMILITARES\u00bb","block_context":{"text":"MILITARES","link":"https:\/\/lasprimeras.com.do\/index.php\/category\/militares\/"},"img":{"alt_text":"cigarrillos","src":"https:\/\/i0.wp.com\/lasprimeras.com.do\/wp-content\/uploads\/2023\/10\/cigarrillos-1.jpg?resize=350%2C200&ssl=1","width":350,"height":200,"srcset":"https:\/\/i0.wp.com\/lasprimeras.com.do\/wp-content\/uploads\/2023\/10\/cigarrillos-1.jpg?resize=350%2C200&ssl=1 1x, https:\/\/i0.wp.com\/lasprimeras.com.do\/wp-content\/uploads\/2023\/10\/cigarrillos-1.jpg?resize=525%2C300&ssl=1 1.5x, https:\/\/i0.wp.com\/lasprimeras.com.do\/wp-content\/uploads\/2023\/10\/cigarrillos-1.jpg?resize=700%2C400&ssl=1 2x"},"classes":[]},{"id":113922,"url":"https:\/\/lasprimeras.com.do\/index.php\/2025\/11\/07\/arrestan-joven-y-ocupan-drogas-durante-allanamiento-en-san-gregorio-de-nigua\/","url_meta":{"origin":72222,"position":5},"title":"Arrestan joven y ocupan drogas durante allanamiento en San Gregorio de Nigua","author":"Nelson Feliz","date":"7 de noviembre de 2025","format":false,"excerpt":"La Subdirecci\u00f3n Regional de Investigaciones (DICRIM) San Crist\u00f3bal, a trav\u00e9s de su Secci\u00f3n de Investigaciones Nigua, realiz\u00f3 un exitoso allanamiento en virtud de la orden judicial No. 01541-2025-AJ0A-03369, en una vivienda ubicada en la calle principal del sector Boca de Nigua, municipio San Gregorio de Nigua, provincia San Crist\u00f3bal. La\u2026","rel":"","context":"En \u00abMILITARES\u00bb","block_context":{"text":"MILITARES","link":"https:\/\/lasprimeras.com.do\/index.php\/category\/militares\/"},"img":{"alt_text":"","src":"https:\/\/i0.wp.com\/lasprimeras.com.do\/wp-content\/uploads\/2025\/11\/WhatsApp-Image-2025-11-07-at-7.47.55-AM.jpeg?resize=350%2C200&ssl=1","width":350,"height":200,"srcset":"https:\/\/i0.wp.com\/lasprimeras.com.do\/wp-content\/uploads\/2025\/11\/WhatsApp-Image-2025-11-07-at-7.47.55-AM.jpeg?resize=350%2C200&ssl=1 1x, https:\/\/i0.wp.com\/lasprimeras.com.do\/wp-content\/uploads\/2025\/11\/WhatsApp-Image-2025-11-07-at-7.47.55-AM.jpeg?resize=525%2C300&ssl=1 1.5x, https:\/\/i0.wp.com\/lasprimeras.com.do\/wp-content\/uploads\/2025\/11\/WhatsApp-Image-2025-11-07-at-7.47.55-AM.jpeg?resize=700%2C400&ssl=1 2x, https:\/\/i0.wp.com\/lasprimeras.com.do\/wp-content\/uploads\/2025\/11\/WhatsApp-Image-2025-11-07-at-7.47.55-AM.jpeg?resize=1050%2C600&ssl=1 3x"},"classes":[]}],"jetpack_sharing_enabled":true,"_links":{"self":[{"href":"https:\/\/lasprimeras.com.do\/index.php\/wp-json\/wp\/v2\/posts\/72222","targetHints":{"allow":["GET"]}}],"collection":[{"href":"https:\/\/lasprimeras.com.do\/index.php\/wp-json\/wp\/v2\/posts"}],"about":[{"href":"https:\/\/lasprimeras.com.do\/index.php\/wp-json\/wp\/v2\/types\/post"}],"author":[{"embeddable":true,"href":"https:\/\/lasprimeras.com.do\/index.php\/wp-json\/wp\/v2\/users\/3"}],"replies":[{"embeddable":true,"href":"https:\/\/lasprimeras.com.do\/index.php\/wp-json\/wp\/v2\/comments?post=72222"}],"version-history":[{"count":1,"href":"https:\/\/lasprimeras.com.do\/index.php\/wp-json\/wp\/v2\/posts\/72222\/revisions"}],"predecessor-version":[{"id":72224,"href":"https:\/\/lasprimeras.com.do\/index.php\/wp-json\/wp\/v2\/posts\/72222\/revisions\/72224"}],"wp:featuredmedia":[{"embeddable":true,"href":"https:\/\/lasprimeras.com.do\/index.php\/wp-json\/wp\/v2\/media\/72223"}],"wp:attachment":[{"href":"https:\/\/lasprimeras.com.do\/index.php\/wp-json\/wp\/v2\/media?parent=72222"}],"wp:term":[{"taxonomy":"category","embeddable":true,"href":"https:\/\/lasprimeras.com.do\/index.php\/wp-json\/wp\/v2\/categories?post=72222"},{"taxonomy":"post_tag","embeddable":true,"href":"https:\/\/lasprimeras.com.do\/index.php\/wp-json\/wp\/v2\/tags?post=72222"}],"curies":[{"name":"wp","href":"https:\/\/api.w.org\/{rel}","templated":true}]}}