{"id":72225,"date":"2023-12-27T22:55:33","date_gmt":"2023-12-28T02:55:33","guid":{"rendered":"https:\/\/lasprimeras.com.do\/?p=72225"},"modified":"2023-12-27T22:55:35","modified_gmt":"2023-12-28T02:55:35","slug":"inician-entrega-bonos-navidenos-a-37-mil-trabajadores-portuarios-rd","status":"publish","type":"post","link":"https:\/\/lasprimeras.com.do\/index.php\/2023\/12\/27\/inician-entrega-bonos-navidenos-a-37-mil-trabajadores-portuarios-rd\/","title":{"rendered":"Inician entrega bonos navide\u00f1os a 37 mil trabajadores portuarios RD"},"content":{"rendered":"\n<p>SANTO DOMINGO.- La Autoridad Portuaria Dominicana (APORDOM) inici\u00f3 este mi\u00e9rcoles la entrega del bono navide\u00f1o a 37 mil trabajadores afiliados a 150 sindicatos.<\/p>\n\n\n\n<p>Jean Luis Rodr\u00edguez, director de APORDOM, dijo que con esto la instituci\u00f3n da cumplimento a la ley 199-02 sobre dicho pago a favor de los trabajadores portuarios como gratificaci\u00f3n por la labor rendida en los muelles.<\/p>\n\n\n\n<p>Para estos fines la entidad portuaria tiene destinado m\u00e1s de 300 millones de pesos que ser\u00e1n entregados a los portuarios a trav\u00e9s Banreservas mediante pago electr\u00f3nico a los distintos sindicatos.<\/p>\n\n\n\n<p>El director ejecutivo, Jean Luis Rodr\u00edguez, destac\u00f3 el compromisos de la entidad de seguir mejorando y transformando la calidad de vida de todos los que convergen en el sistema portuario nacional, incluyendo a los trabajadores portuarios que son el alma de los 18 puertos que tiene el pa\u00eds.<\/p>\n\n\n\n<p>\u201cNosotros hemos asumido el compromiso de la entrega de estos bonos de manera que se haga r\u00e1pido, para que este beneficio pueda llegar cuando realmente el trabajador lo est\u00e1 necesitando.\u201d, afirm\u00f3 Jean Luis Rodr\u00edguez, Director Ejecutivo de Apordom.<\/p>\n\n\n\n<p>Los bonos oscilan entre RD$7,676.25 y 10, 235.50 por trabajador afiliado a unos de los 150 sindicatos registrados y avalados por el Ministerio de Trabajo y Ministerio de Hacienda.<\/p>\n\n\n\n<p>El funcionario dijo que estos fondos salen de un porcentaje que se les cobra a las navieras por cada tonelada que entra al pa\u00eds.<\/p>\n","protected":false},"excerpt":{"rendered":"<p>SANTO DOMINGO.- La Autoridad Portuaria Dominicana (APORDOM) inici\u00f3 este mi\u00e9rcoles la entrega del bono navide\u00f1o a 37 mil trabajadores afiliados a 150 sindicatos. Jean Luis Rodr\u00edguez, director de APORDOM, dijo&hellip;<\/p>\n","protected":false},"author":3,"featured_media":72226,"comment_status":"open","ping_status":"open","sticky":false,"template":"","format":"standard","meta":{"content-type":"","jetpack_post_was_ever_published":false,"_jetpack_newsletter_access":"","_jetpack_dont_email_post_to_subs":false,"_jetpack_newsletter_tier_id":0,"_jetpack_memberships_contains_paywalled_content":false,"_jetpack_memberships_contains_paid_content":false,"footnotes":""},"categories":[35],"tags":[],"class_list":["post-72225","post","type-post","status-publish","format-standard","has-post-thumbnail","hentry","category-nacionales"],"jetpack_featured_media_url":"https:\/\/lasprimeras.com.do\/wp-content\/uploads\/2023\/12\/El-texto-del-parrafo-1.jpg","jetpack-related-posts":[{"id":92089,"url":"https:\/\/lasprimeras.com.do\/index.php\/2024\/12\/27\/apordom-entregara-bonos-navidenos-a-mas-de-30-mil-trabajadores-portuarios-de-rd\/","url_meta":{"origin":72225,"position":0},"title":"APORDOM entregar\u00e1 bonos navide\u00f1os a m\u00e1s de 30 mil trabajadores portuarios de RD","author":"Nelson Feliz","date":"27 de diciembre de 2024","format":false,"excerpt":"La Autoridad Portuaria Dominicana (APORDOM), iniciar\u00e1 a partir de este s\u00e1bado 28 de diciembre el pago de un bono navide\u00f1o a m\u00e1s de 30 mil trabajadores de este sector, afiliados a unos 150 sindicatos, como gratificaci\u00f3n por la labor rendida en los muelles del pa\u00eds. A trav\u00e9s de Banreservas, mediante\u2026","rel":"","context":"En \u00abECONOM\u00cdA\u00bb","block_context":{"text":"ECONOM\u00cdA","link":"https:\/\/lasprimeras.com.do\/index.php\/category\/economia\/"},"img":{"alt_text":"","src":"https:\/\/i0.wp.com\/lasprimeras.com.do\/wp-content\/uploads\/2024\/12\/Jean-Luis-Rodriguez-2.jpg?resize=350%2C200&ssl=1","width":350,"height":200,"srcset":"https:\/\/i0.wp.com\/lasprimeras.com.do\/wp-content\/uploads\/2024\/12\/Jean-Luis-Rodriguez-2.jpg?resize=350%2C200&ssl=1 1x, https:\/\/i0.wp.com\/lasprimeras.com.do\/wp-content\/uploads\/2024\/12\/Jean-Luis-Rodriguez-2.jpg?resize=525%2C300&ssl=1 1.5x, https:\/\/i0.wp.com\/lasprimeras.com.do\/wp-content\/uploads\/2024\/12\/Jean-Luis-Rodriguez-2.jpg?resize=700%2C400&ssl=1 2x"},"classes":[]},{"id":91557,"url":"https:\/\/lasprimeras.com.do\/index.php\/2024\/11\/26\/trabajadores-portuarios-exigen-pago-del-bono-navideno\/","url_meta":{"origin":72225,"position":1},"title":"Trabajadores portuarios exigen pago del bono navide\u00f1o","author":"Nelson Feliz","date":"26 de noviembre de 2024","format":false,"excerpt":"\u00a0La Federaci\u00f3n Dominicana de Trabajadores Portuarios y sus organizaciones afiliadas demandan el cumplimiento de la Ley 199-02 a beneficio de los m\u00e1s de 30 mil trabajadores portuarios afiliados. El Secretario General de la FDTP, Silvio Ure\u00f1a Mendoza, precis\u00f3 que esa ley especifica los valores que deben percibir los trabajadores portuarios,\u2026","rel":"","context":"En \u00abECONOM\u00cdA\u00bb","block_context":{"text":"ECONOM\u00cdA","link":"https:\/\/lasprimeras.com.do\/index.php\/category\/economia\/"},"img":{"alt_text":"","src":"https:\/\/i0.wp.com\/lasprimeras.com.do\/wp-content\/uploads\/2024\/11\/trabajdores.jpg?resize=350%2C200&ssl=1","width":350,"height":200,"srcset":"https:\/\/i0.wp.com\/lasprimeras.com.do\/wp-content\/uploads\/2024\/11\/trabajdores.jpg?resize=350%2C200&ssl=1 1x, https:\/\/i0.wp.com\/lasprimeras.com.do\/wp-content\/uploads\/2024\/11\/trabajdores.jpg?resize=525%2C300&ssl=1 1.5x"},"classes":[]},{"id":99889,"url":"https:\/\/lasprimeras.com.do\/index.php\/2025\/05\/28\/ministro-de-trabajo-garantiza-entrega-transparente-del-bono-navideno-a-portuarios\/","url_meta":{"origin":72225,"position":2},"title":"Ministro de Trabajo garantiza entrega transparente del bono navide\u00f1o a portuarios","author":"Nelson Feliz","date":"28 de mayo de 2025","format":false,"excerpt":"Eddy Olivares exhort\u00f3 a los trabajadores proteger esa conquista con transparencia, justicia y participaci\u00f3n en cada puerto. El ministro de Trabajo, Eddy Olivares, asegur\u00f3 que el Gobierno entregar\u00e1 el bono navide\u00f1o completo y no permitir\u00e1 los arbitrarios y abusivos descuentos que tradicionalmente le hacen algunos sindicatos. Olivares ofreci\u00f3 estas declaraciones\u2026","rel":"","context":"En \u00abECONOM\u00cdA\u00bb","block_context":{"text":"ECONOM\u00cdA","link":"https:\/\/lasprimeras.com.do\/index.php\/category\/economia\/"},"img":{"alt_text":"Eddy Olivares","src":"https:\/\/i0.wp.com\/lasprimeras.com.do\/wp-content\/uploads\/2025\/05\/Eddy-Olivares-1-1.jpg?resize=350%2C200&ssl=1","width":350,"height":200,"srcset":"https:\/\/i0.wp.com\/lasprimeras.com.do\/wp-content\/uploads\/2025\/05\/Eddy-Olivares-1-1.jpg?resize=350%2C200&ssl=1 1x, https:\/\/i0.wp.com\/lasprimeras.com.do\/wp-content\/uploads\/2025\/05\/Eddy-Olivares-1-1.jpg?resize=525%2C300&ssl=1 1.5x, https:\/\/i0.wp.com\/lasprimeras.com.do\/wp-content\/uploads\/2025\/05\/Eddy-Olivares-1-1.jpg?resize=700%2C400&ssl=1 2x"},"classes":[]},{"id":91384,"url":"https:\/\/lasprimeras.com.do\/index.php\/2024\/11\/20\/apordom-repara-muelle-turistico-y-pesquero-de-rio-san-juan-tras-fenomeno-atmosferico\/","url_meta":{"origin":72225,"position":3},"title":"APORDOM repara muelle tur\u00edstico y pesquero de R\u00edo San Juan tras fen\u00f3meno atmosf\u00e9rico","author":"Nelson Feliz","date":"20 de noviembre de 2024","format":false,"excerpt":"La Autoridad Portuaria Dominicana (APORDOM) ha iniciado con rapidez los trabajos de reparaci\u00f3n del muelle tur\u00edstico y pesquero de R\u00edo San Juan, luego de que el fuerte oleaje causado por recientes condiciones clim\u00e1ticas desplazara parcialmente el rompeolas. La instituci\u00f3n ha asegurado que el n\u00facleo de la estructura del muelle permanece\u2026","rel":"","context":"En \u00abNACIONALES\u00bb","block_context":{"text":"NACIONALES","link":"https:\/\/lasprimeras.com.do\/index.php\/category\/nacionales\/"},"img":{"alt_text":"","src":"https:\/\/i0.wp.com\/lasprimeras.com.do\/wp-content\/uploads\/2024\/11\/muelle.jpg?resize=350%2C200&ssl=1","width":350,"height":200,"srcset":"https:\/\/i0.wp.com\/lasprimeras.com.do\/wp-content\/uploads\/2024\/11\/muelle.jpg?resize=350%2C200&ssl=1 1x, https:\/\/i0.wp.com\/lasprimeras.com.do\/wp-content\/uploads\/2024\/11\/muelle.jpg?resize=525%2C300&ssl=1 1.5x, https:\/\/i0.wp.com\/lasprimeras.com.do\/wp-content\/uploads\/2024\/11\/muelle.jpg?resize=700%2C400&ssl=1 2x"},"classes":[]},{"id":72375,"url":"https:\/\/lasprimeras.com.do\/index.php\/2023\/12\/29\/el-puerto-de-cabo-rojo-recibira-su-primer-crucero-el-4-de-enero\/","url_meta":{"origin":72225,"position":4},"title":"El puerto de Cabo Rojo recibir\u00e1 su primer crucero el 4 de enero","author":"BIMARY DE JES\u00daS Matos","date":"29 de diciembre de 2023","format":false,"excerpt":"SANTO DOMINGO.- El puerto de Cabo Rojo en Pedernales recibir\u00e1 su primer crucero el 4 de enero pr\u00f3ximo en horas de la ma\u00f1ana en una ceremonia que encabezar\u00e1 el presidente Luis Abinader, inform\u00f3 este jueves la Autoridad Portuaria Dominicana (Apordom). La primera fase de construcci\u00f3n del puerto consta de 200\u2026","rel":"","context":"En \u00abNACIONALES\u00bb","block_context":{"text":"NACIONALES","link":"https:\/\/lasprimeras.com.do\/index.php\/category\/nacionales\/"},"img":{"alt_text":"","src":"https:\/\/i0.wp.com\/lasprimeras.com.do\/wp-content\/uploads\/2023\/12\/WhatsApp-Image-2023-12-28-at-10.42.13-PM.png?resize=350%2C200&ssl=1","width":350,"height":200,"srcset":"https:\/\/i0.wp.com\/lasprimeras.com.do\/wp-content\/uploads\/2023\/12\/WhatsApp-Image-2023-12-28-at-10.42.13-PM.png?resize=350%2C200&ssl=1 1x, https:\/\/i0.wp.com\/lasprimeras.com.do\/wp-content\/uploads\/2023\/12\/WhatsApp-Image-2023-12-28-at-10.42.13-PM.png?resize=525%2C300&ssl=1 1.5x"},"classes":[]},{"id":57745,"url":"https:\/\/lasprimeras.com.do\/index.php\/2023\/08\/15\/cesep-gradua-expertos-en-proteccion-portuaria\/","url_meta":{"origin":72225,"position":5},"title":"CESEP grad\u00faa expertos en protecci\u00f3n portuaria","author":"Nelson Feliz","date":"15 de agosto de 2023","format":false,"excerpt":"El Cuerpo Especializado de Seguridad Portuaria (CESEP) celebr\u00f3 la graduaci\u00f3n del \u201cDiplomado en Protecci\u00f3n Portuaria\u201d, desarrollado en esa instituci\u00f3n durante seis meses, con la participaci\u00f3n de 27 personas pertenecientes a instituciones y empresa del sector mar\u00edtimo portuario. La ceremonia celebrada en la sede principal del CESEP ubicada en el puerto\u2026","rel":"","context":"En \u00abMILITARES\u00bb","block_context":{"text":"MILITARES","link":"https:\/\/lasprimeras.com.do\/index.php\/category\/militares\/"},"img":{"alt_text":"CESEP","src":"https:\/\/i0.wp.com\/lasprimeras.com.do\/wp-content\/uploads\/2023\/08\/mide.jpg?resize=350%2C200&ssl=1","width":350,"height":200,"srcset":"https:\/\/i0.wp.com\/lasprimeras.com.do\/wp-content\/uploads\/2023\/08\/mide.jpg?resize=350%2C200&ssl=1 1x, https:\/\/i0.wp.com\/lasprimeras.com.do\/wp-content\/uploads\/2023\/08\/mide.jpg?resize=525%2C300&ssl=1 1.5x"},"classes":[]}],"jetpack_sharing_enabled":true,"_links":{"self":[{"href":"https:\/\/lasprimeras.com.do\/index.php\/wp-json\/wp\/v2\/posts\/72225","targetHints":{"allow":["GET"]}}],"collection":[{"href":"https:\/\/lasprimeras.com.do\/index.php\/wp-json\/wp\/v2\/posts"}],"about":[{"href":"https:\/\/lasprimeras.com.do\/index.php\/wp-json\/wp\/v2\/types\/post"}],"author":[{"embeddable":true,"href":"https:\/\/lasprimeras.com.do\/index.php\/wp-json\/wp\/v2\/users\/3"}],"replies":[{"embeddable":true,"href":"https:\/\/lasprimeras.com.do\/index.php\/wp-json\/wp\/v2\/comments?post=72225"}],"version-history":[{"count":1,"href":"https:\/\/lasprimeras.com.do\/index.php\/wp-json\/wp\/v2\/posts\/72225\/revisions"}],"predecessor-version":[{"id":72227,"href":"https:\/\/lasprimeras.com.do\/index.php\/wp-json\/wp\/v2\/posts\/72225\/revisions\/72227"}],"wp:featuredmedia":[{"embeddable":true,"href":"https:\/\/lasprimeras.com.do\/index.php\/wp-json\/wp\/v2\/media\/72226"}],"wp:attachment":[{"href":"https:\/\/lasprimeras.com.do\/index.php\/wp-json\/wp\/v2\/media?parent=72225"}],"wp:term":[{"taxonomy":"category","embeddable":true,"href":"https:\/\/lasprimeras.com.do\/index.php\/wp-json\/wp\/v2\/categories?post=72225"},{"taxonomy":"post_tag","embeddable":true,"href":"https:\/\/lasprimeras.com.do\/index.php\/wp-json\/wp\/v2\/tags?post=72225"}],"curies":[{"name":"wp","href":"https:\/\/api.w.org\/{rel}","templated":true}]}}