{"id":72230,"date":"2023-12-28T07:29:34","date_gmt":"2023-12-28T11:29:34","guid":{"rendered":"https:\/\/lasprimeras.com.do\/?p=72230"},"modified":"2023-12-28T07:29:35","modified_gmt":"2023-12-28T11:29:35","slug":"central-romana-sigue-sin-cuota-de-exportacion-de-azucar-a-eeuu-en-la-nueva-zafra","status":"publish","type":"post","link":"https:\/\/lasprimeras.com.do\/index.php\/2023\/12\/28\/central-romana-sigue-sin-cuota-de-exportacion-de-azucar-a-eeuu-en-la-nueva-zafra\/","title":{"rendered":"Central Romana sigue sin cuota de exportaci\u00f3n de az\u00facar a EEUU en la nueva zafra"},"content":{"rendered":"\n<p>A un a\u00f1o y un mes de Aduanas y Protecci\u00f3n Fronteriza de los Estados Unidos tener la instrucci\u00f3n de detener en todos los puertos de entrada de ese pa\u00eds el az\u00facar sin refinar y los productos a base de az\u00facar producidos en la Rep\u00fablica Dominicana por Central Romana Corporation Limited, esta empresa nuevamente queda sin cuota de exportaci\u00f3n hacia ese territorio para la reci\u00e9n iniciada zafra.<\/p>\n\n\n\n<p>Mediante el decreto 521-23, el Poder Ejecutivo establece que, de conformidad con la \u00fanica resoluci\u00f3n del Consejo Directivo del Instituto Azucarero Dominicano, del 8 de agosto de 2023, las cuotas de az\u00facar que se establezcan para el pa\u00eds en el mercado preferencial de los Estados Unidos ser\u00e1n distribuidas entre los productores: Ingenio Crist\u00f3bal Col\u00f3n, con una participaci\u00f3n del 70.10 %, e Ingenio Barahona, con el 29.90 % restante.<\/p>\n\n\n\n<p>El decreto detalla que el Ingenio Crist\u00f3bal Col\u00f3n tendr\u00e1 una cuota de 132,729 toneladas m\u00e9tricas valor crudo (TMVC) y el Ingenio Barahona 56,614.<\/p>\n\n\n\n<p>&#8220;A\u00fan no hemos sido evaluados por las autoridades norteamericanas para verificar las supuestas denuncias y levantar el impedimento, cuya base ha sido \u00fanicamente las acusaciones formuladas por organizaciones no gubernamentales&#8221;, indic\u00f3 Central Romana al ser consultada por Diario Libre.<\/p>\n\n\n\n<p>&#8220;Nuestras expectativas son de que se levante la medida que impide a nuestro ingenio exportar az\u00facar hacia territorio norteamericano&#8221;, agreg\u00f3.<\/p>\n\n\n\n<p>Se\u00f1al\u00f3 que durante todo este per\u00edodo han estado llevando a cabo un extenso proceso de auditor\u00eda que asista a la empresa &#8220;en seguir avanzando y ejecutando las buenas pr\u00e1cticas&#8221; que -asegur\u00f3- ya implementa.<\/p>\n\n\n\n<p>A Central Romana Corporation Limited se le quit\u00f3 la cuota de exportaci\u00f3n tras Estados Unidos alegar que se identificaron cinco de los 11 indicadores de trabajo forzoso de la Organizaci\u00f3n Internacional de Trabajo (OIT) en las operaciones de la compa\u00f1\u00eda, que cuenta con capital estadounidense. Cuando se dispuso el veto, su cuota era del 62.84 %.<\/p>\n\n\n\n<p>RD cumple en 98.48 %<\/p>\n\n\n\n<p>Estados Unidos importa az\u00facar bajo un sistema de contingentes arancelarios. El Departamento de Agricultura de ese pa\u00eds explica que casi todo el az\u00facar de ca\u00f1a en bruto (la m\u00e1s importada), los az\u00facares y jarabes de az\u00facar refinados y los productos que contienen az\u00facar se importan en el marco de contingentes arancelarios para dichos productos.<\/p>\n\n\n\n<p>Precisa que &#8220;el contingente arancelario del az\u00facar de ca\u00f1a en bruto se asigna a 40 pa\u00edses bas\u00e1ndose en patrones establecidos durante el per\u00edodo de libre comercio relativamente sin restricciones de 1975-81&#8221;.<\/p>\n\n\n\n<p>Destaca que la Rep\u00fablica Dominicana, Brasil y Filipinas poseen las mayores participaciones: aproximadamente 17, 14 y 13 %, respectivamente.<\/p>\n\n\n\n<p>La cuota al mercado preferencial estadounidense entr\u00f3 en funcionamiento en el a\u00f1o 1984. Lo que establec\u00eda ese mercado en ese entonces era que se le iba a quitar el impuesto de aproximadamente 10 centavos de d\u00f3lar.<\/p>\n\n\n\n<p>Ahora est\u00e1 en el acuerdo econ\u00f3mico para las Am\u00e9ricas, donde hay unos cuantos pa\u00edses de la periferia que participan de la cuota, explic\u00f3 Ram\u00f3n Hidalgo, secretario del Consejo Directivo del Instituto Azucarero Dominicano (Inazucar).<\/p>\n\n\n\n<p>De su lado, M\u00e1ximo P\u00e9rez P\u00e9rez, director ejecutivo del Inazucar, asegur\u00f3 que Rep\u00fablica Dominicana ha estado cumpliendo casi en su totalidad con la cuota asignada.<\/p>\n\n\n\n<p>&#8220;Las exportaciones de az\u00facar (en 2023) alcanzaron la cantidad de 186,464 toneladas m\u00e9tricas, por el monto de 119.6 millones de d\u00f3lares, para un nivel de cumplimiento del 98.48 %. Pr\u00e1cticamente cumplimos con el compromiso de la cuota inicial asignada por los Estados Unidos&#8221;, dijo el funcionario.<\/p>\n\n\n\n<p>Zafra azucarera<\/p>\n\n\n\n<p>En el decreto 521-23, con fecha 18 de octubre del 2023, se da la apertura a la zafra azucarera del per\u00edodo 2023-2024 en los ingenios del pa\u00eds, que comprender\u00e1 todo el a\u00f1o calendario.<\/p>\n\n\n\n<p>&#8220;Se autoriza a cada ingenio hacer la zafra azucarera del a\u00f1o 2023-2024 de conformidad con sus respectivos programas de molienda y producci\u00f3n del tonelaje de az\u00facar&#8221;, indica el art\u00edculo dos del decreto.<\/p>\n\n\n\n<p>Central Romana Corporation est\u00e1 autorizada a moler 3,000,000 de toneladas m\u00e9tricas de ca\u00f1a y una producci\u00f3n de 356,500 toneladas m\u00e9tricas de az\u00facar.<\/p>\n\n\n\n<p>El Ingenio Crist\u00f3bal Col\u00f3n est\u00e1 autorizado a moler 1,335,700 toneladas m\u00e9tricas de ca\u00f1a, con una producci\u00f3n de 134,325 toneladas m\u00e9tricas de az\u00facar.<\/p>\n\n\n\n<p>El Ingenio Barahona aparece en el decreto con una molienda de 650,200 toneladas m\u00e9tricas de ca\u00f1a, con una producci\u00f3n de 77,024 toneladas m\u00e9tricas de az\u00facar.<\/p>\n\n\n\n<p>Al Ingenio Porvenir le autorizaron una molienda de ca\u00f1a de 200,000 toneladas m\u00e9tricas y una producci\u00f3n de az\u00facar de 15,000 toneladas m\u00e9tricas.<\/p>\n\n\n\n<p>Efecto del clima<\/p>\n\n\n\n<p>Central Romana explic\u00f3 que la industria azucarera, como cualquier otro sector agr\u00edcola, depende de tener un clima apropiado. Las lluvias fuertes o una sequ\u00eda prolongada afectan la producci\u00f3n de az\u00facar, como sucedi\u00f3 en el \u00faltimo a\u00f1o entre la tormenta Fiona y la sequ\u00eda del 2023.<\/p>\n\n\n\n<p>Asegur\u00f3 que, si todo se mantiene como lo proyectado, la zafra azucarera ser\u00e1 suficiente y bastar\u00e1 para el abastecimiento del mercado del pa\u00eds.<\/p>\n\n\n\n<p>&#8220;La especulaci\u00f3n de precios es lo que m\u00e1s afecta al mercado local, algo completamente sin sentido, ya que el costo del az\u00facar para la venta no lo establecen los productores, sino el Instituto Nacional del Az\u00facar&#8221;, precis\u00f3.<\/p>\n\n\n\n<p>Obligaciones legales<\/p>\n\n\n\n<p>El art\u00edculo tres del decreto 521-23 establece que: de la producci\u00f3n alcanzada en dicha zafra y la existencia sobrante del a\u00f1o anterior, se dispondr\u00e1 de los az\u00facares necesarios para satisfacer las necesidades de consumo nacional y se tomar\u00e1n las providencias para cumplir con los compromisos internacionales a que haya lugar.<\/p>\n\n\n\n<p>En el art\u00edculo seis se establece que los ingenios y las empresas azucareras estar\u00e1n en la obligaci\u00f3n de informar al Instituto Azucarero Dominicano las ventas de az\u00facar para exportaci\u00f3n que hayan realizado o realicen, indicando destino, precio, fecha de entrega y otras condiciones consignadas en las mismas, as\u00ed como cualquier otra informaci\u00f3n adicional que les sea solicitada por dicho instituto.<\/p>\n\n\n\n<p>Informe del Inazucar<\/p>\n\n\n\n<p>Seg\u00fan el reporte de programaci\u00f3n para la zafra azucarera 2023-2024, la cual inicia su producci\u00f3n en la tercera semana de diciembre del presente a\u00f1o, esta cuenta con un \u00e1rea total sembrada de 1,777,094 tareas nacionales cultivadas de ca\u00f1a.<\/p>\n\n\n\n<p>De esa cantidad, 1,293,894 tareas corresponden a los cuatro ingenios en producci\u00f3n, para el 72.81 %, y 483,200 a los colonos, equivalentes al 27.19 %.<\/p>\n\n\n\n<p>Se espera cosechar 5,185,900 toneladas de ca\u00f1a clasificadas en 3,910,900 toneladas de administraci\u00f3n para el 75.41%, y de colonos 1,275,000 toneladas para el 24.59 %.<\/p>\n\n\n\n<p>Fuente Diario Libre<\/p>\n","protected":false},"excerpt":{"rendered":"<p>A un a\u00f1o y un mes de Aduanas y Protecci\u00f3n Fronteriza de los Estados Unidos tener la instrucci\u00f3n de detener en todos los puertos de entrada de ese pa\u00eds el&hellip;<\/p>\n","protected":false},"author":2,"featured_media":72261,"comment_status":"open","ping_status":"open","sticky":false,"template":"","format":"standard","meta":{"content-type":"","jetpack_post_was_ever_published":false,"_jetpack_newsletter_access":"","_jetpack_dont_email_post_to_subs":false,"_jetpack_newsletter_tier_id":0,"_jetpack_memberships_contains_paywalled_content":false,"_jetpack_memberships_contains_paid_content":false,"footnotes":""},"categories":[39],"tags":[3534,10754,979,9286,10756,10755],"class_list":["post-72230","post","type-post","status-publish","format-standard","has-post-thumbnail","hentry","category-economia","tag-azucar","tag-central-romana","tag-eeuu","tag-exportacion","tag-nueva-zafra","tag-sin-cuota"],"jetpack_featured_media_url":"https:\/\/lasprimeras.com.do\/wp-content\/uploads\/2023\/12\/azucar.jpg","jetpack-related-posts":[{"id":95825,"url":"https:\/\/lasprimeras.com.do\/index.php\/2025\/03\/19\/sonia-guzman-valora-eliminacion-de-restriccion-de-exportacion-de-azucar-del-central-romana-a-los-estados-unidos\/","url_meta":{"origin":72230,"position":0},"title":"Sonia Guzm\u00e1n valora eliminaci\u00f3n de restricci\u00f3n de exportaci\u00f3n de az\u00facar del Central Romana a los Estados Unidos","author":"Nelson Feliz","date":"19 de marzo de 2025","format":false,"excerpt":"La embajada dominicana en los Estados Unidos dijo que dicha medida fue el fruto de un trabajo en equipo coordinado por el Presidente Luis Abinader. Destac\u00f3 que EEUU es el principal socio comercial de RD. WASHINGTON, D.C. La embajadora dominicana en los Estados Unidos, Sonia Guzm\u00e1n, valor\u00f3 la iniciativa del\u2026","rel":"","context":"En \u00abECONOM\u00cdA\u00bb","block_context":{"text":"ECONOM\u00cdA","link":"https:\/\/lasprimeras.com.do\/index.php\/category\/economia\/"},"img":{"alt_text":"","src":"https:\/\/i0.wp.com\/lasprimeras.com.do\/wp-content\/uploads\/2025\/03\/Sonia-Guzman.jpg?resize=350%2C200&ssl=1","width":350,"height":200,"srcset":"https:\/\/i0.wp.com\/lasprimeras.com.do\/wp-content\/uploads\/2025\/03\/Sonia-Guzman.jpg?resize=350%2C200&ssl=1 1x, https:\/\/i0.wp.com\/lasprimeras.com.do\/wp-content\/uploads\/2025\/03\/Sonia-Guzman.jpg?resize=525%2C300&ssl=1 1.5x, https:\/\/i0.wp.com\/lasprimeras.com.do\/wp-content\/uploads\/2025\/03\/Sonia-Guzman.jpg?resize=700%2C400&ssl=1 2x"},"classes":[]},{"id":62353,"url":"https:\/\/lasprimeras.com.do\/index.php\/2023\/10\/04\/reclaman-cuota-especial-y-precio-de-referencia-en-venta-del-azucar\/","url_meta":{"origin":72230,"position":1},"title":"Reclaman cuota especial y precio de referencia en venta del az\u00facar","author":"BIMARY DE JES\u00daS Matos","date":"4 de octubre de 2023","format":false,"excerpt":"SANTO DOMINGO, Rep\u00fablica Dominicana.- El Observatorio Nacional para la Protecci\u00f3n del Consumidor (ONPECO) solicit\u00f3 a las autoridades establecer una cuota especial de az\u00facar destinada al consumo local, para prevenir la escasez y la especulaci\u00f3n en el precio del producto. Especifica que a lo largo del a\u00f1o ha habido una notable\u2026","rel":"","context":"En \u00abECONOM\u00cdA\u00bb","block_context":{"text":"ECONOM\u00cdA","link":"https:\/\/lasprimeras.com.do\/index.php\/category\/economia\/"},"img":{"alt_text":"","src":"https:\/\/i0.wp.com\/lasprimeras.com.do\/wp-content\/uploads\/2023\/10\/WhatsApp-Image-2023-10-04-at-7.55.08-AM-4.jpeg?resize=350%2C200&ssl=1","width":350,"height":200,"srcset":"https:\/\/i0.wp.com\/lasprimeras.com.do\/wp-content\/uploads\/2023\/10\/WhatsApp-Image-2023-10-04-at-7.55.08-AM-4.jpeg?resize=350%2C200&ssl=1 1x, https:\/\/i0.wp.com\/lasprimeras.com.do\/wp-content\/uploads\/2023\/10\/WhatsApp-Image-2023-10-04-at-7.55.08-AM-4.jpeg?resize=525%2C300&ssl=1 1.5x"},"classes":[]},{"id":60426,"url":"https:\/\/lasprimeras.com.do\/index.php\/2023\/09\/14\/mal-manejo-del-azucar-y-empleados-que-cobran-sin-trabajar-entre-hallazgos-de-auditoria-al-cea\/","url_meta":{"origin":72230,"position":2},"title":"Mal manejo del az\u00facar y empleados que cobran sin trabajar, entre hallazgos de auditor\u00eda al CEA","author":"Nelson Feliz","date":"14 de septiembre de 2023","format":false,"excerpt":"La Contralor\u00eda General de la Rep\u00fablica public\u00f3 19 auditor\u00edas realizadas a instituciones p\u00fablicas, entre estas el Consejo Estatal del Az\u00facar (CEA), entidad en la que se encontr\u00f3 un conjunto de debilidades como no contar con un sistema para el manejo, administraci\u00f3n y control de sus inventarios de az\u00facar y melaza.\u2026","rel":"","context":"En \u00abECONOM\u00cdA\u00bb","block_context":{"text":"ECONOM\u00cdA","link":"https:\/\/lasprimeras.com.do\/index.php\/category\/economia\/"},"img":{"alt_text":"C\u00e9sar Cede\u00f1o","src":"https:\/\/i0.wp.com\/lasprimeras.com.do\/wp-content\/uploads\/2023\/09\/Cesar-Cedeno.jpg?resize=350%2C200&ssl=1","width":350,"height":200,"srcset":"https:\/\/i0.wp.com\/lasprimeras.com.do\/wp-content\/uploads\/2023\/09\/Cesar-Cedeno.jpg?resize=350%2C200&ssl=1 1x, https:\/\/i0.wp.com\/lasprimeras.com.do\/wp-content\/uploads\/2023\/09\/Cesar-Cedeno.jpg?resize=525%2C300&ssl=1 1.5x, https:\/\/i0.wp.com\/lasprimeras.com.do\/wp-content\/uploads\/2023\/09\/Cesar-Cedeno.jpg?resize=700%2C400&ssl=1 2x"},"classes":[]},{"id":63068,"url":"https:\/\/lasprimeras.com.do\/index.php\/2023\/10\/10\/precios-del-azucar-aumentan-entre-4-21-y-40-93-en-un-ano\/","url_meta":{"origin":72230,"position":3},"title":"Precios del az\u00facar aumentan entre 4.21 % y 40.93 % en un a\u00f1o","author":"Nelson Feliz","date":"10 de octubre de 2023","format":false,"excerpt":"Datos de Pro Consumidor muestran aumentos en almacenes, colmados y supermercados a septiembre. El Poder Ejecutivo entreg\u00f3 recientemente al Congreso Nacional un proyecto de ley que dejar\u00eda sin aranceles su compra al exterior por tres meses, como \"una respuesta\" al alza de precios, que desde junio se han autorizado tres\u2026","rel":"","context":"En \u00abECONOM\u00cdA\u00bb","block_context":{"text":"ECONOM\u00cdA","link":"https:\/\/lasprimeras.com.do\/index.php\/category\/economia\/"},"img":{"alt_text":"Venta de az\u00facar en un colmado del Distrito Nacional","src":"https:\/\/i0.wp.com\/lasprimeras.com.do\/wp-content\/uploads\/2023\/10\/azucar.jpg?resize=350%2C200&ssl=1","width":350,"height":200,"srcset":"https:\/\/i0.wp.com\/lasprimeras.com.do\/wp-content\/uploads\/2023\/10\/azucar.jpg?resize=350%2C200&ssl=1 1x, https:\/\/i0.wp.com\/lasprimeras.com.do\/wp-content\/uploads\/2023\/10\/azucar.jpg?resize=525%2C300&ssl=1 1.5x, https:\/\/i0.wp.com\/lasprimeras.com.do\/wp-content\/uploads\/2023\/10\/azucar.jpg?resize=700%2C400&ssl=1 2x"},"classes":[]},{"id":54393,"url":"https:\/\/lasprimeras.com.do\/index.php\/2023\/07\/10\/asociacion-mayoristas-pide-equidad-en-distribucion-75-mil-toneladas-de-azucar-importara-el-gobierno\/","url_meta":{"origin":72230,"position":4},"title":"Asociaci\u00f3n Mayoristas pide equidad en distribuci\u00f3n 75 mil toneladas de az\u00facar importar\u00e1 el gobierno\u00a0","author":"Nelson Feliz","date":"10 de julio de 2023","format":false,"excerpt":"La Asociaci\u00f3n de Mayoristas en Provisiones de Santo Domingo (AMAPROSADO), solicit\u00f3 \u00a0al gobierno una distribuci\u00f3n equitativa de las 75 mil toneladas m\u00e9tricas de az\u00facar que se importar\u00e1n a trav\u00e9s del Ministerio de Industria, Comercio y Pymes. El presidente de la entidad, Andr\u00e9s Cosma, demand\u00f3 la intervenci\u00f3n del presidente Luis Abinader,\u00a0\u2026","rel":"","context":"En \u00abECONOM\u00cdA\u00bb","block_context":{"text":"ECONOM\u00cdA","link":"https:\/\/lasprimeras.com.do\/index.php\/category\/economia\/"},"img":{"alt_text":"Andres Cosma","src":"https:\/\/i0.wp.com\/lasprimeras.com.do\/wp-content\/uploads\/2023\/07\/Andres-Cosma.jpeg?resize=350%2C200&ssl=1","width":350,"height":200,"srcset":"https:\/\/i0.wp.com\/lasprimeras.com.do\/wp-content\/uploads\/2023\/07\/Andres-Cosma.jpeg?resize=350%2C200&ssl=1 1x, https:\/\/i0.wp.com\/lasprimeras.com.do\/wp-content\/uploads\/2023\/07\/Andres-Cosma.jpeg?resize=525%2C300&ssl=1 1.5x, https:\/\/i0.wp.com\/lasprimeras.com.do\/wp-content\/uploads\/2023\/07\/Andres-Cosma.jpeg?resize=700%2C400&ssl=1 2x"},"classes":[]},{"id":50409,"url":"https:\/\/lasprimeras.com.do\/index.php\/2023\/05\/19\/abinader-promueve-modernizacion-y-mecanizacion-de-la-cana-de-azucar\/","url_meta":{"origin":72230,"position":5},"title":"Abinader promueve modernizaci\u00f3n y mecanizaci\u00f3n de la ca\u00f1a de az\u00facar","author":"prenxa100","date":"19 de mayo de 2023","format":false,"excerpt":"En D\u00eda de los Colonos Azucareros,\u00a0 mandatario dispone la creaci\u00f3n de un Fondo Especial para la siembra de 50,000 tareas de ca\u00f1a. Por Wilson P\u00e9rez Consuelo, San Pedro de Macor\u00eds. - En ocasi\u00f3n de la conmoraci\u00f3n del D\u00eda de los Colonos Azucareros, el presidente Luis Abinader asegur\u00f3 que es un\u2026","rel":"","context":"En \u00abECONOM\u00cdA\u00bb","block_context":{"text":"ECONOM\u00cdA","link":"https:\/\/lasprimeras.com.do\/index.php\/category\/economia\/"},"img":{"alt_text":"","src":"","width":0,"height":0},"classes":[]}],"jetpack_sharing_enabled":true,"_links":{"self":[{"href":"https:\/\/lasprimeras.com.do\/index.php\/wp-json\/wp\/v2\/posts\/72230","targetHints":{"allow":["GET"]}}],"collection":[{"href":"https:\/\/lasprimeras.com.do\/index.php\/wp-json\/wp\/v2\/posts"}],"about":[{"href":"https:\/\/lasprimeras.com.do\/index.php\/wp-json\/wp\/v2\/types\/post"}],"author":[{"embeddable":true,"href":"https:\/\/lasprimeras.com.do\/index.php\/wp-json\/wp\/v2\/users\/2"}],"replies":[{"embeddable":true,"href":"https:\/\/lasprimeras.com.do\/index.php\/wp-json\/wp\/v2\/comments?post=72230"}],"version-history":[{"count":1,"href":"https:\/\/lasprimeras.com.do\/index.php\/wp-json\/wp\/v2\/posts\/72230\/revisions"}],"predecessor-version":[{"id":72262,"href":"https:\/\/lasprimeras.com.do\/index.php\/wp-json\/wp\/v2\/posts\/72230\/revisions\/72262"}],"wp:featuredmedia":[{"embeddable":true,"href":"https:\/\/lasprimeras.com.do\/index.php\/wp-json\/wp\/v2\/media\/72261"}],"wp:attachment":[{"href":"https:\/\/lasprimeras.com.do\/index.php\/wp-json\/wp\/v2\/media?parent=72230"}],"wp:term":[{"taxonomy":"category","embeddable":true,"href":"https:\/\/lasprimeras.com.do\/index.php\/wp-json\/wp\/v2\/categories?post=72230"},{"taxonomy":"post_tag","embeddable":true,"href":"https:\/\/lasprimeras.com.do\/index.php\/wp-json\/wp\/v2\/tags?post=72230"}],"curies":[{"name":"wp","href":"https:\/\/api.w.org\/{rel}","templated":true}]}}