{"id":72234,"date":"2023-12-28T07:09:42","date_gmt":"2023-12-28T11:09:42","guid":{"rendered":"https:\/\/lasprimeras.com.do\/?p=72234"},"modified":"2023-12-28T07:09:44","modified_gmt":"2023-12-28T11:09:44","slug":"frank-tour-entre-amigos-llegara-el-30-de-diciembre-al-anfiteatro-puerto-plata","status":"publish","type":"post","link":"https:\/\/lasprimeras.com.do\/index.php\/2023\/12\/28\/frank-tour-entre-amigos-llegara-el-30-de-diciembre-al-anfiteatro-puerto-plata\/","title":{"rendered":"&#8220;Frank Tour Entre Amigos&#8221; llegar\u00e1 el 30 de diciembre al anfiteatro Puerto Plata"},"content":{"rendered":"\n<p>Santo Domingo.-Como un regalo del ministerio de Turismo, que dirige David Collado, este s\u00e1bado 30 de diciembre la provincia de Puerto Plata, celebrar\u00e1 la despedida del 2023 con el exquisito concierto \u201cFrank Tour Entre Amigos\u201d, en el anfiteatro de la Puntilla de Puerto Plata, a partir de las 9:00 de la noche.<\/p>\n\n\n\n<p>El cantautor Frank Ceara llega acompa\u00f1ado por la formidable orquesta del maestro Pengbian Sang, y subir\u00e1 al m\u00e1gico anfiteatro a cantar junto a sus mejores amigos, H\u00e9ctor An\u00edbal, Nairoby Duarte, Maridalia Hern\u00e1ndez, Adalgisa Pantale\u00f3n, Marco Hern\u00e1ndez, Pavel N\u00fa\u00f1ez, Mariela Mercado y del grupo 440 Roger Zayas y Quico Rizek.<\/p>\n\n\n\n<p>Un concierto en donde Ceara hace un recorrido por sus grandes \u00e9xitos como \u201cAtado a tu volc\u00e1n\u201d, \u201cTe so\u00f1\u00e9 de blanco\u201d, \u201cT\u00fa me pones loco\u201d, \u201cLluvias de besos\u201d y \u201cPorque te quiero\u201d, entre otros.<\/p>\n\n\n\n<p>Durante el recital, el artista comparte en el escenario con sus amigos invitados, mientras \u00e9stos interpretan \u00e9xitos de su repertorio.<\/p>\n\n\n\n<p>\u201cFrank Tour Entre Amigos\u201d es un concepto de conciertos que lleva al p\u00fablico un compendio de lo mejor de la clase art\u00edstica dominicana, altamente calificada por sus voces, interpretaci\u00f3n, m\u00fasica e inolvidables canciones.<\/p>\n\n\n\n<p>Este mes de diciembre Frank Ceara cerr\u00f3 con rotundo \u00e9xito sus conciertos \u201cNavidad entre Amigos\u201d, que present\u00f3 desde el 27 de noviembre al 18 de diciembre, todos los lunes, en Escenario 360, de Galer\u00eda 360, con m\u00e1s de 20 artistas invitados.<\/p>\n","protected":false},"excerpt":{"rendered":"<p>Santo Domingo.-Como un regalo del ministerio de Turismo, que dirige David Collado, este s\u00e1bado 30 de diciembre la provincia de Puerto Plata, celebrar\u00e1 la despedida del 2023 con el exquisito&hellip;<\/p>\n","protected":false},"author":3,"featured_media":72235,"comment_status":"open","ping_status":"open","sticky":false,"template":"","format":"standard","meta":{"content-type":"","jetpack_post_was_ever_published":false,"_jetpack_newsletter_access":"","_jetpack_dont_email_post_to_subs":false,"_jetpack_newsletter_tier_id":0,"_jetpack_memberships_contains_paywalled_content":false,"_jetpack_memberships_contains_paid_content":false,"footnotes":""},"categories":[84],"tags":[],"class_list":["post-72234","post","type-post","status-publish","format-standard","has-post-thumbnail","hentry","category-entretenimiento"],"jetpack_featured_media_url":"https:\/\/lasprimeras.com.do\/wp-content\/uploads\/2023\/12\/El-texto-del-parrafo-3.jpg","jetpack-related-posts":[{"id":80960,"url":"https:\/\/lasprimeras.com.do\/index.php\/2024\/04\/15\/frank-tour-entre-amigos-llega-este-28-de-abril-al-anfiteatro-de-la-puntilla-de-puerto-plata\/","url_meta":{"origin":72234,"position":0},"title":"\u201cFrank Tour Entre Amigos\u201d llega este 28 de abril al Anfiteatro de la Puntilla de Puerto Plata","author":"BIMARY DE JES\u00daS Matos","date":"15 de abril de 2024","format":false,"excerpt":"Puerto Plata.-La Novia del Atl\u00e1ntico se prepara para recibir el concierto \u201cFrank Tour Entre Amigos\u201d, en el Anfiteatro de la Puntilla de Puerto Plata, el 28 de abril, a las 9:00 de la noche, como un regalo del Ministerio de Turismo, que dirige David Collado. El cantautor Frank Ceara llega\u2026","rel":"","context":"En \u00abENTRETENIMIENTO\u00bb","block_context":{"text":"ENTRETENIMIENTO","link":"https:\/\/lasprimeras.com.do\/index.php\/category\/entretenimiento\/"},"img":{"alt_text":"","src":"https:\/\/i0.wp.com\/lasprimeras.com.do\/wp-content\/uploads\/2024\/04\/7745dfde-456a-4a7d-aae2-970a54c76356-1024x682-4.jpeg?resize=350%2C200&ssl=1","width":350,"height":200,"srcset":"https:\/\/i0.wp.com\/lasprimeras.com.do\/wp-content\/uploads\/2024\/04\/7745dfde-456a-4a7d-aae2-970a54c76356-1024x682-4.jpeg?resize=350%2C200&ssl=1 1x, https:\/\/i0.wp.com\/lasprimeras.com.do\/wp-content\/uploads\/2024\/04\/7745dfde-456a-4a7d-aae2-970a54c76356-1024x682-4.jpeg?resize=525%2C300&ssl=1 1.5x, https:\/\/i0.wp.com\/lasprimeras.com.do\/wp-content\/uploads\/2024\/04\/7745dfde-456a-4a7d-aae2-970a54c76356-1024x682-4.jpeg?resize=700%2C400&ssl=1 2x"},"classes":[]},{"id":71606,"url":"https:\/\/lasprimeras.com.do\/index.php\/2023\/12\/21\/frank-ceara-concluye-navidad-entre-amigos-2023-junto-a-miembros-del-grupo\/","url_meta":{"origin":72234,"position":1},"title":"Frank Ceara concluye \u201cNavidad entre Amigos 2023\u201d junto a miembros del grupo","author":"BIMARY DE JES\u00daS Matos","date":"21 de diciembre de 2023","format":false,"excerpt":"Santo Domingo.-\u201cNavidad entre Amigos 2023\u201d cerr\u00f3 este a\u00f1o con una exitosa presentaci\u00f3n, en donde los mejores amigos del cantautor Frank Ceara le acompa\u00f1aron en el escenario y ofrecieron al p\u00fablico una inolvidable noche. Este \u00faltimo lunes, Escenario 360, de Galer\u00eda 360, qued\u00f3 peque\u00f1o para audiencia que asisti\u00f3 a vivir, de\u2026","rel":"","context":"En \u00abENTRETENIMIENTO\u00bb","block_context":{"text":"ENTRETENIMIENTO","link":"https:\/\/lasprimeras.com.do\/index.php\/category\/entretenimiento\/"},"img":{"alt_text":"","src":"","width":0,"height":0},"classes":[]},{"id":70179,"url":"https:\/\/lasprimeras.com.do\/index.php\/2023\/12\/09\/frank-ceara-celebrara-este-lunes-la-tercera-entrega-de-navidad-entre-amigos-2023\/","url_meta":{"origin":72234,"position":2},"title":"Frank Ceara celebrar\u00e1 este lunes la tercera entrega de &#8220;Navidad entre amigos 2023&#8221;","author":"BIMARY DE JES\u00daS Matos","date":"9 de diciembre de 2023","format":false,"excerpt":"Santo Domingo.-Este lunes 11 de diciembre \u00abNavidad entre Amigos 2023\u00bb llega a su tercera entrega y Kinito M\u00e9ndez, Diomary La Mala, Silvio Mora, Pavel N\u00fa\u00f1ez, Tueska, Diego Jarr y Nairoby Duarte subir\u00e1n a Escenario 360 a acompa\u00f1ar a Frank Ceara en estos hermosos conciertos, que cuentan con la direcci\u00f3n musical\u2026","rel":"","context":"En \u00abENTRETENIMIENTO\u00bb","block_context":{"text":"ENTRETENIMIENTO","link":"https:\/\/lasprimeras.com.do\/index.php\/category\/entretenimiento\/"},"img":{"alt_text":"","src":"https:\/\/i0.wp.com\/lasprimeras.com.do\/wp-content\/uploads\/2023\/12\/WhatsApp-Image-2023-12-07-at-7.22.09-PM-5-8.jpeg?resize=350%2C200&ssl=1","width":350,"height":200,"srcset":"https:\/\/i0.wp.com\/lasprimeras.com.do\/wp-content\/uploads\/2023\/12\/WhatsApp-Image-2023-12-07-at-7.22.09-PM-5-8.jpeg?resize=350%2C200&ssl=1 1x, https:\/\/i0.wp.com\/lasprimeras.com.do\/wp-content\/uploads\/2023\/12\/WhatsApp-Image-2023-12-07-at-7.22.09-PM-5-8.jpeg?resize=525%2C300&ssl=1 1.5x"},"classes":[]},{"id":67083,"url":"https:\/\/lasprimeras.com.do\/index.php\/2023\/11\/13\/manny-cruz-celebrara-dia-del-merengue-con-concierto-gratuito-en-el-anfiteatro-de-puerto-plata\/","url_meta":{"origin":72234,"position":3},"title":"Manny Cruz celebrar\u00e1 D\u00eda del Merengue con concierto gratuito en el Anfiteatro de Puerto Plata","author":"BIMARY DE JES\u00daS Matos","date":"13 de noviembre de 2023","format":false,"excerpt":"Santo Domingo.-El Anfiteatro de Puerto Plata bailar\u00e1 a ritmo de g\u00fcira y tambora el pr\u00f3ximo domingo 26 de noviembre para celebrar el D\u00eda Nacional del Merengue de la mano del artista dominicano Manny Cruz con su concierto \u201cDominicano de Coraz\u00f3n\u201d. Pautado para las 6:30 de la tarde en un evento\u2026","rel":"","context":"En \u00abENTRETENIMIENTO\u00bb","block_context":{"text":"ENTRETENIMIENTO","link":"https:\/\/lasprimeras.com.do\/index.php\/category\/entretenimiento\/"},"img":{"alt_text":"","src":"https:\/\/i0.wp.com\/lasprimeras.com.do\/wp-content\/uploads\/2023\/11\/WhatsApp-Image-2023-11-12-at-4.11.32-PM-1-5.jpeg?resize=350%2C200&ssl=1","width":350,"height":200,"srcset":"https:\/\/i0.wp.com\/lasprimeras.com.do\/wp-content\/uploads\/2023\/11\/WhatsApp-Image-2023-11-12-at-4.11.32-PM-1-5.jpeg?resize=350%2C200&ssl=1 1x, https:\/\/i0.wp.com\/lasprimeras.com.do\/wp-content\/uploads\/2023\/11\/WhatsApp-Image-2023-11-12-at-4.11.32-PM-1-5.jpeg?resize=525%2C300&ssl=1 1.5x"},"classes":[]},{"id":70854,"url":"https:\/\/lasprimeras.com.do\/index.php\/2023\/12\/14\/navidad-entre-amigos-2023-tendra-su-ultimo-concierto-este-lunes-en-escenario-360\/","url_meta":{"origin":72234,"position":4},"title":"&#8220;Navidad entre Amigos 2023&#8221; tendr\u00e1 su \u00faltimo concierto este lunes en Escenario 360","author":"BIMARY DE JES\u00daS Matos","date":"14 de diciembre de 2023","format":false,"excerpt":"Santo Domingo.-Tras una descarga de energ\u00eda musical en donde Diomary La Mala, Silvio Mora, Kinito M\u00e9ndez, Tueska, Pavel N\u00fa\u00f1ez, Diego Jaar y Jos\u00e9 Guillermo Cortines encendieron la tercera noche de \u00abNavidad entre Amigos 2023\u00bb, Frank Ceara se prepara para cerrar, este lunes 18 de diciembre, con el mejor merengue de\u2026","rel":"","context":"En \u00abENTRETENIMIENTO\u00bb","block_context":{"text":"ENTRETENIMIENTO","link":"https:\/\/lasprimeras.com.do\/index.php\/category\/entretenimiento\/"},"img":{"alt_text":"","src":"https:\/\/i0.wp.com\/lasprimeras.com.do\/wp-content\/uploads\/2023\/12\/WhatsApp-Image-2023-12-14-at-10.38.32-AM-7.jpeg?resize=350%2C200&ssl=1","width":350,"height":200,"srcset":"https:\/\/i0.wp.com\/lasprimeras.com.do\/wp-content\/uploads\/2023\/12\/WhatsApp-Image-2023-12-14-at-10.38.32-AM-7.jpeg?resize=350%2C200&ssl=1 1x, https:\/\/i0.wp.com\/lasprimeras.com.do\/wp-content\/uploads\/2023\/12\/WhatsApp-Image-2023-12-14-at-10.38.32-AM-7.jpeg?resize=525%2C300&ssl=1 1.5x"},"classes":[]},{"id":68500,"url":"https:\/\/lasprimeras.com.do\/index.php\/2023\/11\/24\/navidad-entre-amigos-arranca-este-lunes-con-las-voces-mas-selectas-de-rd\/","url_meta":{"origin":72234,"position":5},"title":"&#8220;Navidad entre Amigos\u201d arranca este lunes con las voces m\u00e1s selectas de RD","author":"BIMARY DE JES\u00daS Matos","date":"24 de noviembre de 2023","format":false,"excerpt":"Santo Domingo.-Frank Ceara da inicio a su aguinaldo pascual, \u201cNavidad entre amigos\u201d, este lunes 27 de noviembre, con las m\u00e1s selectas voces del cancionero dominicano, Maridalia Hern\u00e1ndez, Adalgisa Pantale\u00f3n, Mariela Mercado, y del Grupo 440 Quico Rizek y Roger Zayas. Ser\u00e1 en Escenario 360, de Galer\u00eda 360 en donde Ceara\u2026","rel":"","context":"En \u00abENTRETENIMIENTO\u00bb","block_context":{"text":"ENTRETENIMIENTO","link":"https:\/\/lasprimeras.com.do\/index.php\/category\/entretenimiento\/"},"img":{"alt_text":"","src":"https:\/\/i0.wp.com\/lasprimeras.com.do\/wp-content\/uploads\/2023\/11\/WhatsApp-Image-2023-11-24-at-1.48.00-PM.jpeg?resize=350%2C200&ssl=1","width":350,"height":200,"srcset":"https:\/\/i0.wp.com\/lasprimeras.com.do\/wp-content\/uploads\/2023\/11\/WhatsApp-Image-2023-11-24-at-1.48.00-PM.jpeg?resize=350%2C200&ssl=1 1x, https:\/\/i0.wp.com\/lasprimeras.com.do\/wp-content\/uploads\/2023\/11\/WhatsApp-Image-2023-11-24-at-1.48.00-PM.jpeg?resize=525%2C300&ssl=1 1.5x"},"classes":[]}],"jetpack_sharing_enabled":true,"_links":{"self":[{"href":"https:\/\/lasprimeras.com.do\/index.php\/wp-json\/wp\/v2\/posts\/72234","targetHints":{"allow":["GET"]}}],"collection":[{"href":"https:\/\/lasprimeras.com.do\/index.php\/wp-json\/wp\/v2\/posts"}],"about":[{"href":"https:\/\/lasprimeras.com.do\/index.php\/wp-json\/wp\/v2\/types\/post"}],"author":[{"embeddable":true,"href":"https:\/\/lasprimeras.com.do\/index.php\/wp-json\/wp\/v2\/users\/3"}],"replies":[{"embeddable":true,"href":"https:\/\/lasprimeras.com.do\/index.php\/wp-json\/wp\/v2\/comments?post=72234"}],"version-history":[{"count":1,"href":"https:\/\/lasprimeras.com.do\/index.php\/wp-json\/wp\/v2\/posts\/72234\/revisions"}],"predecessor-version":[{"id":72236,"href":"https:\/\/lasprimeras.com.do\/index.php\/wp-json\/wp\/v2\/posts\/72234\/revisions\/72236"}],"wp:featuredmedia":[{"embeddable":true,"href":"https:\/\/lasprimeras.com.do\/index.php\/wp-json\/wp\/v2\/media\/72235"}],"wp:attachment":[{"href":"https:\/\/lasprimeras.com.do\/index.php\/wp-json\/wp\/v2\/media?parent=72234"}],"wp:term":[{"taxonomy":"category","embeddable":true,"href":"https:\/\/lasprimeras.com.do\/index.php\/wp-json\/wp\/v2\/categories?post=72234"},{"taxonomy":"post_tag","embeddable":true,"href":"https:\/\/lasprimeras.com.do\/index.php\/wp-json\/wp\/v2\/tags?post=72234"}],"curies":[{"name":"wp","href":"https:\/\/api.w.org\/{rel}","templated":true}]}}