{"id":72237,"date":"2023-12-28T07:11:02","date_gmt":"2023-12-28T11:11:02","guid":{"rendered":"https:\/\/lasprimeras.com.do\/?p=72237"},"modified":"2023-12-28T07:11:03","modified_gmt":"2023-12-28T11:11:03","slug":"conductores-se-burlan-de-parqueate-bien","status":"publish","type":"post","link":"https:\/\/lasprimeras.com.do\/index.php\/2023\/12\/28\/conductores-se-burlan-de-parqueate-bien\/","title":{"rendered":"Conductores se burlan de \u2018Parqu\u00e9ate bien\u2019"},"content":{"rendered":"\n<p>Santo Domingo.-El programa \u201cParqu\u00e9ate bien\u201d, implementado por el Instituto Nacional de Tr\u00e1nsito y Transporte Terrestre (Intrant) con el objetivo de mejorar el tr\u00e1nsito vehicular a trav\u00e9s de la reducci\u00f3n de los tapones a causa del mal estacionamiento, en pocas calles del Distrito Nacional se est\u00e1 cumpliendo.<\/p>\n\n\n\n<p>Un equipo del List\u00edn Diario realiz\u00f3 un recorrido por las calles de los ensanches Naco y Piantini, donde es implementado el programa, y observ\u00f3 a conductores irrespetando las normas del programa, parque\u00e1ndose de ambos lados en calles de una sola v\u00eda.<\/p>\n\n\n\n<p>Los propietarios de veh\u00edculos, desaf\u00edan abiertamente las se\u00f1ales de tr\u00e1nsito que proh\u00edben el estacionamiento en algunas zonas, claramente establecidas como \u201cNo estacione de este lado\u201d, en esos sectores.<\/p>\n\n\n\n<p>Eladio Rinc\u00f3n Moreno, seguridad de una de las residencias de la calle Manuel de Jes\u00fas Troncoso, del Piantini, expres\u00f3 que lo contrataron para evitar que las personas se parqueen frente al domicilio, debido a que obstaculizaban la entrada de los veh\u00edculos, incluso tuvieron que colocar conos con cadenas.<\/p>\n\n\n\n<p>\u201cEllos comenzaron muy bien, marcaron donde se puede y no estacionar, pero luego del problema de Hugo Beras, eso se cay\u00f3\u201d, manifest\u00f3 Rinc\u00f3n.<\/p>\n\n\n\n<p>Se\u00f1al\u00f3 que antes las gr\u00faas se encargaban de llevarse los veh\u00edculos mal estacionados, pero actualmente estos encuentran lugares donde estacionarse sin consecuencias, ya que las gr\u00faas no patrullan las calles como sol\u00edan hacerlo.<\/p>\n\n\n\n<p>Rinc\u00f3n Moreno destac\u00f3 que a diario se ven los veh\u00edculos mal estacionados. \u201cHoy se ve as\u00ed porque estamos en Navidad\u201d y aun as\u00ed se pod\u00eda contemplar los parqueos paralelos en la calle Manuel de Jes\u00fas Troncoso, que es de una sola v\u00eda.<\/p>\n\n\n\n<p>En la calle Pablo Casals, en Serrall\u00e9s, se observ\u00f3 un cumplimiento m\u00e1s riguroso del programa \u201cParqu\u00e9ate bien\u201d, donde los veh\u00edculos estaban estacionados donde indicaban las se\u00f1ales, sin embargo en la calle Jos\u00e9 Amado Soler de esa misma zona, no se vio reflejado de la misma manera, ya que varios veh\u00edculos estaban mal parqueados.<\/p>\n\n\n\n<p>Tambi\u00e9n en las calles Federico Geraldino y Jacinto Ma\u00f1\u00f3n del sector Piantini se encontraban veh\u00edculos mal estacionados y en paralelo, incumpliendo con las normas establecidas del programa.<\/p>\n\n\n\n<p>En Naco, en la calle Padre Fantino Falco, la mayor\u00eda de los veh\u00edculos que estaban estacionados respetaban las leyes de tr\u00e1nsito, a excepci\u00f3n de un taxista mal parqueado.<\/p>\n\n\n\n<p>Adem\u00e1s, en la calle Manuel Henr\u00edquez, los veh\u00edculos que estaban parqueados s\u00ed cumpl\u00edan con las normas establecidas.<\/p>\n\n\n\n<p>Wilton Alc\u00e1ntara, residente en Naco, afirm\u00f3 que las gr\u00faas de \u201cParqu\u00e9ate bien\u201d no est\u00e1n transitando por las calles como al inicio, pues \u201cparece que cogieron una tregua hasta enero\u201d, expres\u00f3. Alc\u00e1ntara a\u00f1adi\u00f3 que los residentes de esa zona s\u00ed cumplen con las indicaciones del programa.<\/p>\n\n\n\n<p>Parqu\u00e9ate bien<\/p>\n\n\n\n<p>El programa est\u00e1 establecido en los sectores Piantini y Naco, como parte del plan de mejoras en la movilidad del casco urbano, en conjunto con la Direcci\u00f3n General de Seguridad de Tr\u00e1nsito y Transporte Terrestre (Digesett), y la Alcald\u00eda del Distrito Nacional (ADN).<\/p>\n\n\n\n<p>Los conductores que les sean remolcados sus veh\u00edculos por mal estacionamiento en los sectores donde se ha implementado el programa, deben dirigirse al parqueo del Intrant con su licencia de conducir, seguro y matr\u00edcula, con el fin de agotar el procedimiento de ley correspondiente para el pago de la multa impuesta y as\u00ed devolverles sus veh\u00edculos.<\/p>\n","protected":false},"excerpt":{"rendered":"<p>Santo Domingo.-El programa \u201cParqu\u00e9ate bien\u201d, implementado por el Instituto Nacional de Tr\u00e1nsito y Transporte Terrestre (Intrant) con el objetivo de mejorar el tr\u00e1nsito vehicular a trav\u00e9s de la reducci\u00f3n de&hellip;<\/p>\n","protected":false},"author":3,"featured_media":72238,"comment_status":"open","ping_status":"open","sticky":false,"template":"","format":"standard","meta":{"content-type":"","jetpack_post_was_ever_published":false,"_jetpack_newsletter_access":"","_jetpack_dont_email_post_to_subs":false,"_jetpack_newsletter_tier_id":0,"_jetpack_memberships_contains_paywalled_content":false,"_jetpack_memberships_contains_paid_content":false,"footnotes":""},"categories":[25],"tags":[349],"class_list":["post-72237","post","type-post","status-publish","format-standard","has-post-thumbnail","hentry","category-portada","tag-intrant"],"jetpack_featured_media_url":"https:\/\/lasprimeras.com.do\/wp-content\/uploads\/2023\/12\/El-texto-del-parrafo-4.jpg","jetpack-related-posts":[{"id":102230,"url":"https:\/\/lasprimeras.com.do\/index.php\/2025\/07\/02\/digesett-y-parqueate-rd-activan-operativo-no-estacione-del-plan-rd-se-mueve\/","url_meta":{"origin":72237,"position":0},"title":"DIGESETT y Parqu\u00e9ate RD activan operativo NO estacione del plan \u201cRD se mueve\u201d","author":"Nelson Feliz","date":"2 de julio de 2025","format":false,"excerpt":"La Direcci\u00f3n General de Seguridad de Tr\u00e1nsito y Transporte Terrestre (DIGESETT) en coordinaci\u00f3n con el INTRANT y ParqueateRD inici\u00f3 este martes 1 de julio el operativo NO estaciones del plan nacional \u201cRD se mueve\u201d, enfocado en la regulaci\u00f3n y fiscalizaci\u00f3n de los veh\u00edculos mal estacionados en las principales v\u00edas del\u2026","rel":"","context":"En \u00abNACIONALES\u00bb","block_context":{"text":"NACIONALES","link":"https:\/\/lasprimeras.com.do\/index.php\/category\/nacionales\/"},"img":{"alt_text":"","src":"https:\/\/i0.wp.com\/lasprimeras.com.do\/wp-content\/uploads\/2025\/07\/DIGESSET.jpg?resize=350%2C200&ssl=1","width":350,"height":200,"srcset":"https:\/\/i0.wp.com\/lasprimeras.com.do\/wp-content\/uploads\/2025\/07\/DIGESSET.jpg?resize=350%2C200&ssl=1 1x, https:\/\/i0.wp.com\/lasprimeras.com.do\/wp-content\/uploads\/2025\/07\/DIGESSET.jpg?resize=525%2C300&ssl=1 1.5x, https:\/\/i0.wp.com\/lasprimeras.com.do\/wp-content\/uploads\/2025\/07\/DIGESSET.jpg?resize=700%2C400&ssl=1 2x"},"classes":[]},{"id":105503,"url":"https:\/\/lasprimeras.com.do\/index.php\/2025\/08\/04\/comienza-hoy-cobro-de-rd5000-por-mal-estacionamiento-en-el-distrito-nacional\/","url_meta":{"origin":72237,"position":1},"title":"Comienza hoy, cobro de RD$5,000 por mal estacionamiento en el Distrito Nacional","author":"Nelson Feliz","date":"4 de agosto de 2025","format":false,"excerpt":"Parqu\u00e9at-RD dispone de 11 gr\u00faas para remolcar a los veh\u00edculos. Esta semana comienza con m\u00e1s cambios en el modo de movilidad vehicular en el Distrito Nacional al ponerse en marcha la tercera fase de las prohibiciones de los giros a la izquierda y el cobro de hasta 5,000 pesos a\u2026","rel":"","context":"En \u00abECONOM\u00cdA\u00bb","block_context":{"text":"ECONOM\u00cdA","link":"https:\/\/lasprimeras.com.do\/index.php\/category\/economia\/"},"img":{"alt_text":"","src":"https:\/\/i0.wp.com\/lasprimeras.com.do\/wp-content\/uploads\/2025\/08\/Parqueat-RD.jpg?resize=350%2C200&ssl=1","width":350,"height":200,"srcset":"https:\/\/i0.wp.com\/lasprimeras.com.do\/wp-content\/uploads\/2025\/08\/Parqueat-RD.jpg?resize=350%2C200&ssl=1 1x, https:\/\/i0.wp.com\/lasprimeras.com.do\/wp-content\/uploads\/2025\/08\/Parqueat-RD.jpg?resize=525%2C300&ssl=1 1.5x, https:\/\/i0.wp.com\/lasprimeras.com.do\/wp-content\/uploads\/2025\/08\/Parqueat-RD.jpg?resize=700%2C400&ssl=1 2x"},"classes":[]},{"id":98026,"url":"https:\/\/lasprimeras.com.do\/index.php\/2025\/04\/30\/prohiben-estacionamiento-de-vehiculos-en-la-calle-las-damas-desde-1-de-mayo\/","url_meta":{"origin":72237,"position":2},"title":"Prohiben estacionamiento de veh\u00edculos en la calle Las Damas, desde 1 de mayo","author":"Nelson Feliz","date":"30 de abril de 2025","format":false,"excerpt":"Quienes incumplan esta disposici\u00f3n estar\u00e1n sujetos a sanciones. El Instituto Nacional de Tr\u00e1nsito y Transporte Terrestre (Intrant) inform\u00f3 este mi\u00e9rcoles que, a partir del 1 de mayo de 2025, quedar\u00e1 prohibido el estacionamiento en la calle Las Damas, en la Ciudad Colonial. La medida busca mejorar la circulaci\u00f3n vehicular, garantizar\u2026","rel":"","context":"En \u00abNACIONALES\u00bb","block_context":{"text":"NACIONALES","link":"https:\/\/lasprimeras.com.do\/index.php\/category\/nacionales\/"},"img":{"alt_text":"","src":"https:\/\/i0.wp.com\/lasprimeras.com.do\/wp-content\/uploads\/2025\/04\/calle-Las-Damas-en-la-Ciudad-Colonial-Distrito-Nacional.jpg?resize=350%2C200&ssl=1","width":350,"height":200,"srcset":"https:\/\/i0.wp.com\/lasprimeras.com.do\/wp-content\/uploads\/2025\/04\/calle-Las-Damas-en-la-Ciudad-Colonial-Distrito-Nacional.jpg?resize=350%2C200&ssl=1 1x, https:\/\/i0.wp.com\/lasprimeras.com.do\/wp-content\/uploads\/2025\/04\/calle-Las-Damas-en-la-Ciudad-Colonial-Distrito-Nacional.jpg?resize=525%2C300&ssl=1 1.5x, https:\/\/i0.wp.com\/lasprimeras.com.do\/wp-content\/uploads\/2025\/04\/calle-Las-Damas-en-la-Ciudad-Colonial-Distrito-Nacional.jpg?resize=700%2C400&ssl=1 2x"},"classes":[]},{"id":73846,"url":"https:\/\/lasprimeras.com.do\/index.php\/2024\/01\/17\/intrant-apuesta-a-movilidad-sostenible-en-el-gsd\/","url_meta":{"origin":72237,"position":3},"title":"INTRANT apuesta a movilidad sostenible en el GSD","author":"BIMARY DE JES\u00daS Matos","date":"17 de enero de 2024","format":false,"excerpt":"Santo Domingo.-El Instituto de Instituto Nacional de Tr\u00e1nsito y Transporte Terrestre (Intrant) inform\u00f3 que desarrolla un \u201cPlan de Movilidad Urbana Sostenible en el Gran Santo Domingo\u201d, con miras a consolidar un sistema de movilidad integrado a nivel metropolitano que pueda mitigar los problemas en materia de tr\u00e1nsito y transporte. Durante\u2026","rel":"","context":"En \u00abNACIONALES\u00bb","block_context":{"text":"NACIONALES","link":"https:\/\/lasprimeras.com.do\/index.php\/category\/nacionales\/"},"img":{"alt_text":"","src":"https:\/\/i0.wp.com\/lasprimeras.com.do\/wp-content\/uploads\/2024\/01\/Declaraciones-de-madre-del-nino-ultimado-por-su-tia-en-Veron-5-1.jpg?resize=350%2C200&ssl=1","width":350,"height":200,"srcset":"https:\/\/i0.wp.com\/lasprimeras.com.do\/wp-content\/uploads\/2024\/01\/Declaraciones-de-madre-del-nino-ultimado-por-su-tia-en-Veron-5-1.jpg?resize=350%2C200&ssl=1 1x, https:\/\/i0.wp.com\/lasprimeras.com.do\/wp-content\/uploads\/2024\/01\/Declaraciones-de-madre-del-nino-ultimado-por-su-tia-en-Veron-5-1.jpg?resize=525%2C300&ssl=1 1.5x"},"classes":[]},{"id":66099,"url":"https:\/\/lasprimeras.com.do\/index.php\/2023\/11\/03\/logan-jimenez-vehiculos-varados-en-las-calles-en-ciudad-juan-bosch-podrian-provocar-accidentes-de-transitos\/","url_meta":{"origin":72237,"position":4},"title":"Logan Jim\u00e9nez: \u201cVeh\u00edculos varados en las calles en Ciudad Juan Bosch podr\u00edan provocar accidentes de tr\u00e1nsitos\u201d","author":"Nelson Feliz","date":"3 de noviembre de 2023","format":false,"excerpt":"Pese a los esfuerzos de las autoridades contin\u00faan estacionamientos improvisados en las v\u00edas p\u00fablicas provocando accidentes en muchas comunidades del pa\u00eds. El periodista Logan Jim\u00e9nez Ramos, director del peri\u00f3dico digital \"La Voz Sin Censura\" denunci\u00f3 este viernes que conductores con frecuencia estacionan veh\u00edculos pesados en la v\u00edas p\u00fablicas en la\u2026","rel":"","context":"En \u00abNACIONALES\u00bb","block_context":{"text":"NACIONALES","link":"https:\/\/lasprimeras.com.do\/index.php\/category\/nacionales\/"},"img":{"alt_text":"","src":"https:\/\/i0.wp.com\/lasprimeras.com.do\/wp-content\/uploads\/2023\/11\/logan.jpg?resize=350%2C200&ssl=1","width":350,"height":200,"srcset":"https:\/\/i0.wp.com\/lasprimeras.com.do\/wp-content\/uploads\/2023\/11\/logan.jpg?resize=350%2C200&ssl=1 1x, https:\/\/i0.wp.com\/lasprimeras.com.do\/wp-content\/uploads\/2023\/11\/logan.jpg?resize=525%2C300&ssl=1 1.5x"},"classes":[]},{"id":67931,"url":"https:\/\/lasprimeras.com.do\/index.php\/2023\/11\/20\/intrant-informa-restriccion-circulacion-en-el-tramo-de-avenida-malecon\/","url_meta":{"origin":72237,"position":5},"title":"Intrant informa restricci\u00f3n circulaci\u00f3n en el tramo de Avenida Malec\u00f3n","author":"Nelson Feliz","date":"20 de noviembre de 2023","format":false,"excerpt":"Por Mart\u00edn Restituyo El Instituto Nacional de Tr\u00e1nsito y Transporte Terrestre (Intrant), informa a los ciudadanos que queda restringido el tr\u00e1nsito vehicular por escombros en la Avenida Malec\u00f3n, pr\u00f3ximo a La Marinita, Santo Domingo Este, hasta tanto sea restaurada esa zona. En ese sentido, se recomienda a los conductores utilizar\u2026","rel":"","context":"En \u00abNACIONALES\u00bb","block_context":{"text":"NACIONALES","link":"https:\/\/lasprimeras.com.do\/index.php\/category\/nacionales\/"},"img":{"alt_text":"Tragedia naciona","src":"https:\/\/i0.wp.com\/lasprimeras.com.do\/wp-content\/uploads\/2023\/11\/Tragedia-naciona.jpg?resize=350%2C200&ssl=1","width":350,"height":200,"srcset":"https:\/\/i0.wp.com\/lasprimeras.com.do\/wp-content\/uploads\/2023\/11\/Tragedia-naciona.jpg?resize=350%2C200&ssl=1 1x, https:\/\/i0.wp.com\/lasprimeras.com.do\/wp-content\/uploads\/2023\/11\/Tragedia-naciona.jpg?resize=525%2C300&ssl=1 1.5x, https:\/\/i0.wp.com\/lasprimeras.com.do\/wp-content\/uploads\/2023\/11\/Tragedia-naciona.jpg?resize=700%2C400&ssl=1 2x"},"classes":[]}],"jetpack_sharing_enabled":true,"_links":{"self":[{"href":"https:\/\/lasprimeras.com.do\/index.php\/wp-json\/wp\/v2\/posts\/72237","targetHints":{"allow":["GET"]}}],"collection":[{"href":"https:\/\/lasprimeras.com.do\/index.php\/wp-json\/wp\/v2\/posts"}],"about":[{"href":"https:\/\/lasprimeras.com.do\/index.php\/wp-json\/wp\/v2\/types\/post"}],"author":[{"embeddable":true,"href":"https:\/\/lasprimeras.com.do\/index.php\/wp-json\/wp\/v2\/users\/3"}],"replies":[{"embeddable":true,"href":"https:\/\/lasprimeras.com.do\/index.php\/wp-json\/wp\/v2\/comments?post=72237"}],"version-history":[{"count":1,"href":"https:\/\/lasprimeras.com.do\/index.php\/wp-json\/wp\/v2\/posts\/72237\/revisions"}],"predecessor-version":[{"id":72239,"href":"https:\/\/lasprimeras.com.do\/index.php\/wp-json\/wp\/v2\/posts\/72237\/revisions\/72239"}],"wp:featuredmedia":[{"embeddable":true,"href":"https:\/\/lasprimeras.com.do\/index.php\/wp-json\/wp\/v2\/media\/72238"}],"wp:attachment":[{"href":"https:\/\/lasprimeras.com.do\/index.php\/wp-json\/wp\/v2\/media?parent=72237"}],"wp:term":[{"taxonomy":"category","embeddable":true,"href":"https:\/\/lasprimeras.com.do\/index.php\/wp-json\/wp\/v2\/categories?post=72237"},{"taxonomy":"post_tag","embeddable":true,"href":"https:\/\/lasprimeras.com.do\/index.php\/wp-json\/wp\/v2\/tags?post=72237"}],"curies":[{"name":"wp","href":"https:\/\/api.w.org\/{rel}","templated":true}]}}