{"id":72240,"date":"2023-12-28T07:12:07","date_gmt":"2023-12-28T11:12:07","guid":{"rendered":"https:\/\/lasprimeras.com.do\/?p=72240"},"modified":"2023-12-28T07:12:09","modified_gmt":"2023-12-28T11:12:09","slug":"padron-votantes-del-exterior-totaliza-855-mil-personas","status":"publish","type":"post","link":"https:\/\/lasprimeras.com.do\/index.php\/2023\/12\/28\/padron-votantes-del-exterior-totaliza-855-mil-personas\/","title":{"rendered":"Padr\u00f3n votantes del exterior totaliza 855 mil personas"},"content":{"rendered":"\n<p>SANTO DOMINGO.-El presidente de la Junta Central Electoral (JCE) detall\u00f3 ayer que el padr\u00f3n en el exterior ronda por las 855,000 personas, de las cuales 273,000 se encuentran en Nueva York, representando el 35 % de dominicanas y dominicanos empadronados, y que este impactar\u00e1 110 recintos y 682 colegios electorales.<\/p>\n\n\n\n<p>El cierre definitivo del empadronamiento se efectuar\u00e1 el 21 de enero de 2024, fecha hasta la que los residentes en las tres circunscripciones del exterior podr\u00e1n registrarse.<\/p>\n\n\n\n<p>Las informaciones fueron ofrecidas por J\u00e1quez Liranzo en la firma de un acuerdo con el Departamento de Polic\u00eda de la ciudad de Nueva York.<\/p>\n\n\n\n<p>J\u00e1quez Liranzo destac\u00f3 la trascendencia de la firma de este acuerdo, en v\u00edsperas de la celebraci\u00f3n de las elecciones generales de mayo de 2024 y una posible segunda vuelta electoral.<\/p>\n\n\n\n<p>El acuerdo establece entre sus objetivos fundamentales, aspectos en las \u00e1reas de cooperaci\u00f3n contra los cr\u00edmenes y delitos que afectan la identidad, capacitaci\u00f3n acad\u00e9mica en niveles de seguridad rec\u00edproca, adem\u00e1s de la inclusi\u00f3n del patrullaje de la Polic\u00eda neoyorquina en los alrededores de los recintos electorales.<\/p>\n\n\n\n<p>\u201cEs un paso de avance que ha dado esta gesti\u00f3n, y agradezco al NYPD que venga a Rep\u00fablica Dominicana a la firma de cooperaci\u00f3n interinstitucional entre la JCE, que es soberan\u00eda y democracia\u201d, dijo J\u00e1quez en la firma del acuerdo.<\/p>\n","protected":false},"excerpt":{"rendered":"<p>SANTO DOMINGO.-El presidente de la Junta Central Electoral (JCE) detall\u00f3 ayer que el padr\u00f3n en el exterior ronda por las 855,000 personas, de las cuales 273,000 se encuentran en Nueva&hellip;<\/p>\n","protected":false},"author":3,"featured_media":72241,"comment_status":"open","ping_status":"open","sticky":false,"template":"","format":"standard","meta":{"content-type":"","jetpack_post_was_ever_published":false,"_jetpack_newsletter_access":"","_jetpack_dont_email_post_to_subs":false,"_jetpack_newsletter_tier_id":0,"_jetpack_memberships_contains_paywalled_content":false,"_jetpack_memberships_contains_paid_content":false,"footnotes":""},"categories":[1],"tags":[183],"class_list":["post-72240","post","type-post","status-publish","format-standard","has-post-thumbnail","hentry","category-sin-categoria","tag-jce"],"jetpack_featured_media_url":"https:\/\/lasprimeras.com.do\/wp-content\/uploads\/2023\/12\/El-texto-del-parrafo-1.webp","jetpack-related-posts":[{"id":72201,"url":"https:\/\/lasprimeras.com.do\/index.php\/2023\/12\/27\/jce-firma-acuerdo-con-el-departamento-de-la-policia-de-nueva-york\/","url_meta":{"origin":72240,"position":0},"title":"JCE firma acuerdo con el Departamento de la Polic\u00eda de Nueva York","author":"Nelson Feliz","date":"27 de diciembre de 2023","format":false,"excerpt":"La Junta Central Electoral (JCE) y el Departamento de la Polic\u00eda de Nueva York (NYPD) firmaron este mi\u00e9rcoles un memor\u00e1ndum de entendimiento en el cual se comprometen a fortalecer la cooperaci\u00f3n entre ambas instituciones. J\u00e1quez Liranzo destac\u00f3 la trascendencia de la firma de este acuerdo, en v\u00edsperas de la celebraci\u00f3n\u2026","rel":"","context":"En \u00abNACIONALES\u00bb","block_context":{"text":"NACIONALES","link":"https:\/\/lasprimeras.com.do\/index.php\/category\/nacionales\/"},"img":{"alt_text":"JCE","src":"https:\/\/i0.wp.com\/lasprimeras.com.do\/wp-content\/uploads\/2023\/12\/JCE-1.jpg?resize=350%2C200&ssl=1","width":350,"height":200,"srcset":"https:\/\/i0.wp.com\/lasprimeras.com.do\/wp-content\/uploads\/2023\/12\/JCE-1.jpg?resize=350%2C200&ssl=1 1x, https:\/\/i0.wp.com\/lasprimeras.com.do\/wp-content\/uploads\/2023\/12\/JCE-1.jpg?resize=525%2C300&ssl=1 1.5x, https:\/\/i0.wp.com\/lasprimeras.com.do\/wp-content\/uploads\/2023\/12\/JCE-1.jpg?resize=700%2C400&ssl=1 2x"},"classes":[]},{"id":74418,"url":"https:\/\/lasprimeras.com.do\/index.php\/2024\/01\/23\/jce-empadrono-a-870-mil-en-el-exterior\/","url_meta":{"origin":72240,"position":1},"title":"JCE empadron\u00f3 a 870 mil en el exterior","author":"BIMARY DE JES\u00daS Matos","date":"23 de enero de 2024","format":false,"excerpt":"Nueva York, Estados Unidos.-El presidente de la Junta Central Electoral, Rom\u00e1n Andr\u00e9s J\u00e1quez Liranzo, inform\u00f3 ayer que hasta el 21 de enero la cifra preliminar del padr\u00f3n dominicano del exterior ascend\u00eda a 870 mil dominicanos empadronados, que podr\u00e1n votar en 34 pa\u00edses. J\u00e1quez Liranzo destac\u00f3 que entre las 10 ciudades\u2026","rel":"","context":"En \u00abSin categor\u00eda\u00bb","block_context":{"text":"Sin categor\u00eda","link":"https:\/\/lasprimeras.com.do\/index.php\/category\/sin-categoria\/"},"img":{"alt_text":"","src":"https:\/\/i0.wp.com\/lasprimeras.com.do\/wp-content\/uploads\/2024\/01\/Diseno-sin-titulo-8-2.webp?resize=350%2C200&ssl=1","width":350,"height":200,"srcset":"https:\/\/i0.wp.com\/lasprimeras.com.do\/wp-content\/uploads\/2024\/01\/Diseno-sin-titulo-8-2.webp?resize=350%2C200&ssl=1 1x, https:\/\/i0.wp.com\/lasprimeras.com.do\/wp-content\/uploads\/2024\/01\/Diseno-sin-titulo-8-2.webp?resize=525%2C300&ssl=1 1.5x"},"classes":[]},{"id":74373,"url":"https:\/\/lasprimeras.com.do\/index.php\/2024\/01\/22\/presidente-de-la-jce-el-padron-dominicano-en-el-exterior-asciende-a-870-mil-empadronados\/","url_meta":{"origin":72240,"position":2},"title":"Presidente de la JCE: &#8220;El padr\u00f3n dominicano en el exterior asciende a 870 mil empadronados&#8221;","author":"Nelson Feliz","date":"22 de enero de 2024","format":false,"excerpt":"El presidente de la Junta Central Electoral (JCE), Rom\u00e1n Andr\u00e9s J\u00e1quez Liranzo, inform\u00f3 que hasta las 7:00 de la noche del 21 de enero de 2024, fecha en la que el voto en el exterior cumple 20 a\u00f1os de su implementaci\u00f3n, la cifra preliminar del padr\u00f3n dominicano del exterior ascend\u00eda\u2026","rel":"","context":"En \u00abPORTADA\u00bb","block_context":{"text":"PORTADA","link":"https:\/\/lasprimeras.com.do\/index.php\/category\/portada\/"},"img":{"alt_text":"Rom\u00e1n Andr\u00e9s J\u00e1quez Liranzo","src":"https:\/\/i0.wp.com\/lasprimeras.com.do\/wp-content\/uploads\/2024\/01\/Roman-Andres-Jaquez-Liranzo-1.jpg?resize=350%2C200&ssl=1","width":350,"height":200},"classes":[]},{"id":112757,"url":"https:\/\/lasprimeras.com.do\/index.php\/2025\/10\/27\/jce-concluye-en-ny-ruta-recepcion-de-propuestas-para-conformar-oclle\/","url_meta":{"origin":72240,"position":3},"title":"JCE concluye en NY ruta recepci\u00f3n de propuestas para conformar OCLLE","author":"Nelson Feliz","date":"27 de octubre de 2025","format":false,"excerpt":"https:\/\/www.youtube.com\/watch?v=_qooak9QeMM Por Ram\u00f3n Mercedes NUEVA YORK.- Una comisi\u00f3n de la Junta Central Electoral (JCE), encabezada por su presidente, doctor Rom\u00e1n J\u00e1quez Liranzo, concluy\u00f3 la noche de este domingo la ruta de recepci\u00f3n de propuestas para la conformaci\u00f3n de las Oficinas de Coordinaci\u00f3n de Log\u00edstica Electoral del Exterior (OCLEE), en varias\u2026","rel":"","context":"En \u00abLA VOZ DE LA DIASPORA\u00bb","block_context":{"text":"LA VOZ DE LA DIASPORA","link":"https:\/\/lasprimeras.com.do\/index.php\/category\/la-voz-de-la-diaspora\/"},"img":{"alt_text":"JCE concluye en NY ruta recepci\u00f3n de propuestas para conformar OCLLE en circunscripci\u00f3n 1-USA","src":"https:\/\/i0.wp.com\/lasprimeras.com.do\/wp-content\/uploads\/2025\/10\/JCE.jpeg?resize=350%2C200&ssl=1","width":350,"height":200,"srcset":"https:\/\/i0.wp.com\/lasprimeras.com.do\/wp-content\/uploads\/2025\/10\/JCE.jpeg?resize=350%2C200&ssl=1 1x, https:\/\/i0.wp.com\/lasprimeras.com.do\/wp-content\/uploads\/2025\/10\/JCE.jpeg?resize=525%2C300&ssl=1 1.5x"},"classes":[]},{"id":112949,"url":"https:\/\/lasprimeras.com.do\/index.php\/2025\/10\/28\/jce-se-opone-radicalmente-a-uso-de-documento-diferente-a-la-cedula-para-ejercer-el-voto\/","url_meta":{"origin":72240,"position":4},"title":"JCE se opone radicalmente a uso de documento diferente a la c\u00e9dula para ejercer el voto","author":"Nelson Feliz","date":"28 de octubre de 2025","format":false,"excerpt":"Nueva York. El presidente de la Junta Central Electoral (JCE), Rom\u00e1n Andr\u00e9s J\u00e1quez Liranzo, afirm\u00f3 ayer que el Pleno de esa instituci\u00f3n \u201cse opone radicalmente\u201d al uso de otro documento que no sea la c\u00e9dula de identidad y electoral para ejercer el derecho al voto. J\u00e1quez Liranzo manifest\u00f3 que la\u2026","rel":"","context":"En \u00abNACIONALES\u00bb","block_context":{"text":"NACIONALES","link":"https:\/\/lasprimeras.com.do\/index.php\/category\/nacionales\/"},"img":{"alt_text":"Rom\u00e1n Andr\u00e9s J\u00e1quez Liranzo","src":"https:\/\/i0.wp.com\/lasprimeras.com.do\/wp-content\/uploads\/2025\/10\/Roman-Andres-Jaquez-Liranzo-2.jpg?resize=350%2C200&ssl=1","width":350,"height":200,"srcset":"https:\/\/i0.wp.com\/lasprimeras.com.do\/wp-content\/uploads\/2025\/10\/Roman-Andres-Jaquez-Liranzo-2.jpg?resize=350%2C200&ssl=1 1x, https:\/\/i0.wp.com\/lasprimeras.com.do\/wp-content\/uploads\/2025\/10\/Roman-Andres-Jaquez-Liranzo-2.jpg?resize=525%2C300&ssl=1 1.5x, https:\/\/i0.wp.com\/lasprimeras.com.do\/wp-content\/uploads\/2025\/10\/Roman-Andres-Jaquez-Liranzo-2.jpg?resize=700%2C400&ssl=1 2x"},"classes":[]},{"id":101489,"url":"https:\/\/lasprimeras.com.do\/index.php\/2025\/06\/22\/jce-firma-acuerdo-con-la-oea-y-otro-con-ifes-para-el-plan-estrategico-2024-2028\/","url_meta":{"origin":72240,"position":5},"title":"JCE firma acuerdo con la OEA y otro con IFES para el Plan Estrat\u00e9gico 2024-2028","author":"Nelson Feliz","date":"22 de junio de 2025","format":false,"excerpt":"JCE firma acuerdo con la OEA para la norma ISO Antisoborno y otro con IFES para el Plan Estrat\u00e9gico 2024-2028 Una comisi\u00f3n de la Junta Central Electoral (JCE), encabezada por su presidente, Rom\u00e1n Andr\u00e9s J\u00e1quez Liranzo e integrada por la miembro titular del Pleno Hirayda Marcelle Fern\u00e1ndez Guzm\u00e1n y por\u2026","rel":"","context":"En \u00abNACIONALES\u00bb","block_context":{"text":"NACIONALES","link":"https:\/\/lasprimeras.com.do\/index.php\/category\/nacionales\/"},"img":{"alt_text":"","src":"https:\/\/i0.wp.com\/lasprimeras.com.do\/wp-content\/uploads\/2025\/06\/jce.jpg?resize=350%2C200&ssl=1","width":350,"height":200,"srcset":"https:\/\/i0.wp.com\/lasprimeras.com.do\/wp-content\/uploads\/2025\/06\/jce.jpg?resize=350%2C200&ssl=1 1x, https:\/\/i0.wp.com\/lasprimeras.com.do\/wp-content\/uploads\/2025\/06\/jce.jpg?resize=525%2C300&ssl=1 1.5x, https:\/\/i0.wp.com\/lasprimeras.com.do\/wp-content\/uploads\/2025\/06\/jce.jpg?resize=700%2C400&ssl=1 2x"},"classes":[]}],"jetpack_sharing_enabled":true,"_links":{"self":[{"href":"https:\/\/lasprimeras.com.do\/index.php\/wp-json\/wp\/v2\/posts\/72240","targetHints":{"allow":["GET"]}}],"collection":[{"href":"https:\/\/lasprimeras.com.do\/index.php\/wp-json\/wp\/v2\/posts"}],"about":[{"href":"https:\/\/lasprimeras.com.do\/index.php\/wp-json\/wp\/v2\/types\/post"}],"author":[{"embeddable":true,"href":"https:\/\/lasprimeras.com.do\/index.php\/wp-json\/wp\/v2\/users\/3"}],"replies":[{"embeddable":true,"href":"https:\/\/lasprimeras.com.do\/index.php\/wp-json\/wp\/v2\/comments?post=72240"}],"version-history":[{"count":1,"href":"https:\/\/lasprimeras.com.do\/index.php\/wp-json\/wp\/v2\/posts\/72240\/revisions"}],"predecessor-version":[{"id":72242,"href":"https:\/\/lasprimeras.com.do\/index.php\/wp-json\/wp\/v2\/posts\/72240\/revisions\/72242"}],"wp:featuredmedia":[{"embeddable":true,"href":"https:\/\/lasprimeras.com.do\/index.php\/wp-json\/wp\/v2\/media\/72241"}],"wp:attachment":[{"href":"https:\/\/lasprimeras.com.do\/index.php\/wp-json\/wp\/v2\/media?parent=72240"}],"wp:term":[{"taxonomy":"category","embeddable":true,"href":"https:\/\/lasprimeras.com.do\/index.php\/wp-json\/wp\/v2\/categories?post=72240"},{"taxonomy":"post_tag","embeddable":true,"href":"https:\/\/lasprimeras.com.do\/index.php\/wp-json\/wp\/v2\/tags?post=72240"}],"curies":[{"name":"wp","href":"https:\/\/api.w.org\/{rel}","templated":true}]}}