{"id":72243,"date":"2023-12-28T07:13:29","date_gmt":"2023-12-28T11:13:29","guid":{"rendered":"https:\/\/lasprimeras.com.do\/?p=72243"},"modified":"2023-12-28T07:13:30","modified_gmt":"2023-12-28T11:13:30","slug":"ministerio-de-salud-abre-236-centros-de-vacunacion-contra-el-covid","status":"publish","type":"post","link":"https:\/\/lasprimeras.com.do\/index.php\/2023\/12\/28\/ministerio-de-salud-abre-236-centros-de-vacunacion-contra-el-covid\/","title":{"rendered":"Ministerio de Salud abre 236 centros de vacunaci\u00f3n contra el Covid"},"content":{"rendered":"\n<p>Santo Domingo.-Aunque esta semana el pa\u00eds notific\u00f3 la circulaci\u00f3n de la nueva variante JN.I del Covid-19, las notificaciones de nuevos casos positivos del virus registraron disminuci\u00f3n con relaci\u00f3n a la semana anterior.<\/p>\n\n\n\n<p>No obstante, el Ministerio de Salud P\u00fablica dio a conocer una lista de 236 centros de vacunaci\u00f3n para que las personas acudan a ponerse la vacuna contra el Covid-19.<\/p>\n\n\n\n<p>Ayer el Ministerio de Salud P\u00fablica report\u00f3 52 nuevos casos de Covid-19 captados durante la \u00faltima semana, mostrando una reducci\u00f3n con relaci\u00f3n a los reportes de la semana anterior, cuando se notificaron 90 casos.<\/p>\n\n\n\n<p>Los casos activos del virus, cuya circulaci\u00f3n se mantiene vigente en el pa\u00eds desde marzo del 2020 a la fecha, se colocaron en 73, sin ninguna hospitalizaci\u00f3n notificada.<\/p>\n\n\n\n<p>El bolet\u00edn epidemiol\u00f3gico n\u00famero 1138, correspondiente a la semana epidemiol\u00f3gica n\u00famero 51, recoge un total de 2,014 muestras procesadas, de las cuales el 5.68% result\u00f3 positiva al Covid-19.<\/p>\n\n\n\n<p>La positividad acumulada de las \u00faltimas cuatro semanas se coloc\u00f3 en 4.49 por ciento, mostrando un incremento con relaci\u00f3n al reporte anterior, cuando estaba en 1.98%.<\/p>\n\n\n\n<p>Hasta la fecha el pa\u00eds tiene un acumulado de 671,237 casos registrados del virus y 4,384 muertes, con una letalidad de 0.65% y una mortalidad por mill\u00f3n de habitantes de 419.77.<\/p>\n\n\n\n<p>Dentro de los grupos de riesgos, los reportes acumulados en menores de 20 a\u00f1os alcanzan los 85,446 casos; en embarazadas 3,898 casos y en trabajadores de la salud 5,909 afectados.<\/p>\n\n\n\n<p>Se registra que el 34.62% de los fallecidos por Covid-19 ten\u00edan la hipertensi\u00f3n como condici\u00f3n de base y el 15.89 por ciento la diabetes, que son dos condiciones de alta prevalencia en el pa\u00eds.<\/p>\n\n\n\n<p>Los registros de la semana anterior recog\u00edan el reporte 90 nuevos casos de Covid-19 captados en esa semana y 106 los casos activos, que evidenciaba un incremento considerable en comparaci\u00f3n con el reporte de la semana anterior, cuando solo reportaba 22 casos nuevos y 44 casos activos.<\/p>\n\n\n\n<p>Esta semana el Ministerio de Salud P\u00fablica emiti\u00f3 alerta epidemiol\u00f3gica por la incidencia de virus respiratorios e inform\u00f3 sobre la detecci\u00f3n en el pa\u00eds de la variante JN.I del Covid-19, la cual d\u00edas atr\u00e1s hab\u00eda sido declarada por la Organizaci\u00f3n Mundial de la Salud (OMS) como variante de inter\u00e9s, debido a su r\u00e1pida propagaci\u00f3n. Diferentes pa\u00edses han reportado aumento de casos y hospitalizaciones a causa de la misma.<\/p>\n","protected":false},"excerpt":{"rendered":"<p>Santo Domingo.-Aunque esta semana el pa\u00eds notific\u00f3 la circulaci\u00f3n de la nueva variante JN.I del Covid-19, las notificaciones de nuevos casos positivos del virus registraron disminuci\u00f3n con relaci\u00f3n a la&hellip;<\/p>\n","protected":false},"author":3,"featured_media":72244,"comment_status":"open","ping_status":"open","sticky":false,"template":"","format":"standard","meta":{"content-type":"","jetpack_post_was_ever_published":false,"_jetpack_newsletter_access":"","_jetpack_dont_email_post_to_subs":false,"_jetpack_newsletter_tier_id":0,"_jetpack_memberships_contains_paywalled_content":false,"_jetpack_memberships_contains_paid_content":false,"footnotes":""},"categories":[25],"tags":[2227],"class_list":["post-72243","post","type-post","status-publish","format-standard","has-post-thumbnail","hentry","category-portada","tag-salud-publica"],"jetpack_featured_media_url":"https:\/\/lasprimeras.com.do\/wp-content\/uploads\/2023\/12\/El-texto-del-parrafo-5.jpg","jetpack-related-posts":[{"id":71975,"url":"https:\/\/lasprimeras.com.do\/index.php\/2023\/12\/25\/salud-publica-emite-alerta-epidemiologica-por-circulacion-de-varios-virus-respiratorios\/","url_meta":{"origin":72243,"position":0},"title":"Salud P\u00fablica emite alerta epidemiol\u00f3gica por circulaci\u00f3n de varios virus respiratorios","author":"Nelson Feliz","date":"25 de diciembre de 2023","format":false,"excerpt":"Recomend\u00f3 el uso de mascarillas y evitar aglomeraci\u00f3n de personas. El Ministerio de Salud P\u00fablica emiti\u00f3 este lunes una alerta epidemiol\u00f3gica por varios virus gripales que circulan en la poblaci\u00f3n, como el SARS-Cov2 (COVID-19), sincitial respiratorio (VRS), influenza A (H1N1) y las variantes de estas pdm09, adenovirus y la influenza\u2026","rel":"","context":"En \u00abSin categor\u00eda\u00bb","block_context":{"text":"Sin categor\u00eda","link":"https:\/\/lasprimeras.com.do\/index.php\/category\/sin-categoria\/"},"img":{"alt_text":"","src":"https:\/\/i0.wp.com\/lasprimeras.com.do\/wp-content\/uploads\/2023\/12\/banneragendacuarentena600.300.png?resize=350%2C200&ssl=1","width":350,"height":200,"srcset":"https:\/\/i0.wp.com\/lasprimeras.com.do\/wp-content\/uploads\/2023\/12\/banneragendacuarentena600.300.png?resize=350%2C200&ssl=1 1x, https:\/\/i0.wp.com\/lasprimeras.com.do\/wp-content\/uploads\/2023\/12\/banneragendacuarentena600.300.png?resize=525%2C300&ssl=1 1.5x"},"classes":[]},{"id":72119,"url":"https:\/\/lasprimeras.com.do\/index.php\/2023\/12\/27\/infectologos-advierten-serio-peligro-de-virus-circulan-en-el-pais\/","url_meta":{"origin":72243,"position":1},"title":"Infect\u00f3logos advierten serio peligro de virus circulan en el pa\u00eds","author":"BIMARY DE JES\u00daS Matos","date":"27 de diciembre de 2023","format":false,"excerpt":"Santo Domingo.-El Distrito Nacional y la provincia de Santo Domingo son las localidades del pa\u00eds donde se ha detectado hasta el momento la circulaci\u00f3n de la nueva variante JN.1 del Covid-19, cuyos s\u00edntomas son fiebre o escalofr\u00edos, tos, dificultad para respirar, fatiga, dolores musculares, dolor de cabeza y dolor de\u2026","rel":"","context":"En \u00abPORTADA\u00bb","block_context":{"text":"PORTADA","link":"https:\/\/lasprimeras.com.do\/index.php\/category\/portada\/"},"img":{"alt_text":"","src":"https:\/\/i0.wp.com\/lasprimeras.com.do\/wp-content\/uploads\/2023\/12\/LIDOM-anuncia-reduccion-en-tiempo-de-juegos-3-1.jpg?resize=350%2C200&ssl=1","width":350,"height":200,"srcset":"https:\/\/i0.wp.com\/lasprimeras.com.do\/wp-content\/uploads\/2023\/12\/LIDOM-anuncia-reduccion-en-tiempo-de-juegos-3-1.jpg?resize=350%2C200&ssl=1 1x, https:\/\/i0.wp.com\/lasprimeras.com.do\/wp-content\/uploads\/2023\/12\/LIDOM-anuncia-reduccion-en-tiempo-de-juegos-3-1.jpg?resize=525%2C300&ssl=1 1.5x"},"classes":[]},{"id":72831,"url":"https:\/\/lasprimeras.com.do\/index.php\/2024\/01\/03\/salud-publica-anuncia-252-nuevos-casos-de-covid-19\/","url_meta":{"origin":72243,"position":2},"title":"Salud P\u00fablica anuncia 252 nuevos casos de Covid-19","author":"BIMARY DE JES\u00daS Matos","date":"3 de enero de 2024","format":false,"excerpt":"Santo Domingo.\u2013 El Ministerio de Salud P\u00fablica report\u00f3 252 nuevos casos de Covid-19 en una semana, con 260 casos activos, en el bolet\u00edn semanal 1,139. El reporte indica que se realizaron 2,434 pruebas de coronavirus de las cuales 87 son PCR y 2,347 Antig\u00e9nicas. La positividad semanal de Covid-19 se\u2026","rel":"","context":"En \u00abPORTADA\u00bb","block_context":{"text":"PORTADA","link":"https:\/\/lasprimeras.com.do\/index.php\/category\/portada\/"},"img":{"alt_text":"","src":"https:\/\/i0.wp.com\/lasprimeras.com.do\/wp-content\/uploads\/2024\/01\/Noticias-de-energia-2024-01-03T110637.364.webp?resize=350%2C200&ssl=1","width":350,"height":200},"classes":[]},{"id":74584,"url":"https:\/\/lasprimeras.com.do\/index.php\/2024\/01\/24\/salud-reporta-1340-casos-covid-354-mas-que-la-semana-pasada\/","url_meta":{"origin":72243,"position":3},"title":"Salud reporta 1,340 casos covid, 354 m\u00e1s que la semana pasada","author":"BIMARY DE JES\u00daS Matos","date":"24 de enero de 2024","format":false,"excerpt":"SANTO DOMINGO.- El Ministerio de Salud P\u00fablica notific\u00f3 este mi\u00e9rcoles 1,340 casos de covid, 354 m\u00e1s que los 986 reportados la semana pasada. Aclar\u00f3 que ning\u00fan caso amerit\u00f3 hospitalizaci\u00f3n. Inform\u00f3 que en los \u00faltimos siete d\u00edas fueron procesadas 13,822 muestras para detectar el virus, ubicando la positividad semanal en el\u2026","rel":"","context":"En \u00abNACIONALES\u00bb","block_context":{"text":"NACIONALES","link":"https:\/\/lasprimeras.com.do\/index.php\/category\/nacionales\/"},"img":{"alt_text":"","src":"https:\/\/i0.wp.com\/lasprimeras.com.do\/wp-content\/uploads\/2024\/01\/WhatsApp-Image-2024-01-22-at-11.36.03-AM-9.jpeg?resize=350%2C200&ssl=1","width":350,"height":200,"srcset":"https:\/\/i0.wp.com\/lasprimeras.com.do\/wp-content\/uploads\/2024\/01\/WhatsApp-Image-2024-01-22-at-11.36.03-AM-9.jpeg?resize=350%2C200&ssl=1 1x, https:\/\/i0.wp.com\/lasprimeras.com.do\/wp-content\/uploads\/2024\/01\/WhatsApp-Image-2024-01-22-at-11.36.03-AM-9.jpeg?resize=525%2C300&ssl=1 1.5x"},"classes":[]},{"id":73116,"url":"https:\/\/lasprimeras.com.do\/index.php\/2024\/01\/06\/se-reactiva-la-afluencia-de-personas-a-los-puestos-de-vacunacion-de-covid-19\/","url_meta":{"origin":72243,"position":4},"title":"Se reactiva la afluencia de personas a los puestos de vacunaci\u00f3n de Covid-19","author":"BIMARY DE JES\u00daS Matos","date":"6 de enero de 2024","format":false,"excerpt":"Santo Domingo.-La afluencia a los puestos de vacunaci\u00f3n contra el coronavirus ubicados en el Distrito Nacional se ha reactivado ligeramente, en la medida en que se registran nuevos casos positivos, ahora de la variante JN.1. En distintos puntos de vacunaci\u00f3n y realizaci\u00f3n de pruebas de Covid-19, de los que aunque\u2026","rel":"","context":"En \u00abNACIONALES\u00bb","block_context":{"text":"NACIONALES","link":"https:\/\/lasprimeras.com.do\/index.php\/category\/nacionales\/"},"img":{"alt_text":"","src":"https:\/\/i0.wp.com\/lasprimeras.com.do\/wp-content\/uploads\/2024\/01\/Noticias-de-energia-2024-01-04T183445.722.jpg?resize=350%2C200&ssl=1","width":350,"height":200,"srcset":"https:\/\/i0.wp.com\/lasprimeras.com.do\/wp-content\/uploads\/2024\/01\/Noticias-de-energia-2024-01-04T183445.722.jpg?resize=350%2C200&ssl=1 1x, https:\/\/i0.wp.com\/lasprimeras.com.do\/wp-content\/uploads\/2024\/01\/Noticias-de-energia-2024-01-04T183445.722.jpg?resize=525%2C300&ssl=1 1.5x"},"classes":[]},{"id":72381,"url":"https:\/\/lasprimeras.com.do\/index.php\/2023\/12\/29\/25000-casos-de-dengue-reportados-este-ano\/","url_meta":{"origin":72243,"position":5},"title":"25,000 casos de dengue reportados este a\u00f1o","author":"BIMARY DE JES\u00daS Matos","date":"29 de diciembre de 2023","format":false,"excerpt":"Santo Domingo.-En lo que va de 2023, el sistema de vigilancia epidemiol\u00f3gica ha recibido el reporte de 24,735 casos sospechosos de dengue y ha confirmado 23 muertes a causa de la enfermedad, que durante m\u00e1s de cinco meses mantuvo niveles epid\u00e9micos en el pa\u00eds, generando una alta ocupaci\u00f3n de camas\u2026","rel":"","context":"En \u00abPORTADA\u00bb","block_context":{"text":"PORTADA","link":"https:\/\/lasprimeras.com.do\/index.php\/category\/portada\/"},"img":{"alt_text":"","src":"https:\/\/i0.wp.com\/lasprimeras.com.do\/wp-content\/uploads\/2023\/12\/WhatsApp-Image-2023-12-28-at-10.42.13-PM-1.jpeg?resize=350%2C200&ssl=1","width":350,"height":200,"srcset":"https:\/\/i0.wp.com\/lasprimeras.com.do\/wp-content\/uploads\/2023\/12\/WhatsApp-Image-2023-12-28-at-10.42.13-PM-1.jpeg?resize=350%2C200&ssl=1 1x, https:\/\/i0.wp.com\/lasprimeras.com.do\/wp-content\/uploads\/2023\/12\/WhatsApp-Image-2023-12-28-at-10.42.13-PM-1.jpeg?resize=525%2C300&ssl=1 1.5x"},"classes":[]}],"jetpack_sharing_enabled":true,"_links":{"self":[{"href":"https:\/\/lasprimeras.com.do\/index.php\/wp-json\/wp\/v2\/posts\/72243","targetHints":{"allow":["GET"]}}],"collection":[{"href":"https:\/\/lasprimeras.com.do\/index.php\/wp-json\/wp\/v2\/posts"}],"about":[{"href":"https:\/\/lasprimeras.com.do\/index.php\/wp-json\/wp\/v2\/types\/post"}],"author":[{"embeddable":true,"href":"https:\/\/lasprimeras.com.do\/index.php\/wp-json\/wp\/v2\/users\/3"}],"replies":[{"embeddable":true,"href":"https:\/\/lasprimeras.com.do\/index.php\/wp-json\/wp\/v2\/comments?post=72243"}],"version-history":[{"count":1,"href":"https:\/\/lasprimeras.com.do\/index.php\/wp-json\/wp\/v2\/posts\/72243\/revisions"}],"predecessor-version":[{"id":72245,"href":"https:\/\/lasprimeras.com.do\/index.php\/wp-json\/wp\/v2\/posts\/72243\/revisions\/72245"}],"wp:featuredmedia":[{"embeddable":true,"href":"https:\/\/lasprimeras.com.do\/index.php\/wp-json\/wp\/v2\/media\/72244"}],"wp:attachment":[{"href":"https:\/\/lasprimeras.com.do\/index.php\/wp-json\/wp\/v2\/media?parent=72243"}],"wp:term":[{"taxonomy":"category","embeddable":true,"href":"https:\/\/lasprimeras.com.do\/index.php\/wp-json\/wp\/v2\/categories?post=72243"},{"taxonomy":"post_tag","embeddable":true,"href":"https:\/\/lasprimeras.com.do\/index.php\/wp-json\/wp\/v2\/tags?post=72243"}],"curies":[{"name":"wp","href":"https:\/\/api.w.org\/{rel}","templated":true}]}}